{"id":99934,"date":"2025-01-02T20:47:49","date_gmt":"2025-01-03T02:47:49","guid":{"rendered":"https:\/\/www.aliados17.com\/?p=99934"},"modified":"2025-01-02T20:47:49","modified_gmt":"2025-01-03T02:47:49","slug":"llama-gobierno-de-la-ciudad-a-participar-en-campana-de-reciclaje-de-arboles-navidenos","status":"publish","type":"post","link":"https:\/\/www.aliadospuebla.com\/?p=99934","title":{"rendered":"Llama Gobierno de la Ciudad a participar en campa\u00f1a de reciclaje de \u00e1rboles navide\u00f1os"},"content":{"rendered":"<h4>&#8211; Los ejemplares ser\u00e1n recibidos del 6 de enero al 15 de febrero<\/h4>\n<p>El Gobierno de la Ciudad, encabezado por el presidente municipal Pepe Chedraui Budib, a trav\u00e9s del Organismo Operador del Servicio de Limpia (O.O.S.L.), da inicio a la Campa\u00f1a Verde Navidad para el reciclaje de \u00e1rboles naturales de Navidad.<\/p>\n<p>A partir del 6 de enero y hasta el 15 de febrero de 2025, la ciudadan\u00eda podr\u00e1 entregar sus \u00e1rboles en los centros de acopio autorizados. Los \u00e1rboles ser\u00e1n reciclados para generar compostas y materiales ecol\u00f3gicos que contribuir\u00e1n al cuidado del medio ambiente.<\/p>\n<p>\u2022 Parque Africam<br \/>\nHorario: Lunes a Domingo de 9:00 horas a 17:00 horas.<br \/>\nCarretera al Oasis No. 17302 Int. 22 Col. Africam, Puebla, Puebla.<br \/>\n\u2022 Oficinas del Organismo Operador del Servicio de Limpia<br \/>\nHorario: Lunes a Viernes de 08:00 a 17:00 horas y S\u00e1bados y Domingos de 08:00 a 13:00 horas.<br \/>\nDirecci\u00f3n: Junto a Bomberos Valsequillo. Blvd. Valsequillo 237 San Baltazar Campeche.<br \/>\n\u2022 Parque Arboterra<br \/>\nHorario: Lunes a Mi\u00e9rcoles de 10:00 horas a 17:00 horas<br \/>\nDirecci\u00f3n: (Interior del Parque Ecol\u00f3gico) 35 Oriente 2403 Col. Santa M\u00f3nica. Entrada por la 35 ote<br \/>\nParque Cerro de Amalucan<br \/>\nHorario: Lunes a domingo de 08:00 horas a 18:00 horas<br \/>\nDirecci\u00f3n: Loma del Halc\u00f3n 4, Arboledas de Guadalupe Secc Fuentes, 72260<br \/>\n\u2022 Parque Centenario Laguna de Chapulco<br \/>\nHorario: Lunes a domingo de 08:00 horas a 18:00 horas<br \/>\nDirecci\u00f3n: Anillo Perif. Ecol\u00f3gico LBA19, San Francisco Totimehuacan, 72587<br \/>\n\u2022 Parque Benito Ju\u00e1rez<br \/>\nHorario: Lunes a domingo de 08:00 horas a 18:00 horas<br \/>\nDirecci\u00f3n: Blvd. H\u00e9roes del 5 de Mayo, Carmen Huexotitla, 72534<br \/>\nLos \u00e1rboles deben entregarse sin adornos, luces, clavos y, de preferencia, sin la base pl\u00e1stica.<\/p>\n<p>Como agradecimiento, los participantes recibir\u00e1n un cup\u00f3n 2&#215;1 para visitar el Parque Africam Safari o Arboterra.<\/p>\n<p>\u00a1Recicla tu \u00e1rbol y ay\u00fadanos a mantener Puebla limpia y verde!<\/p>\n","protected":false},"excerpt":{"rendered":"<p>&#8211; Los ejemplares ser\u00e1n recibidos del 6 de enero al 15 de febrero El Gobierno de la Ciudad, encabezado por el presidente municipal Pepe Chedraui Budib, a trav\u00e9s del Organismo Operador del Servicio de Limpia (O.O.S.L.), da inicio a la Campa\u00f1a Verde Navidad para el reciclaje de \u00e1rboles naturales de Navidad. A partir del 6 de enero y hasta el 15 de febrero de 2025, la ciudadan\u00eda podr\u00e1 entregar sus \u00e1rboles en los centros de acopio autorizados. Los \u00e1rboles ser\u00e1n reciclados para generar compostas y materiales ecol\u00f3gicos que contribuir\u00e1n al cuidado del medio ambiente. \u2022 Parque Africam Horario: Lunes a Domingo de 9:00 horas a 17:00 horas. Carretera al Oasis No. 17302 Int. 22 Col. Africam, Puebla, Puebla. \u2022 Oficinas del Organismo Operador del Servicio&hellip;<\/p>\n<p class=\"excerpt-more\"><a class=\"blog-excerpt button\" href=\"https:\/\/www.aliadospuebla.com\/?p=99934\">Leer m\u00e1s&#8230;<\/a><\/p>\n","protected":false},"author":2,"featured_media":99935,"comment_status":"open","ping_status":"open","sticky":false,"template":"","format":"standard","meta":{"_monsterinsights_skip_tracking":false,"footnotes":""},"categories":[62],"tags":[3770,26461,26462,26017,24702,5633],"class_list":["post-99934","post","type-post","status-publish","format-standard","has-post-thumbnail","hentry","category-capital","tag-arboles-navidenos","tag-campana-verde-navidad","tag-centros-de-acopio-autorizados","tag-o-o-s-l","tag-pepe-chedraui-budib","tag-reciclaje"],"yoast_head":"<!-- This site is optimized with the Yoast SEO plugin v28.3 - https:\/\/yoast.com\/product\/yoast-seo-wordpress\/ -->\n<title>Llama Gobierno de la Ciudad a participar en campa\u00f1a de reciclaje de \u00e1rboles navide\u00f1os - AliadosPuebla<\/title>\n<meta name=\"robots\" content=\"index, follow, max-snippet:-1, max-image-preview:large, max-video-preview:-1\" \/>\n<link rel=\"canonical\" href=\"https:\/\/www.aliadospuebla.com\/?p=99934\" \/>\n<meta property=\"og:locale\" content=\"es_ES\" \/>\n<meta property=\"og:type\" content=\"article\" \/>\n<meta property=\"og:title\" content=\"Llama Gobierno de la Ciudad a participar en campa\u00f1a de reciclaje de \u00e1rboles navide\u00f1os - AliadosPuebla\" \/>\n<meta property=\"og:description\" content=\"&#8211; Los ejemplares ser\u00e1n recibidos del 6 de enero al 15 de febrero El Gobierno de la Ciudad, encabezado por el presidente municipal Pepe Chedraui Budib, a trav\u00e9s del Organismo Operador del Servicio de Limpia (O.O.S.L.), da inicio a la Campa\u00f1a Verde Navidad para el reciclaje de \u00e1rboles naturales de Navidad. A partir del 6 de enero y hasta el 15 de febrero de 2025, la ciudadan\u00eda podr\u00e1 entregar sus \u00e1rboles en los centros de acopio autorizados. Los \u00e1rboles ser\u00e1n reciclados para generar compostas y materiales ecol\u00f3gicos que contribuir\u00e1n al cuidado del medio ambiente. \u2022 Parque Africam Horario: Lunes a Domingo de 9:00 horas a 17:00 horas. Carretera al Oasis No. 17302 Int. 22 Col. Africam, Puebla, Puebla. \u2022 Oficinas del Organismo Operador del Servicio&hellip;Leer m\u00e1s...\" \/>\n<meta property=\"og:url\" content=\"https:\/\/www.aliadospuebla.com\/?p=99934\" \/>\n<meta property=\"og:site_name\" content=\"AliadosPuebla\" \/>\n<meta property=\"article:author\" content=\"https:\/\/www.facebook.com\/Aliados17Pue\" \/>\n<meta property=\"article:published_time\" content=\"2025-01-03T02:47:49+00:00\" \/>\n<meta property=\"og:image\" content=\"https:\/\/www.aliadospuebla.com\/web2017\/wp-content\/uploads\/2025\/01\/022.jpg\" \/>\n\t<meta property=\"og:image:width\" content=\"600\" \/>\n\t<meta property=\"og:image:height\" content=\"450\" \/>\n\t<meta property=\"og:image:type\" content=\"image\/jpeg\" \/>\n<meta name=\"author\" content=\"Aliados17\" \/>\n<meta name=\"twitter:card\" content=\"summary_large_image\" \/>\n<meta name=\"twitter:creator\" content=\"@AliadosPuebla\" \/>\n<meta name=\"twitter:label1\" content=\"Escrito por\" \/>\n\t<meta name=\"twitter:data1\" content=\"Aliados17\" \/>\n\t<meta name=\"twitter:label2\" content=\"Tiempo de lectura\" \/>\n\t<meta name=\"twitter:data2\" content=\"2 minutos\" \/>\n<script type=\"application\/ld+json\" class=\"yoast-schema-graph\">{\"@context\":\"https:\\\/\\\/schema.org\",\"@graph\":[{\"@type\":\"Article\",\"@id\":\"https:\\\/\\\/www.aliadospuebla.com\\\/?p=99934#article\",\"isPartOf\":{\"@id\":\"https:\\\/\\\/www.aliadospuebla.com\\\/?p=99934\"},\"author\":{\"name\":\"Aliados17\",\"@id\":\"https:\\\/\\\/www.aliadospuebla.com\\\/#\\\/schema\\\/person\\\/5da7dd09320bd4f392b710017ed5f8ad\"},\"headline\":\"Llama Gobierno de la Ciudad a participar en campa\u00f1a de reciclaje de \u00e1rboles navide\u00f1os\",\"datePublished\":\"2025-01-03T02:47:49+00:00\",\"mainEntityOfPage\":{\"@id\":\"https:\\\/\\\/www.aliadospuebla.com\\\/?p=99934\"},\"wordCount\":309,\"commentCount\":0,\"image\":{\"@id\":\"https:\\\/\\\/www.aliadospuebla.com\\\/?p=99934#primaryimage\"},\"thumbnailUrl\":\"https:\\\/\\\/www.aliadospuebla.com\\\/web2017\\\/wp-content\\\/uploads\\\/2025\\\/01\\\/022.jpg\",\"keywords\":[\"\u00c1RBOLES NAVIDE\u00d1OS\",\"Campa\u00f1a Verde Navidad\",\"centros de acopio autorizados\",\"O.O.S.L\",\"Pepe Chedraui Budib\",\"RECICLAJE\"],\"articleSection\":[\"Capital\"],\"inLanguage\":\"es\",\"potentialAction\":[{\"@type\":\"CommentAction\",\"name\":\"Comment\",\"target\":[\"https:\\\/\\\/www.aliadospuebla.com\\\/?p=99934#respond\"]}]},{\"@type\":\"WebPage\",\"@id\":\"https:\\\/\\\/www.aliadospuebla.com\\\/?p=99934\",\"url\":\"https:\\\/\\\/www.aliadospuebla.com\\\/?p=99934\",\"name\":\"Llama Gobierno de la Ciudad a participar en campa\u00f1a de reciclaje de \u00e1rboles navide\u00f1os - AliadosPuebla\",\"isPartOf\":{\"@id\":\"https:\\\/\\\/www.aliadospuebla.com\\\/#website\"},\"primaryImageOfPage\":{\"@id\":\"https:\\\/\\\/www.aliadospuebla.com\\\/?p=99934#primaryimage\"},\"image\":{\"@id\":\"https:\\\/\\\/www.aliadospuebla.com\\\/?p=99934#primaryimage\"},\"thumbnailUrl\":\"https:\\\/\\\/www.aliadospuebla.com\\\/web2017\\\/wp-content\\\/uploads\\\/2025\\\/01\\\/022.jpg\",\"datePublished\":\"2025-01-03T02:47:49+00:00\",\"author\":{\"@id\":\"https:\\\/\\\/www.aliadospuebla.com\\\/#\\\/schema\\\/person\\\/5da7dd09320bd4f392b710017ed5f8ad\"},\"breadcrumb\":{\"@id\":\"https:\\\/\\\/www.aliadospuebla.com\\\/?p=99934#breadcrumb\"},\"inLanguage\":\"es\",\"potentialAction\":[{\"@type\":\"ReadAction\",\"target\":[\"https:\\\/\\\/www.aliadospuebla.com\\\/?p=99934\"]}]},{\"@type\":\"ImageObject\",\"inLanguage\":\"es\",\"@id\":\"https:\\\/\\\/www.aliadospuebla.com\\\/?p=99934#primaryimage\",\"url\":\"https:\\\/\\\/www.aliadospuebla.com\\\/web2017\\\/wp-content\\\/uploads\\\/2025\\\/01\\\/022.jpg\",\"contentUrl\":\"https:\\\/\\\/www.aliadospuebla.com\\\/web2017\\\/wp-content\\\/uploads\\\/2025\\\/01\\\/022.jpg\",\"width\":600,\"height\":450},{\"@type\":\"BreadcrumbList\",\"@id\":\"https:\\\/\\\/www.aliadospuebla.com\\\/?p=99934#breadcrumb\",\"itemListElement\":[{\"@type\":\"ListItem\",\"position\":1,\"name\":\"Portada\",\"item\":\"https:\\\/\\\/www.aliadospuebla.com\\\/\"},{\"@type\":\"ListItem\",\"position\":2,\"name\":\"Llama Gobierno de la Ciudad a participar en campa\u00f1a de reciclaje de \u00e1rboles navide\u00f1os\"}]},{\"@type\":\"WebSite\",\"@id\":\"https:\\\/\\\/www.aliadospuebla.com\\\/#website\",\"url\":\"https:\\\/\\\/www.aliadospuebla.com\\\/\",\"name\":\"AliadosPuebla\",\"description\":\"La informaci\u00f3n en tus manos\",\"potentialAction\":[{\"@type\":\"SearchAction\",\"target\":{\"@type\":\"EntryPoint\",\"urlTemplate\":\"https:\\\/\\\/www.aliadospuebla.com\\\/?s={search_term_string}\"},\"query-input\":{\"@type\":\"PropertyValueSpecification\",\"valueRequired\":true,\"valueName\":\"search_term_string\"}}],\"inLanguage\":\"es\"},{\"@type\":\"Person\",\"@id\":\"https:\\\/\\\/www.aliadospuebla.com\\\/#\\\/schema\\\/person\\\/5da7dd09320bd4f392b710017ed5f8ad\",\"name\":\"Aliados17\",\"image\":{\"@type\":\"ImageObject\",\"inLanguage\":\"es\",\"@id\":\"https:\\\/\\\/www.aliadospuebla.com\\\/web2017\\\/wp-content\\\/uploads\\\/2025\\\/03\\\/cropped-para-perfil-8-anos-1-96x96.jpg\",\"url\":\"https:\\\/\\\/www.aliadospuebla.com\\\/web2017\\\/wp-content\\\/uploads\\\/2025\\\/03\\\/cropped-para-perfil-8-anos-1-96x96.jpg\",\"contentUrl\":\"https:\\\/\\\/www.aliadospuebla.com\\\/web2017\\\/wp-content\\\/uploads\\\/2025\\\/03\\\/cropped-para-perfil-8-anos-1-96x96.jpg\",\"caption\":\"Aliados17\"},\"sameAs\":[\"https:\\\/\\\/www.aliados17.com\",\"https:\\\/\\\/www.facebook.com\\\/Aliados17Pue\",\"https:\\\/\\\/x.com\\\/AliadosPuebla\"],\"url\":\"https:\\\/\\\/www.aliadospuebla.com\\\/?author=2\"}]}<\/script>\n<!-- \/ Yoast SEO plugin. -->","yoast_head_json":{"title":"Llama Gobierno de la Ciudad a participar en campa\u00f1a de reciclaje de \u00e1rboles navide\u00f1os - AliadosPuebla","robots":{"index":"index","follow":"follow","max-snippet":"max-snippet:-1","max-image-preview":"max-image-preview:large","max-video-preview":"max-video-preview:-1"},"canonical":"https:\/\/www.aliadospuebla.com\/?p=99934","og_locale":"es_ES","og_type":"article","og_title":"Llama Gobierno de la Ciudad a participar en campa\u00f1a de reciclaje de \u00e1rboles navide\u00f1os - AliadosPuebla","og_description":"&#8211; Los ejemplares ser\u00e1n recibidos del 6 de enero al 15 de febrero El Gobierno de la Ciudad, encabezado por el presidente municipal Pepe Chedraui Budib, a trav\u00e9s del Organismo Operador del Servicio de Limpia (O.O.S.L.), da inicio a la Campa\u00f1a Verde Navidad para el reciclaje de \u00e1rboles naturales de Navidad. A partir del 6 de enero y hasta el 15 de febrero de 2025, la ciudadan\u00eda podr\u00e1 entregar sus \u00e1rboles en los centros de acopio autorizados. Los \u00e1rboles ser\u00e1n reciclados para generar compostas y materiales ecol\u00f3gicos que contribuir\u00e1n al cuidado del medio ambiente. \u2022 Parque Africam Horario: Lunes a Domingo de 9:00 horas a 17:00 horas. Carretera al Oasis No. 17302 Int. 22 Col. Africam, Puebla, Puebla. \u2022 Oficinas del Organismo Operador del Servicio&hellip;Leer m\u00e1s...","og_url":"https:\/\/www.aliadospuebla.com\/?p=99934","og_site_name":"AliadosPuebla","article_author":"https:\/\/www.facebook.com\/Aliados17Pue","article_published_time":"2025-01-03T02:47:49+00:00","og_image":[{"width":600,"height":450,"url":"https:\/\/www.aliadospuebla.com\/web2017\/wp-content\/uploads\/2025\/01\/022.jpg","type":"image\/jpeg"}],"author":"Aliados17","twitter_card":"summary_large_image","twitter_creator":"@AliadosPuebla","twitter_misc":{"Escrito por":"Aliados17","Tiempo de lectura":"2 minutos"},"schema":{"@context":"https:\/\/schema.org","@graph":[{"@type":"Article","@id":"https:\/\/www.aliadospuebla.com\/?p=99934#article","isPartOf":{"@id":"https:\/\/www.aliadospuebla.com\/?p=99934"},"author":{"name":"Aliados17","@id":"https:\/\/www.aliadospuebla.com\/#\/schema\/person\/5da7dd09320bd4f392b710017ed5f8ad"},"headline":"Llama Gobierno de la Ciudad a participar en campa\u00f1a de reciclaje de \u00e1rboles navide\u00f1os","datePublished":"2025-01-03T02:47:49+00:00","mainEntityOfPage":{"@id":"https:\/\/www.aliadospuebla.com\/?p=99934"},"wordCount":309,"commentCount":0,"image":{"@id":"https:\/\/www.aliadospuebla.com\/?p=99934#primaryimage"},"thumbnailUrl":"https:\/\/www.aliadospuebla.com\/web2017\/wp-content\/uploads\/2025\/01\/022.jpg","keywords":["\u00c1RBOLES NAVIDE\u00d1OS","Campa\u00f1a Verde Navidad","centros de acopio autorizados","O.O.S.L","Pepe Chedraui Budib","RECICLAJE"],"articleSection":["Capital"],"inLanguage":"es","potentialAction":[{"@type":"CommentAction","name":"Comment","target":["https:\/\/www.aliadospuebla.com\/?p=99934#respond"]}]},{"@type":"WebPage","@id":"https:\/\/www.aliadospuebla.com\/?p=99934","url":"https:\/\/www.aliadospuebla.com\/?p=99934","name":"Llama Gobierno de la Ciudad a participar en campa\u00f1a de reciclaje de \u00e1rboles navide\u00f1os - AliadosPuebla","isPartOf":{"@id":"https:\/\/www.aliadospuebla.com\/#website"},"primaryImageOfPage":{"@id":"https:\/\/www.aliadospuebla.com\/?p=99934#primaryimage"},"image":{"@id":"https:\/\/www.aliadospuebla.com\/?p=99934#primaryimage"},"thumbnailUrl":"https:\/\/www.aliadospuebla.com\/web2017\/wp-content\/uploads\/2025\/01\/022.jpg","datePublished":"2025-01-03T02:47:49+00:00","author":{"@id":"https:\/\/www.aliadospuebla.com\/#\/schema\/person\/5da7dd09320bd4f392b710017ed5f8ad"},"breadcrumb":{"@id":"https:\/\/www.aliadospuebla.com\/?p=99934#breadcrumb"},"inLanguage":"es","potentialAction":[{"@type":"ReadAction","target":["https:\/\/www.aliadospuebla.com\/?p=99934"]}]},{"@type":"ImageObject","inLanguage":"es","@id":"https:\/\/www.aliadospuebla.com\/?p=99934#primaryimage","url":"https:\/\/www.aliadospuebla.com\/web2017\/wp-content\/uploads\/2025\/01\/022.jpg","contentUrl":"https:\/\/www.aliadospuebla.com\/web2017\/wp-content\/uploads\/2025\/01\/022.jpg","width":600,"height":450},{"@type":"BreadcrumbList","@id":"https:\/\/www.aliadospuebla.com\/?p=99934#breadcrumb","itemListElement":[{"@type":"ListItem","position":1,"name":"Portada","item":"https:\/\/www.aliadospuebla.com\/"},{"@type":"ListItem","position":2,"name":"Llama Gobierno de la Ciudad a participar en campa\u00f1a de reciclaje de \u00e1rboles navide\u00f1os"}]},{"@type":"WebSite","@id":"https:\/\/www.aliadospuebla.com\/#website","url":"https:\/\/www.aliadospuebla.com\/","name":"AliadosPuebla","description":"La informaci\u00f3n en tus manos","potentialAction":[{"@type":"SearchAction","target":{"@type":"EntryPoint","urlTemplate":"https:\/\/www.aliadospuebla.com\/?s={search_term_string}"},"query-input":{"@type":"PropertyValueSpecification","valueRequired":true,"valueName":"search_term_string"}}],"inLanguage":"es"},{"@type":"Person","@id":"https:\/\/www.aliadospuebla.com\/#\/schema\/person\/5da7dd09320bd4f392b710017ed5f8ad","name":"Aliados17","image":{"@type":"ImageObject","inLanguage":"es","@id":"https:\/\/www.aliadospuebla.com\/web2017\/wp-content\/uploads\/2025\/03\/cropped-para-perfil-8-anos-1-96x96.jpg","url":"https:\/\/www.aliadospuebla.com\/web2017\/wp-content\/uploads\/2025\/03\/cropped-para-perfil-8-anos-1-96x96.jpg","contentUrl":"https:\/\/www.aliadospuebla.com\/web2017\/wp-content\/uploads\/2025\/03\/cropped-para-perfil-8-anos-1-96x96.jpg","caption":"Aliados17"},"sameAs":["https:\/\/www.aliados17.com","https:\/\/www.facebook.com\/Aliados17Pue","https:\/\/x.com\/AliadosPuebla"],"url":"https:\/\/www.aliadospuebla.com\/?author=2"}]}},"views":13,"_links":{"self":[{"href":"https:\/\/www.aliadospuebla.com\/index.php?rest_route=\/wp\/v2\/posts\/99934","targetHints":{"allow":["GET"]}}],"collection":[{"href":"https:\/\/www.aliadospuebla.com\/index.php?rest_route=\/wp\/v2\/posts"}],"about":[{"href":"https:\/\/www.aliadospuebla.com\/index.php?rest_route=\/wp\/v2\/types\/post"}],"author":[{"embeddable":true,"href":"https:\/\/www.aliadospuebla.com\/index.php?rest_route=\/wp\/v2\/users\/2"}],"replies":[{"embeddable":true,"href":"https:\/\/www.aliadospuebla.com\/index.php?rest_route=%2Fwp%2Fv2%2Fcomments&post=99934"}],"version-history":[{"count":1,"href":"https:\/\/www.aliadospuebla.com\/index.php?rest_route=\/wp\/v2\/posts\/99934\/revisions"}],"predecessor-version":[{"id":99936,"href":"https:\/\/www.aliadospuebla.com\/index.php?rest_route=\/wp\/v2\/posts\/99934\/revisions\/99936"}],"wp:featuredmedia":[{"embeddable":true,"href":"https:\/\/www.aliadospuebla.com\/index.php?rest_route=\/wp\/v2\/media\/99935"}],"wp:attachment":[{"href":"https:\/\/www.aliadospuebla.com\/index.php?rest_route=%2Fwp%2Fv2%2Fmedia&parent=99934"}],"wp:term":[{"taxonomy":"category","embeddable":true,"href":"https:\/\/www.aliadospuebla.com\/index.php?rest_route=%2Fwp%2Fv2%2Fcategories&post=99934"},{"taxonomy":"post_tag","embeddable":true,"href":"https:\/\/www.aliadospuebla.com\/index.php?rest_route=%2Fwp%2Fv2%2Ftags&post=99934"}],"curies":[{"name":"wp","href":"https:\/\/api.w.org\/{rel}","templated":true}]}}