{"id":99357,"date":"2024-12-15T11:18:54","date_gmt":"2024-12-15T17:18:54","guid":{"rendered":"https:\/\/www.aliados17.com\/?p=99357"},"modified":"2024-12-15T11:18:54","modified_gmt":"2024-12-15T17:18:54","slug":"alcalde-de-tecamachalco-mateo-hernandez-asiste-a-la-toma-de-protesta-del-gobernador-alejandro-armenta","status":"publish","type":"post","link":"https:\/\/www.aliadospuebla.com\/?p=99357","title":{"rendered":"Alcalde de Tecamachalco, Mateo Hern\u00e1ndez asiste a la toma de protesta del gobernador Alejandro Armenta"},"content":{"rendered":"<p>El presidente municipal de Tecamachalco, Mateo Hern\u00e1ndez, asisti\u00f3 a la toma de protesta de Alejandro Armenta como gobernador constitucional del estado de Puebla para el periodo 2024-2030.<\/p>\n<p>&nbsp;<\/p>\n<p>Durante el evento, Mateo Hern\u00e1ndez expres\u00f3 su respaldo al nuevo mandatario estatal y manifest\u00f3 su disposici\u00f3n para trabajar en equipo con el gobierno de Armenta en beneficio de los ciudadanos de Tecamachalco y de toda Puebla.<\/p>\n<p>&nbsp;<\/p>\n<p>Hern\u00e1ndez enfatiz\u00f3 la importancia de la colaboraci\u00f3n entre los gobiernos estatal y municipal para el desarrollo de proyectos clave, particularmente en temas de sustentabilidad, seguridad y crecimiento econ\u00f3mico.<\/p>\n","protected":false},"excerpt":{"rendered":"<p>El presidente municipal de Tecamachalco, Mateo Hern\u00e1ndez, asisti\u00f3 a la toma de protesta de Alejandro Armenta como gobernador constitucional del estado de Puebla para el periodo 2024-2030. &nbsp; Durante el evento, Mateo Hern\u00e1ndez expres\u00f3 su respaldo al nuevo mandatario estatal y manifest\u00f3 su disposici\u00f3n para trabajar en equipo con el gobierno de Armenta en beneficio de los ciudadanos de Tecamachalco y de toda Puebla. &nbsp; Hern\u00e1ndez enfatiz\u00f3 la importancia de la colaboraci\u00f3n entre los gobiernos estatal y municipal para el desarrollo de proyectos clave, particularmente en temas de sustentabilidad, seguridad y crecimiento econ\u00f3mico.<\/p>\n","protected":false},"author":2,"featured_media":99358,"comment_status":"open","ping_status":"open","sticky":false,"template":"","format":"standard","meta":{"_monsterinsights_skip_tracking":false,"footnotes":""},"categories":[4],"tags":[4780,5229,25975,5210,20,129,1084],"class_list":["post-99357","post","type-post","status-publish","format-standard","has-post-thumbnail","hentry","category-municipios","tag-alejandro-armenta","tag-crecimiento-economico","tag-mateo-hernandez","tag-respaldo","tag-seguridad","tag-tecamachalco","tag-toma-de-protesta"],"yoast_head":"<!-- This site is optimized with the Yoast SEO plugin v28.4 - https:\/\/yoast.com\/product\/yoast-seo-wordpress\/ -->\n<title>Alcalde de Tecamachalco, Mateo Hern\u00e1ndez asiste a la toma de protesta del gobernador Alejandro Armenta - AliadosPuebla<\/title>\n<meta name=\"robots\" content=\"index, follow, max-snippet:-1, max-image-preview:large, max-video-preview:-1\" \/>\n<link rel=\"canonical\" href=\"https:\/\/www.aliadospuebla.com\/?p=99357\" \/>\n<meta property=\"og:locale\" content=\"es_ES\" \/>\n<meta property=\"og:type\" content=\"article\" \/>\n<meta property=\"og:title\" content=\"Alcalde de Tecamachalco, Mateo Hern\u00e1ndez asiste a la toma de protesta del gobernador Alejandro Armenta - AliadosPuebla\" \/>\n<meta property=\"og:description\" content=\"El presidente municipal de Tecamachalco, Mateo Hern\u00e1ndez, asisti\u00f3 a la toma de protesta de Alejandro Armenta como gobernador constitucional del estado de Puebla para el periodo 2024-2030. &nbsp; Durante el evento, Mateo Hern\u00e1ndez expres\u00f3 su respaldo al nuevo mandatario estatal y manifest\u00f3 su disposici\u00f3n para trabajar en equipo con el gobierno de Armenta en beneficio de los ciudadanos de Tecamachalco y de toda Puebla. &nbsp; Hern\u00e1ndez enfatiz\u00f3 la importancia de la colaboraci\u00f3n entre los gobiernos estatal y municipal para el desarrollo de proyectos clave, particularmente en temas de sustentabilidad, seguridad y crecimiento econ\u00f3mico.\" \/>\n<meta property=\"og:url\" content=\"https:\/\/www.aliadospuebla.com\/?p=99357\" \/>\n<meta property=\"og:site_name\" content=\"AliadosPuebla\" \/>\n<meta property=\"article:author\" content=\"https:\/\/www.facebook.com\/Aliados17Pue\" \/>\n<meta property=\"article:published_time\" content=\"2024-12-15T17:18:54+00:00\" \/>\n<meta property=\"og:image\" content=\"https:\/\/www.aliadospuebla.com\/web2017\/wp-content\/uploads\/2024\/12\/PSX_20241215_111446.jpg\" \/>\n\t<meta property=\"og:image:width\" content=\"600\" \/>\n\t<meta property=\"og:image:height\" content=\"450\" \/>\n\t<meta property=\"og:image:type\" content=\"image\/jpeg\" \/>\n<meta name=\"author\" content=\"Aliados17\" \/>\n<meta name=\"twitter:card\" content=\"summary_large_image\" \/>\n<meta name=\"twitter:creator\" content=\"@AliadosPuebla\" \/>\n<meta name=\"twitter:label1\" content=\"Escrito por\" \/>\n\t<meta name=\"twitter:data1\" content=\"Aliados17\" \/>\n\t<meta name=\"twitter:label2\" content=\"Tiempo de lectura\" \/>\n\t<meta name=\"twitter:data2\" content=\"1 minuto\" \/>\n<script type=\"application\/ld+json\" class=\"yoast-schema-graph\">{\"@context\":\"https:\\\/\\\/schema.org\",\"@graph\":[{\"@type\":\"Article\",\"@id\":\"https:\\\/\\\/www.aliadospuebla.com\\\/?p=99357#article\",\"isPartOf\":{\"@id\":\"https:\\\/\\\/www.aliadospuebla.com\\\/?p=99357\"},\"author\":{\"name\":\"Aliados17\",\"@id\":\"https:\\\/\\\/www.aliadospuebla.com\\\/#\\\/schema\\\/person\\\/5da7dd09320bd4f392b710017ed5f8ad\"},\"headline\":\"Alcalde de Tecamachalco, Mateo Hern\u00e1ndez asiste a la toma de protesta del gobernador Alejandro Armenta\",\"datePublished\":\"2024-12-15T17:18:54+00:00\",\"mainEntityOfPage\":{\"@id\":\"https:\\\/\\\/www.aliadospuebla.com\\\/?p=99357\"},\"wordCount\":115,\"commentCount\":0,\"image\":{\"@id\":\"https:\\\/\\\/www.aliadospuebla.com\\\/?p=99357#primaryimage\"},\"thumbnailUrl\":\"https:\\\/\\\/www.aliadospuebla.com\\\/web2017\\\/wp-content\\\/uploads\\\/2024\\\/12\\\/PSX_20241215_111446.jpg\",\"keywords\":[\"ALEJANDRO ARMENTA\",\"CRECIMIENTO ECON\u00d3MICO\",\"Mateo Hern\u00e1ndez\",\"RESPALDO\",\"Seguridad\",\"Tecamachalco\",\"TOMA DE PROTESTA\"],\"articleSection\":[\"Municipios\"],\"inLanguage\":\"es\",\"potentialAction\":[{\"@type\":\"CommentAction\",\"name\":\"Comment\",\"target\":[\"https:\\\/\\\/www.aliadospuebla.com\\\/?p=99357#respond\"]}]},{\"@type\":\"WebPage\",\"@id\":\"https:\\\/\\\/www.aliadospuebla.com\\\/?p=99357\",\"url\":\"https:\\\/\\\/www.aliadospuebla.com\\\/?p=99357\",\"name\":\"Alcalde de Tecamachalco, Mateo Hern\u00e1ndez asiste a la toma de protesta del gobernador Alejandro Armenta - AliadosPuebla\",\"isPartOf\":{\"@id\":\"https:\\\/\\\/www.aliadospuebla.com\\\/#website\"},\"primaryImageOfPage\":{\"@id\":\"https:\\\/\\\/www.aliadospuebla.com\\\/?p=99357#primaryimage\"},\"image\":{\"@id\":\"https:\\\/\\\/www.aliadospuebla.com\\\/?p=99357#primaryimage\"},\"thumbnailUrl\":\"https:\\\/\\\/www.aliadospuebla.com\\\/web2017\\\/wp-content\\\/uploads\\\/2024\\\/12\\\/PSX_20241215_111446.jpg\",\"datePublished\":\"2024-12-15T17:18:54+00:00\",\"author\":{\"@id\":\"https:\\\/\\\/www.aliadospuebla.com\\\/#\\\/schema\\\/person\\\/5da7dd09320bd4f392b710017ed5f8ad\"},\"breadcrumb\":{\"@id\":\"https:\\\/\\\/www.aliadospuebla.com\\\/?p=99357#breadcrumb\"},\"inLanguage\":\"es\",\"potentialAction\":[{\"@type\":\"ReadAction\",\"target\":[\"https:\\\/\\\/www.aliadospuebla.com\\\/?p=99357\"]}]},{\"@type\":\"ImageObject\",\"inLanguage\":\"es\",\"@id\":\"https:\\\/\\\/www.aliadospuebla.com\\\/?p=99357#primaryimage\",\"url\":\"https:\\\/\\\/www.aliadospuebla.com\\\/web2017\\\/wp-content\\\/uploads\\\/2024\\\/12\\\/PSX_20241215_111446.jpg\",\"contentUrl\":\"https:\\\/\\\/www.aliadospuebla.com\\\/web2017\\\/wp-content\\\/uploads\\\/2024\\\/12\\\/PSX_20241215_111446.jpg\",\"width\":600,\"height\":450},{\"@type\":\"BreadcrumbList\",\"@id\":\"https:\\\/\\\/www.aliadospuebla.com\\\/?p=99357#breadcrumb\",\"itemListElement\":[{\"@type\":\"ListItem\",\"position\":1,\"name\":\"Portada\",\"item\":\"https:\\\/\\\/www.aliadospuebla.com\\\/\"},{\"@type\":\"ListItem\",\"position\":2,\"name\":\"Alcalde de Tecamachalco, Mateo Hern\u00e1ndez asiste a la toma de protesta del gobernador Alejandro Armenta\"}]},{\"@type\":\"WebSite\",\"@id\":\"https:\\\/\\\/www.aliadospuebla.com\\\/#website\",\"url\":\"https:\\\/\\\/www.aliadospuebla.com\\\/\",\"name\":\"AliadosPuebla\",\"description\":\"La informaci\u00f3n en tus manos\",\"potentialAction\":[{\"@type\":\"SearchAction\",\"target\":{\"@type\":\"EntryPoint\",\"urlTemplate\":\"https:\\\/\\\/www.aliadospuebla.com\\\/?s={search_term_string}\"},\"query-input\":{\"@type\":\"PropertyValueSpecification\",\"valueRequired\":true,\"valueName\":\"search_term_string\"}}],\"inLanguage\":\"es\"},{\"@type\":\"Person\",\"@id\":\"https:\\\/\\\/www.aliadospuebla.com\\\/#\\\/schema\\\/person\\\/5da7dd09320bd4f392b710017ed5f8ad\",\"name\":\"Aliados17\",\"image\":{\"@type\":\"ImageObject\",\"inLanguage\":\"es\",\"@id\":\"https:\\\/\\\/www.aliadospuebla.com\\\/web2017\\\/wp-content\\\/uploads\\\/2025\\\/03\\\/cropped-para-perfil-8-anos-1-96x96.jpg\",\"url\":\"https:\\\/\\\/www.aliadospuebla.com\\\/web2017\\\/wp-content\\\/uploads\\\/2025\\\/03\\\/cropped-para-perfil-8-anos-1-96x96.jpg\",\"contentUrl\":\"https:\\\/\\\/www.aliadospuebla.com\\\/web2017\\\/wp-content\\\/uploads\\\/2025\\\/03\\\/cropped-para-perfil-8-anos-1-96x96.jpg\",\"caption\":\"Aliados17\"},\"sameAs\":[\"https:\\\/\\\/www.aliados17.com\",\"https:\\\/\\\/www.facebook.com\\\/Aliados17Pue\",\"https:\\\/\\\/x.com\\\/AliadosPuebla\"],\"url\":\"https:\\\/\\\/www.aliadospuebla.com\\\/?author=2\"}]}<\/script>\n<!-- \/ Yoast SEO plugin. -->","yoast_head_json":{"title":"Alcalde de Tecamachalco, Mateo Hern\u00e1ndez asiste a la toma de protesta del gobernador Alejandro Armenta - AliadosPuebla","robots":{"index":"index","follow":"follow","max-snippet":"max-snippet:-1","max-image-preview":"max-image-preview:large","max-video-preview":"max-video-preview:-1"},"canonical":"https:\/\/www.aliadospuebla.com\/?p=99357","og_locale":"es_ES","og_type":"article","og_title":"Alcalde de Tecamachalco, Mateo Hern\u00e1ndez asiste a la toma de protesta del gobernador Alejandro Armenta - AliadosPuebla","og_description":"El presidente municipal de Tecamachalco, Mateo Hern\u00e1ndez, asisti\u00f3 a la toma de protesta de Alejandro Armenta como gobernador constitucional del estado de Puebla para el periodo 2024-2030. &nbsp; Durante el evento, Mateo Hern\u00e1ndez expres\u00f3 su respaldo al nuevo mandatario estatal y manifest\u00f3 su disposici\u00f3n para trabajar en equipo con el gobierno de Armenta en beneficio de los ciudadanos de Tecamachalco y de toda Puebla. &nbsp; Hern\u00e1ndez enfatiz\u00f3 la importancia de la colaboraci\u00f3n entre los gobiernos estatal y municipal para el desarrollo de proyectos clave, particularmente en temas de sustentabilidad, seguridad y crecimiento econ\u00f3mico.","og_url":"https:\/\/www.aliadospuebla.com\/?p=99357","og_site_name":"AliadosPuebla","article_author":"https:\/\/www.facebook.com\/Aliados17Pue","article_published_time":"2024-12-15T17:18:54+00:00","og_image":[{"width":600,"height":450,"url":"https:\/\/www.aliadospuebla.com\/web2017\/wp-content\/uploads\/2024\/12\/PSX_20241215_111446.jpg","type":"image\/jpeg"}],"author":"Aliados17","twitter_card":"summary_large_image","twitter_creator":"@AliadosPuebla","twitter_misc":{"Escrito por":"Aliados17","Tiempo de lectura":"1 minuto"},"schema":{"@context":"https:\/\/schema.org","@graph":[{"@type":"Article","@id":"https:\/\/www.aliadospuebla.com\/?p=99357#article","isPartOf":{"@id":"https:\/\/www.aliadospuebla.com\/?p=99357"},"author":{"name":"Aliados17","@id":"https:\/\/www.aliadospuebla.com\/#\/schema\/person\/5da7dd09320bd4f392b710017ed5f8ad"},"headline":"Alcalde de Tecamachalco, Mateo Hern\u00e1ndez asiste a la toma de protesta del gobernador Alejandro Armenta","datePublished":"2024-12-15T17:18:54+00:00","mainEntityOfPage":{"@id":"https:\/\/www.aliadospuebla.com\/?p=99357"},"wordCount":115,"commentCount":0,"image":{"@id":"https:\/\/www.aliadospuebla.com\/?p=99357#primaryimage"},"thumbnailUrl":"https:\/\/www.aliadospuebla.com\/web2017\/wp-content\/uploads\/2024\/12\/PSX_20241215_111446.jpg","keywords":["ALEJANDRO ARMENTA","CRECIMIENTO ECON\u00d3MICO","Mateo Hern\u00e1ndez","RESPALDO","Seguridad","Tecamachalco","TOMA DE PROTESTA"],"articleSection":["Municipios"],"inLanguage":"es","potentialAction":[{"@type":"CommentAction","name":"Comment","target":["https:\/\/www.aliadospuebla.com\/?p=99357#respond"]}]},{"@type":"WebPage","@id":"https:\/\/www.aliadospuebla.com\/?p=99357","url":"https:\/\/www.aliadospuebla.com\/?p=99357","name":"Alcalde de Tecamachalco, Mateo Hern\u00e1ndez asiste a la toma de protesta del gobernador Alejandro Armenta - AliadosPuebla","isPartOf":{"@id":"https:\/\/www.aliadospuebla.com\/#website"},"primaryImageOfPage":{"@id":"https:\/\/www.aliadospuebla.com\/?p=99357#primaryimage"},"image":{"@id":"https:\/\/www.aliadospuebla.com\/?p=99357#primaryimage"},"thumbnailUrl":"https:\/\/www.aliadospuebla.com\/web2017\/wp-content\/uploads\/2024\/12\/PSX_20241215_111446.jpg","datePublished":"2024-12-15T17:18:54+00:00","author":{"@id":"https:\/\/www.aliadospuebla.com\/#\/schema\/person\/5da7dd09320bd4f392b710017ed5f8ad"},"breadcrumb":{"@id":"https:\/\/www.aliadospuebla.com\/?p=99357#breadcrumb"},"inLanguage":"es","potentialAction":[{"@type":"ReadAction","target":["https:\/\/www.aliadospuebla.com\/?p=99357"]}]},{"@type":"ImageObject","inLanguage":"es","@id":"https:\/\/www.aliadospuebla.com\/?p=99357#primaryimage","url":"https:\/\/www.aliadospuebla.com\/web2017\/wp-content\/uploads\/2024\/12\/PSX_20241215_111446.jpg","contentUrl":"https:\/\/www.aliadospuebla.com\/web2017\/wp-content\/uploads\/2024\/12\/PSX_20241215_111446.jpg","width":600,"height":450},{"@type":"BreadcrumbList","@id":"https:\/\/www.aliadospuebla.com\/?p=99357#breadcrumb","itemListElement":[{"@type":"ListItem","position":1,"name":"Portada","item":"https:\/\/www.aliadospuebla.com\/"},{"@type":"ListItem","position":2,"name":"Alcalde de Tecamachalco, Mateo Hern\u00e1ndez asiste a la toma de protesta del gobernador Alejandro Armenta"}]},{"@type":"WebSite","@id":"https:\/\/www.aliadospuebla.com\/#website","url":"https:\/\/www.aliadospuebla.com\/","name":"AliadosPuebla","description":"La informaci\u00f3n en tus manos","potentialAction":[{"@type":"SearchAction","target":{"@type":"EntryPoint","urlTemplate":"https:\/\/www.aliadospuebla.com\/?s={search_term_string}"},"query-input":{"@type":"PropertyValueSpecification","valueRequired":true,"valueName":"search_term_string"}}],"inLanguage":"es"},{"@type":"Person","@id":"https:\/\/www.aliadospuebla.com\/#\/schema\/person\/5da7dd09320bd4f392b710017ed5f8ad","name":"Aliados17","image":{"@type":"ImageObject","inLanguage":"es","@id":"https:\/\/www.aliadospuebla.com\/web2017\/wp-content\/uploads\/2025\/03\/cropped-para-perfil-8-anos-1-96x96.jpg","url":"https:\/\/www.aliadospuebla.com\/web2017\/wp-content\/uploads\/2025\/03\/cropped-para-perfil-8-anos-1-96x96.jpg","contentUrl":"https:\/\/www.aliadospuebla.com\/web2017\/wp-content\/uploads\/2025\/03\/cropped-para-perfil-8-anos-1-96x96.jpg","caption":"Aliados17"},"sameAs":["https:\/\/www.aliados17.com","https:\/\/www.facebook.com\/Aliados17Pue","https:\/\/x.com\/AliadosPuebla"],"url":"https:\/\/www.aliadospuebla.com\/?author=2"}]}},"views":11,"_links":{"self":[{"href":"https:\/\/www.aliadospuebla.com\/index.php?rest_route=\/wp\/v2\/posts\/99357","targetHints":{"allow":["GET"]}}],"collection":[{"href":"https:\/\/www.aliadospuebla.com\/index.php?rest_route=\/wp\/v2\/posts"}],"about":[{"href":"https:\/\/www.aliadospuebla.com\/index.php?rest_route=\/wp\/v2\/types\/post"}],"author":[{"embeddable":true,"href":"https:\/\/www.aliadospuebla.com\/index.php?rest_route=\/wp\/v2\/users\/2"}],"replies":[{"embeddable":true,"href":"https:\/\/www.aliadospuebla.com\/index.php?rest_route=%2Fwp%2Fv2%2Fcomments&post=99357"}],"version-history":[{"count":1,"href":"https:\/\/www.aliadospuebla.com\/index.php?rest_route=\/wp\/v2\/posts\/99357\/revisions"}],"predecessor-version":[{"id":99359,"href":"https:\/\/www.aliadospuebla.com\/index.php?rest_route=\/wp\/v2\/posts\/99357\/revisions\/99359"}],"wp:featuredmedia":[{"embeddable":true,"href":"https:\/\/www.aliadospuebla.com\/index.php?rest_route=\/wp\/v2\/media\/99358"}],"wp:attachment":[{"href":"https:\/\/www.aliadospuebla.com\/index.php?rest_route=%2Fwp%2Fv2%2Fmedia&parent=99357"}],"wp:term":[{"taxonomy":"category","embeddable":true,"href":"https:\/\/www.aliadospuebla.com\/index.php?rest_route=%2Fwp%2Fv2%2Fcategories&post=99357"},{"taxonomy":"post_tag","embeddable":true,"href":"https:\/\/www.aliadospuebla.com\/index.php?rest_route=%2Fwp%2Fv2%2Ftags&post=99357"}],"curies":[{"name":"wp","href":"https:\/\/api.w.org\/{rel}","templated":true}]}}