{"id":99170,"date":"2024-12-09T16:10:55","date_gmt":"2024-12-09T22:10:55","guid":{"rendered":"https:\/\/www.aliados17.com\/?p=99170"},"modified":"2024-12-09T16:10:55","modified_gmt":"2024-12-09T22:10:55","slug":"el-gobierno-de-la-ciudad-se-suma-a-la-campana-verde-navidad-2024-para-reciclar-arboles-naturales-de-temporada","status":"publish","type":"post","link":"https:\/\/www.aliadospuebla.com\/?p=99170","title":{"rendered":"El Gobierno de la Ciudad se suma a la Campa\u00f1a Verde Navidad 2024 para reciclar \u00e1rboles naturales de temporada"},"content":{"rendered":"<h4>El Gobierno de la Ciudad de Puebla, a trav\u00e9s del Organismo Operador del Servicio de Limpia (O.O.S.L.), se suma como cada a\u00f1o a la Campa\u00f1a Verde Navidad 2024, una iniciativa impulsada por Africam Safari.<\/h4>\n<p>En su edici\u00f3n n\u00famero 20 tiene como prop\u00f3sito recolectar cinco mil \u00e1rboles naturales de temporada,<\/p>\n<p>los cuales ser\u00e1n reciclados para generar compostas y otros materiales ecol\u00f3gicos,<\/p>\n<p>contribuyendo a la mejora del medio ambiente y la conservaci\u00f3n del entorno local.<\/p>\n<p>Los ciudadanos que participen en la campa\u00f1a podr\u00e1n entregar sus \u00e1rboles<\/p>\n<p>en diversos centros de acopio de la ciudad y municipios cercanos como Atlixco, San Pedro Cholula y Cuautlancingo.<\/p>\n<p>A cambio de su colaboraci\u00f3n, recibir\u00e1n un cup\u00f3n 2&#215;1 para visitar el Parque Africam Safari<\/p>\n<p>o Parque Arboterra, lo que les permitir\u00e1 disfrutar de una experiencia educativa y ambiental<\/p>\n<p>mientras apoyan una causa ecol\u00f3gica.<\/p>\n<p>La recolecci\u00f3n de \u00e1rboles comenzar\u00e1 el 6 de enero de 2024 y continuar\u00e1 hasta el 15 de febrero de 2025,<\/p>\n<p>con la posibilidad de utilizar el cup\u00f3n 2&#215;1 hasta el 15 de marzo de 2025, a trav\u00e9s de los siguientes centros de acopio:<\/p>\n<h4>&#8211; Parque Africam<\/h4>\n<p>Horario: Lunes a Domingo de 9:00 horas a 17:00 horas.<br \/>\nCarretera al Oasis No. 17302 Int. 22 Col. Africam, Puebla, Puebla.<br \/>\n&#8211; Oficinas del Organismo Operador del Servicio de Limpia<br \/>\nHorario: Lunes a Viernes de 08:00 a 17:00 horas y S\u00e1bados y Domingos de 08:00 a 13:00 horas.<br \/>\nDirecci\u00f3n: Junto a Bomberos Valsequillo. Blvd. Valsequillo 237 San Baltazar Campeche.<\/p>\n<h4>\n&#8211; Parque Arboterra<\/h4>\n<p>Horario: Lunes a Mi\u00e9rcoles de 10:00 horas a 17:00 horas<br \/>\nDirecci\u00f3n: (Interior del Parque Ecol\u00f3gico) 35 Oriente 2403 Col. Santa M\u00f3nica. Entrada por la 35 ote<br \/>\n&#8211; Parques Cerro de Amalucan<br \/>\nHorario: Lunes a domingo de 08:00 horas a 18:00 horas<br \/>\nDirecci\u00f3n: Loma del Halc\u00f3n 4, Arboledas de Guadalupe Secc Fuentes, 72260<br \/>\n&#8211; Parque Centenario Laguna de Chapulco<br \/>\nHorario: Lunes a domingo de 08:00 horas a 18:00 horas<br \/>\nDirecci\u00f3n: Anillo Perif. Ecol\u00f3gico LBA19, San Francisco Totimehuacan, 72587<br \/>\n&#8211; Parque Benito Ju\u00e1rez<br \/>\nHorario: Lunes a domingo de 08:00 horas a 18:00 horas<br \/>\nDirecci\u00f3n: Blvd. H\u00e9roes del 5 de Mayo, Carmen Huexotitla, 72534<\/p>\n<h4>Los \u00e1rboles deber\u00e1n ser entregados sin adornos, luces, clavos y, de preferencia, sin la base pl\u00e1stica.<\/h4>\n<p>La campa\u00f1a tiene un impacto significativo al evitar que los \u00e1rboles terminen en rellenos sanitarios o sean abandonados en las calles, contribuyendo as\u00ed al cuidado del entorno urbano. Adem\u00e1s, ser\u00e1n transformados en abono natural que se utilizar\u00e1 para enriquecer los suelos de la regi\u00f3n de Valsequillo y mejorar el h\u00e1bitat de diversas especies animales en Africam Safari.<\/p>\n<p>Desde 2004, Africam Safari ha liderado esta campa\u00f1a, logrando un notable \u00e9xito en la recolecci\u00f3n y reciclaje de \u00e1rboles, promoviendo la cultura del reciclaje y la sostenibilidad en Puebla.<\/p>\n<p>Ahora, con el apoyo del Gobierno de la Ciudad que encabeza Pepe Chedraui Budib, a trav\u00e9s del Organismo Operador del Servicio de Limpia, la campa\u00f1a se fortalece, invitando a la poblaci\u00f3n a contribuir al cuidado del medio ambiente y a fomentar la conciencia ecol\u00f3gica en la comunidad.<\/p>\n<p>El Gobierno de la Ciudad, Africam Safari y el Organismo Operador del Servicio de Limpia hacen un llamado a todos los ciudadanos para que se sumen a esta noble causa, demostrando que peque\u00f1as acciones, como reciclar un \u00e1rbol de Navidad, pueden tener un gran impacto en la preservaci\u00f3n de nuestro entorno.<\/p>\n<p>Para m\u00e1s informaci\u00f3n sobre la campa\u00f1a, horarios y ubicaciones de los centros de acopio, los ciudadanos pueden consultar las redes sociales.<\/p>\n","protected":false},"excerpt":{"rendered":"<p>El Gobierno de la Ciudad de Puebla, a trav\u00e9s del Organismo Operador del Servicio de Limpia (O.O.S.L.), se suma como cada a\u00f1o a la Campa\u00f1a Verde Navidad 2024, una iniciativa impulsada por Africam Safari. En su edici\u00f3n n\u00famero 20 tiene como prop\u00f3sito recolectar cinco mil \u00e1rboles naturales de temporada, los cuales ser\u00e1n reciclados para generar compostas y otros materiales ecol\u00f3gicos, contribuyendo a la mejora del medio ambiente y la conservaci\u00f3n del entorno local. Los ciudadanos que participen en la campa\u00f1a podr\u00e1n entregar sus \u00e1rboles en diversos centros de acopio de la ciudad y municipios cercanos como Atlixco, San Pedro Cholula y Cuautlancingo. A cambio de su colaboraci\u00f3n, recibir\u00e1n un cup\u00f3n 2&#215;1 para visitar el Parque Africam Safari o Parque Arboterra, lo que les permitir\u00e1 disfrutar&hellip;<\/p>\n<p class=\"excerpt-more\"><a class=\"blog-excerpt button\" href=\"https:\/\/www.aliadospuebla.com\/?p=99170\">Leer m\u00e1s&#8230;<\/a><\/p>\n","protected":false},"author":2,"featured_media":99171,"comment_status":"open","ping_status":"open","sticky":false,"template":"","format":"standard","meta":{"_monsterinsights_skip_tracking":false,"footnotes":""},"categories":[62],"tags":[3768,26015,15523,26017,26018,24702,26016],"class_list":["post-99170","post","type-post","status-publish","format-standard","has-post-thumbnail","hentry","category-capital","tag-africam-safari","tag-campana-verde-navidad-2024","tag-compostas","tag-o-o-s-l","tag-parque-arboterra","tag-pepe-chedraui-budib","tag-reciclar-arboles-naturales"],"yoast_head":"<!-- This site is optimized with the Yoast SEO plugin v28.3 - https:\/\/yoast.com\/product\/yoast-seo-wordpress\/ -->\n<title>El Gobierno de la Ciudad se suma a la Campa\u00f1a Verde Navidad 2024 para reciclar \u00e1rboles naturales de temporada - AliadosPuebla<\/title>\n<meta name=\"robots\" content=\"index, follow, max-snippet:-1, max-image-preview:large, max-video-preview:-1\" \/>\n<link rel=\"canonical\" href=\"https:\/\/www.aliadospuebla.com\/?p=99170\" \/>\n<meta property=\"og:locale\" content=\"es_ES\" \/>\n<meta property=\"og:type\" content=\"article\" \/>\n<meta property=\"og:title\" content=\"El Gobierno de la Ciudad se suma a la Campa\u00f1a Verde Navidad 2024 para reciclar \u00e1rboles naturales de temporada - AliadosPuebla\" \/>\n<meta property=\"og:description\" content=\"El Gobierno de la Ciudad de Puebla, a trav\u00e9s del Organismo Operador del Servicio de Limpia (O.O.S.L.), se suma como cada a\u00f1o a la Campa\u00f1a Verde Navidad 2024, una iniciativa impulsada por Africam Safari. En su edici\u00f3n n\u00famero 20 tiene como prop\u00f3sito recolectar cinco mil \u00e1rboles naturales de temporada, los cuales ser\u00e1n reciclados para generar compostas y otros materiales ecol\u00f3gicos, contribuyendo a la mejora del medio ambiente y la conservaci\u00f3n del entorno local. Los ciudadanos que participen en la campa\u00f1a podr\u00e1n entregar sus \u00e1rboles en diversos centros de acopio de la ciudad y municipios cercanos como Atlixco, San Pedro Cholula y Cuautlancingo. A cambio de su colaboraci\u00f3n, recibir\u00e1n un cup\u00f3n 2&#215;1 para visitar el Parque Africam Safari o Parque Arboterra, lo que les permitir\u00e1 disfrutar&hellip;Leer m\u00e1s...\" \/>\n<meta property=\"og:url\" content=\"https:\/\/www.aliadospuebla.com\/?p=99170\" \/>\n<meta property=\"og:site_name\" content=\"AliadosPuebla\" \/>\n<meta property=\"article:author\" content=\"https:\/\/www.facebook.com\/Aliados17Pue\" \/>\n<meta property=\"article:published_time\" content=\"2024-12-09T22:10:55+00:00\" \/>\n<meta property=\"og:image\" content=\"https:\/\/www.aliadospuebla.com\/web2017\/wp-content\/uploads\/2024\/12\/1725.jpg\" \/>\n\t<meta property=\"og:image:width\" content=\"600\" \/>\n\t<meta property=\"og:image:height\" content=\"450\" \/>\n\t<meta property=\"og:image:type\" content=\"image\/jpeg\" \/>\n<meta name=\"author\" content=\"Aliados17\" \/>\n<meta name=\"twitter:card\" content=\"summary_large_image\" \/>\n<meta name=\"twitter:creator\" content=\"@AliadosPuebla\" \/>\n<meta name=\"twitter:label1\" content=\"Escrito por\" \/>\n\t<meta name=\"twitter:data1\" content=\"Aliados17\" \/>\n\t<meta name=\"twitter:label2\" content=\"Tiempo de lectura\" \/>\n\t<meta name=\"twitter:data2\" content=\"3 minutos\" \/>\n<script type=\"application\/ld+json\" class=\"yoast-schema-graph\">{\"@context\":\"https:\\\/\\\/schema.org\",\"@graph\":[{\"@type\":\"Article\",\"@id\":\"https:\\\/\\\/www.aliadospuebla.com\\\/?p=99170#article\",\"isPartOf\":{\"@id\":\"https:\\\/\\\/www.aliadospuebla.com\\\/?p=99170\"},\"author\":{\"name\":\"Aliados17\",\"@id\":\"https:\\\/\\\/www.aliadospuebla.com\\\/#\\\/schema\\\/person\\\/5da7dd09320bd4f392b710017ed5f8ad\"},\"headline\":\"El Gobierno de la Ciudad se suma a la Campa\u00f1a Verde Navidad 2024 para reciclar \u00e1rboles naturales de temporada\",\"datePublished\":\"2024-12-09T22:10:55+00:00\",\"mainEntityOfPage\":{\"@id\":\"https:\\\/\\\/www.aliadospuebla.com\\\/?p=99170\"},\"wordCount\":603,\"commentCount\":0,\"image\":{\"@id\":\"https:\\\/\\\/www.aliadospuebla.com\\\/?p=99170#primaryimage\"},\"thumbnailUrl\":\"https:\\\/\\\/www.aliadospuebla.com\\\/web2017\\\/wp-content\\\/uploads\\\/2024\\\/12\\\/1725.jpg\",\"keywords\":[\"AFRICAM SAFARI\",\"Campa\u00f1a Verde Navidad 2024\",\"compostas\",\"O.O.S.L\",\"Parque Arboterra\",\"Pepe Chedraui Budib\",\"reciclar \u00e1rboles naturales\"],\"articleSection\":[\"Capital\"],\"inLanguage\":\"es\",\"potentialAction\":[{\"@type\":\"CommentAction\",\"name\":\"Comment\",\"target\":[\"https:\\\/\\\/www.aliadospuebla.com\\\/?p=99170#respond\"]}]},{\"@type\":\"WebPage\",\"@id\":\"https:\\\/\\\/www.aliadospuebla.com\\\/?p=99170\",\"url\":\"https:\\\/\\\/www.aliadospuebla.com\\\/?p=99170\",\"name\":\"El Gobierno de la Ciudad se suma a la Campa\u00f1a Verde Navidad 2024 para reciclar \u00e1rboles naturales de temporada - AliadosPuebla\",\"isPartOf\":{\"@id\":\"https:\\\/\\\/www.aliadospuebla.com\\\/#website\"},\"primaryImageOfPage\":{\"@id\":\"https:\\\/\\\/www.aliadospuebla.com\\\/?p=99170#primaryimage\"},\"image\":{\"@id\":\"https:\\\/\\\/www.aliadospuebla.com\\\/?p=99170#primaryimage\"},\"thumbnailUrl\":\"https:\\\/\\\/www.aliadospuebla.com\\\/web2017\\\/wp-content\\\/uploads\\\/2024\\\/12\\\/1725.jpg\",\"datePublished\":\"2024-12-09T22:10:55+00:00\",\"author\":{\"@id\":\"https:\\\/\\\/www.aliadospuebla.com\\\/#\\\/schema\\\/person\\\/5da7dd09320bd4f392b710017ed5f8ad\"},\"breadcrumb\":{\"@id\":\"https:\\\/\\\/www.aliadospuebla.com\\\/?p=99170#breadcrumb\"},\"inLanguage\":\"es\",\"potentialAction\":[{\"@type\":\"ReadAction\",\"target\":[\"https:\\\/\\\/www.aliadospuebla.com\\\/?p=99170\"]}]},{\"@type\":\"ImageObject\",\"inLanguage\":\"es\",\"@id\":\"https:\\\/\\\/www.aliadospuebla.com\\\/?p=99170#primaryimage\",\"url\":\"https:\\\/\\\/www.aliadospuebla.com\\\/web2017\\\/wp-content\\\/uploads\\\/2024\\\/12\\\/1725.jpg\",\"contentUrl\":\"https:\\\/\\\/www.aliadospuebla.com\\\/web2017\\\/wp-content\\\/uploads\\\/2024\\\/12\\\/1725.jpg\",\"width\":600,\"height\":450},{\"@type\":\"BreadcrumbList\",\"@id\":\"https:\\\/\\\/www.aliadospuebla.com\\\/?p=99170#breadcrumb\",\"itemListElement\":[{\"@type\":\"ListItem\",\"position\":1,\"name\":\"Portada\",\"item\":\"https:\\\/\\\/www.aliadospuebla.com\\\/\"},{\"@type\":\"ListItem\",\"position\":2,\"name\":\"El Gobierno de la Ciudad se suma a la Campa\u00f1a Verde Navidad 2024 para reciclar \u00e1rboles naturales de temporada\"}]},{\"@type\":\"WebSite\",\"@id\":\"https:\\\/\\\/www.aliadospuebla.com\\\/#website\",\"url\":\"https:\\\/\\\/www.aliadospuebla.com\\\/\",\"name\":\"AliadosPuebla\",\"description\":\"La informaci\u00f3n en tus manos\",\"potentialAction\":[{\"@type\":\"SearchAction\",\"target\":{\"@type\":\"EntryPoint\",\"urlTemplate\":\"https:\\\/\\\/www.aliadospuebla.com\\\/?s={search_term_string}\"},\"query-input\":{\"@type\":\"PropertyValueSpecification\",\"valueRequired\":true,\"valueName\":\"search_term_string\"}}],\"inLanguage\":\"es\"},{\"@type\":\"Person\",\"@id\":\"https:\\\/\\\/www.aliadospuebla.com\\\/#\\\/schema\\\/person\\\/5da7dd09320bd4f392b710017ed5f8ad\",\"name\":\"Aliados17\",\"image\":{\"@type\":\"ImageObject\",\"inLanguage\":\"es\",\"@id\":\"https:\\\/\\\/www.aliadospuebla.com\\\/web2017\\\/wp-content\\\/uploads\\\/2025\\\/03\\\/cropped-para-perfil-8-anos-1-96x96.jpg\",\"url\":\"https:\\\/\\\/www.aliadospuebla.com\\\/web2017\\\/wp-content\\\/uploads\\\/2025\\\/03\\\/cropped-para-perfil-8-anos-1-96x96.jpg\",\"contentUrl\":\"https:\\\/\\\/www.aliadospuebla.com\\\/web2017\\\/wp-content\\\/uploads\\\/2025\\\/03\\\/cropped-para-perfil-8-anos-1-96x96.jpg\",\"caption\":\"Aliados17\"},\"sameAs\":[\"https:\\\/\\\/www.aliados17.com\",\"https:\\\/\\\/www.facebook.com\\\/Aliados17Pue\",\"https:\\\/\\\/x.com\\\/AliadosPuebla\"],\"url\":\"https:\\\/\\\/www.aliadospuebla.com\\\/?author=2\"}]}<\/script>\n<!-- \/ Yoast SEO plugin. -->","yoast_head_json":{"title":"El Gobierno de la Ciudad se suma a la Campa\u00f1a Verde Navidad 2024 para reciclar \u00e1rboles naturales de temporada - AliadosPuebla","robots":{"index":"index","follow":"follow","max-snippet":"max-snippet:-1","max-image-preview":"max-image-preview:large","max-video-preview":"max-video-preview:-1"},"canonical":"https:\/\/www.aliadospuebla.com\/?p=99170","og_locale":"es_ES","og_type":"article","og_title":"El Gobierno de la Ciudad se suma a la Campa\u00f1a Verde Navidad 2024 para reciclar \u00e1rboles naturales de temporada - AliadosPuebla","og_description":"El Gobierno de la Ciudad de Puebla, a trav\u00e9s del Organismo Operador del Servicio de Limpia (O.O.S.L.), se suma como cada a\u00f1o a la Campa\u00f1a Verde Navidad 2024, una iniciativa impulsada por Africam Safari. En su edici\u00f3n n\u00famero 20 tiene como prop\u00f3sito recolectar cinco mil \u00e1rboles naturales de temporada, los cuales ser\u00e1n reciclados para generar compostas y otros materiales ecol\u00f3gicos, contribuyendo a la mejora del medio ambiente y la conservaci\u00f3n del entorno local. Los ciudadanos que participen en la campa\u00f1a podr\u00e1n entregar sus \u00e1rboles en diversos centros de acopio de la ciudad y municipios cercanos como Atlixco, San Pedro Cholula y Cuautlancingo. A cambio de su colaboraci\u00f3n, recibir\u00e1n un cup\u00f3n 2&#215;1 para visitar el Parque Africam Safari o Parque Arboterra, lo que les permitir\u00e1 disfrutar&hellip;Leer m\u00e1s...","og_url":"https:\/\/www.aliadospuebla.com\/?p=99170","og_site_name":"AliadosPuebla","article_author":"https:\/\/www.facebook.com\/Aliados17Pue","article_published_time":"2024-12-09T22:10:55+00:00","og_image":[{"width":600,"height":450,"url":"https:\/\/www.aliadospuebla.com\/web2017\/wp-content\/uploads\/2024\/12\/1725.jpg","type":"image\/jpeg"}],"author":"Aliados17","twitter_card":"summary_large_image","twitter_creator":"@AliadosPuebla","twitter_misc":{"Escrito por":"Aliados17","Tiempo de lectura":"3 minutos"},"schema":{"@context":"https:\/\/schema.org","@graph":[{"@type":"Article","@id":"https:\/\/www.aliadospuebla.com\/?p=99170#article","isPartOf":{"@id":"https:\/\/www.aliadospuebla.com\/?p=99170"},"author":{"name":"Aliados17","@id":"https:\/\/www.aliadospuebla.com\/#\/schema\/person\/5da7dd09320bd4f392b710017ed5f8ad"},"headline":"El Gobierno de la Ciudad se suma a la Campa\u00f1a Verde Navidad 2024 para reciclar \u00e1rboles naturales de temporada","datePublished":"2024-12-09T22:10:55+00:00","mainEntityOfPage":{"@id":"https:\/\/www.aliadospuebla.com\/?p=99170"},"wordCount":603,"commentCount":0,"image":{"@id":"https:\/\/www.aliadospuebla.com\/?p=99170#primaryimage"},"thumbnailUrl":"https:\/\/www.aliadospuebla.com\/web2017\/wp-content\/uploads\/2024\/12\/1725.jpg","keywords":["AFRICAM SAFARI","Campa\u00f1a Verde Navidad 2024","compostas","O.O.S.L","Parque Arboterra","Pepe Chedraui Budib","reciclar \u00e1rboles naturales"],"articleSection":["Capital"],"inLanguage":"es","potentialAction":[{"@type":"CommentAction","name":"Comment","target":["https:\/\/www.aliadospuebla.com\/?p=99170#respond"]}]},{"@type":"WebPage","@id":"https:\/\/www.aliadospuebla.com\/?p=99170","url":"https:\/\/www.aliadospuebla.com\/?p=99170","name":"El Gobierno de la Ciudad se suma a la Campa\u00f1a Verde Navidad 2024 para reciclar \u00e1rboles naturales de temporada - AliadosPuebla","isPartOf":{"@id":"https:\/\/www.aliadospuebla.com\/#website"},"primaryImageOfPage":{"@id":"https:\/\/www.aliadospuebla.com\/?p=99170#primaryimage"},"image":{"@id":"https:\/\/www.aliadospuebla.com\/?p=99170#primaryimage"},"thumbnailUrl":"https:\/\/www.aliadospuebla.com\/web2017\/wp-content\/uploads\/2024\/12\/1725.jpg","datePublished":"2024-12-09T22:10:55+00:00","author":{"@id":"https:\/\/www.aliadospuebla.com\/#\/schema\/person\/5da7dd09320bd4f392b710017ed5f8ad"},"breadcrumb":{"@id":"https:\/\/www.aliadospuebla.com\/?p=99170#breadcrumb"},"inLanguage":"es","potentialAction":[{"@type":"ReadAction","target":["https:\/\/www.aliadospuebla.com\/?p=99170"]}]},{"@type":"ImageObject","inLanguage":"es","@id":"https:\/\/www.aliadospuebla.com\/?p=99170#primaryimage","url":"https:\/\/www.aliadospuebla.com\/web2017\/wp-content\/uploads\/2024\/12\/1725.jpg","contentUrl":"https:\/\/www.aliadospuebla.com\/web2017\/wp-content\/uploads\/2024\/12\/1725.jpg","width":600,"height":450},{"@type":"BreadcrumbList","@id":"https:\/\/www.aliadospuebla.com\/?p=99170#breadcrumb","itemListElement":[{"@type":"ListItem","position":1,"name":"Portada","item":"https:\/\/www.aliadospuebla.com\/"},{"@type":"ListItem","position":2,"name":"El Gobierno de la Ciudad se suma a la Campa\u00f1a Verde Navidad 2024 para reciclar \u00e1rboles naturales de temporada"}]},{"@type":"WebSite","@id":"https:\/\/www.aliadospuebla.com\/#website","url":"https:\/\/www.aliadospuebla.com\/","name":"AliadosPuebla","description":"La informaci\u00f3n en tus manos","potentialAction":[{"@type":"SearchAction","target":{"@type":"EntryPoint","urlTemplate":"https:\/\/www.aliadospuebla.com\/?s={search_term_string}"},"query-input":{"@type":"PropertyValueSpecification","valueRequired":true,"valueName":"search_term_string"}}],"inLanguage":"es"},{"@type":"Person","@id":"https:\/\/www.aliadospuebla.com\/#\/schema\/person\/5da7dd09320bd4f392b710017ed5f8ad","name":"Aliados17","image":{"@type":"ImageObject","inLanguage":"es","@id":"https:\/\/www.aliadospuebla.com\/web2017\/wp-content\/uploads\/2025\/03\/cropped-para-perfil-8-anos-1-96x96.jpg","url":"https:\/\/www.aliadospuebla.com\/web2017\/wp-content\/uploads\/2025\/03\/cropped-para-perfil-8-anos-1-96x96.jpg","contentUrl":"https:\/\/www.aliadospuebla.com\/web2017\/wp-content\/uploads\/2025\/03\/cropped-para-perfil-8-anos-1-96x96.jpg","caption":"Aliados17"},"sameAs":["https:\/\/www.aliados17.com","https:\/\/www.facebook.com\/Aliados17Pue","https:\/\/x.com\/AliadosPuebla"],"url":"https:\/\/www.aliadospuebla.com\/?author=2"}]}},"views":13,"_links":{"self":[{"href":"https:\/\/www.aliadospuebla.com\/index.php?rest_route=\/wp\/v2\/posts\/99170","targetHints":{"allow":["GET"]}}],"collection":[{"href":"https:\/\/www.aliadospuebla.com\/index.php?rest_route=\/wp\/v2\/posts"}],"about":[{"href":"https:\/\/www.aliadospuebla.com\/index.php?rest_route=\/wp\/v2\/types\/post"}],"author":[{"embeddable":true,"href":"https:\/\/www.aliadospuebla.com\/index.php?rest_route=\/wp\/v2\/users\/2"}],"replies":[{"embeddable":true,"href":"https:\/\/www.aliadospuebla.com\/index.php?rest_route=%2Fwp%2Fv2%2Fcomments&post=99170"}],"version-history":[{"count":1,"href":"https:\/\/www.aliadospuebla.com\/index.php?rest_route=\/wp\/v2\/posts\/99170\/revisions"}],"predecessor-version":[{"id":99172,"href":"https:\/\/www.aliadospuebla.com\/index.php?rest_route=\/wp\/v2\/posts\/99170\/revisions\/99172"}],"wp:featuredmedia":[{"embeddable":true,"href":"https:\/\/www.aliadospuebla.com\/index.php?rest_route=\/wp\/v2\/media\/99171"}],"wp:attachment":[{"href":"https:\/\/www.aliadospuebla.com\/index.php?rest_route=%2Fwp%2Fv2%2Fmedia&parent=99170"}],"wp:term":[{"taxonomy":"category","embeddable":true,"href":"https:\/\/www.aliadospuebla.com\/index.php?rest_route=%2Fwp%2Fv2%2Fcategories&post=99170"},{"taxonomy":"post_tag","embeddable":true,"href":"https:\/\/www.aliadospuebla.com\/index.php?rest_route=%2Fwp%2Fv2%2Ftags&post=99170"}],"curies":[{"name":"wp","href":"https:\/\/api.w.org\/{rel}","templated":true}]}}