{"id":99161,"date":"2024-12-09T15:47:48","date_gmt":"2024-12-09T21:47:48","guid":{"rendered":"https:\/\/www.aliados17.com\/?p=99161"},"modified":"2024-12-09T15:47:48","modified_gmt":"2024-12-09T21:47:48","slug":"lupita-cuautle-presenta-la-feria-de-la-rosca-2025-y-actividades-para-el-dia-de-reyes","status":"publish","type":"post","link":"https:\/\/www.aliadospuebla.com\/?p=99161","title":{"rendered":"Lupita Cuautle presenta la Feria de la Rosca 2025 y actividades para el D\u00eda de Reyes"},"content":{"rendered":"<h4>&#8211; La explanada de la presidencia auxiliar de San Rafael Comac ser\u00e1 la sede con la expectativa de recibir a m\u00e1s de 10 mil visitantes.<\/h4>\n<p>San Andr\u00e9s Cholula, Puebla. \u2013 Con el objetivo de promover la econom\u00eda local y los negocios familiares a trav\u00e9s de la gastronom\u00eda tradicional, as\u00ed como celebrar el D\u00eda de Reyes Magos, la presidenta municipal, Lupita Cuautle Torres, present\u00f3 la s\u00e9ptima edici\u00f3n de la Feria de la Rosca 2025 en la junta auxiliar de San Rafael Comac.<\/p>\n<p>La alcaldesa Cuautle Torres destac\u00f3 que esta es una excelente oportunidad para disfrutar del pan tradicional sanandrese\u00f1o y vivir en familia las amenidades que se realizar\u00e1n para conmemorar el D\u00eda de Reyes, con muchas opciones preparadas por el Ayuntamiento para esas fechas y que se estar\u00e1n replicando en todo el municipio.<\/p>\n<p>La explanada de la presidencia auxiliar de San Rafael Comac ser\u00e1 la sede con la expectativa de recibir a m\u00e1s de 10 mil visitantes, quienes podr\u00e1n conocer la oferta de 22 panader\u00edas locales, del 3 al 7 de enero, en horario de 9:00 a 21:00 horas, donde habr\u00e1 una gran variedad de sabores, y se contar\u00e1 con un corredor de emprendimientos,<br \/>\nespect\u00e1culos circenses, magia, cuentacuentos, y la presencia de los Tres Reyes Magos, para que las ni\u00f1as y ni\u00f1os puedan tomarse fotos e interactuar con ellos.<\/p>\n<p>Para el p\u00fablico adulto, se ofrecer\u00e1 la habitual cartelera musical con invitados como Los Cometas Azules, el Mariachi Imperial, el Grupo Niche, la Sonora Dinamita, La Explosiva, Grupo Sincero, Incomparable Norte\u00f1o y Los Kiero. El \u00faltimo d\u00eda del evento se presentar\u00e1n la Orquesta Canela, Banda Real de Reyes y el Carro Show.<\/p>\n<p>Con estas acciones, la administraci\u00f3n municipal promueve la identidad cultural y el desarrollo econ\u00f3mico local de las juntas auxiliares, ofreciendo atracciones tur\u00edsticas y familiares para hacer de San Andr\u00e9s Cholula un municipio m\u00e1s competitivo y con un desarrollo econ\u00f3mico sostenible.<\/p>\n","protected":false},"excerpt":{"rendered":"<p>&#8211; La explanada de la presidencia auxiliar de San Rafael Comac ser\u00e1 la sede con la expectativa de recibir a m\u00e1s de 10 mil visitantes. San Andr\u00e9s Cholula, Puebla. \u2013 Con el objetivo de promover la econom\u00eda local y los negocios familiares a trav\u00e9s de la gastronom\u00eda tradicional, as\u00ed como celebrar el D\u00eda de Reyes Magos, la presidenta municipal, Lupita Cuautle Torres, present\u00f3 la s\u00e9ptima edici\u00f3n de la Feria de la Rosca 2025 en la junta auxiliar de San Rafael Comac. La alcaldesa Cuautle Torres destac\u00f3 que esta es una excelente oportunidad para disfrutar del pan tradicional sanandrese\u00f1o y vivir en familia las amenidades que se realizar\u00e1n para conmemorar el D\u00eda de Reyes, con muchas opciones preparadas por el Ayuntamiento para esas fechas y que&hellip;<\/p>\n<p class=\"excerpt-more\"><a class=\"blog-excerpt button\" href=\"https:\/\/www.aliadospuebla.com\/?p=99161\">Leer m\u00e1s&#8230;<\/a><\/p>\n","protected":false},"author":2,"featured_media":99162,"comment_status":"open","ping_status":"open","sticky":false,"template":"","format":"standard","meta":{"_monsterinsights_skip_tracking":false,"footnotes":""},"categories":[4],"tags":[3588,26010,25169,19062,26011,8460,2730],"class_list":["post-99161","post","type-post","status-publish","format-standard","has-post-thumbnail","hentry","category-municipios","tag-dia-de-reyes","tag-feria-de-la-rosca-2025","tag-identidad-cultural","tag-lupita-cuautle-torres","tag-negocios-familiares","tag-san-rafael-comac","tag-septima-edicion"],"yoast_head":"<!-- This site is optimized with the Yoast SEO plugin v28.4 - https:\/\/yoast.com\/product\/yoast-seo-wordpress\/ -->\n<title>Lupita Cuautle presenta la Feria de la Rosca 2025 y actividades para el D\u00eda de Reyes - AliadosPuebla<\/title>\n<meta name=\"robots\" content=\"index, follow, max-snippet:-1, max-image-preview:large, max-video-preview:-1\" \/>\n<link rel=\"canonical\" href=\"https:\/\/www.aliadospuebla.com\/?p=99161\" \/>\n<meta property=\"og:locale\" content=\"es_ES\" \/>\n<meta property=\"og:type\" content=\"article\" \/>\n<meta property=\"og:title\" content=\"Lupita Cuautle presenta la Feria de la Rosca 2025 y actividades para el D\u00eda de Reyes - AliadosPuebla\" \/>\n<meta property=\"og:description\" content=\"&#8211; La explanada de la presidencia auxiliar de San Rafael Comac ser\u00e1 la sede con la expectativa de recibir a m\u00e1s de 10 mil visitantes. San Andr\u00e9s Cholula, Puebla. \u2013 Con el objetivo de promover la econom\u00eda local y los negocios familiares a trav\u00e9s de la gastronom\u00eda tradicional, as\u00ed como celebrar el D\u00eda de Reyes Magos, la presidenta municipal, Lupita Cuautle Torres, present\u00f3 la s\u00e9ptima edici\u00f3n de la Feria de la Rosca 2025 en la junta auxiliar de San Rafael Comac. La alcaldesa Cuautle Torres destac\u00f3 que esta es una excelente oportunidad para disfrutar del pan tradicional sanandrese\u00f1o y vivir en familia las amenidades que se realizar\u00e1n para conmemorar el D\u00eda de Reyes, con muchas opciones preparadas por el Ayuntamiento para esas fechas y que&hellip;Leer m\u00e1s...\" \/>\n<meta property=\"og:url\" content=\"https:\/\/www.aliadospuebla.com\/?p=99161\" \/>\n<meta property=\"og:site_name\" content=\"AliadosPuebla\" \/>\n<meta property=\"article:author\" content=\"https:\/\/www.facebook.com\/Aliados17Pue\" \/>\n<meta property=\"article:published_time\" content=\"2024-12-09T21:47:48+00:00\" \/>\n<meta property=\"og:image\" content=\"https:\/\/www.aliadospuebla.com\/web2017\/wp-content\/uploads\/2024\/12\/1722.jpg\" \/>\n\t<meta property=\"og:image:width\" content=\"600\" \/>\n\t<meta property=\"og:image:height\" content=\"450\" \/>\n\t<meta property=\"og:image:type\" content=\"image\/jpeg\" \/>\n<meta name=\"author\" content=\"Aliados17\" \/>\n<meta name=\"twitter:card\" content=\"summary_large_image\" \/>\n<meta name=\"twitter:creator\" content=\"@AliadosPuebla\" \/>\n<meta name=\"twitter:label1\" content=\"Escrito por\" \/>\n\t<meta name=\"twitter:data1\" content=\"Aliados17\" \/>\n\t<meta name=\"twitter:label2\" content=\"Tiempo de lectura\" \/>\n\t<meta name=\"twitter:data2\" content=\"2 minutos\" \/>\n<script type=\"application\/ld+json\" class=\"yoast-schema-graph\">{\"@context\":\"https:\\\/\\\/schema.org\",\"@graph\":[{\"@type\":\"Article\",\"@id\":\"https:\\\/\\\/www.aliadospuebla.com\\\/?p=99161#article\",\"isPartOf\":{\"@id\":\"https:\\\/\\\/www.aliadospuebla.com\\\/?p=99161\"},\"author\":{\"name\":\"Aliados17\",\"@id\":\"https:\\\/\\\/www.aliadospuebla.com\\\/#\\\/schema\\\/person\\\/5da7dd09320bd4f392b710017ed5f8ad\"},\"headline\":\"Lupita Cuautle presenta la Feria de la Rosca 2025 y actividades para el D\u00eda de Reyes\",\"datePublished\":\"2024-12-09T21:47:48+00:00\",\"mainEntityOfPage\":{\"@id\":\"https:\\\/\\\/www.aliadospuebla.com\\\/?p=99161\"},\"wordCount\":345,\"commentCount\":0,\"image\":{\"@id\":\"https:\\\/\\\/www.aliadospuebla.com\\\/?p=99161#primaryimage\"},\"thumbnailUrl\":\"https:\\\/\\\/www.aliadospuebla.com\\\/web2017\\\/wp-content\\\/uploads\\\/2024\\\/12\\\/1722.jpg\",\"keywords\":[\"D\u00cdA DE REYES\",\"Feria de la Rosca 2025\",\"identidad cultural\",\"Lupita Cuautle Torres\",\"negocios familiares\",\"San Rafael Comac\",\"S\u00c9PTIMA EDICI\u00d3N\"],\"articleSection\":[\"Municipios\"],\"inLanguage\":\"es\",\"potentialAction\":[{\"@type\":\"CommentAction\",\"name\":\"Comment\",\"target\":[\"https:\\\/\\\/www.aliadospuebla.com\\\/?p=99161#respond\"]}]},{\"@type\":\"WebPage\",\"@id\":\"https:\\\/\\\/www.aliadospuebla.com\\\/?p=99161\",\"url\":\"https:\\\/\\\/www.aliadospuebla.com\\\/?p=99161\",\"name\":\"Lupita Cuautle presenta la Feria de la Rosca 2025 y actividades para el D\u00eda de Reyes - AliadosPuebla\",\"isPartOf\":{\"@id\":\"https:\\\/\\\/www.aliadospuebla.com\\\/#website\"},\"primaryImageOfPage\":{\"@id\":\"https:\\\/\\\/www.aliadospuebla.com\\\/?p=99161#primaryimage\"},\"image\":{\"@id\":\"https:\\\/\\\/www.aliadospuebla.com\\\/?p=99161#primaryimage\"},\"thumbnailUrl\":\"https:\\\/\\\/www.aliadospuebla.com\\\/web2017\\\/wp-content\\\/uploads\\\/2024\\\/12\\\/1722.jpg\",\"datePublished\":\"2024-12-09T21:47:48+00:00\",\"author\":{\"@id\":\"https:\\\/\\\/www.aliadospuebla.com\\\/#\\\/schema\\\/person\\\/5da7dd09320bd4f392b710017ed5f8ad\"},\"breadcrumb\":{\"@id\":\"https:\\\/\\\/www.aliadospuebla.com\\\/?p=99161#breadcrumb\"},\"inLanguage\":\"es\",\"potentialAction\":[{\"@type\":\"ReadAction\",\"target\":[\"https:\\\/\\\/www.aliadospuebla.com\\\/?p=99161\"]}]},{\"@type\":\"ImageObject\",\"inLanguage\":\"es\",\"@id\":\"https:\\\/\\\/www.aliadospuebla.com\\\/?p=99161#primaryimage\",\"url\":\"https:\\\/\\\/www.aliadospuebla.com\\\/web2017\\\/wp-content\\\/uploads\\\/2024\\\/12\\\/1722.jpg\",\"contentUrl\":\"https:\\\/\\\/www.aliadospuebla.com\\\/web2017\\\/wp-content\\\/uploads\\\/2024\\\/12\\\/1722.jpg\",\"width\":600,\"height\":450},{\"@type\":\"BreadcrumbList\",\"@id\":\"https:\\\/\\\/www.aliadospuebla.com\\\/?p=99161#breadcrumb\",\"itemListElement\":[{\"@type\":\"ListItem\",\"position\":1,\"name\":\"Portada\",\"item\":\"https:\\\/\\\/www.aliadospuebla.com\\\/\"},{\"@type\":\"ListItem\",\"position\":2,\"name\":\"Lupita Cuautle presenta la Feria de la Rosca 2025 y actividades para el D\u00eda de Reyes\"}]},{\"@type\":\"WebSite\",\"@id\":\"https:\\\/\\\/www.aliadospuebla.com\\\/#website\",\"url\":\"https:\\\/\\\/www.aliadospuebla.com\\\/\",\"name\":\"AliadosPuebla\",\"description\":\"La informaci\u00f3n en tus manos\",\"potentialAction\":[{\"@type\":\"SearchAction\",\"target\":{\"@type\":\"EntryPoint\",\"urlTemplate\":\"https:\\\/\\\/www.aliadospuebla.com\\\/?s={search_term_string}\"},\"query-input\":{\"@type\":\"PropertyValueSpecification\",\"valueRequired\":true,\"valueName\":\"search_term_string\"}}],\"inLanguage\":\"es\"},{\"@type\":\"Person\",\"@id\":\"https:\\\/\\\/www.aliadospuebla.com\\\/#\\\/schema\\\/person\\\/5da7dd09320bd4f392b710017ed5f8ad\",\"name\":\"Aliados17\",\"image\":{\"@type\":\"ImageObject\",\"inLanguage\":\"es\",\"@id\":\"https:\\\/\\\/www.aliadospuebla.com\\\/web2017\\\/wp-content\\\/uploads\\\/2025\\\/03\\\/cropped-para-perfil-8-anos-1-96x96.jpg\",\"url\":\"https:\\\/\\\/www.aliadospuebla.com\\\/web2017\\\/wp-content\\\/uploads\\\/2025\\\/03\\\/cropped-para-perfil-8-anos-1-96x96.jpg\",\"contentUrl\":\"https:\\\/\\\/www.aliadospuebla.com\\\/web2017\\\/wp-content\\\/uploads\\\/2025\\\/03\\\/cropped-para-perfil-8-anos-1-96x96.jpg\",\"caption\":\"Aliados17\"},\"sameAs\":[\"https:\\\/\\\/www.aliados17.com\",\"https:\\\/\\\/www.facebook.com\\\/Aliados17Pue\",\"https:\\\/\\\/x.com\\\/AliadosPuebla\"],\"url\":\"https:\\\/\\\/www.aliadospuebla.com\\\/?author=2\"}]}<\/script>\n<!-- \/ Yoast SEO plugin. -->","yoast_head_json":{"title":"Lupita Cuautle presenta la Feria de la Rosca 2025 y actividades para el D\u00eda de Reyes - AliadosPuebla","robots":{"index":"index","follow":"follow","max-snippet":"max-snippet:-1","max-image-preview":"max-image-preview:large","max-video-preview":"max-video-preview:-1"},"canonical":"https:\/\/www.aliadospuebla.com\/?p=99161","og_locale":"es_ES","og_type":"article","og_title":"Lupita Cuautle presenta la Feria de la Rosca 2025 y actividades para el D\u00eda de Reyes - AliadosPuebla","og_description":"&#8211; La explanada de la presidencia auxiliar de San Rafael Comac ser\u00e1 la sede con la expectativa de recibir a m\u00e1s de 10 mil visitantes. San Andr\u00e9s Cholula, Puebla. \u2013 Con el objetivo de promover la econom\u00eda local y los negocios familiares a trav\u00e9s de la gastronom\u00eda tradicional, as\u00ed como celebrar el D\u00eda de Reyes Magos, la presidenta municipal, Lupita Cuautle Torres, present\u00f3 la s\u00e9ptima edici\u00f3n de la Feria de la Rosca 2025 en la junta auxiliar de San Rafael Comac. La alcaldesa Cuautle Torres destac\u00f3 que esta es una excelente oportunidad para disfrutar del pan tradicional sanandrese\u00f1o y vivir en familia las amenidades que se realizar\u00e1n para conmemorar el D\u00eda de Reyes, con muchas opciones preparadas por el Ayuntamiento para esas fechas y que&hellip;Leer m\u00e1s...","og_url":"https:\/\/www.aliadospuebla.com\/?p=99161","og_site_name":"AliadosPuebla","article_author":"https:\/\/www.facebook.com\/Aliados17Pue","article_published_time":"2024-12-09T21:47:48+00:00","og_image":[{"width":600,"height":450,"url":"https:\/\/www.aliadospuebla.com\/web2017\/wp-content\/uploads\/2024\/12\/1722.jpg","type":"image\/jpeg"}],"author":"Aliados17","twitter_card":"summary_large_image","twitter_creator":"@AliadosPuebla","twitter_misc":{"Escrito por":"Aliados17","Tiempo de lectura":"2 minutos"},"schema":{"@context":"https:\/\/schema.org","@graph":[{"@type":"Article","@id":"https:\/\/www.aliadospuebla.com\/?p=99161#article","isPartOf":{"@id":"https:\/\/www.aliadospuebla.com\/?p=99161"},"author":{"name":"Aliados17","@id":"https:\/\/www.aliadospuebla.com\/#\/schema\/person\/5da7dd09320bd4f392b710017ed5f8ad"},"headline":"Lupita Cuautle presenta la Feria de la Rosca 2025 y actividades para el D\u00eda de Reyes","datePublished":"2024-12-09T21:47:48+00:00","mainEntityOfPage":{"@id":"https:\/\/www.aliadospuebla.com\/?p=99161"},"wordCount":345,"commentCount":0,"image":{"@id":"https:\/\/www.aliadospuebla.com\/?p=99161#primaryimage"},"thumbnailUrl":"https:\/\/www.aliadospuebla.com\/web2017\/wp-content\/uploads\/2024\/12\/1722.jpg","keywords":["D\u00cdA DE REYES","Feria de la Rosca 2025","identidad cultural","Lupita Cuautle Torres","negocios familiares","San Rafael Comac","S\u00c9PTIMA EDICI\u00d3N"],"articleSection":["Municipios"],"inLanguage":"es","potentialAction":[{"@type":"CommentAction","name":"Comment","target":["https:\/\/www.aliadospuebla.com\/?p=99161#respond"]}]},{"@type":"WebPage","@id":"https:\/\/www.aliadospuebla.com\/?p=99161","url":"https:\/\/www.aliadospuebla.com\/?p=99161","name":"Lupita Cuautle presenta la Feria de la Rosca 2025 y actividades para el D\u00eda de Reyes - AliadosPuebla","isPartOf":{"@id":"https:\/\/www.aliadospuebla.com\/#website"},"primaryImageOfPage":{"@id":"https:\/\/www.aliadospuebla.com\/?p=99161#primaryimage"},"image":{"@id":"https:\/\/www.aliadospuebla.com\/?p=99161#primaryimage"},"thumbnailUrl":"https:\/\/www.aliadospuebla.com\/web2017\/wp-content\/uploads\/2024\/12\/1722.jpg","datePublished":"2024-12-09T21:47:48+00:00","author":{"@id":"https:\/\/www.aliadospuebla.com\/#\/schema\/person\/5da7dd09320bd4f392b710017ed5f8ad"},"breadcrumb":{"@id":"https:\/\/www.aliadospuebla.com\/?p=99161#breadcrumb"},"inLanguage":"es","potentialAction":[{"@type":"ReadAction","target":["https:\/\/www.aliadospuebla.com\/?p=99161"]}]},{"@type":"ImageObject","inLanguage":"es","@id":"https:\/\/www.aliadospuebla.com\/?p=99161#primaryimage","url":"https:\/\/www.aliadospuebla.com\/web2017\/wp-content\/uploads\/2024\/12\/1722.jpg","contentUrl":"https:\/\/www.aliadospuebla.com\/web2017\/wp-content\/uploads\/2024\/12\/1722.jpg","width":600,"height":450},{"@type":"BreadcrumbList","@id":"https:\/\/www.aliadospuebla.com\/?p=99161#breadcrumb","itemListElement":[{"@type":"ListItem","position":1,"name":"Portada","item":"https:\/\/www.aliadospuebla.com\/"},{"@type":"ListItem","position":2,"name":"Lupita Cuautle presenta la Feria de la Rosca 2025 y actividades para el D\u00eda de Reyes"}]},{"@type":"WebSite","@id":"https:\/\/www.aliadospuebla.com\/#website","url":"https:\/\/www.aliadospuebla.com\/","name":"AliadosPuebla","description":"La informaci\u00f3n en tus manos","potentialAction":[{"@type":"SearchAction","target":{"@type":"EntryPoint","urlTemplate":"https:\/\/www.aliadospuebla.com\/?s={search_term_string}"},"query-input":{"@type":"PropertyValueSpecification","valueRequired":true,"valueName":"search_term_string"}}],"inLanguage":"es"},{"@type":"Person","@id":"https:\/\/www.aliadospuebla.com\/#\/schema\/person\/5da7dd09320bd4f392b710017ed5f8ad","name":"Aliados17","image":{"@type":"ImageObject","inLanguage":"es","@id":"https:\/\/www.aliadospuebla.com\/web2017\/wp-content\/uploads\/2025\/03\/cropped-para-perfil-8-anos-1-96x96.jpg","url":"https:\/\/www.aliadospuebla.com\/web2017\/wp-content\/uploads\/2025\/03\/cropped-para-perfil-8-anos-1-96x96.jpg","contentUrl":"https:\/\/www.aliadospuebla.com\/web2017\/wp-content\/uploads\/2025\/03\/cropped-para-perfil-8-anos-1-96x96.jpg","caption":"Aliados17"},"sameAs":["https:\/\/www.aliados17.com","https:\/\/www.facebook.com\/Aliados17Pue","https:\/\/x.com\/AliadosPuebla"],"url":"https:\/\/www.aliadospuebla.com\/?author=2"}]}},"views":10,"_links":{"self":[{"href":"https:\/\/www.aliadospuebla.com\/index.php?rest_route=\/wp\/v2\/posts\/99161","targetHints":{"allow":["GET"]}}],"collection":[{"href":"https:\/\/www.aliadospuebla.com\/index.php?rest_route=\/wp\/v2\/posts"}],"about":[{"href":"https:\/\/www.aliadospuebla.com\/index.php?rest_route=\/wp\/v2\/types\/post"}],"author":[{"embeddable":true,"href":"https:\/\/www.aliadospuebla.com\/index.php?rest_route=\/wp\/v2\/users\/2"}],"replies":[{"embeddable":true,"href":"https:\/\/www.aliadospuebla.com\/index.php?rest_route=%2Fwp%2Fv2%2Fcomments&post=99161"}],"version-history":[{"count":1,"href":"https:\/\/www.aliadospuebla.com\/index.php?rest_route=\/wp\/v2\/posts\/99161\/revisions"}],"predecessor-version":[{"id":99163,"href":"https:\/\/www.aliadospuebla.com\/index.php?rest_route=\/wp\/v2\/posts\/99161\/revisions\/99163"}],"wp:featuredmedia":[{"embeddable":true,"href":"https:\/\/www.aliadospuebla.com\/index.php?rest_route=\/wp\/v2\/media\/99162"}],"wp:attachment":[{"href":"https:\/\/www.aliadospuebla.com\/index.php?rest_route=%2Fwp%2Fv2%2Fmedia&parent=99161"}],"wp:term":[{"taxonomy":"category","embeddable":true,"href":"https:\/\/www.aliadospuebla.com\/index.php?rest_route=%2Fwp%2Fv2%2Fcategories&post=99161"},{"taxonomy":"post_tag","embeddable":true,"href":"https:\/\/www.aliadospuebla.com\/index.php?rest_route=%2Fwp%2Fv2%2Ftags&post=99161"}],"curies":[{"name":"wp","href":"https:\/\/api.w.org\/{rel}","templated":true}]}}