{"id":99107,"date":"2024-12-07T12:34:35","date_gmt":"2024-12-07T18:34:35","guid":{"rendered":"https:\/\/www.aliados17.com\/?p=99107"},"modified":"2024-12-07T12:34:35","modified_gmt":"2024-12-07T18:34:35","slug":"invita-omar-munoz-a-participar-en-el-festival-navidad-en-familia","status":"publish","type":"post","link":"https:\/\/www.aliadospuebla.com\/?p=99107","title":{"rendered":"INVITA OMAR MU\u00d1OZ A PARTICIPAR EN EL FESTIVAL \u201cNAVIDAD EN FAMILIA\u201d"},"content":{"rendered":"<h4>El Presidente Municipal present\u00f3 las actividades que se llevar\u00e1n a cabo del 8 de Diciembre al 6 de Enero en Cuautlancingo<\/h4>\n<p>Anunci\u00f3 el programa \u201cUn apapacho al coraz\u00f3n\u201d, para proteger a los adultos mayores de la comunidad<\/p>\n<p>CUAUTLANCINGO, PUE. \u201cPara mi gobierno es muy importante unir el tejido social,<\/p>\n<p>por eso queremos hacer de Cuautlancingo un centro de celebraci\u00f3n para los habitantes<\/p>\n<p>durante \u00e9sta temporada decembrina, pero tambi\u00e9n para quienes viven en la periferia\u201d,<\/p>\n<p>refiri\u00f3 Omar Mu\u00f1oz, Presidente Municipal de Cuautlancingo, al presentar el festival \u201cNavidad en Familia\u201d.<\/p>\n<p>Detall\u00f3 que a partir del 8 de Diciembre y hasta el 6 de Enero, se llevar\u00e1n a cabo varias actividades en el municipio,<\/p>\n<p>arrancando con el encendido del \u00e1rbol de Navidad en la Explanada Municipal a las 7:30 P.M,<\/p>\n<p>\u201cinvitamos a la ciudadan\u00eda a acudir a las actividades que vamos a tener, entre ellas la presentaci\u00f3n<\/p>\n<p>de una obra teatral y musical por parte de los alumnos de la Casa de la Cultura y la degustaci\u00f3n<\/p>\n<p>de la galleta de jengibre m\u00e1s grande de Cuautlancingo que medir\u00e1 4.00 metros. por 1.20\u201d.<\/p>\n<h4>\u201cTambi\u00e9n podr\u00e1n disfrutar de la pista de hielo que medir\u00e1 10 metros por 14, de un espect\u00e1culo de patinaje, de la actuaci\u00f3n de Yuliana Martinez, ganadora de la Voz M\u00e9xico 2016 y de pirotecnia al ritmo de la m\u00fasica. Est\u00e1n invitados a acompa\u00f1arnos quienes viven en la zona conurbada y en Tlaxcala, estado con el que colindamos\u201d.<\/h4>\n<p>Indic\u00f3 que se realizar\u00e1 el encendido del \u00e1rbol en cada junta auxiliar y que se espera la asistencia de todas las personas de la comunidad, generando as\u00ed una derrama econ\u00f3mica importante.<\/p>\n<p>El edil tambi\u00e9n inform\u00f3 que para proteger a los adultos mayores de 65 y m\u00e1s, que son lo m\u00e1s valioso para la localidad, se implementar\u00e1 el programa de bienestar social \u201cUn apapacho al coraz\u00f3n\u201d, que consiste en la entrega de chamarras para m\u00e1s de 2 mil beneficiarios.<\/p>\n<p>Asimismo hizo la invitaci\u00f3n a la ciudadan\u00eda a participar en la \u201cNoche C\u00f3smica\u201d, a llevarse a cabo ma\u00f1ana 07 de Diciembre en el Parque Recreativo El Ameyal, con un horario de 4:00 P.M. a 10:00 P.M., \u201cel objetivo es fomentar el inter\u00e9s en la ciencia y en la tecnolog\u00eda, para fortalecer la educaci\u00f3n y la cultura en el municipio\u201d.<\/p>\n<p>En el evento estuvieron presentes la encargada de la Direcci\u00f3n General de Artes y Fomento Cultural del Gobierno del Estado, M\u00f3nica Fern\u00e1ndez Hinostroza; la Presidenta del DIF municipal de Cuautlancingo Tere Alfaro; el Director de Cultura y Tradici\u00f3n del Ayuntamiento de Cuautlancingo Jovany Pedraza y la patinadora profesional Scarlet Domit Cajica.<\/p>\n","protected":false},"excerpt":{"rendered":"<p>El Presidente Municipal present\u00f3 las actividades que se llevar\u00e1n a cabo del 8 de Diciembre al 6 de Enero en Cuautlancingo Anunci\u00f3 el programa \u201cUn apapacho al coraz\u00f3n\u201d, para proteger a los adultos mayores de la comunidad CUAUTLANCINGO, PUE. \u201cPara mi gobierno es muy importante unir el tejido social, por eso queremos hacer de Cuautlancingo un centro de celebraci\u00f3n para los habitantes durante \u00e9sta temporada decembrina, pero tambi\u00e9n para quienes viven en la periferia\u201d, refiri\u00f3 Omar Mu\u00f1oz, Presidente Municipal de Cuautlancingo, al presentar el festival \u201cNavidad en Familia\u201d. Detall\u00f3 que a partir del 8 de Diciembre y hasta el 6 de Enero, se llevar\u00e1n a cabo varias actividades en el municipio, arrancando con el encendido del \u00e1rbol de Navidad en la Explanada Municipal a las&hellip;<\/p>\n<p class=\"excerpt-more\"><a class=\"blog-excerpt button\" href=\"https:\/\/www.aliadospuebla.com\/?p=99107\">Leer m\u00e1s&#8230;<\/a><\/p>\n","protected":false},"author":2,"featured_media":99108,"comment_status":"open","ping_status":"open","sticky":false,"template":"","format":"standard","meta":{"_monsterinsights_skip_tracking":false,"footnotes":""},"categories":[4],"tags":[440,18,2636,8082,25907,23349,25984,25983],"class_list":["post-99107","post","type-post","status-publish","format-standard","has-post-thumbnail","hentry","category-municipios","tag-celebracion","tag-cuautlancingo","tag-explanada-municipal","tag-navidad-en-familia","tag-noche-cosmica","tag-omar-munoz","tag-programa-de-bienestar-social","tag-unir-el-tejido-social"],"yoast_head":"<!-- This site is optimized with the Yoast SEO plugin v28.4 - https:\/\/yoast.com\/product\/yoast-seo-wordpress\/ -->\n<title>INVITA OMAR MU\u00d1OZ A PARTICIPAR EN EL FESTIVAL \u201cNAVIDAD EN FAMILIA\u201d - AliadosPuebla<\/title>\n<meta name=\"robots\" content=\"index, follow, max-snippet:-1, max-image-preview:large, max-video-preview:-1\" \/>\n<link rel=\"canonical\" href=\"https:\/\/www.aliadospuebla.com\/?p=99107\" \/>\n<meta property=\"og:locale\" content=\"es_ES\" \/>\n<meta property=\"og:type\" content=\"article\" \/>\n<meta property=\"og:title\" content=\"INVITA OMAR MU\u00d1OZ A PARTICIPAR EN EL FESTIVAL \u201cNAVIDAD EN FAMILIA\u201d - AliadosPuebla\" \/>\n<meta property=\"og:description\" content=\"El Presidente Municipal present\u00f3 las actividades que se llevar\u00e1n a cabo del 8 de Diciembre al 6 de Enero en Cuautlancingo Anunci\u00f3 el programa \u201cUn apapacho al coraz\u00f3n\u201d, para proteger a los adultos mayores de la comunidad CUAUTLANCINGO, PUE. \u201cPara mi gobierno es muy importante unir el tejido social, por eso queremos hacer de Cuautlancingo un centro de celebraci\u00f3n para los habitantes durante \u00e9sta temporada decembrina, pero tambi\u00e9n para quienes viven en la periferia\u201d, refiri\u00f3 Omar Mu\u00f1oz, Presidente Municipal de Cuautlancingo, al presentar el festival \u201cNavidad en Familia\u201d. Detall\u00f3 que a partir del 8 de Diciembre y hasta el 6 de Enero, se llevar\u00e1n a cabo varias actividades en el municipio, arrancando con el encendido del \u00e1rbol de Navidad en la Explanada Municipal a las&hellip;Leer m\u00e1s...\" \/>\n<meta property=\"og:url\" content=\"https:\/\/www.aliadospuebla.com\/?p=99107\" \/>\n<meta property=\"og:site_name\" content=\"AliadosPuebla\" \/>\n<meta property=\"article:author\" content=\"https:\/\/www.facebook.com\/Aliados17Pue\" \/>\n<meta property=\"article:published_time\" content=\"2024-12-07T18:34:35+00:00\" \/>\n<meta property=\"og:image\" content=\"https:\/\/www.aliadospuebla.com\/web2017\/wp-content\/uploads\/2024\/12\/1705.jpg\" \/>\n\t<meta property=\"og:image:width\" content=\"600\" \/>\n\t<meta property=\"og:image:height\" content=\"450\" \/>\n\t<meta property=\"og:image:type\" content=\"image\/jpeg\" \/>\n<meta name=\"author\" content=\"Aliados17\" \/>\n<meta name=\"twitter:card\" content=\"summary_large_image\" \/>\n<meta name=\"twitter:creator\" content=\"@AliadosPuebla\" \/>\n<meta name=\"twitter:label1\" content=\"Escrito por\" \/>\n\t<meta name=\"twitter:data1\" content=\"Aliados17\" \/>\n\t<meta name=\"twitter:label2\" content=\"Tiempo de lectura\" \/>\n\t<meta name=\"twitter:data2\" content=\"3 minutos\" \/>\n<script type=\"application\/ld+json\" class=\"yoast-schema-graph\">{\"@context\":\"https:\\\/\\\/schema.org\",\"@graph\":[{\"@type\":\"Article\",\"@id\":\"https:\\\/\\\/www.aliadospuebla.com\\\/?p=99107#article\",\"isPartOf\":{\"@id\":\"https:\\\/\\\/www.aliadospuebla.com\\\/?p=99107\"},\"author\":{\"name\":\"Aliados17\",\"@id\":\"https:\\\/\\\/www.aliadospuebla.com\\\/#\\\/schema\\\/person\\\/5da7dd09320bd4f392b710017ed5f8ad\"},\"headline\":\"INVITA OMAR MU\u00d1OZ A PARTICIPAR EN EL FESTIVAL \u201cNAVIDAD EN FAMILIA\u201d\",\"datePublished\":\"2024-12-07T18:34:35+00:00\",\"mainEntityOfPage\":{\"@id\":\"https:\\\/\\\/www.aliadospuebla.com\\\/?p=99107\"},\"wordCount\":459,\"commentCount\":0,\"image\":{\"@id\":\"https:\\\/\\\/www.aliadospuebla.com\\\/?p=99107#primaryimage\"},\"thumbnailUrl\":\"https:\\\/\\\/www.aliadospuebla.com\\\/web2017\\\/wp-content\\\/uploads\\\/2024\\\/12\\\/1705.jpg\",\"keywords\":[\"CELEBRACI\u00d3N\",\"Cuautlancingo\",\"EXPLANADA MUNICIPAL\",\"NAVIDAD EN FAMILIA\",\"Noche c\u00f3smica\",\"Omar Mu\u00f1oz\",\"programa de bienestar social\",\"unir el tejido social\"],\"articleSection\":[\"Municipios\"],\"inLanguage\":\"es\",\"potentialAction\":[{\"@type\":\"CommentAction\",\"name\":\"Comment\",\"target\":[\"https:\\\/\\\/www.aliadospuebla.com\\\/?p=99107#respond\"]}]},{\"@type\":\"WebPage\",\"@id\":\"https:\\\/\\\/www.aliadospuebla.com\\\/?p=99107\",\"url\":\"https:\\\/\\\/www.aliadospuebla.com\\\/?p=99107\",\"name\":\"INVITA OMAR MU\u00d1OZ A PARTICIPAR EN EL FESTIVAL \u201cNAVIDAD EN FAMILIA\u201d - AliadosPuebla\",\"isPartOf\":{\"@id\":\"https:\\\/\\\/www.aliadospuebla.com\\\/#website\"},\"primaryImageOfPage\":{\"@id\":\"https:\\\/\\\/www.aliadospuebla.com\\\/?p=99107#primaryimage\"},\"image\":{\"@id\":\"https:\\\/\\\/www.aliadospuebla.com\\\/?p=99107#primaryimage\"},\"thumbnailUrl\":\"https:\\\/\\\/www.aliadospuebla.com\\\/web2017\\\/wp-content\\\/uploads\\\/2024\\\/12\\\/1705.jpg\",\"datePublished\":\"2024-12-07T18:34:35+00:00\",\"author\":{\"@id\":\"https:\\\/\\\/www.aliadospuebla.com\\\/#\\\/schema\\\/person\\\/5da7dd09320bd4f392b710017ed5f8ad\"},\"breadcrumb\":{\"@id\":\"https:\\\/\\\/www.aliadospuebla.com\\\/?p=99107#breadcrumb\"},\"inLanguage\":\"es\",\"potentialAction\":[{\"@type\":\"ReadAction\",\"target\":[\"https:\\\/\\\/www.aliadospuebla.com\\\/?p=99107\"]}]},{\"@type\":\"ImageObject\",\"inLanguage\":\"es\",\"@id\":\"https:\\\/\\\/www.aliadospuebla.com\\\/?p=99107#primaryimage\",\"url\":\"https:\\\/\\\/www.aliadospuebla.com\\\/web2017\\\/wp-content\\\/uploads\\\/2024\\\/12\\\/1705.jpg\",\"contentUrl\":\"https:\\\/\\\/www.aliadospuebla.com\\\/web2017\\\/wp-content\\\/uploads\\\/2024\\\/12\\\/1705.jpg\",\"width\":600,\"height\":450},{\"@type\":\"BreadcrumbList\",\"@id\":\"https:\\\/\\\/www.aliadospuebla.com\\\/?p=99107#breadcrumb\",\"itemListElement\":[{\"@type\":\"ListItem\",\"position\":1,\"name\":\"Portada\",\"item\":\"https:\\\/\\\/www.aliadospuebla.com\\\/\"},{\"@type\":\"ListItem\",\"position\":2,\"name\":\"INVITA OMAR MU\u00d1OZ A PARTICIPAR EN EL FESTIVAL \u201cNAVIDAD EN FAMILIA\u201d\"}]},{\"@type\":\"WebSite\",\"@id\":\"https:\\\/\\\/www.aliadospuebla.com\\\/#website\",\"url\":\"https:\\\/\\\/www.aliadospuebla.com\\\/\",\"name\":\"AliadosPuebla\",\"description\":\"La informaci\u00f3n en tus manos\",\"potentialAction\":[{\"@type\":\"SearchAction\",\"target\":{\"@type\":\"EntryPoint\",\"urlTemplate\":\"https:\\\/\\\/www.aliadospuebla.com\\\/?s={search_term_string}\"},\"query-input\":{\"@type\":\"PropertyValueSpecification\",\"valueRequired\":true,\"valueName\":\"search_term_string\"}}],\"inLanguage\":\"es\"},{\"@type\":\"Person\",\"@id\":\"https:\\\/\\\/www.aliadospuebla.com\\\/#\\\/schema\\\/person\\\/5da7dd09320bd4f392b710017ed5f8ad\",\"name\":\"Aliados17\",\"image\":{\"@type\":\"ImageObject\",\"inLanguage\":\"es\",\"@id\":\"https:\\\/\\\/www.aliadospuebla.com\\\/web2017\\\/wp-content\\\/uploads\\\/2025\\\/03\\\/cropped-para-perfil-8-anos-1-96x96.jpg\",\"url\":\"https:\\\/\\\/www.aliadospuebla.com\\\/web2017\\\/wp-content\\\/uploads\\\/2025\\\/03\\\/cropped-para-perfil-8-anos-1-96x96.jpg\",\"contentUrl\":\"https:\\\/\\\/www.aliadospuebla.com\\\/web2017\\\/wp-content\\\/uploads\\\/2025\\\/03\\\/cropped-para-perfil-8-anos-1-96x96.jpg\",\"caption\":\"Aliados17\"},\"sameAs\":[\"https:\\\/\\\/www.aliados17.com\",\"https:\\\/\\\/www.facebook.com\\\/Aliados17Pue\",\"https:\\\/\\\/x.com\\\/AliadosPuebla\"],\"url\":\"https:\\\/\\\/www.aliadospuebla.com\\\/?author=2\"}]}<\/script>\n<!-- \/ Yoast SEO plugin. -->","yoast_head_json":{"title":"INVITA OMAR MU\u00d1OZ A PARTICIPAR EN EL FESTIVAL \u201cNAVIDAD EN FAMILIA\u201d - AliadosPuebla","robots":{"index":"index","follow":"follow","max-snippet":"max-snippet:-1","max-image-preview":"max-image-preview:large","max-video-preview":"max-video-preview:-1"},"canonical":"https:\/\/www.aliadospuebla.com\/?p=99107","og_locale":"es_ES","og_type":"article","og_title":"INVITA OMAR MU\u00d1OZ A PARTICIPAR EN EL FESTIVAL \u201cNAVIDAD EN FAMILIA\u201d - AliadosPuebla","og_description":"El Presidente Municipal present\u00f3 las actividades que se llevar\u00e1n a cabo del 8 de Diciembre al 6 de Enero en Cuautlancingo Anunci\u00f3 el programa \u201cUn apapacho al coraz\u00f3n\u201d, para proteger a los adultos mayores de la comunidad CUAUTLANCINGO, PUE. \u201cPara mi gobierno es muy importante unir el tejido social, por eso queremos hacer de Cuautlancingo un centro de celebraci\u00f3n para los habitantes durante \u00e9sta temporada decembrina, pero tambi\u00e9n para quienes viven en la periferia\u201d, refiri\u00f3 Omar Mu\u00f1oz, Presidente Municipal de Cuautlancingo, al presentar el festival \u201cNavidad en Familia\u201d. Detall\u00f3 que a partir del 8 de Diciembre y hasta el 6 de Enero, se llevar\u00e1n a cabo varias actividades en el municipio, arrancando con el encendido del \u00e1rbol de Navidad en la Explanada Municipal a las&hellip;Leer m\u00e1s...","og_url":"https:\/\/www.aliadospuebla.com\/?p=99107","og_site_name":"AliadosPuebla","article_author":"https:\/\/www.facebook.com\/Aliados17Pue","article_published_time":"2024-12-07T18:34:35+00:00","og_image":[{"width":600,"height":450,"url":"https:\/\/www.aliadospuebla.com\/web2017\/wp-content\/uploads\/2024\/12\/1705.jpg","type":"image\/jpeg"}],"author":"Aliados17","twitter_card":"summary_large_image","twitter_creator":"@AliadosPuebla","twitter_misc":{"Escrito por":"Aliados17","Tiempo de lectura":"3 minutos"},"schema":{"@context":"https:\/\/schema.org","@graph":[{"@type":"Article","@id":"https:\/\/www.aliadospuebla.com\/?p=99107#article","isPartOf":{"@id":"https:\/\/www.aliadospuebla.com\/?p=99107"},"author":{"name":"Aliados17","@id":"https:\/\/www.aliadospuebla.com\/#\/schema\/person\/5da7dd09320bd4f392b710017ed5f8ad"},"headline":"INVITA OMAR MU\u00d1OZ A PARTICIPAR EN EL FESTIVAL \u201cNAVIDAD EN FAMILIA\u201d","datePublished":"2024-12-07T18:34:35+00:00","mainEntityOfPage":{"@id":"https:\/\/www.aliadospuebla.com\/?p=99107"},"wordCount":459,"commentCount":0,"image":{"@id":"https:\/\/www.aliadospuebla.com\/?p=99107#primaryimage"},"thumbnailUrl":"https:\/\/www.aliadospuebla.com\/web2017\/wp-content\/uploads\/2024\/12\/1705.jpg","keywords":["CELEBRACI\u00d3N","Cuautlancingo","EXPLANADA MUNICIPAL","NAVIDAD EN FAMILIA","Noche c\u00f3smica","Omar Mu\u00f1oz","programa de bienestar social","unir el tejido social"],"articleSection":["Municipios"],"inLanguage":"es","potentialAction":[{"@type":"CommentAction","name":"Comment","target":["https:\/\/www.aliadospuebla.com\/?p=99107#respond"]}]},{"@type":"WebPage","@id":"https:\/\/www.aliadospuebla.com\/?p=99107","url":"https:\/\/www.aliadospuebla.com\/?p=99107","name":"INVITA OMAR MU\u00d1OZ A PARTICIPAR EN EL FESTIVAL \u201cNAVIDAD EN FAMILIA\u201d - AliadosPuebla","isPartOf":{"@id":"https:\/\/www.aliadospuebla.com\/#website"},"primaryImageOfPage":{"@id":"https:\/\/www.aliadospuebla.com\/?p=99107#primaryimage"},"image":{"@id":"https:\/\/www.aliadospuebla.com\/?p=99107#primaryimage"},"thumbnailUrl":"https:\/\/www.aliadospuebla.com\/web2017\/wp-content\/uploads\/2024\/12\/1705.jpg","datePublished":"2024-12-07T18:34:35+00:00","author":{"@id":"https:\/\/www.aliadospuebla.com\/#\/schema\/person\/5da7dd09320bd4f392b710017ed5f8ad"},"breadcrumb":{"@id":"https:\/\/www.aliadospuebla.com\/?p=99107#breadcrumb"},"inLanguage":"es","potentialAction":[{"@type":"ReadAction","target":["https:\/\/www.aliadospuebla.com\/?p=99107"]}]},{"@type":"ImageObject","inLanguage":"es","@id":"https:\/\/www.aliadospuebla.com\/?p=99107#primaryimage","url":"https:\/\/www.aliadospuebla.com\/web2017\/wp-content\/uploads\/2024\/12\/1705.jpg","contentUrl":"https:\/\/www.aliadospuebla.com\/web2017\/wp-content\/uploads\/2024\/12\/1705.jpg","width":600,"height":450},{"@type":"BreadcrumbList","@id":"https:\/\/www.aliadospuebla.com\/?p=99107#breadcrumb","itemListElement":[{"@type":"ListItem","position":1,"name":"Portada","item":"https:\/\/www.aliadospuebla.com\/"},{"@type":"ListItem","position":2,"name":"INVITA OMAR MU\u00d1OZ A PARTICIPAR EN EL FESTIVAL \u201cNAVIDAD EN FAMILIA\u201d"}]},{"@type":"WebSite","@id":"https:\/\/www.aliadospuebla.com\/#website","url":"https:\/\/www.aliadospuebla.com\/","name":"AliadosPuebla","description":"La informaci\u00f3n en tus manos","potentialAction":[{"@type":"SearchAction","target":{"@type":"EntryPoint","urlTemplate":"https:\/\/www.aliadospuebla.com\/?s={search_term_string}"},"query-input":{"@type":"PropertyValueSpecification","valueRequired":true,"valueName":"search_term_string"}}],"inLanguage":"es"},{"@type":"Person","@id":"https:\/\/www.aliadospuebla.com\/#\/schema\/person\/5da7dd09320bd4f392b710017ed5f8ad","name":"Aliados17","image":{"@type":"ImageObject","inLanguage":"es","@id":"https:\/\/www.aliadospuebla.com\/web2017\/wp-content\/uploads\/2025\/03\/cropped-para-perfil-8-anos-1-96x96.jpg","url":"https:\/\/www.aliadospuebla.com\/web2017\/wp-content\/uploads\/2025\/03\/cropped-para-perfil-8-anos-1-96x96.jpg","contentUrl":"https:\/\/www.aliadospuebla.com\/web2017\/wp-content\/uploads\/2025\/03\/cropped-para-perfil-8-anos-1-96x96.jpg","caption":"Aliados17"},"sameAs":["https:\/\/www.aliados17.com","https:\/\/www.facebook.com\/Aliados17Pue","https:\/\/x.com\/AliadosPuebla"],"url":"https:\/\/www.aliadospuebla.com\/?author=2"}]}},"views":6,"_links":{"self":[{"href":"https:\/\/www.aliadospuebla.com\/index.php?rest_route=\/wp\/v2\/posts\/99107","targetHints":{"allow":["GET"]}}],"collection":[{"href":"https:\/\/www.aliadospuebla.com\/index.php?rest_route=\/wp\/v2\/posts"}],"about":[{"href":"https:\/\/www.aliadospuebla.com\/index.php?rest_route=\/wp\/v2\/types\/post"}],"author":[{"embeddable":true,"href":"https:\/\/www.aliadospuebla.com\/index.php?rest_route=\/wp\/v2\/users\/2"}],"replies":[{"embeddable":true,"href":"https:\/\/www.aliadospuebla.com\/index.php?rest_route=%2Fwp%2Fv2%2Fcomments&post=99107"}],"version-history":[{"count":1,"href":"https:\/\/www.aliadospuebla.com\/index.php?rest_route=\/wp\/v2\/posts\/99107\/revisions"}],"predecessor-version":[{"id":99109,"href":"https:\/\/www.aliadospuebla.com\/index.php?rest_route=\/wp\/v2\/posts\/99107\/revisions\/99109"}],"wp:featuredmedia":[{"embeddable":true,"href":"https:\/\/www.aliadospuebla.com\/index.php?rest_route=\/wp\/v2\/media\/99108"}],"wp:attachment":[{"href":"https:\/\/www.aliadospuebla.com\/index.php?rest_route=%2Fwp%2Fv2%2Fmedia&parent=99107"}],"wp:term":[{"taxonomy":"category","embeddable":true,"href":"https:\/\/www.aliadospuebla.com\/index.php?rest_route=%2Fwp%2Fv2%2Fcategories&post=99107"},{"taxonomy":"post_tag","embeddable":true,"href":"https:\/\/www.aliadospuebla.com\/index.php?rest_route=%2Fwp%2Fv2%2Ftags&post=99107"}],"curies":[{"name":"wp","href":"https:\/\/api.w.org\/{rel}","templated":true}]}}