{"id":98969,"date":"2024-12-03T17:32:07","date_gmt":"2024-12-03T23:32:07","guid":{"rendered":"https:\/\/www.aliados17.com\/?p=98969"},"modified":"2024-12-03T17:32:07","modified_gmt":"2024-12-03T23:32:07","slug":"acerca-pepe-chedraui-obras-educativas-a-la-ninez-poblana","status":"publish","type":"post","link":"https:\/\/www.aliadospuebla.com\/?p=98969","title":{"rendered":"Acerca Pepe Chedraui obras educativas a la ni\u00f1ez poblana"},"content":{"rendered":"<h4>&#8211; Esta obra contempla la construcci\u00f3n de un techado escolar de 30 metros de longitud y 20 metros de ancho<\/h4>\n<p>&#8211; Ser\u00e1n beneficiados m\u00e1s de 352 ni\u00f1as y ni\u00f1os de educaci\u00f3n b\u00e1sica<\/p>\n<p>Con el objetivo de generar entornos seguros para el desarrollo pleno de la ni\u00f1ez poblana,<\/p>\n<p>el presidente municipal, Pepe Chedraui Budib, anunci\u00f3 el proyecto de construcci\u00f3n<\/p>\n<p>del Techado Escolar de la Primaria Eva S\u00e1mano de L\u00f3pez Mateos<\/p>\n<p>en la colonia Los Gavilanes de la Junta Auxiliar de San Francisco Totimehuac\u00e1n,<\/p>\n<p>el cual beneficiar\u00e1 a m\u00e1s de 352 estudiantes.<\/p>\n<p>En su mensaje, el alcalde mencion\u00f3 que durante su gobierno se impulsar\u00e1n obras integrales<\/p>\n<p>que beneficien a los diferentes planteles educativos de la capital, \u00abya que invertir en la educaci\u00f3n,<\/p>\n<p>es invertir en el futuro de Puebla\u00bb.<\/p>\n<h4>\u201cLa educaci\u00f3n de nuestros hijos debe ser integral, tenemos que hacer equipo padres de familia, maestros y gobierno. Por mi parte, continuar\u00e9 trabajando coordinadamente con el Gobierno del Estado y la Federaci\u00f3n en la b\u00fasqueda de m\u00e1s y mejores beneficios para nuestra capital\u201d, puntualiz\u00f3.<\/h4>\n<p>En su intervenci\u00f3n, el diputado Local por el Distrito 20, Jos\u00e9 Luis Figueroa Cortes, se\u00f1al\u00f3 que la ciudad de Puebla cuenta con un alcalde sensible, que trabaja de la mano con la poblaci\u00f3n, a trav\u00e9s de la generaci\u00f3n de alianzas estrat\u00e9gicas con el estado y la federaci\u00f3n.<\/p>\n<p>\u201cLa construcci\u00f3n de este techado escolar es resultado de las labores de gesti\u00f3n que el alcalde ha realizado con el Gobierno del Estado. Ahora, tenemos un presidente que se preocupa y ocupa por la ni\u00f1ez de la capital\u201d, asever\u00f3.<\/p>\n<p>En su momento, el secretario de Movilidad e Infraestructura, David Aysa, inform\u00f3 que para el edil capitalino brindar condiciones de desarrollo a la ni\u00f1ez poblana es una prioridad. Por ello, esta obra educativa contempla la construcci\u00f3n de un techado escolar de 20 metros de ancho y 30 metros de longitud, lo que permitir\u00e1 generar un \u00e1rea de sombra de 600 metros cuadrados.<\/p>\n<p>\u201cEn cumplimiento al compromiso de nuestro presidente, estamos trabajando en la dignificaci\u00f3n de vialidades, impulsando obras hidr\u00e1ulicas y de infraestructura vial a lo largo y ancho de la capital, con el firme objetivo de acercar a las y los poblanos acciones que mejoren su calidad de vida\u201d, puntualiz\u00f3.<\/p>\n<p>Finalmente, la directora general de la Primaria Eva S\u00e1mano de L\u00f3pez Mateos, Ana Line Cort\u00e9s D\u00edaz de Le\u00f3n destac\u00f3 que esta obra contribuye directamente a la formaci\u00f3n de las ni\u00f1as y ni\u00f1os de este plantel educativo.<\/p>\n<p>\u201cCon este proyecto promovemos la activaci\u00f3n f\u00edsica de nuestros alumnos e impulsaremos el deporte al aire libre, acci\u00f3n que sin duda es complementaria a la actividad acad\u00e9mica que realizamos diariamente\u201d, subray\u00f3.<\/p>\n<p>Para el Gobierno de la Ciudad encabezado por el alcalde, Pepe Chedraui Budib, es fundamental trabajar por la ni\u00f1ez poblana, a trav\u00e9s de acciones concretas que permitan generar entornos saludables para su pleno desarrollo.<\/p>\n","protected":false},"excerpt":{"rendered":"<p>&#8211; Esta obra contempla la construcci\u00f3n de un techado escolar de 30 metros de longitud y 20 metros de ancho &#8211; Ser\u00e1n beneficiados m\u00e1s de 352 ni\u00f1as y ni\u00f1os de educaci\u00f3n b\u00e1sica Con el objetivo de generar entornos seguros para el desarrollo pleno de la ni\u00f1ez poblana, el presidente municipal, Pepe Chedraui Budib, anunci\u00f3 el proyecto de construcci\u00f3n del Techado Escolar de la Primaria Eva S\u00e1mano de L\u00f3pez Mateos en la colonia Los Gavilanes de la Junta Auxiliar de San Francisco Totimehuac\u00e1n, el cual beneficiar\u00e1 a m\u00e1s de 352 estudiantes. En su mensaje, el alcalde mencion\u00f3 que durante su gobierno se impulsar\u00e1n obras integrales que beneficien a los diferentes planteles educativos de la capital, \u00abya que invertir en la educaci\u00f3n, es invertir en el futuro&hellip;<\/p>\n<p class=\"excerpt-more\"><a class=\"blog-excerpt button\" href=\"https:\/\/www.aliadospuebla.com\/?p=98969\">Leer m\u00e1s&#8230;<\/a><\/p>\n","protected":false},"author":2,"featured_media":98970,"comment_status":"open","ping_status":"open","sticky":false,"template":"","format":"standard","meta":{"_monsterinsights_skip_tracking":false,"footnotes":""},"categories":[62],"tags":[2560,64,25103,4065,13723,24702,25897],"class_list":["post-98969","post","type-post","status-publish","format-standard","has-post-thumbnail","hentry","category-capital","tag-david-aysa","tag-educacion","tag-jose-luis-figueroa-cortes","tag-ninez-poblana","tag-obras-educativas","tag-pepe-chedraui-budib","tag-primaria-eva-samano-de-lopez-mateos"],"yoast_head":"<!-- This site is optimized with the Yoast SEO plugin v28.4 - https:\/\/yoast.com\/product\/yoast-seo-wordpress\/ -->\n<title>Acerca Pepe Chedraui obras educativas a la ni\u00f1ez poblana - AliadosPuebla<\/title>\n<meta name=\"robots\" content=\"index, follow, max-snippet:-1, max-image-preview:large, max-video-preview:-1\" \/>\n<link rel=\"canonical\" href=\"https:\/\/www.aliadospuebla.com\/?p=98969\" \/>\n<meta property=\"og:locale\" content=\"es_ES\" \/>\n<meta property=\"og:type\" content=\"article\" \/>\n<meta property=\"og:title\" content=\"Acerca Pepe Chedraui obras educativas a la ni\u00f1ez poblana - AliadosPuebla\" \/>\n<meta property=\"og:description\" content=\"&#8211; Esta obra contempla la construcci\u00f3n de un techado escolar de 30 metros de longitud y 20 metros de ancho &#8211; Ser\u00e1n beneficiados m\u00e1s de 352 ni\u00f1as y ni\u00f1os de educaci\u00f3n b\u00e1sica Con el objetivo de generar entornos seguros para el desarrollo pleno de la ni\u00f1ez poblana, el presidente municipal, Pepe Chedraui Budib, anunci\u00f3 el proyecto de construcci\u00f3n del Techado Escolar de la Primaria Eva S\u00e1mano de L\u00f3pez Mateos en la colonia Los Gavilanes de la Junta Auxiliar de San Francisco Totimehuac\u00e1n, el cual beneficiar\u00e1 a m\u00e1s de 352 estudiantes. En su mensaje, el alcalde mencion\u00f3 que durante su gobierno se impulsar\u00e1n obras integrales que beneficien a los diferentes planteles educativos de la capital, \u00abya que invertir en la educaci\u00f3n, es invertir en el futuro&hellip;Leer m\u00e1s...\" \/>\n<meta property=\"og:url\" content=\"https:\/\/www.aliadospuebla.com\/?p=98969\" \/>\n<meta property=\"og:site_name\" content=\"AliadosPuebla\" \/>\n<meta property=\"article:author\" content=\"https:\/\/www.facebook.com\/Aliados17Pue\" \/>\n<meta property=\"article:published_time\" content=\"2024-12-03T23:32:07+00:00\" \/>\n<meta property=\"og:image\" content=\"https:\/\/www.aliadospuebla.com\/web2017\/wp-content\/uploads\/2024\/12\/1661.jpg\" \/>\n\t<meta property=\"og:image:width\" content=\"600\" \/>\n\t<meta property=\"og:image:height\" content=\"450\" \/>\n\t<meta property=\"og:image:type\" content=\"image\/jpeg\" \/>\n<meta name=\"author\" content=\"Aliados17\" \/>\n<meta name=\"twitter:card\" content=\"summary_large_image\" \/>\n<meta name=\"twitter:creator\" content=\"@AliadosPuebla\" \/>\n<meta name=\"twitter:label1\" content=\"Escrito por\" \/>\n\t<meta name=\"twitter:data1\" content=\"Aliados17\" \/>\n\t<meta name=\"twitter:label2\" content=\"Tiempo de lectura\" \/>\n\t<meta name=\"twitter:data2\" content=\"3 minutos\" \/>\n<script type=\"application\/ld+json\" class=\"yoast-schema-graph\">{\"@context\":\"https:\\\/\\\/schema.org\",\"@graph\":[{\"@type\":\"Article\",\"@id\":\"https:\\\/\\\/www.aliadospuebla.com\\\/?p=98969#article\",\"isPartOf\":{\"@id\":\"https:\\\/\\\/www.aliadospuebla.com\\\/?p=98969\"},\"author\":{\"name\":\"Aliados17\",\"@id\":\"https:\\\/\\\/www.aliadospuebla.com\\\/#\\\/schema\\\/person\\\/5da7dd09320bd4f392b710017ed5f8ad\"},\"headline\":\"Acerca Pepe Chedraui obras educativas a la ni\u00f1ez poblana\",\"datePublished\":\"2024-12-03T23:32:07+00:00\",\"mainEntityOfPage\":{\"@id\":\"https:\\\/\\\/www.aliadospuebla.com\\\/?p=98969\"},\"wordCount\":517,\"commentCount\":0,\"image\":{\"@id\":\"https:\\\/\\\/www.aliadospuebla.com\\\/?p=98969#primaryimage\"},\"thumbnailUrl\":\"https:\\\/\\\/www.aliadospuebla.com\\\/web2017\\\/wp-content\\\/uploads\\\/2024\\\/12\\\/1661.jpg\",\"keywords\":[\"DAVID AYSA\",\"Educaci\u00f3n\",\"Jos\u00e9 Luis Figueroa Cort\u00e9s\",\"NI\u00d1EZ POBLANA\",\"obras educativas\",\"Pepe Chedraui Budib\",\"Primaria Eva S\u00e1mano de L\u00f3pez Mateos\"],\"articleSection\":[\"Capital\"],\"inLanguage\":\"es\",\"potentialAction\":[{\"@type\":\"CommentAction\",\"name\":\"Comment\",\"target\":[\"https:\\\/\\\/www.aliadospuebla.com\\\/?p=98969#respond\"]}]},{\"@type\":\"WebPage\",\"@id\":\"https:\\\/\\\/www.aliadospuebla.com\\\/?p=98969\",\"url\":\"https:\\\/\\\/www.aliadospuebla.com\\\/?p=98969\",\"name\":\"Acerca Pepe Chedraui obras educativas a la ni\u00f1ez poblana - AliadosPuebla\",\"isPartOf\":{\"@id\":\"https:\\\/\\\/www.aliadospuebla.com\\\/#website\"},\"primaryImageOfPage\":{\"@id\":\"https:\\\/\\\/www.aliadospuebla.com\\\/?p=98969#primaryimage\"},\"image\":{\"@id\":\"https:\\\/\\\/www.aliadospuebla.com\\\/?p=98969#primaryimage\"},\"thumbnailUrl\":\"https:\\\/\\\/www.aliadospuebla.com\\\/web2017\\\/wp-content\\\/uploads\\\/2024\\\/12\\\/1661.jpg\",\"datePublished\":\"2024-12-03T23:32:07+00:00\",\"author\":{\"@id\":\"https:\\\/\\\/www.aliadospuebla.com\\\/#\\\/schema\\\/person\\\/5da7dd09320bd4f392b710017ed5f8ad\"},\"breadcrumb\":{\"@id\":\"https:\\\/\\\/www.aliadospuebla.com\\\/?p=98969#breadcrumb\"},\"inLanguage\":\"es\",\"potentialAction\":[{\"@type\":\"ReadAction\",\"target\":[\"https:\\\/\\\/www.aliadospuebla.com\\\/?p=98969\"]}]},{\"@type\":\"ImageObject\",\"inLanguage\":\"es\",\"@id\":\"https:\\\/\\\/www.aliadospuebla.com\\\/?p=98969#primaryimage\",\"url\":\"https:\\\/\\\/www.aliadospuebla.com\\\/web2017\\\/wp-content\\\/uploads\\\/2024\\\/12\\\/1661.jpg\",\"contentUrl\":\"https:\\\/\\\/www.aliadospuebla.com\\\/web2017\\\/wp-content\\\/uploads\\\/2024\\\/12\\\/1661.jpg\",\"width\":600,\"height\":450},{\"@type\":\"BreadcrumbList\",\"@id\":\"https:\\\/\\\/www.aliadospuebla.com\\\/?p=98969#breadcrumb\",\"itemListElement\":[{\"@type\":\"ListItem\",\"position\":1,\"name\":\"Portada\",\"item\":\"https:\\\/\\\/www.aliadospuebla.com\\\/\"},{\"@type\":\"ListItem\",\"position\":2,\"name\":\"Acerca Pepe Chedraui obras educativas a la ni\u00f1ez poblana\"}]},{\"@type\":\"WebSite\",\"@id\":\"https:\\\/\\\/www.aliadospuebla.com\\\/#website\",\"url\":\"https:\\\/\\\/www.aliadospuebla.com\\\/\",\"name\":\"AliadosPuebla\",\"description\":\"La informaci\u00f3n en tus manos\",\"potentialAction\":[{\"@type\":\"SearchAction\",\"target\":{\"@type\":\"EntryPoint\",\"urlTemplate\":\"https:\\\/\\\/www.aliadospuebla.com\\\/?s={search_term_string}\"},\"query-input\":{\"@type\":\"PropertyValueSpecification\",\"valueRequired\":true,\"valueName\":\"search_term_string\"}}],\"inLanguage\":\"es\"},{\"@type\":\"Person\",\"@id\":\"https:\\\/\\\/www.aliadospuebla.com\\\/#\\\/schema\\\/person\\\/5da7dd09320bd4f392b710017ed5f8ad\",\"name\":\"Aliados17\",\"image\":{\"@type\":\"ImageObject\",\"inLanguage\":\"es\",\"@id\":\"https:\\\/\\\/www.aliadospuebla.com\\\/web2017\\\/wp-content\\\/uploads\\\/2025\\\/03\\\/cropped-para-perfil-8-anos-1-96x96.jpg\",\"url\":\"https:\\\/\\\/www.aliadospuebla.com\\\/web2017\\\/wp-content\\\/uploads\\\/2025\\\/03\\\/cropped-para-perfil-8-anos-1-96x96.jpg\",\"contentUrl\":\"https:\\\/\\\/www.aliadospuebla.com\\\/web2017\\\/wp-content\\\/uploads\\\/2025\\\/03\\\/cropped-para-perfil-8-anos-1-96x96.jpg\",\"caption\":\"Aliados17\"},\"sameAs\":[\"https:\\\/\\\/www.aliados17.com\",\"https:\\\/\\\/www.facebook.com\\\/Aliados17Pue\",\"https:\\\/\\\/x.com\\\/AliadosPuebla\"],\"url\":\"https:\\\/\\\/www.aliadospuebla.com\\\/?author=2\"}]}<\/script>\n<!-- \/ Yoast SEO plugin. -->","yoast_head_json":{"title":"Acerca Pepe Chedraui obras educativas a la ni\u00f1ez poblana - AliadosPuebla","robots":{"index":"index","follow":"follow","max-snippet":"max-snippet:-1","max-image-preview":"max-image-preview:large","max-video-preview":"max-video-preview:-1"},"canonical":"https:\/\/www.aliadospuebla.com\/?p=98969","og_locale":"es_ES","og_type":"article","og_title":"Acerca Pepe Chedraui obras educativas a la ni\u00f1ez poblana - AliadosPuebla","og_description":"&#8211; Esta obra contempla la construcci\u00f3n de un techado escolar de 30 metros de longitud y 20 metros de ancho &#8211; Ser\u00e1n beneficiados m\u00e1s de 352 ni\u00f1as y ni\u00f1os de educaci\u00f3n b\u00e1sica Con el objetivo de generar entornos seguros para el desarrollo pleno de la ni\u00f1ez poblana, el presidente municipal, Pepe Chedraui Budib, anunci\u00f3 el proyecto de construcci\u00f3n del Techado Escolar de la Primaria Eva S\u00e1mano de L\u00f3pez Mateos en la colonia Los Gavilanes de la Junta Auxiliar de San Francisco Totimehuac\u00e1n, el cual beneficiar\u00e1 a m\u00e1s de 352 estudiantes. En su mensaje, el alcalde mencion\u00f3 que durante su gobierno se impulsar\u00e1n obras integrales que beneficien a los diferentes planteles educativos de la capital, \u00abya que invertir en la educaci\u00f3n, es invertir en el futuro&hellip;Leer m\u00e1s...","og_url":"https:\/\/www.aliadospuebla.com\/?p=98969","og_site_name":"AliadosPuebla","article_author":"https:\/\/www.facebook.com\/Aliados17Pue","article_published_time":"2024-12-03T23:32:07+00:00","og_image":[{"width":600,"height":450,"url":"https:\/\/www.aliadospuebla.com\/web2017\/wp-content\/uploads\/2024\/12\/1661.jpg","type":"image\/jpeg"}],"author":"Aliados17","twitter_card":"summary_large_image","twitter_creator":"@AliadosPuebla","twitter_misc":{"Escrito por":"Aliados17","Tiempo de lectura":"3 minutos"},"schema":{"@context":"https:\/\/schema.org","@graph":[{"@type":"Article","@id":"https:\/\/www.aliadospuebla.com\/?p=98969#article","isPartOf":{"@id":"https:\/\/www.aliadospuebla.com\/?p=98969"},"author":{"name":"Aliados17","@id":"https:\/\/www.aliadospuebla.com\/#\/schema\/person\/5da7dd09320bd4f392b710017ed5f8ad"},"headline":"Acerca Pepe Chedraui obras educativas a la ni\u00f1ez poblana","datePublished":"2024-12-03T23:32:07+00:00","mainEntityOfPage":{"@id":"https:\/\/www.aliadospuebla.com\/?p=98969"},"wordCount":517,"commentCount":0,"image":{"@id":"https:\/\/www.aliadospuebla.com\/?p=98969#primaryimage"},"thumbnailUrl":"https:\/\/www.aliadospuebla.com\/web2017\/wp-content\/uploads\/2024\/12\/1661.jpg","keywords":["DAVID AYSA","Educaci\u00f3n","Jos\u00e9 Luis Figueroa Cort\u00e9s","NI\u00d1EZ POBLANA","obras educativas","Pepe Chedraui Budib","Primaria Eva S\u00e1mano de L\u00f3pez Mateos"],"articleSection":["Capital"],"inLanguage":"es","potentialAction":[{"@type":"CommentAction","name":"Comment","target":["https:\/\/www.aliadospuebla.com\/?p=98969#respond"]}]},{"@type":"WebPage","@id":"https:\/\/www.aliadospuebla.com\/?p=98969","url":"https:\/\/www.aliadospuebla.com\/?p=98969","name":"Acerca Pepe Chedraui obras educativas a la ni\u00f1ez poblana - AliadosPuebla","isPartOf":{"@id":"https:\/\/www.aliadospuebla.com\/#website"},"primaryImageOfPage":{"@id":"https:\/\/www.aliadospuebla.com\/?p=98969#primaryimage"},"image":{"@id":"https:\/\/www.aliadospuebla.com\/?p=98969#primaryimage"},"thumbnailUrl":"https:\/\/www.aliadospuebla.com\/web2017\/wp-content\/uploads\/2024\/12\/1661.jpg","datePublished":"2024-12-03T23:32:07+00:00","author":{"@id":"https:\/\/www.aliadospuebla.com\/#\/schema\/person\/5da7dd09320bd4f392b710017ed5f8ad"},"breadcrumb":{"@id":"https:\/\/www.aliadospuebla.com\/?p=98969#breadcrumb"},"inLanguage":"es","potentialAction":[{"@type":"ReadAction","target":["https:\/\/www.aliadospuebla.com\/?p=98969"]}]},{"@type":"ImageObject","inLanguage":"es","@id":"https:\/\/www.aliadospuebla.com\/?p=98969#primaryimage","url":"https:\/\/www.aliadospuebla.com\/web2017\/wp-content\/uploads\/2024\/12\/1661.jpg","contentUrl":"https:\/\/www.aliadospuebla.com\/web2017\/wp-content\/uploads\/2024\/12\/1661.jpg","width":600,"height":450},{"@type":"BreadcrumbList","@id":"https:\/\/www.aliadospuebla.com\/?p=98969#breadcrumb","itemListElement":[{"@type":"ListItem","position":1,"name":"Portada","item":"https:\/\/www.aliadospuebla.com\/"},{"@type":"ListItem","position":2,"name":"Acerca Pepe Chedraui obras educativas a la ni\u00f1ez poblana"}]},{"@type":"WebSite","@id":"https:\/\/www.aliadospuebla.com\/#website","url":"https:\/\/www.aliadospuebla.com\/","name":"AliadosPuebla","description":"La informaci\u00f3n en tus manos","potentialAction":[{"@type":"SearchAction","target":{"@type":"EntryPoint","urlTemplate":"https:\/\/www.aliadospuebla.com\/?s={search_term_string}"},"query-input":{"@type":"PropertyValueSpecification","valueRequired":true,"valueName":"search_term_string"}}],"inLanguage":"es"},{"@type":"Person","@id":"https:\/\/www.aliadospuebla.com\/#\/schema\/person\/5da7dd09320bd4f392b710017ed5f8ad","name":"Aliados17","image":{"@type":"ImageObject","inLanguage":"es","@id":"https:\/\/www.aliadospuebla.com\/web2017\/wp-content\/uploads\/2025\/03\/cropped-para-perfil-8-anos-1-96x96.jpg","url":"https:\/\/www.aliadospuebla.com\/web2017\/wp-content\/uploads\/2025\/03\/cropped-para-perfil-8-anos-1-96x96.jpg","contentUrl":"https:\/\/www.aliadospuebla.com\/web2017\/wp-content\/uploads\/2025\/03\/cropped-para-perfil-8-anos-1-96x96.jpg","caption":"Aliados17"},"sameAs":["https:\/\/www.aliados17.com","https:\/\/www.facebook.com\/Aliados17Pue","https:\/\/x.com\/AliadosPuebla"],"url":"https:\/\/www.aliadospuebla.com\/?author=2"}]}},"views":6,"_links":{"self":[{"href":"https:\/\/www.aliadospuebla.com\/index.php?rest_route=\/wp\/v2\/posts\/98969","targetHints":{"allow":["GET"]}}],"collection":[{"href":"https:\/\/www.aliadospuebla.com\/index.php?rest_route=\/wp\/v2\/posts"}],"about":[{"href":"https:\/\/www.aliadospuebla.com\/index.php?rest_route=\/wp\/v2\/types\/post"}],"author":[{"embeddable":true,"href":"https:\/\/www.aliadospuebla.com\/index.php?rest_route=\/wp\/v2\/users\/2"}],"replies":[{"embeddable":true,"href":"https:\/\/www.aliadospuebla.com\/index.php?rest_route=%2Fwp%2Fv2%2Fcomments&post=98969"}],"version-history":[{"count":1,"href":"https:\/\/www.aliadospuebla.com\/index.php?rest_route=\/wp\/v2\/posts\/98969\/revisions"}],"predecessor-version":[{"id":98971,"href":"https:\/\/www.aliadospuebla.com\/index.php?rest_route=\/wp\/v2\/posts\/98969\/revisions\/98971"}],"wp:featuredmedia":[{"embeddable":true,"href":"https:\/\/www.aliadospuebla.com\/index.php?rest_route=\/wp\/v2\/media\/98970"}],"wp:attachment":[{"href":"https:\/\/www.aliadospuebla.com\/index.php?rest_route=%2Fwp%2Fv2%2Fmedia&parent=98969"}],"wp:term":[{"taxonomy":"category","embeddable":true,"href":"https:\/\/www.aliadospuebla.com\/index.php?rest_route=%2Fwp%2Fv2%2Fcategories&post=98969"},{"taxonomy":"post_tag","embeddable":true,"href":"https:\/\/www.aliadospuebla.com\/index.php?rest_route=%2Fwp%2Fv2%2Ftags&post=98969"}],"curies":[{"name":"wp","href":"https:\/\/api.w.org\/{rel}","templated":true}]}}