{"id":98925,"date":"2024-12-02T20:15:23","date_gmt":"2024-12-03T02:15:23","guid":{"rendered":"https:\/\/www.aliados17.com\/?p=98925"},"modified":"2024-12-02T20:15:23","modified_gmt":"2024-12-03T02:15:23","slug":"escuela-de-ciencias-de-la-udlap-celebra-35-anos-de-formar-profesionistas-de-excelencia","status":"publish","type":"post","link":"https:\/\/www.aliadospuebla.com\/?p=98925","title":{"rendered":"Escuela de Ciencias de la UDLAP celebra 35 a\u00f1os de formar profesionistas de excelencia"},"content":{"rendered":"<div><b>Cholula, Puebla, a 1 de diciembre de 2024.-<\/b>\u00a0La Escuela de Ciencias de la Universidad de las Am\u00e9ricas Puebla (UDLAP) celebr\u00f3 su 35<\/div>\n<div><\/div>\n<div>aniversario con un simposio conmemorativo que reuni\u00f3 a destacados acad\u00e9micos, investigadores y estudiantes, quienes hablaron del legado<\/div>\n<div><\/div>\n<div>y el impacto que ha tenido esta escuela en M\u00e9xico y el mundo, la importancia del estudio de temas como la salud p\u00fablica actual y la<\/div>\n<div><\/div>\n<div>micolog\u00eda; as\u00ed como el panorama actual de los matem\u00e1ticos en M\u00e9xico.<\/div>\n<div><\/div>\n<div>La Dra. Lucila Isabel Castro Pastrana, decana de la Escuela de Ciencias de la Universidad de las Am\u00e9ricas Puebla, destac\u00f3 el orgullo y la<\/div>\n<div><\/div>\n<div>trascendencia de esta celebraci\u00f3n e inici\u00f3 este encuentro reconociendo la labor de todas las personas que han hecho posible este trabajo a lo<\/div>\n<div><\/div>\n<div>largo de 35 a\u00f1os, ya que en este evento se reunieron acad\u00e9micos, estudiantes, y profesores jubilados. Asimismo, enfatiz\u00f3 el impacto global<\/div>\n<div><\/div>\n<div>que han tenido los egresados de la UDLAP: \u201chemos aportado al conocimiento, la ciencia, la creaci\u00f3n y la innovaci\u00f3n a nivel local, nacional e<\/div>\n<div><\/div>\n<div>internacional\u201d.<\/div>\n<div><\/div>\n<div>Por su parte, el Dr. Jos\u00e9 Daniel Lozada Ram\u00edrez, vicerrector acad\u00e9mico de la UDLAP, resalt\u00f3 el compromiso de la Escuela de Ciencias en la<\/div>\n<div><\/div>\n<div>formaci\u00f3n de profesionales de excelencia, \u201cdurante estos 35 a\u00f1os nos hemos esforzado por formar personas de alto nivel, pero lo m\u00e1s<\/div>\n<div><\/div>\n<div>importante es sin duda, la calidad humana de quienes se han formado en estas aulas. Sigamos siendo faros de conocimiento y un ejemplo en<\/div>\n<div><\/div>\n<div>todos los sentidos\u201d.<\/div>\n<div><\/div>\n<div>Para honrar el aporte y trabajo de cada uno de los tres departamentos que conforma a la Escuela de Ciencias de la UDLAP: Actuar\u00eda, F\u00edsica y<\/div>\n<div><\/div>\n<div>Matem\u00e1ticas, Ciencias Qu\u00edmico-Biol\u00f3gicas y el de Ciencias de la Salud, este simposio cont\u00f3 con la participaci\u00f3n de tres expertos en cada una<\/div>\n<div><\/div>\n<div>de estas \u00e1reas quienes brindaron ponencias de temas de gran relevancia en el mundo actual de la ciencia.<\/div>\n<div><\/div>\n<div>La conferencia inaugural, \u201cImplicaciones qu\u00edmicas en la micolog\u00eda aplicada\u201d, fue impartida por el Dr. \u00c1ngel Rafael Trigos Landa, quien<\/div>\n<div><\/div>\n<div>explor\u00f3 la relaci\u00f3n entre la qu\u00edmica y el estudio de los hongos para diversas aplicaciones. En este espacio el investigador record\u00f3 con<\/div>\n<div><\/div>\n<div>entusiasmo su papel en la fundaci\u00f3n del Departamento de Qu\u00edmica y Biolog\u00eda de la UDLAP en 1989, el cual dio paso a la Escuela de Ciencias,<\/div>\n<div><\/div>\n<div>y aprovech\u00f3 el espacio para alentar a las nuevas generaciones a continuar con la tradici\u00f3n de innovaci\u00f3n y excelencia cient\u00edfica.<\/div>\n<div><\/div>\n<div>La segunda conferencia \u201cPanorama actual y breve historia de las matem\u00e1ticas en M\u00e9xico\u201d, impartida por el Dr. Rafael Herrera Guzm\u00e1n,<\/div>\n<div><\/div>\n<div>director general del Centro de Investigaci\u00f3n en Matem\u00e1ticas (CIMAT), ofreci\u00f3 una perspectiva sobre la evoluci\u00f3n de las matem\u00e1ticas en el<\/div>\n<div><\/div>\n<div>pa\u00eds. El invitado, destac\u00f3 el papel clave de los egresados mexicanos en la soluci\u00f3n de problemas con valor agregado cient\u00edfico y tecnol\u00f3gico,<\/div>\n<div><\/div>\n<div>subrayando que \u201cel futuro de la disciplina est\u00e1 en manos de j\u00f3venes preparados y con confianza en sus capacidades\u201d.<\/div>\n<div><\/div>\n<div>Por su parte, el Dr. Jos\u00e9 Antonio Mart\u00ednez Garc\u00eda, exsecretario de Salud del Estado de Puebla, present\u00f3 la ponencia \u201cPerspectivas actuales de<\/div>\n<div><\/div>\n<div>la salud en M\u00e9xico\u201d, donde abord\u00f3 los retos m\u00e1s importantes del sistema de salud y resalt\u00f3 que el incremento de enfermedades cr\u00f3nicas est\u00e1<\/div>\n<div><\/div>\n<div>relacionado con la falta de un enfoque preventivo en el primer nivel de atenci\u00f3n m\u00e9dica. \u201cLa prevenci\u00f3n es clave para evitar la saturaci\u00f3n<\/div>\n<div><\/div>\n<div>hospitalaria y mejorar la calidad de vida\u201d, puntualiz\u00f3.<\/div>\n","protected":false},"excerpt":{"rendered":"<p>Cholula, Puebla, a 1 de diciembre de 2024.-\u00a0La Escuela de Ciencias de la Universidad de las Am\u00e9ricas Puebla (UDLAP) celebr\u00f3 su 35 aniversario con un simposio conmemorativo que reuni\u00f3 a destacados acad\u00e9micos, investigadores y estudiantes, quienes hablaron del legado y el impacto que ha tenido esta escuela en M\u00e9xico y el mundo, la importancia del estudio de temas como la salud p\u00fablica actual y la micolog\u00eda; as\u00ed como el panorama actual de los matem\u00e1ticos en M\u00e9xico. La Dra. Lucila Isabel Castro Pastrana, decana de la Escuela de Ciencias de la Universidad de las Am\u00e9ricas Puebla, destac\u00f3 el orgullo y la trascendencia de esta celebraci\u00f3n e inici\u00f3 este encuentro reconociendo la labor de todas las personas que han hecho posible este trabajo a lo largo de&hellip;<\/p>\n<p class=\"excerpt-more\"><a class=\"blog-excerpt button\" href=\"https:\/\/www.aliadospuebla.com\/?p=98925\">Leer m\u00e1s&#8230;<\/a><\/p>\n","protected":false},"author":2,"featured_media":98943,"comment_status":"open","ping_status":"open","sticky":false,"template":"","format":"standard","meta":{"_monsterinsights_skip_tracking":false,"footnotes":""},"categories":[5],"tags":[653,23118,11026,10636,5244,8056,765,4386,251,2403,13188,45,3880,13158,17715,13795,13718,19795,14620,13467,13635,19794,63,19283,14621,13749,27,13508],"class_list":["post-98925","post","type-post","status-publish","format-standard","has-post-thumbnail","hentry","category-universidades","tag-buap","tag-campana-politica","tag-ciudad-de-puebla","tag-estado-de-puebla","tag-gobernador-de-puebla","tag-gobierno-de-puebla","tag-imss","tag-imss-puebla","tag-pan","tag-partidos-politicos","tag-politica-puebla","tag-pri","tag-psi","tag-puebla-ciudad","tag-puebla-estado","tag-puebla-gobierno","tag-puebla-politica","tag-puebla-senadores","tag-puebla-udlap","tag-puebla-universidad","tag-puebla-universidades","tag-senadores-puebla","tag-udlap","tag-udlap-cholula","tag-udlap-puebla","tag-universidad-de-puebla","tag-upaep","tag-upaep-puebla"],"yoast_head":"<!-- This site is optimized with the Yoast SEO plugin v28.4 - https:\/\/yoast.com\/product\/yoast-seo-wordpress\/ -->\n<title>Escuela de Ciencias de la UDLAP celebra 35 a\u00f1os de formar profesionistas de excelencia - AliadosPuebla<\/title>\n<meta name=\"robots\" content=\"index, follow, max-snippet:-1, max-image-preview:large, max-video-preview:-1\" \/>\n<link rel=\"canonical\" href=\"https:\/\/www.aliadospuebla.com\/?p=98925\" \/>\n<meta property=\"og:locale\" content=\"es_ES\" \/>\n<meta property=\"og:type\" content=\"article\" \/>\n<meta property=\"og:title\" content=\"Escuela de Ciencias de la UDLAP celebra 35 a\u00f1os de formar profesionistas de excelencia - AliadosPuebla\" \/>\n<meta property=\"og:description\" content=\"Cholula, Puebla, a 1 de diciembre de 2024.-\u00a0La Escuela de Ciencias de la Universidad de las Am\u00e9ricas Puebla (UDLAP) celebr\u00f3 su 35 aniversario con un simposio conmemorativo que reuni\u00f3 a destacados acad\u00e9micos, investigadores y estudiantes, quienes hablaron del legado y el impacto que ha tenido esta escuela en M\u00e9xico y el mundo, la importancia del estudio de temas como la salud p\u00fablica actual y la micolog\u00eda; as\u00ed como el panorama actual de los matem\u00e1ticos en M\u00e9xico. La Dra. Lucila Isabel Castro Pastrana, decana de la Escuela de Ciencias de la Universidad de las Am\u00e9ricas Puebla, destac\u00f3 el orgullo y la trascendencia de esta celebraci\u00f3n e inici\u00f3 este encuentro reconociendo la labor de todas las personas que han hecho posible este trabajo a lo largo de&hellip;Leer m\u00e1s...\" \/>\n<meta property=\"og:url\" content=\"https:\/\/www.aliadospuebla.com\/?p=98925\" \/>\n<meta property=\"og:site_name\" content=\"AliadosPuebla\" \/>\n<meta property=\"article:author\" content=\"https:\/\/www.facebook.com\/Aliados17Pue\" \/>\n<meta property=\"article:published_time\" content=\"2024-12-03T02:15:23+00:00\" \/>\n<meta property=\"og:image\" content=\"https:\/\/www.aliadospuebla.com\/web2017\/wp-content\/uploads\/2024\/12\/descarga-21.jpeg\" \/>\n\t<meta property=\"og:image:width\" content=\"1589\" \/>\n\t<meta property=\"og:image:height\" content=\"927\" \/>\n\t<meta property=\"og:image:type\" content=\"image\/jpeg\" \/>\n<meta name=\"author\" content=\"Aliados17\" \/>\n<meta name=\"twitter:card\" content=\"summary_large_image\" \/>\n<meta name=\"twitter:creator\" content=\"@AliadosPuebla\" \/>\n<meta name=\"twitter:label1\" content=\"Escrito por\" \/>\n\t<meta name=\"twitter:data1\" content=\"Aliados17\" \/>\n\t<meta name=\"twitter:label2\" content=\"Tiempo de lectura\" \/>\n\t<meta name=\"twitter:data2\" content=\"3 minutos\" \/>\n<script type=\"application\/ld+json\" class=\"yoast-schema-graph\">{\"@context\":\"https:\\\/\\\/schema.org\",\"@graph\":[{\"@type\":\"Article\",\"@id\":\"https:\\\/\\\/www.aliadospuebla.com\\\/?p=98925#article\",\"isPartOf\":{\"@id\":\"https:\\\/\\\/www.aliadospuebla.com\\\/?p=98925\"},\"author\":{\"name\":\"Aliados17\",\"@id\":\"https:\\\/\\\/www.aliadospuebla.com\\\/#\\\/schema\\\/person\\\/5da7dd09320bd4f392b710017ed5f8ad\"},\"headline\":\"Escuela de Ciencias de la UDLAP celebra 35 a\u00f1os de formar profesionistas de excelencia\",\"datePublished\":\"2024-12-03T02:15:23+00:00\",\"mainEntityOfPage\":{\"@id\":\"https:\\\/\\\/www.aliadospuebla.com\\\/?p=98925\"},\"wordCount\":616,\"commentCount\":0,\"image\":{\"@id\":\"https:\\\/\\\/www.aliadospuebla.com\\\/?p=98925#primaryimage\"},\"thumbnailUrl\":\"https:\\\/\\\/www.aliadospuebla.com\\\/web2017\\\/wp-content\\\/uploads\\\/2024\\\/12\\\/descarga-21.jpeg\",\"keywords\":[\"BUAP\",\"Campa\u00f1a politica\",\"CIUDAD DE PUEBLA\",\"ESTADO DE PUEBLA\",\"GOBERNADOR DE PUEBLA\",\"GOBIERNO DE PUEBLA\",\"IMSS\",\"IMSS PUEBLA\",\"PAN\",\"PARTIDOS POL\u00cdTICOS\",\"Politica Puebla\",\"PRI\",\"PSI\",\"Puebla Ciudad\",\"Puebla estado\",\"Puebla gobierno\",\"puebla politica\",\"Puebla Senadores\",\"Puebla UDLAP\",\"Puebla Universidad\",\"Puebla Universidades\",\"Senadores Puebla\",\"Udlap\",\"Udlap cholula\",\"UDLAP Puebla\",\"Universidad de Puebla\",\"UPAEP\",\"UPAEP Puebla\"],\"articleSection\":[\"Universidades\"],\"inLanguage\":\"es\",\"potentialAction\":[{\"@type\":\"CommentAction\",\"name\":\"Comment\",\"target\":[\"https:\\\/\\\/www.aliadospuebla.com\\\/?p=98925#respond\"]}]},{\"@type\":\"WebPage\",\"@id\":\"https:\\\/\\\/www.aliadospuebla.com\\\/?p=98925\",\"url\":\"https:\\\/\\\/www.aliadospuebla.com\\\/?p=98925\",\"name\":\"Escuela de Ciencias de la UDLAP celebra 35 a\u00f1os de formar profesionistas de excelencia - AliadosPuebla\",\"isPartOf\":{\"@id\":\"https:\\\/\\\/www.aliadospuebla.com\\\/#website\"},\"primaryImageOfPage\":{\"@id\":\"https:\\\/\\\/www.aliadospuebla.com\\\/?p=98925#primaryimage\"},\"image\":{\"@id\":\"https:\\\/\\\/www.aliadospuebla.com\\\/?p=98925#primaryimage\"},\"thumbnailUrl\":\"https:\\\/\\\/www.aliadospuebla.com\\\/web2017\\\/wp-content\\\/uploads\\\/2024\\\/12\\\/descarga-21.jpeg\",\"datePublished\":\"2024-12-03T02:15:23+00:00\",\"author\":{\"@id\":\"https:\\\/\\\/www.aliadospuebla.com\\\/#\\\/schema\\\/person\\\/5da7dd09320bd4f392b710017ed5f8ad\"},\"breadcrumb\":{\"@id\":\"https:\\\/\\\/www.aliadospuebla.com\\\/?p=98925#breadcrumb\"},\"inLanguage\":\"es\",\"potentialAction\":[{\"@type\":\"ReadAction\",\"target\":[\"https:\\\/\\\/www.aliadospuebla.com\\\/?p=98925\"]}]},{\"@type\":\"ImageObject\",\"inLanguage\":\"es\",\"@id\":\"https:\\\/\\\/www.aliadospuebla.com\\\/?p=98925#primaryimage\",\"url\":\"https:\\\/\\\/www.aliadospuebla.com\\\/web2017\\\/wp-content\\\/uploads\\\/2024\\\/12\\\/descarga-21.jpeg\",\"contentUrl\":\"https:\\\/\\\/www.aliadospuebla.com\\\/web2017\\\/wp-content\\\/uploads\\\/2024\\\/12\\\/descarga-21.jpeg\",\"width\":1589,\"height\":927},{\"@type\":\"BreadcrumbList\",\"@id\":\"https:\\\/\\\/www.aliadospuebla.com\\\/?p=98925#breadcrumb\",\"itemListElement\":[{\"@type\":\"ListItem\",\"position\":1,\"name\":\"Portada\",\"item\":\"https:\\\/\\\/www.aliadospuebla.com\\\/\"},{\"@type\":\"ListItem\",\"position\":2,\"name\":\"Escuela de Ciencias de la UDLAP celebra 35 a\u00f1os de formar profesionistas de excelencia\"}]},{\"@type\":\"WebSite\",\"@id\":\"https:\\\/\\\/www.aliadospuebla.com\\\/#website\",\"url\":\"https:\\\/\\\/www.aliadospuebla.com\\\/\",\"name\":\"AliadosPuebla\",\"description\":\"La informaci\u00f3n en tus manos\",\"potentialAction\":[{\"@type\":\"SearchAction\",\"target\":{\"@type\":\"EntryPoint\",\"urlTemplate\":\"https:\\\/\\\/www.aliadospuebla.com\\\/?s={search_term_string}\"},\"query-input\":{\"@type\":\"PropertyValueSpecification\",\"valueRequired\":true,\"valueName\":\"search_term_string\"}}],\"inLanguage\":\"es\"},{\"@type\":\"Person\",\"@id\":\"https:\\\/\\\/www.aliadospuebla.com\\\/#\\\/schema\\\/person\\\/5da7dd09320bd4f392b710017ed5f8ad\",\"name\":\"Aliados17\",\"image\":{\"@type\":\"ImageObject\",\"inLanguage\":\"es\",\"@id\":\"https:\\\/\\\/www.aliadospuebla.com\\\/web2017\\\/wp-content\\\/uploads\\\/2025\\\/03\\\/cropped-para-perfil-8-anos-1-96x96.jpg\",\"url\":\"https:\\\/\\\/www.aliadospuebla.com\\\/web2017\\\/wp-content\\\/uploads\\\/2025\\\/03\\\/cropped-para-perfil-8-anos-1-96x96.jpg\",\"contentUrl\":\"https:\\\/\\\/www.aliadospuebla.com\\\/web2017\\\/wp-content\\\/uploads\\\/2025\\\/03\\\/cropped-para-perfil-8-anos-1-96x96.jpg\",\"caption\":\"Aliados17\"},\"sameAs\":[\"https:\\\/\\\/www.aliados17.com\",\"https:\\\/\\\/www.facebook.com\\\/Aliados17Pue\",\"https:\\\/\\\/x.com\\\/AliadosPuebla\"],\"url\":\"https:\\\/\\\/www.aliadospuebla.com\\\/?author=2\"}]}<\/script>\n<!-- \/ Yoast SEO plugin. -->","yoast_head_json":{"title":"Escuela de Ciencias de la UDLAP celebra 35 a\u00f1os de formar profesionistas de excelencia - AliadosPuebla","robots":{"index":"index","follow":"follow","max-snippet":"max-snippet:-1","max-image-preview":"max-image-preview:large","max-video-preview":"max-video-preview:-1"},"canonical":"https:\/\/www.aliadospuebla.com\/?p=98925","og_locale":"es_ES","og_type":"article","og_title":"Escuela de Ciencias de la UDLAP celebra 35 a\u00f1os de formar profesionistas de excelencia - AliadosPuebla","og_description":"Cholula, Puebla, a 1 de diciembre de 2024.-\u00a0La Escuela de Ciencias de la Universidad de las Am\u00e9ricas Puebla (UDLAP) celebr\u00f3 su 35 aniversario con un simposio conmemorativo que reuni\u00f3 a destacados acad\u00e9micos, investigadores y estudiantes, quienes hablaron del legado y el impacto que ha tenido esta escuela en M\u00e9xico y el mundo, la importancia del estudio de temas como la salud p\u00fablica actual y la micolog\u00eda; as\u00ed como el panorama actual de los matem\u00e1ticos en M\u00e9xico. La Dra. Lucila Isabel Castro Pastrana, decana de la Escuela de Ciencias de la Universidad de las Am\u00e9ricas Puebla, destac\u00f3 el orgullo y la trascendencia de esta celebraci\u00f3n e inici\u00f3 este encuentro reconociendo la labor de todas las personas que han hecho posible este trabajo a lo largo de&hellip;Leer m\u00e1s...","og_url":"https:\/\/www.aliadospuebla.com\/?p=98925","og_site_name":"AliadosPuebla","article_author":"https:\/\/www.facebook.com\/Aliados17Pue","article_published_time":"2024-12-03T02:15:23+00:00","og_image":[{"width":1589,"height":927,"url":"https:\/\/www.aliadospuebla.com\/web2017\/wp-content\/uploads\/2024\/12\/descarga-21.jpeg","type":"image\/jpeg"}],"author":"Aliados17","twitter_card":"summary_large_image","twitter_creator":"@AliadosPuebla","twitter_misc":{"Escrito por":"Aliados17","Tiempo de lectura":"3 minutos"},"schema":{"@context":"https:\/\/schema.org","@graph":[{"@type":"Article","@id":"https:\/\/www.aliadospuebla.com\/?p=98925#article","isPartOf":{"@id":"https:\/\/www.aliadospuebla.com\/?p=98925"},"author":{"name":"Aliados17","@id":"https:\/\/www.aliadospuebla.com\/#\/schema\/person\/5da7dd09320bd4f392b710017ed5f8ad"},"headline":"Escuela de Ciencias de la UDLAP celebra 35 a\u00f1os de formar profesionistas de excelencia","datePublished":"2024-12-03T02:15:23+00:00","mainEntityOfPage":{"@id":"https:\/\/www.aliadospuebla.com\/?p=98925"},"wordCount":616,"commentCount":0,"image":{"@id":"https:\/\/www.aliadospuebla.com\/?p=98925#primaryimage"},"thumbnailUrl":"https:\/\/www.aliadospuebla.com\/web2017\/wp-content\/uploads\/2024\/12\/descarga-21.jpeg","keywords":["BUAP","Campa\u00f1a politica","CIUDAD DE PUEBLA","ESTADO DE PUEBLA","GOBERNADOR DE PUEBLA","GOBIERNO DE PUEBLA","IMSS","IMSS PUEBLA","PAN","PARTIDOS POL\u00cdTICOS","Politica Puebla","PRI","PSI","Puebla Ciudad","Puebla estado","Puebla gobierno","puebla politica","Puebla Senadores","Puebla UDLAP","Puebla Universidad","Puebla Universidades","Senadores Puebla","Udlap","Udlap cholula","UDLAP Puebla","Universidad de Puebla","UPAEP","UPAEP Puebla"],"articleSection":["Universidades"],"inLanguage":"es","potentialAction":[{"@type":"CommentAction","name":"Comment","target":["https:\/\/www.aliadospuebla.com\/?p=98925#respond"]}]},{"@type":"WebPage","@id":"https:\/\/www.aliadospuebla.com\/?p=98925","url":"https:\/\/www.aliadospuebla.com\/?p=98925","name":"Escuela de Ciencias de la UDLAP celebra 35 a\u00f1os de formar profesionistas de excelencia - AliadosPuebla","isPartOf":{"@id":"https:\/\/www.aliadospuebla.com\/#website"},"primaryImageOfPage":{"@id":"https:\/\/www.aliadospuebla.com\/?p=98925#primaryimage"},"image":{"@id":"https:\/\/www.aliadospuebla.com\/?p=98925#primaryimage"},"thumbnailUrl":"https:\/\/www.aliadospuebla.com\/web2017\/wp-content\/uploads\/2024\/12\/descarga-21.jpeg","datePublished":"2024-12-03T02:15:23+00:00","author":{"@id":"https:\/\/www.aliadospuebla.com\/#\/schema\/person\/5da7dd09320bd4f392b710017ed5f8ad"},"breadcrumb":{"@id":"https:\/\/www.aliadospuebla.com\/?p=98925#breadcrumb"},"inLanguage":"es","potentialAction":[{"@type":"ReadAction","target":["https:\/\/www.aliadospuebla.com\/?p=98925"]}]},{"@type":"ImageObject","inLanguage":"es","@id":"https:\/\/www.aliadospuebla.com\/?p=98925#primaryimage","url":"https:\/\/www.aliadospuebla.com\/web2017\/wp-content\/uploads\/2024\/12\/descarga-21.jpeg","contentUrl":"https:\/\/www.aliadospuebla.com\/web2017\/wp-content\/uploads\/2024\/12\/descarga-21.jpeg","width":1589,"height":927},{"@type":"BreadcrumbList","@id":"https:\/\/www.aliadospuebla.com\/?p=98925#breadcrumb","itemListElement":[{"@type":"ListItem","position":1,"name":"Portada","item":"https:\/\/www.aliadospuebla.com\/"},{"@type":"ListItem","position":2,"name":"Escuela de Ciencias de la UDLAP celebra 35 a\u00f1os de formar profesionistas de excelencia"}]},{"@type":"WebSite","@id":"https:\/\/www.aliadospuebla.com\/#website","url":"https:\/\/www.aliadospuebla.com\/","name":"AliadosPuebla","description":"La informaci\u00f3n en tus manos","potentialAction":[{"@type":"SearchAction","target":{"@type":"EntryPoint","urlTemplate":"https:\/\/www.aliadospuebla.com\/?s={search_term_string}"},"query-input":{"@type":"PropertyValueSpecification","valueRequired":true,"valueName":"search_term_string"}}],"inLanguage":"es"},{"@type":"Person","@id":"https:\/\/www.aliadospuebla.com\/#\/schema\/person\/5da7dd09320bd4f392b710017ed5f8ad","name":"Aliados17","image":{"@type":"ImageObject","inLanguage":"es","@id":"https:\/\/www.aliadospuebla.com\/web2017\/wp-content\/uploads\/2025\/03\/cropped-para-perfil-8-anos-1-96x96.jpg","url":"https:\/\/www.aliadospuebla.com\/web2017\/wp-content\/uploads\/2025\/03\/cropped-para-perfil-8-anos-1-96x96.jpg","contentUrl":"https:\/\/www.aliadospuebla.com\/web2017\/wp-content\/uploads\/2025\/03\/cropped-para-perfil-8-anos-1-96x96.jpg","caption":"Aliados17"},"sameAs":["https:\/\/www.aliados17.com","https:\/\/www.facebook.com\/Aliados17Pue","https:\/\/x.com\/AliadosPuebla"],"url":"https:\/\/www.aliadospuebla.com\/?author=2"}]}},"views":18,"_links":{"self":[{"href":"https:\/\/www.aliadospuebla.com\/index.php?rest_route=\/wp\/v2\/posts\/98925","targetHints":{"allow":["GET"]}}],"collection":[{"href":"https:\/\/www.aliadospuebla.com\/index.php?rest_route=\/wp\/v2\/posts"}],"about":[{"href":"https:\/\/www.aliadospuebla.com\/index.php?rest_route=\/wp\/v2\/types\/post"}],"author":[{"embeddable":true,"href":"https:\/\/www.aliadospuebla.com\/index.php?rest_route=\/wp\/v2\/users\/2"}],"replies":[{"embeddable":true,"href":"https:\/\/www.aliadospuebla.com\/index.php?rest_route=%2Fwp%2Fv2%2Fcomments&post=98925"}],"version-history":[{"count":1,"href":"https:\/\/www.aliadospuebla.com\/index.php?rest_route=\/wp\/v2\/posts\/98925\/revisions"}],"predecessor-version":[{"id":98944,"href":"https:\/\/www.aliadospuebla.com\/index.php?rest_route=\/wp\/v2\/posts\/98925\/revisions\/98944"}],"wp:featuredmedia":[{"embeddable":true,"href":"https:\/\/www.aliadospuebla.com\/index.php?rest_route=\/wp\/v2\/media\/98943"}],"wp:attachment":[{"href":"https:\/\/www.aliadospuebla.com\/index.php?rest_route=%2Fwp%2Fv2%2Fmedia&parent=98925"}],"wp:term":[{"taxonomy":"category","embeddable":true,"href":"https:\/\/www.aliadospuebla.com\/index.php?rest_route=%2Fwp%2Fv2%2Fcategories&post=98925"},{"taxonomy":"post_tag","embeddable":true,"href":"https:\/\/www.aliadospuebla.com\/index.php?rest_route=%2Fwp%2Fv2%2Ftags&post=98925"}],"curies":[{"name":"wp","href":"https:\/\/api.w.org\/{rel}","templated":true}]}}