{"id":98923,"date":"2024-12-02T20:08:50","date_gmt":"2024-12-03T02:08:50","guid":{"rendered":"https:\/\/www.aliados17.com\/?p=98923"},"modified":"2024-12-02T20:09:14","modified_gmt":"2024-12-03T02:09:14","slug":"cohesion-social-y-gobernabilidad-prioridad-del-gobierno-del-estado-aquino-limon","status":"publish","type":"post","link":"https:\/\/www.aliadospuebla.com\/?p=98923","title":{"rendered":"COHESI\u00d3N SOCIAL Y GOBERNABILIDAD, PRIORIDAD DEL GOBIERNO DEL ESTADO"},"content":{"rendered":"<p style=\"font-weight: 400;\"><strong>CIUDAD DE PUEBLA.\u2013<\/strong>\u00a0 Preservar la cohesi\u00f3n social y la gobernabilidad para mantener la estabilidad en la entidad, es una prioridad para<\/p>\n<p style=\"font-weight: 400;\">el gobierno presente de Sergio Salom\u00f3n, asever\u00f3 el secretario de Gobernaci\u00f3n, Javier Aquino Lim\u00f3n, al comparecer ante el Congreso del<\/p>\n<p style=\"font-weight: 400;\">Estado como parte de la sexta glosa del informe del gobierno estatal.<\/p>\n<p style=\"font-weight: 400;\">Ante los integrantes de la Comisi\u00f3n Legislativa, Aquino Lim\u00f3n se\u00f1al\u00f3 que las acciones que impulsa la SEGOB se basan en ocho puntos<\/p>\n<p style=\"font-weight: 400;\">estrat\u00e9gicos: Gobierno con estabilidad pol\u00edtica y social; Protecci\u00f3n Civil y Gesti\u00f3n del Riesgo de Desastres; Certeza Jur\u00eddica y Cultura de la<\/p>\n<p style=\"font-weight: 400;\">Legalidad; Prevenci\u00f3n del Delito y Derechos Humanos; Registro e Identificaci\u00f3n de la Poblaci\u00f3n; Atenci\u00f3n a V\u00edctimas del Delito; B\u00fasqueda<\/p>\n<p style=\"font-weight: 400;\">de Personas; y Atenci\u00f3n al Fen\u00f3meno Migratorio, con el objetivo de consolidar y fortalecer el Estado de Derecho y la paz en los 217<\/p>\n<p style=\"font-weight: 400;\">municipios.<\/p>\n<p style=\"font-weight: 400;\">El titular de la SEGOB detall\u00f3 que con la implementaci\u00f3n del \u00abProtocolo de B\u00fasqueda de Soluciones Pac\u00edficas\u00bb, se reabrieron las presidencias<\/p>\n<p style=\"font-weight: 400;\">municipales de Coyomeapan, Ahuehuetitla y Tianguismanalco, cerradas por conflictos electorales, as\u00ed como la liberaci\u00f3n de v\u00edas de<\/p>\n<p style=\"font-weight: 400;\">comunicaci\u00f3n federales y estatales bloqueadas por inconformidades de ejidatarios.<\/p>\n<p style=\"font-weight: 400;\">En materia de activaci\u00f3n del Protocolo de Actuaci\u00f3n para casos de intento de linchamiento, el funcionario estatal apunt\u00f3 que en comparaci\u00f3n<\/p>\n<p style=\"font-weight: 400;\">con 2019 hubo una reducci\u00f3n en dichos incidentes, ya que en el \u00faltimo a\u00f1o se registraron 24 casos, de los cuales 34 v\u00edctimas fueron<\/p>\n<p style=\"font-weight: 400;\">rescatadas y cuatro se consumaron.<\/p>\n<p style=\"font-weight: 400;\"><strong>Trabaja gobierno estatal para prevenir, atender y erradicar la violencia contra las mujeres<\/strong><\/p>\n<p style=\"font-weight: 400;\">En atenci\u00f3n y cumplimiento a la Alerta de Violencia de G\u00e9nero contra las Mujeres (AVGM), que abarca 50 municipios del Estado, la<\/p>\n<p style=\"font-weight: 400;\">dependencia present\u00f3 ocho informes de dicha Alerta para alcanzar el 95 por ciento de las acciones planteadas por el Plan de Acciones<\/p>\n<p style=\"font-weight: 400;\">Emergentes; asimismo, la SEGOB brind\u00f3 4 mil 499 medidas de ayuda a v\u00edctimas de delito, como atenci\u00f3n psicol\u00f3gica, jur\u00eddica, de salud,<\/p>\n<p style=\"font-weight: 400;\">entre otros.<\/p>\n<p style=\"font-weight: 400;\"><strong>*Incrementa gobierno de Puebla efectividad en registro y localizaci\u00f3n de personas desaparecidas*<\/strong><\/p>\n<p style=\"font-weight: 400;\">Con la firme convicci\u00f3n de que todas las personas desaparecidas sean localizadas, la dependencia, a trav\u00e9s de la Comisi\u00f3n de B\u00fasqueda de<\/p>\n<p style=\"font-weight: 400;\">Personas, logr\u00f3 la ubicaci\u00f3n de 649 personas desaparecidas (307 mujeres y 342 hombres), obteniendo un promedio de efectividad del 105<\/p>\n<p style=\"font-weight: 400;\">por ciento en el proceso de registro y localizaci\u00f3n de personas desaparecidas.<\/p>\n<p style=\"font-weight: 400;\"><strong>*En sinergia, trabaja gobierno estatal para garantizar el bienestar en materia de protecci\u00f3n civil*<\/strong><\/p>\n<p style=\"font-weight: 400;\">En materia de protecci\u00f3n civil, Aquino Lim\u00f3n expres\u00f3 que de manera interinstitucional en el \u00faltimo a\u00f1o se realizaron mil 928 operativos de<\/p>\n<p style=\"font-weight: 400;\">emergencias en beneficio de 485 mil 150 habitantes, con el objetivo de salvaguardar la seguridad de la poblaci\u00f3n. Adem\u00e1s, para garantizar el<\/p>\n<p style=\"font-weight: 400;\">bienestar de la ciudadan\u00eda, se verificaron 6 mil 867 establecimientos para asegurar el cumplimiento de las normativas de protecci\u00f3n civil y<\/p>\n<p style=\"font-weight: 400;\">seguridad, reafirmando el compromiso de salvaguardar la protecci\u00f3n de la poblaci\u00f3n.<\/p>\n<p style=\"font-weight: 400;\"><strong>*Brinda gobierno estatal certeza jur\u00eddica con t\u00edtulos de propiedad*<\/strong><\/p>\n<p style=\"font-weight: 400;\">El secretario de Gobernaci\u00f3n coment\u00f3 que, derivado del Programa de Regularizaci\u00f3n de Predios R\u00fasticos, Urbanos y Suburbanos en el<\/p>\n<p style=\"font-weight: 400;\">R\u00e9gimen de Propiedad Privada, del a\u00f1o 2021 al 2024 el gobierno estatal entreg\u00f3 13 mil 16 t\u00edtulos de propiedad, beneficiando tambi\u00e9n a<\/p>\n<p style=\"font-weight: 400;\">paisanos migrantes.<\/p>\n<p style=\"font-weight: 400;\">De igual manera, a trav\u00e9s del programa \u201cReencuentro Familiar\u201d (en la modalidad de adultos mayores), durante el a\u00f1o 2024 el Instituto<\/p>\n<p style=\"font-weight: 400;\">Poblano de Atenci\u00f3n al Migrante (IPAM) reuni\u00f3 temporalmente a 34 familias de paisanos que radican en Estados Unidos con sus padres,<\/p>\n<p style=\"font-weight: 400;\">despu\u00e9s de m\u00e1s de 20 a\u00f1os de no verse.<\/p>\n<p style=\"font-weight: 400;\">El secretario de Gobernaci\u00f3n concluy\u00f3 que, mediante estas acciones, el Gobierno del Estado de Puebla, encabezado por el gobernador Sergio<\/p>\n<p style=\"font-weight: 400;\">Salom\u00f3n, refrenda su compromiso con el bienestar de las familias poblanas, mediante un di\u00e1logo cercano, oportuno y constante que atienda<\/p>\n<p style=\"font-weight: 400;\">sus necesidades.<\/p>\n","protected":false},"excerpt":{"rendered":"<p>CIUDAD DE PUEBLA.\u2013\u00a0 Preservar la cohesi\u00f3n social y la gobernabilidad para mantener la estabilidad en la entidad, es una prioridad para el gobierno presente de Sergio Salom\u00f3n, asever\u00f3 el secretario de Gobernaci\u00f3n, Javier Aquino Lim\u00f3n, al comparecer ante el Congreso del Estado como parte de la sexta glosa del informe del gobierno estatal. Ante los integrantes de la Comisi\u00f3n Legislativa, Aquino Lim\u00f3n se\u00f1al\u00f3 que las acciones que impulsa la SEGOB se basan en ocho puntos estrat\u00e9gicos: Gobierno con estabilidad pol\u00edtica y social; Protecci\u00f3n Civil y Gesti\u00f3n del Riesgo de Desastres; Certeza Jur\u00eddica y Cultura de la Legalidad; Prevenci\u00f3n del Delito y Derechos Humanos; Registro e Identificaci\u00f3n de la Poblaci\u00f3n; Atenci\u00f3n a V\u00edctimas del Delito; B\u00fasqueda de Personas; y Atenci\u00f3n al Fen\u00f3meno Migratorio, con el objetivo&hellip;<\/p>\n<p class=\"excerpt-more\"><a class=\"blog-excerpt button\" href=\"https:\/\/www.aliadospuebla.com\/?p=98923\">Leer m\u00e1s&#8230;<\/a><\/p>\n","protected":false},"author":2,"featured_media":98938,"comment_status":"open","ping_status":"open","sticky":false,"template":"","format":"standard","meta":{"_monsterinsights_skip_tracking":false,"footnotes":""},"categories":[61],"tags":[653,23118,11026,10636,5244,8056,765,4386,251,2403,13188,45,3880,13158,17715,13795,13718,19795,14620,13467,13635,19794,63,19283,14621,13749,27,13508],"class_list":["post-98923","post","type-post","status-publish","format-standard","has-post-thumbnail","hentry","category-gobierno","tag-buap","tag-campana-politica","tag-ciudad-de-puebla","tag-estado-de-puebla","tag-gobernador-de-puebla","tag-gobierno-de-puebla","tag-imss","tag-imss-puebla","tag-pan","tag-partidos-politicos","tag-politica-puebla","tag-pri","tag-psi","tag-puebla-ciudad","tag-puebla-estado","tag-puebla-gobierno","tag-puebla-politica","tag-puebla-senadores","tag-puebla-udlap","tag-puebla-universidad","tag-puebla-universidades","tag-senadores-puebla","tag-udlap","tag-udlap-cholula","tag-udlap-puebla","tag-universidad-de-puebla","tag-upaep","tag-upaep-puebla"],"yoast_head":"<!-- This site is optimized with the Yoast SEO plugin v28.4 - https:\/\/yoast.com\/product\/yoast-seo-wordpress\/ -->\n<title>COHESI\u00d3N SOCIAL Y GOBERNABILIDAD, PRIORIDAD DEL GOBIERNO DEL ESTADO - AliadosPuebla<\/title>\n<meta name=\"robots\" content=\"index, follow, max-snippet:-1, max-image-preview:large, max-video-preview:-1\" \/>\n<link rel=\"canonical\" href=\"https:\/\/www.aliadospuebla.com\/?p=98923\" \/>\n<meta property=\"og:locale\" content=\"es_ES\" \/>\n<meta property=\"og:type\" content=\"article\" \/>\n<meta property=\"og:title\" content=\"COHESI\u00d3N SOCIAL Y GOBERNABILIDAD, PRIORIDAD DEL GOBIERNO DEL ESTADO - AliadosPuebla\" \/>\n<meta property=\"og:description\" content=\"CIUDAD DE PUEBLA.\u2013\u00a0 Preservar la cohesi\u00f3n social y la gobernabilidad para mantener la estabilidad en la entidad, es una prioridad para el gobierno presente de Sergio Salom\u00f3n, asever\u00f3 el secretario de Gobernaci\u00f3n, Javier Aquino Lim\u00f3n, al comparecer ante el Congreso del Estado como parte de la sexta glosa del informe del gobierno estatal. Ante los integrantes de la Comisi\u00f3n Legislativa, Aquino Lim\u00f3n se\u00f1al\u00f3 que las acciones que impulsa la SEGOB se basan en ocho puntos estrat\u00e9gicos: Gobierno con estabilidad pol\u00edtica y social; Protecci\u00f3n Civil y Gesti\u00f3n del Riesgo de Desastres; Certeza Jur\u00eddica y Cultura de la Legalidad; Prevenci\u00f3n del Delito y Derechos Humanos; Registro e Identificaci\u00f3n de la Poblaci\u00f3n; Atenci\u00f3n a V\u00edctimas del Delito; B\u00fasqueda de Personas; y Atenci\u00f3n al Fen\u00f3meno Migratorio, con el objetivo&hellip;Leer m\u00e1s...\" \/>\n<meta property=\"og:url\" content=\"https:\/\/www.aliadospuebla.com\/?p=98923\" \/>\n<meta property=\"og:site_name\" content=\"AliadosPuebla\" \/>\n<meta property=\"article:author\" content=\"https:\/\/www.facebook.com\/Aliados17Pue\" \/>\n<meta property=\"article:published_time\" content=\"2024-12-03T02:08:50+00:00\" \/>\n<meta property=\"article:modified_time\" content=\"2024-12-03T02:09:14+00:00\" \/>\n<meta property=\"og:image\" content=\"https:\/\/www.aliadospuebla.com\/web2017\/wp-content\/uploads\/2024\/12\/unnamed-scaled.jpg\" \/>\n\t<meta property=\"og:image:width\" content=\"2560\" \/>\n\t<meta property=\"og:image:height\" content=\"1707\" \/>\n\t<meta property=\"og:image:type\" content=\"image\/jpeg\" \/>\n<meta name=\"author\" content=\"Aliados17\" \/>\n<meta name=\"twitter:card\" content=\"summary_large_image\" \/>\n<meta name=\"twitter:creator\" content=\"@AliadosPuebla\" \/>\n<meta name=\"twitter:label1\" content=\"Escrito por\" \/>\n\t<meta name=\"twitter:data1\" content=\"Aliados17\" \/>\n\t<meta name=\"twitter:label2\" content=\"Tiempo de lectura\" \/>\n\t<meta name=\"twitter:data2\" content=\"4 minutos\" \/>\n<script type=\"application\/ld+json\" class=\"yoast-schema-graph\">{\"@context\":\"https:\\\/\\\/schema.org\",\"@graph\":[{\"@type\":\"Article\",\"@id\":\"https:\\\/\\\/www.aliadospuebla.com\\\/?p=98923#article\",\"isPartOf\":{\"@id\":\"https:\\\/\\\/www.aliadospuebla.com\\\/?p=98923\"},\"author\":{\"name\":\"Aliados17\",\"@id\":\"https:\\\/\\\/www.aliadospuebla.com\\\/#\\\/schema\\\/person\\\/5da7dd09320bd4f392b710017ed5f8ad\"},\"headline\":\"COHESI\u00d3N SOCIAL Y GOBERNABILIDAD, PRIORIDAD DEL GOBIERNO DEL ESTADO\",\"datePublished\":\"2024-12-03T02:08:50+00:00\",\"dateModified\":\"2024-12-03T02:09:14+00:00\",\"mainEntityOfPage\":{\"@id\":\"https:\\\/\\\/www.aliadospuebla.com\\\/?p=98923\"},\"wordCount\":677,\"commentCount\":0,\"image\":{\"@id\":\"https:\\\/\\\/www.aliadospuebla.com\\\/?p=98923#primaryimage\"},\"thumbnailUrl\":\"https:\\\/\\\/www.aliadospuebla.com\\\/web2017\\\/wp-content\\\/uploads\\\/2024\\\/12\\\/unnamed-scaled.jpg\",\"keywords\":[\"BUAP\",\"Campa\u00f1a politica\",\"CIUDAD DE PUEBLA\",\"ESTADO DE PUEBLA\",\"GOBERNADOR DE PUEBLA\",\"GOBIERNO DE PUEBLA\",\"IMSS\",\"IMSS PUEBLA\",\"PAN\",\"PARTIDOS POL\u00cdTICOS\",\"Politica Puebla\",\"PRI\",\"PSI\",\"Puebla Ciudad\",\"Puebla estado\",\"Puebla gobierno\",\"puebla politica\",\"Puebla Senadores\",\"Puebla UDLAP\",\"Puebla Universidad\",\"Puebla Universidades\",\"Senadores Puebla\",\"Udlap\",\"Udlap cholula\",\"UDLAP Puebla\",\"Universidad de Puebla\",\"UPAEP\",\"UPAEP Puebla\"],\"articleSection\":[\"Gobierno\"],\"inLanguage\":\"es\",\"potentialAction\":[{\"@type\":\"CommentAction\",\"name\":\"Comment\",\"target\":[\"https:\\\/\\\/www.aliadospuebla.com\\\/?p=98923#respond\"]}]},{\"@type\":\"WebPage\",\"@id\":\"https:\\\/\\\/www.aliadospuebla.com\\\/?p=98923\",\"url\":\"https:\\\/\\\/www.aliadospuebla.com\\\/?p=98923\",\"name\":\"COHESI\u00d3N SOCIAL Y GOBERNABILIDAD, PRIORIDAD DEL GOBIERNO DEL ESTADO - AliadosPuebla\",\"isPartOf\":{\"@id\":\"https:\\\/\\\/www.aliadospuebla.com\\\/#website\"},\"primaryImageOfPage\":{\"@id\":\"https:\\\/\\\/www.aliadospuebla.com\\\/?p=98923#primaryimage\"},\"image\":{\"@id\":\"https:\\\/\\\/www.aliadospuebla.com\\\/?p=98923#primaryimage\"},\"thumbnailUrl\":\"https:\\\/\\\/www.aliadospuebla.com\\\/web2017\\\/wp-content\\\/uploads\\\/2024\\\/12\\\/unnamed-scaled.jpg\",\"datePublished\":\"2024-12-03T02:08:50+00:00\",\"dateModified\":\"2024-12-03T02:09:14+00:00\",\"author\":{\"@id\":\"https:\\\/\\\/www.aliadospuebla.com\\\/#\\\/schema\\\/person\\\/5da7dd09320bd4f392b710017ed5f8ad\"},\"breadcrumb\":{\"@id\":\"https:\\\/\\\/www.aliadospuebla.com\\\/?p=98923#breadcrumb\"},\"inLanguage\":\"es\",\"potentialAction\":[{\"@type\":\"ReadAction\",\"target\":[\"https:\\\/\\\/www.aliadospuebla.com\\\/?p=98923\"]}]},{\"@type\":\"ImageObject\",\"inLanguage\":\"es\",\"@id\":\"https:\\\/\\\/www.aliadospuebla.com\\\/?p=98923#primaryimage\",\"url\":\"https:\\\/\\\/www.aliadospuebla.com\\\/web2017\\\/wp-content\\\/uploads\\\/2024\\\/12\\\/unnamed-scaled.jpg\",\"contentUrl\":\"https:\\\/\\\/www.aliadospuebla.com\\\/web2017\\\/wp-content\\\/uploads\\\/2024\\\/12\\\/unnamed-scaled.jpg\",\"width\":2560,\"height\":1707},{\"@type\":\"BreadcrumbList\",\"@id\":\"https:\\\/\\\/www.aliadospuebla.com\\\/?p=98923#breadcrumb\",\"itemListElement\":[{\"@type\":\"ListItem\",\"position\":1,\"name\":\"Portada\",\"item\":\"https:\\\/\\\/www.aliadospuebla.com\\\/\"},{\"@type\":\"ListItem\",\"position\":2,\"name\":\"COHESI\u00d3N SOCIAL Y GOBERNABILIDAD, PRIORIDAD DEL GOBIERNO DEL ESTADO\"}]},{\"@type\":\"WebSite\",\"@id\":\"https:\\\/\\\/www.aliadospuebla.com\\\/#website\",\"url\":\"https:\\\/\\\/www.aliadospuebla.com\\\/\",\"name\":\"AliadosPuebla\",\"description\":\"La informaci\u00f3n en tus manos\",\"potentialAction\":[{\"@type\":\"SearchAction\",\"target\":{\"@type\":\"EntryPoint\",\"urlTemplate\":\"https:\\\/\\\/www.aliadospuebla.com\\\/?s={search_term_string}\"},\"query-input\":{\"@type\":\"PropertyValueSpecification\",\"valueRequired\":true,\"valueName\":\"search_term_string\"}}],\"inLanguage\":\"es\"},{\"@type\":\"Person\",\"@id\":\"https:\\\/\\\/www.aliadospuebla.com\\\/#\\\/schema\\\/person\\\/5da7dd09320bd4f392b710017ed5f8ad\",\"name\":\"Aliados17\",\"image\":{\"@type\":\"ImageObject\",\"inLanguage\":\"es\",\"@id\":\"https:\\\/\\\/www.aliadospuebla.com\\\/web2017\\\/wp-content\\\/uploads\\\/2025\\\/03\\\/cropped-para-perfil-8-anos-1-96x96.jpg\",\"url\":\"https:\\\/\\\/www.aliadospuebla.com\\\/web2017\\\/wp-content\\\/uploads\\\/2025\\\/03\\\/cropped-para-perfil-8-anos-1-96x96.jpg\",\"contentUrl\":\"https:\\\/\\\/www.aliadospuebla.com\\\/web2017\\\/wp-content\\\/uploads\\\/2025\\\/03\\\/cropped-para-perfil-8-anos-1-96x96.jpg\",\"caption\":\"Aliados17\"},\"sameAs\":[\"https:\\\/\\\/www.aliados17.com\",\"https:\\\/\\\/www.facebook.com\\\/Aliados17Pue\",\"https:\\\/\\\/x.com\\\/AliadosPuebla\"],\"url\":\"https:\\\/\\\/www.aliadospuebla.com\\\/?author=2\"}]}<\/script>\n<!-- \/ Yoast SEO plugin. -->","yoast_head_json":{"title":"COHESI\u00d3N SOCIAL Y GOBERNABILIDAD, PRIORIDAD DEL GOBIERNO DEL ESTADO - AliadosPuebla","robots":{"index":"index","follow":"follow","max-snippet":"max-snippet:-1","max-image-preview":"max-image-preview:large","max-video-preview":"max-video-preview:-1"},"canonical":"https:\/\/www.aliadospuebla.com\/?p=98923","og_locale":"es_ES","og_type":"article","og_title":"COHESI\u00d3N SOCIAL Y GOBERNABILIDAD, PRIORIDAD DEL GOBIERNO DEL ESTADO - AliadosPuebla","og_description":"CIUDAD DE PUEBLA.\u2013\u00a0 Preservar la cohesi\u00f3n social y la gobernabilidad para mantener la estabilidad en la entidad, es una prioridad para el gobierno presente de Sergio Salom\u00f3n, asever\u00f3 el secretario de Gobernaci\u00f3n, Javier Aquino Lim\u00f3n, al comparecer ante el Congreso del Estado como parte de la sexta glosa del informe del gobierno estatal. Ante los integrantes de la Comisi\u00f3n Legislativa, Aquino Lim\u00f3n se\u00f1al\u00f3 que las acciones que impulsa la SEGOB se basan en ocho puntos estrat\u00e9gicos: Gobierno con estabilidad pol\u00edtica y social; Protecci\u00f3n Civil y Gesti\u00f3n del Riesgo de Desastres; Certeza Jur\u00eddica y Cultura de la Legalidad; Prevenci\u00f3n del Delito y Derechos Humanos; Registro e Identificaci\u00f3n de la Poblaci\u00f3n; Atenci\u00f3n a V\u00edctimas del Delito; B\u00fasqueda de Personas; y Atenci\u00f3n al Fen\u00f3meno Migratorio, con el objetivo&hellip;Leer m\u00e1s...","og_url":"https:\/\/www.aliadospuebla.com\/?p=98923","og_site_name":"AliadosPuebla","article_author":"https:\/\/www.facebook.com\/Aliados17Pue","article_published_time":"2024-12-03T02:08:50+00:00","article_modified_time":"2024-12-03T02:09:14+00:00","og_image":[{"width":2560,"height":1707,"url":"https:\/\/www.aliadospuebla.com\/web2017\/wp-content\/uploads\/2024\/12\/unnamed-scaled.jpg","type":"image\/jpeg"}],"author":"Aliados17","twitter_card":"summary_large_image","twitter_creator":"@AliadosPuebla","twitter_misc":{"Escrito por":"Aliados17","Tiempo de lectura":"4 minutos"},"schema":{"@context":"https:\/\/schema.org","@graph":[{"@type":"Article","@id":"https:\/\/www.aliadospuebla.com\/?p=98923#article","isPartOf":{"@id":"https:\/\/www.aliadospuebla.com\/?p=98923"},"author":{"name":"Aliados17","@id":"https:\/\/www.aliadospuebla.com\/#\/schema\/person\/5da7dd09320bd4f392b710017ed5f8ad"},"headline":"COHESI\u00d3N SOCIAL Y GOBERNABILIDAD, PRIORIDAD DEL GOBIERNO DEL ESTADO","datePublished":"2024-12-03T02:08:50+00:00","dateModified":"2024-12-03T02:09:14+00:00","mainEntityOfPage":{"@id":"https:\/\/www.aliadospuebla.com\/?p=98923"},"wordCount":677,"commentCount":0,"image":{"@id":"https:\/\/www.aliadospuebla.com\/?p=98923#primaryimage"},"thumbnailUrl":"https:\/\/www.aliadospuebla.com\/web2017\/wp-content\/uploads\/2024\/12\/unnamed-scaled.jpg","keywords":["BUAP","Campa\u00f1a politica","CIUDAD DE PUEBLA","ESTADO DE PUEBLA","GOBERNADOR DE PUEBLA","GOBIERNO DE PUEBLA","IMSS","IMSS PUEBLA","PAN","PARTIDOS POL\u00cdTICOS","Politica Puebla","PRI","PSI","Puebla Ciudad","Puebla estado","Puebla gobierno","puebla politica","Puebla Senadores","Puebla UDLAP","Puebla Universidad","Puebla Universidades","Senadores Puebla","Udlap","Udlap cholula","UDLAP Puebla","Universidad de Puebla","UPAEP","UPAEP Puebla"],"articleSection":["Gobierno"],"inLanguage":"es","potentialAction":[{"@type":"CommentAction","name":"Comment","target":["https:\/\/www.aliadospuebla.com\/?p=98923#respond"]}]},{"@type":"WebPage","@id":"https:\/\/www.aliadospuebla.com\/?p=98923","url":"https:\/\/www.aliadospuebla.com\/?p=98923","name":"COHESI\u00d3N SOCIAL Y GOBERNABILIDAD, PRIORIDAD DEL GOBIERNO DEL ESTADO - AliadosPuebla","isPartOf":{"@id":"https:\/\/www.aliadospuebla.com\/#website"},"primaryImageOfPage":{"@id":"https:\/\/www.aliadospuebla.com\/?p=98923#primaryimage"},"image":{"@id":"https:\/\/www.aliadospuebla.com\/?p=98923#primaryimage"},"thumbnailUrl":"https:\/\/www.aliadospuebla.com\/web2017\/wp-content\/uploads\/2024\/12\/unnamed-scaled.jpg","datePublished":"2024-12-03T02:08:50+00:00","dateModified":"2024-12-03T02:09:14+00:00","author":{"@id":"https:\/\/www.aliadospuebla.com\/#\/schema\/person\/5da7dd09320bd4f392b710017ed5f8ad"},"breadcrumb":{"@id":"https:\/\/www.aliadospuebla.com\/?p=98923#breadcrumb"},"inLanguage":"es","potentialAction":[{"@type":"ReadAction","target":["https:\/\/www.aliadospuebla.com\/?p=98923"]}]},{"@type":"ImageObject","inLanguage":"es","@id":"https:\/\/www.aliadospuebla.com\/?p=98923#primaryimage","url":"https:\/\/www.aliadospuebla.com\/web2017\/wp-content\/uploads\/2024\/12\/unnamed-scaled.jpg","contentUrl":"https:\/\/www.aliadospuebla.com\/web2017\/wp-content\/uploads\/2024\/12\/unnamed-scaled.jpg","width":2560,"height":1707},{"@type":"BreadcrumbList","@id":"https:\/\/www.aliadospuebla.com\/?p=98923#breadcrumb","itemListElement":[{"@type":"ListItem","position":1,"name":"Portada","item":"https:\/\/www.aliadospuebla.com\/"},{"@type":"ListItem","position":2,"name":"COHESI\u00d3N SOCIAL Y GOBERNABILIDAD, PRIORIDAD DEL GOBIERNO DEL ESTADO"}]},{"@type":"WebSite","@id":"https:\/\/www.aliadospuebla.com\/#website","url":"https:\/\/www.aliadospuebla.com\/","name":"AliadosPuebla","description":"La informaci\u00f3n en tus manos","potentialAction":[{"@type":"SearchAction","target":{"@type":"EntryPoint","urlTemplate":"https:\/\/www.aliadospuebla.com\/?s={search_term_string}"},"query-input":{"@type":"PropertyValueSpecification","valueRequired":true,"valueName":"search_term_string"}}],"inLanguage":"es"},{"@type":"Person","@id":"https:\/\/www.aliadospuebla.com\/#\/schema\/person\/5da7dd09320bd4f392b710017ed5f8ad","name":"Aliados17","image":{"@type":"ImageObject","inLanguage":"es","@id":"https:\/\/www.aliadospuebla.com\/web2017\/wp-content\/uploads\/2025\/03\/cropped-para-perfil-8-anos-1-96x96.jpg","url":"https:\/\/www.aliadospuebla.com\/web2017\/wp-content\/uploads\/2025\/03\/cropped-para-perfil-8-anos-1-96x96.jpg","contentUrl":"https:\/\/www.aliadospuebla.com\/web2017\/wp-content\/uploads\/2025\/03\/cropped-para-perfil-8-anos-1-96x96.jpg","caption":"Aliados17"},"sameAs":["https:\/\/www.aliados17.com","https:\/\/www.facebook.com\/Aliados17Pue","https:\/\/x.com\/AliadosPuebla"],"url":"https:\/\/www.aliadospuebla.com\/?author=2"}]}},"views":12,"_links":{"self":[{"href":"https:\/\/www.aliadospuebla.com\/index.php?rest_route=\/wp\/v2\/posts\/98923","targetHints":{"allow":["GET"]}}],"collection":[{"href":"https:\/\/www.aliadospuebla.com\/index.php?rest_route=\/wp\/v2\/posts"}],"about":[{"href":"https:\/\/www.aliadospuebla.com\/index.php?rest_route=\/wp\/v2\/types\/post"}],"author":[{"embeddable":true,"href":"https:\/\/www.aliadospuebla.com\/index.php?rest_route=\/wp\/v2\/users\/2"}],"replies":[{"embeddable":true,"href":"https:\/\/www.aliadospuebla.com\/index.php?rest_route=%2Fwp%2Fv2%2Fcomments&post=98923"}],"version-history":[{"count":1,"href":"https:\/\/www.aliadospuebla.com\/index.php?rest_route=\/wp\/v2\/posts\/98923\/revisions"}],"predecessor-version":[{"id":98940,"href":"https:\/\/www.aliadospuebla.com\/index.php?rest_route=\/wp\/v2\/posts\/98923\/revisions\/98940"}],"wp:featuredmedia":[{"embeddable":true,"href":"https:\/\/www.aliadospuebla.com\/index.php?rest_route=\/wp\/v2\/media\/98938"}],"wp:attachment":[{"href":"https:\/\/www.aliadospuebla.com\/index.php?rest_route=%2Fwp%2Fv2%2Fmedia&parent=98923"}],"wp:term":[{"taxonomy":"category","embeddable":true,"href":"https:\/\/www.aliadospuebla.com\/index.php?rest_route=%2Fwp%2Fv2%2Fcategories&post=98923"},{"taxonomy":"post_tag","embeddable":true,"href":"https:\/\/www.aliadospuebla.com\/index.php?rest_route=%2Fwp%2Fv2%2Ftags&post=98923"}],"curies":[{"name":"wp","href":"https:\/\/api.w.org\/{rel}","templated":true}]}}