{"id":98876,"date":"2024-12-02T17:32:48","date_gmt":"2024-12-02T23:32:48","guid":{"rendered":"https:\/\/www.aliados17.com\/?p=98876"},"modified":"2024-12-02T17:32:48","modified_gmt":"2024-12-02T23:32:48","slug":"por-vision-del-actual-gobierno-estatal-puebla-cuenta-con-mejor-conectividad-y-bienestar","status":"publish","type":"post","link":"https:\/\/www.aliadospuebla.com\/?p=98876","title":{"rendered":"POR VISI\u00d3N DEL ACTUAL GOBIERNO ESTATAL, PUEBLA CUENTA CON MEJOR CONECTIVIDAD Y BIENESTAR"},"content":{"rendered":"<h4><em>El mandatario Sergio Salom\u00f3n entreg\u00f3 obras de infraestructura en la capital poblana y, de manera simult\u00e1nea, en cuatro municipios m\u00e1s<\/em><\/h4>\n<p><strong>CIUDAD DE PUEBLA, Pue. &#8211;<\/strong> Por la visi\u00f3n del actual gobierno estatal, Puebla cuenta<\/p>\n<p>con una mejor conectividad, progreso y bienestar, manifest\u00f3 el gobernador Sergio Salom\u00f3n<\/p>\n<p>al entregar obras de infraestructura en la capital poblana y, de manera simult\u00e1nea, en cuatro municipios m\u00e1s.<\/p>\n<p>&nbsp;<\/p>\n<p>En su mensaje, al presidir la inauguraci\u00f3n de la rehabilitaci\u00f3n del bulevar Forjadores,<\/p>\n<p>entre Diagonal del Ferrocarril y Calzada Zavaleta, el titular del Ejecutivo recalc\u00f3 que,<\/p>\n<p>para la administraci\u00f3n que encabeza, invertir en infraestructura b\u00e1sica social y carretera<\/p>\n<p>ha sido fundamental, ya que no s\u00f3lo genera mejores condiciones en cada comunidad sino tambi\u00e9n<\/p>\n<p>\u201cconecta los corazones\u201d de todas y todos los poblanos.<\/p>\n<p>&nbsp;<\/p>\n<p>Agreg\u00f3 que, hasta el \u00faltimo minuto, su gobierno no dejar\u00e1 de coadyuvar con los 217 ayuntamientos para que el principio de igualdad sea una realidad en toda la entidad y ninguna demarcaci\u00f3n se quede sin acciones gubernamentales, las cuales son realizadas de manera transparente.<\/p>\n<p>&nbsp;<\/p>\n<p>En Jolalpan, la administraci\u00f3n de Sergio Salom\u00f3n entreg\u00f3 la rehabilitaci\u00f3n de la carretera a Tlaucingo; mientras que en Tochtepec, la de las carreteras Tecamachalco-Ometepec y La Colorada-Acatl\u00e1n.<\/p>\n<p>&nbsp;<\/p>\n<p>Asimismo, en Zaragoza, la reconstrucci\u00f3n de tramo de la carretera Amozoc-Teziutl\u00e1n y, en Zapotitl\u00e1n de M\u00e9ndez, el mejoramiento de la vialidad a Nanacatl\u00e1n-Ixtepec.<\/p>\n","protected":false},"excerpt":{"rendered":"<p>El mandatario Sergio Salom\u00f3n entreg\u00f3 obras de infraestructura en la capital poblana y, de manera simult\u00e1nea, en cuatro municipios m\u00e1s CIUDAD DE PUEBLA, Pue. &#8211; Por la visi\u00f3n del actual gobierno estatal, Puebla cuenta con una mejor conectividad, progreso y bienestar, manifest\u00f3 el gobernador Sergio Salom\u00f3n al entregar obras de infraestructura en la capital poblana y, de manera simult\u00e1nea, en cuatro municipios m\u00e1s. &nbsp; En su mensaje, al presidir la inauguraci\u00f3n de la rehabilitaci\u00f3n del bulevar Forjadores, entre Diagonal del Ferrocarril y Calzada Zavaleta, el titular del Ejecutivo recalc\u00f3 que, para la administraci\u00f3n que encabeza, invertir en infraestructura b\u00e1sica social y carretera ha sido fundamental, ya que no s\u00f3lo genera mejores condiciones en cada comunidad sino tambi\u00e9n \u201cconecta los corazones\u201d de todas y todos los&hellip;<\/p>\n<p class=\"excerpt-more\"><a class=\"blog-excerpt button\" href=\"https:\/\/www.aliadospuebla.com\/?p=98876\">Leer m\u00e1s&#8230;<\/a><\/p>\n","protected":false},"author":2,"featured_media":98877,"comment_status":"open","ping_status":"open","sticky":false,"template":"","format":"standard","meta":{"_monsterinsights_skip_tracking":false,"footnotes":""},"categories":[61],"tags":[25867,337,25865,25866,13575,16666],"class_list":["post-98876","post","type-post","status-publish","format-standard","has-post-thumbnail","hentry","category-gobierno","tag-acciones-gubernamentales","tag-infraestructura","tag-mejor-conectividad","tag-principio-de-igualdad","tag-sergio-salomon","tag-vision"],"yoast_head":"<!-- This site is optimized with the Yoast SEO plugin v28.3 - https:\/\/yoast.com\/product\/yoast-seo-wordpress\/ -->\n<title>POR VISI\u00d3N DEL ACTUAL GOBIERNO ESTATAL, PUEBLA CUENTA CON MEJOR CONECTIVIDAD Y BIENESTAR - AliadosPuebla<\/title>\n<meta name=\"robots\" content=\"index, follow, max-snippet:-1, max-image-preview:large, max-video-preview:-1\" \/>\n<link rel=\"canonical\" href=\"https:\/\/www.aliadospuebla.com\/?p=98876\" \/>\n<meta property=\"og:locale\" content=\"es_ES\" \/>\n<meta property=\"og:type\" content=\"article\" \/>\n<meta property=\"og:title\" content=\"POR VISI\u00d3N DEL ACTUAL GOBIERNO ESTATAL, PUEBLA CUENTA CON MEJOR CONECTIVIDAD Y BIENESTAR - AliadosPuebla\" \/>\n<meta property=\"og:description\" content=\"El mandatario Sergio Salom\u00f3n entreg\u00f3 obras de infraestructura en la capital poblana y, de manera simult\u00e1nea, en cuatro municipios m\u00e1s CIUDAD DE PUEBLA, Pue. &#8211; Por la visi\u00f3n del actual gobierno estatal, Puebla cuenta con una mejor conectividad, progreso y bienestar, manifest\u00f3 el gobernador Sergio Salom\u00f3n al entregar obras de infraestructura en la capital poblana y, de manera simult\u00e1nea, en cuatro municipios m\u00e1s. &nbsp; En su mensaje, al presidir la inauguraci\u00f3n de la rehabilitaci\u00f3n del bulevar Forjadores, entre Diagonal del Ferrocarril y Calzada Zavaleta, el titular del Ejecutivo recalc\u00f3 que, para la administraci\u00f3n que encabeza, invertir en infraestructura b\u00e1sica social y carretera ha sido fundamental, ya que no s\u00f3lo genera mejores condiciones en cada comunidad sino tambi\u00e9n \u201cconecta los corazones\u201d de todas y todos los&hellip;Leer m\u00e1s...\" \/>\n<meta property=\"og:url\" content=\"https:\/\/www.aliadospuebla.com\/?p=98876\" \/>\n<meta property=\"og:site_name\" content=\"AliadosPuebla\" \/>\n<meta property=\"article:author\" content=\"https:\/\/www.facebook.com\/Aliados17Pue\" \/>\n<meta property=\"article:published_time\" content=\"2024-12-02T23:32:48+00:00\" \/>\n<meta property=\"og:image\" content=\"https:\/\/www.aliadospuebla.com\/web2017\/wp-content\/uploads\/2024\/12\/1646.jpg\" \/>\n\t<meta property=\"og:image:width\" content=\"600\" \/>\n\t<meta property=\"og:image:height\" content=\"450\" \/>\n\t<meta property=\"og:image:type\" content=\"image\/jpeg\" \/>\n<meta name=\"author\" content=\"Aliados17\" \/>\n<meta name=\"twitter:card\" content=\"summary_large_image\" \/>\n<meta name=\"twitter:creator\" content=\"@AliadosPuebla\" \/>\n<meta name=\"twitter:label1\" content=\"Escrito por\" \/>\n\t<meta name=\"twitter:data1\" content=\"Aliados17\" \/>\n\t<meta name=\"twitter:label2\" content=\"Tiempo de lectura\" \/>\n\t<meta name=\"twitter:data2\" content=\"2 minutos\" \/>\n<script type=\"application\/ld+json\" class=\"yoast-schema-graph\">{\"@context\":\"https:\\\/\\\/schema.org\",\"@graph\":[{\"@type\":\"Article\",\"@id\":\"https:\\\/\\\/www.aliadospuebla.com\\\/?p=98876#article\",\"isPartOf\":{\"@id\":\"https:\\\/\\\/www.aliadospuebla.com\\\/?p=98876\"},\"author\":{\"name\":\"Aliados17\",\"@id\":\"https:\\\/\\\/www.aliadospuebla.com\\\/#\\\/schema\\\/person\\\/5da7dd09320bd4f392b710017ed5f8ad\"},\"headline\":\"POR VISI\u00d3N DEL ACTUAL GOBIERNO ESTATAL, PUEBLA CUENTA CON MEJOR CONECTIVIDAD Y BIENESTAR\",\"datePublished\":\"2024-12-02T23:32:48+00:00\",\"mainEntityOfPage\":{\"@id\":\"https:\\\/\\\/www.aliadospuebla.com\\\/?p=98876\"},\"wordCount\":259,\"commentCount\":0,\"image\":{\"@id\":\"https:\\\/\\\/www.aliadospuebla.com\\\/?p=98876#primaryimage\"},\"thumbnailUrl\":\"https:\\\/\\\/www.aliadospuebla.com\\\/web2017\\\/wp-content\\\/uploads\\\/2024\\\/12\\\/1646.jpg\",\"keywords\":[\"acciones gubernamentales\",\"INFRAESTRUCTURA\",\"MEJOR CONECTIVIDAD\",\"principio de igualdad\",\"Sergio Salomon\",\"visi\u00f3n\"],\"articleSection\":[\"Gobierno\"],\"inLanguage\":\"es\",\"potentialAction\":[{\"@type\":\"CommentAction\",\"name\":\"Comment\",\"target\":[\"https:\\\/\\\/www.aliadospuebla.com\\\/?p=98876#respond\"]}]},{\"@type\":\"WebPage\",\"@id\":\"https:\\\/\\\/www.aliadospuebla.com\\\/?p=98876\",\"url\":\"https:\\\/\\\/www.aliadospuebla.com\\\/?p=98876\",\"name\":\"POR VISI\u00d3N DEL ACTUAL GOBIERNO ESTATAL, PUEBLA CUENTA CON MEJOR CONECTIVIDAD Y BIENESTAR - AliadosPuebla\",\"isPartOf\":{\"@id\":\"https:\\\/\\\/www.aliadospuebla.com\\\/#website\"},\"primaryImageOfPage\":{\"@id\":\"https:\\\/\\\/www.aliadospuebla.com\\\/?p=98876#primaryimage\"},\"image\":{\"@id\":\"https:\\\/\\\/www.aliadospuebla.com\\\/?p=98876#primaryimage\"},\"thumbnailUrl\":\"https:\\\/\\\/www.aliadospuebla.com\\\/web2017\\\/wp-content\\\/uploads\\\/2024\\\/12\\\/1646.jpg\",\"datePublished\":\"2024-12-02T23:32:48+00:00\",\"author\":{\"@id\":\"https:\\\/\\\/www.aliadospuebla.com\\\/#\\\/schema\\\/person\\\/5da7dd09320bd4f392b710017ed5f8ad\"},\"breadcrumb\":{\"@id\":\"https:\\\/\\\/www.aliadospuebla.com\\\/?p=98876#breadcrumb\"},\"inLanguage\":\"es\",\"potentialAction\":[{\"@type\":\"ReadAction\",\"target\":[\"https:\\\/\\\/www.aliadospuebla.com\\\/?p=98876\"]}]},{\"@type\":\"ImageObject\",\"inLanguage\":\"es\",\"@id\":\"https:\\\/\\\/www.aliadospuebla.com\\\/?p=98876#primaryimage\",\"url\":\"https:\\\/\\\/www.aliadospuebla.com\\\/web2017\\\/wp-content\\\/uploads\\\/2024\\\/12\\\/1646.jpg\",\"contentUrl\":\"https:\\\/\\\/www.aliadospuebla.com\\\/web2017\\\/wp-content\\\/uploads\\\/2024\\\/12\\\/1646.jpg\",\"width\":600,\"height\":450},{\"@type\":\"BreadcrumbList\",\"@id\":\"https:\\\/\\\/www.aliadospuebla.com\\\/?p=98876#breadcrumb\",\"itemListElement\":[{\"@type\":\"ListItem\",\"position\":1,\"name\":\"Portada\",\"item\":\"https:\\\/\\\/www.aliadospuebla.com\\\/\"},{\"@type\":\"ListItem\",\"position\":2,\"name\":\"POR VISI\u00d3N DEL ACTUAL GOBIERNO ESTATAL, PUEBLA CUENTA CON MEJOR CONECTIVIDAD Y BIENESTAR\"}]},{\"@type\":\"WebSite\",\"@id\":\"https:\\\/\\\/www.aliadospuebla.com\\\/#website\",\"url\":\"https:\\\/\\\/www.aliadospuebla.com\\\/\",\"name\":\"AliadosPuebla\",\"description\":\"La informaci\u00f3n en tus manos\",\"potentialAction\":[{\"@type\":\"SearchAction\",\"target\":{\"@type\":\"EntryPoint\",\"urlTemplate\":\"https:\\\/\\\/www.aliadospuebla.com\\\/?s={search_term_string}\"},\"query-input\":{\"@type\":\"PropertyValueSpecification\",\"valueRequired\":true,\"valueName\":\"search_term_string\"}}],\"inLanguage\":\"es\"},{\"@type\":\"Person\",\"@id\":\"https:\\\/\\\/www.aliadospuebla.com\\\/#\\\/schema\\\/person\\\/5da7dd09320bd4f392b710017ed5f8ad\",\"name\":\"Aliados17\",\"image\":{\"@type\":\"ImageObject\",\"inLanguage\":\"es\",\"@id\":\"https:\\\/\\\/www.aliadospuebla.com\\\/web2017\\\/wp-content\\\/uploads\\\/2025\\\/03\\\/cropped-para-perfil-8-anos-1-96x96.jpg\",\"url\":\"https:\\\/\\\/www.aliadospuebla.com\\\/web2017\\\/wp-content\\\/uploads\\\/2025\\\/03\\\/cropped-para-perfil-8-anos-1-96x96.jpg\",\"contentUrl\":\"https:\\\/\\\/www.aliadospuebla.com\\\/web2017\\\/wp-content\\\/uploads\\\/2025\\\/03\\\/cropped-para-perfil-8-anos-1-96x96.jpg\",\"caption\":\"Aliados17\"},\"sameAs\":[\"https:\\\/\\\/www.aliados17.com\",\"https:\\\/\\\/www.facebook.com\\\/Aliados17Pue\",\"https:\\\/\\\/x.com\\\/AliadosPuebla\"],\"url\":\"https:\\\/\\\/www.aliadospuebla.com\\\/?author=2\"}]}<\/script>\n<!-- \/ Yoast SEO plugin. -->","yoast_head_json":{"title":"POR VISI\u00d3N DEL ACTUAL GOBIERNO ESTATAL, PUEBLA CUENTA CON MEJOR CONECTIVIDAD Y BIENESTAR - AliadosPuebla","robots":{"index":"index","follow":"follow","max-snippet":"max-snippet:-1","max-image-preview":"max-image-preview:large","max-video-preview":"max-video-preview:-1"},"canonical":"https:\/\/www.aliadospuebla.com\/?p=98876","og_locale":"es_ES","og_type":"article","og_title":"POR VISI\u00d3N DEL ACTUAL GOBIERNO ESTATAL, PUEBLA CUENTA CON MEJOR CONECTIVIDAD Y BIENESTAR - AliadosPuebla","og_description":"El mandatario Sergio Salom\u00f3n entreg\u00f3 obras de infraestructura en la capital poblana y, de manera simult\u00e1nea, en cuatro municipios m\u00e1s CIUDAD DE PUEBLA, Pue. &#8211; Por la visi\u00f3n del actual gobierno estatal, Puebla cuenta con una mejor conectividad, progreso y bienestar, manifest\u00f3 el gobernador Sergio Salom\u00f3n al entregar obras de infraestructura en la capital poblana y, de manera simult\u00e1nea, en cuatro municipios m\u00e1s. &nbsp; En su mensaje, al presidir la inauguraci\u00f3n de la rehabilitaci\u00f3n del bulevar Forjadores, entre Diagonal del Ferrocarril y Calzada Zavaleta, el titular del Ejecutivo recalc\u00f3 que, para la administraci\u00f3n que encabeza, invertir en infraestructura b\u00e1sica social y carretera ha sido fundamental, ya que no s\u00f3lo genera mejores condiciones en cada comunidad sino tambi\u00e9n \u201cconecta los corazones\u201d de todas y todos los&hellip;Leer m\u00e1s...","og_url":"https:\/\/www.aliadospuebla.com\/?p=98876","og_site_name":"AliadosPuebla","article_author":"https:\/\/www.facebook.com\/Aliados17Pue","article_published_time":"2024-12-02T23:32:48+00:00","og_image":[{"width":600,"height":450,"url":"https:\/\/www.aliadospuebla.com\/web2017\/wp-content\/uploads\/2024\/12\/1646.jpg","type":"image\/jpeg"}],"author":"Aliados17","twitter_card":"summary_large_image","twitter_creator":"@AliadosPuebla","twitter_misc":{"Escrito por":"Aliados17","Tiempo de lectura":"2 minutos"},"schema":{"@context":"https:\/\/schema.org","@graph":[{"@type":"Article","@id":"https:\/\/www.aliadospuebla.com\/?p=98876#article","isPartOf":{"@id":"https:\/\/www.aliadospuebla.com\/?p=98876"},"author":{"name":"Aliados17","@id":"https:\/\/www.aliadospuebla.com\/#\/schema\/person\/5da7dd09320bd4f392b710017ed5f8ad"},"headline":"POR VISI\u00d3N DEL ACTUAL GOBIERNO ESTATAL, PUEBLA CUENTA CON MEJOR CONECTIVIDAD Y BIENESTAR","datePublished":"2024-12-02T23:32:48+00:00","mainEntityOfPage":{"@id":"https:\/\/www.aliadospuebla.com\/?p=98876"},"wordCount":259,"commentCount":0,"image":{"@id":"https:\/\/www.aliadospuebla.com\/?p=98876#primaryimage"},"thumbnailUrl":"https:\/\/www.aliadospuebla.com\/web2017\/wp-content\/uploads\/2024\/12\/1646.jpg","keywords":["acciones gubernamentales","INFRAESTRUCTURA","MEJOR CONECTIVIDAD","principio de igualdad","Sergio Salomon","visi\u00f3n"],"articleSection":["Gobierno"],"inLanguage":"es","potentialAction":[{"@type":"CommentAction","name":"Comment","target":["https:\/\/www.aliadospuebla.com\/?p=98876#respond"]}]},{"@type":"WebPage","@id":"https:\/\/www.aliadospuebla.com\/?p=98876","url":"https:\/\/www.aliadospuebla.com\/?p=98876","name":"POR VISI\u00d3N DEL ACTUAL GOBIERNO ESTATAL, PUEBLA CUENTA CON MEJOR CONECTIVIDAD Y BIENESTAR - AliadosPuebla","isPartOf":{"@id":"https:\/\/www.aliadospuebla.com\/#website"},"primaryImageOfPage":{"@id":"https:\/\/www.aliadospuebla.com\/?p=98876#primaryimage"},"image":{"@id":"https:\/\/www.aliadospuebla.com\/?p=98876#primaryimage"},"thumbnailUrl":"https:\/\/www.aliadospuebla.com\/web2017\/wp-content\/uploads\/2024\/12\/1646.jpg","datePublished":"2024-12-02T23:32:48+00:00","author":{"@id":"https:\/\/www.aliadospuebla.com\/#\/schema\/person\/5da7dd09320bd4f392b710017ed5f8ad"},"breadcrumb":{"@id":"https:\/\/www.aliadospuebla.com\/?p=98876#breadcrumb"},"inLanguage":"es","potentialAction":[{"@type":"ReadAction","target":["https:\/\/www.aliadospuebla.com\/?p=98876"]}]},{"@type":"ImageObject","inLanguage":"es","@id":"https:\/\/www.aliadospuebla.com\/?p=98876#primaryimage","url":"https:\/\/www.aliadospuebla.com\/web2017\/wp-content\/uploads\/2024\/12\/1646.jpg","contentUrl":"https:\/\/www.aliadospuebla.com\/web2017\/wp-content\/uploads\/2024\/12\/1646.jpg","width":600,"height":450},{"@type":"BreadcrumbList","@id":"https:\/\/www.aliadospuebla.com\/?p=98876#breadcrumb","itemListElement":[{"@type":"ListItem","position":1,"name":"Portada","item":"https:\/\/www.aliadospuebla.com\/"},{"@type":"ListItem","position":2,"name":"POR VISI\u00d3N DEL ACTUAL GOBIERNO ESTATAL, PUEBLA CUENTA CON MEJOR CONECTIVIDAD Y BIENESTAR"}]},{"@type":"WebSite","@id":"https:\/\/www.aliadospuebla.com\/#website","url":"https:\/\/www.aliadospuebla.com\/","name":"AliadosPuebla","description":"La informaci\u00f3n en tus manos","potentialAction":[{"@type":"SearchAction","target":{"@type":"EntryPoint","urlTemplate":"https:\/\/www.aliadospuebla.com\/?s={search_term_string}"},"query-input":{"@type":"PropertyValueSpecification","valueRequired":true,"valueName":"search_term_string"}}],"inLanguage":"es"},{"@type":"Person","@id":"https:\/\/www.aliadospuebla.com\/#\/schema\/person\/5da7dd09320bd4f392b710017ed5f8ad","name":"Aliados17","image":{"@type":"ImageObject","inLanguage":"es","@id":"https:\/\/www.aliadospuebla.com\/web2017\/wp-content\/uploads\/2025\/03\/cropped-para-perfil-8-anos-1-96x96.jpg","url":"https:\/\/www.aliadospuebla.com\/web2017\/wp-content\/uploads\/2025\/03\/cropped-para-perfil-8-anos-1-96x96.jpg","contentUrl":"https:\/\/www.aliadospuebla.com\/web2017\/wp-content\/uploads\/2025\/03\/cropped-para-perfil-8-anos-1-96x96.jpg","caption":"Aliados17"},"sameAs":["https:\/\/www.aliados17.com","https:\/\/www.facebook.com\/Aliados17Pue","https:\/\/x.com\/AliadosPuebla"],"url":"https:\/\/www.aliadospuebla.com\/?author=2"}]}},"views":10,"_links":{"self":[{"href":"https:\/\/www.aliadospuebla.com\/index.php?rest_route=\/wp\/v2\/posts\/98876","targetHints":{"allow":["GET"]}}],"collection":[{"href":"https:\/\/www.aliadospuebla.com\/index.php?rest_route=\/wp\/v2\/posts"}],"about":[{"href":"https:\/\/www.aliadospuebla.com\/index.php?rest_route=\/wp\/v2\/types\/post"}],"author":[{"embeddable":true,"href":"https:\/\/www.aliadospuebla.com\/index.php?rest_route=\/wp\/v2\/users\/2"}],"replies":[{"embeddable":true,"href":"https:\/\/www.aliadospuebla.com\/index.php?rest_route=%2Fwp%2Fv2%2Fcomments&post=98876"}],"version-history":[{"count":1,"href":"https:\/\/www.aliadospuebla.com\/index.php?rest_route=\/wp\/v2\/posts\/98876\/revisions"}],"predecessor-version":[{"id":98878,"href":"https:\/\/www.aliadospuebla.com\/index.php?rest_route=\/wp\/v2\/posts\/98876\/revisions\/98878"}],"wp:featuredmedia":[{"embeddable":true,"href":"https:\/\/www.aliadospuebla.com\/index.php?rest_route=\/wp\/v2\/media\/98877"}],"wp:attachment":[{"href":"https:\/\/www.aliadospuebla.com\/index.php?rest_route=%2Fwp%2Fv2%2Fmedia&parent=98876"}],"wp:term":[{"taxonomy":"category","embeddable":true,"href":"https:\/\/www.aliadospuebla.com\/index.php?rest_route=%2Fwp%2Fv2%2Fcategories&post=98876"},{"taxonomy":"post_tag","embeddable":true,"href":"https:\/\/www.aliadospuebla.com\/index.php?rest_route=%2Fwp%2Fv2%2Ftags&post=98876"}],"curies":[{"name":"wp","href":"https:\/\/api.w.org\/{rel}","templated":true}]}}