{"id":98772,"date":"2024-11-28T21:41:35","date_gmt":"2024-11-29T03:41:35","guid":{"rendered":"https:\/\/www.aliados17.com\/?p=98772"},"modified":"2024-11-28T21:41:35","modified_gmt":"2024-11-29T03:41:35","slug":"fortalece-gobierno-de-sergio-salomon-acceso-y-promocion-cultural","status":"publish","type":"post","link":"https:\/\/www.aliadospuebla.com\/?p=98772","title":{"rendered":"Fortalece gobierno de Sergio Salom\u00f3n acceso y promoci\u00f3n cultural"},"content":{"rendered":"<p style=\"font-weight: 400;\"><strong>CIUDAD DE PUEBLA, Pue. \u2013\u00a0<\/strong>Durante dos a\u00f1os de administraci\u00f3n, el gobierno presente de Sergio Salom\u00f3n, a trav\u00e9s de la Secretar\u00eda de<\/p>\n<p style=\"font-weight: 400;\">Cultura, encabez\u00f3 acciones estrat\u00e9gicas para promover la cultura como herramienta transformadora, capaz de fortalecer la identidad y<\/p>\n<p style=\"font-weight: 400;\">contribuir con el desarrollo sostenible, mediante una pol\u00edtica de gobierno, inclusiva y plural en la que participaron todos los sectores y<\/p>\n<p style=\"font-weight: 400;\">comunidades del estado, expuso el titular de la dependencia, Enrique Glockner Corte.<\/p>\n<p style=\"font-weight: 400;\">Al presentar los resultados de la Secretar\u00eda como parte el Segundo Informe de Labores del mandatario, el funcionario coment\u00f3 que la<\/p>\n<p style=\"font-weight: 400;\">dependencia foment\u00f3 el bienestar social mediante el desarrollo cultural y art\u00edstico, lo que garantiz\u00f3 el acceso al disfrute de bienes y servicios<\/p>\n<p style=\"font-weight: 400;\">culturales con la realizaci\u00f3n de m\u00e1s de 310 conciertos de las agrupaciones musicales pertenecientes a la dependencia, 67 presentaciones de<\/p>\n<p style=\"font-weight: 400;\">grupos art\u00edsticos poblanos, y otras actividades de diversas disciplinas como artes pl\u00e1sticas, literatura, teatro y danza.<\/p>\n<p style=\"font-weight: 400;\">Como parte de la iniciativa \u201c2024, A\u00f1o del Libro y la Lectura\u201d, decretada para impulsar la creaci\u00f3n literaria y el fomento a la lectura, dijo que<\/p>\n<p style=\"font-weight: 400;\">fueron organizadas ferias, festivales, charlas, presentaciones de libros y talleres literarios en bibliotecas p\u00fablicas y la Casa de la Cultura<\/p>\n<p style=\"font-weight: 400;\">\u201cProfesor Pedro \u00c1ngel Palou P\u00e9rez\u201d, entre otros espacios, lo que posicion\u00f3 a Puebla como el primer estado que le da un peso relevante.<\/p>\n<p style=\"font-weight: 400;\">En Museos Puebla, fueron gestionadas 133 exposiciones en los 21 recintos estatales; entre las m\u00e1s sobresalientes estuvieron \u201cMonocromo.<\/p>\n<p style=\"font-weight: 400;\">Evocaciones sobre el Barroco\u201d del acervo del Museo Reina Sof\u00eda de Espa\u00f1a, adem\u00e1s de actividades culturales y art\u00edsticas que llegaron a 2<\/p>\n<p style=\"font-weight: 400;\">millones 189 mil 359 personas.<\/p>\n<p style=\"font-weight: 400;\"><strong>Protege gobierno estatal identidad y memoria colectiva con preservaci\u00f3n del patrimonio<\/strong><\/p>\n<p style=\"font-weight: 400;\">Con base en la preservaci\u00f3n del patrimonio cultural para proteger la identidad y memoria colectiva en la entidad, se llev\u00f3 a cabo la<\/p>\n<p style=\"font-weight: 400;\">credencializaci\u00f3n de mil 841 artesanos y artesanas de m\u00e1s de 100 municipios, quienes participaron en capacitaciones y expoventas; digitaliz\u00f3<\/p>\n<p style=\"font-weight: 400;\">el acervo de la Hemeroteca P\u00fablica \u201cJuan Nepomuceno Troncoso\u201d, integr\u00e1ndolo al Gran Repositorio de Memoria Hist\u00f3rica y Cultura de<\/p>\n<p style=\"font-weight: 400;\">M\u00e9xico, \u201cMem\u00f3rica. M\u00e9xico, haz memoria\u201d.<\/p>\n<p style=\"font-weight: 400;\">Asimismo, la Secretar\u00eda de Cultura recuper\u00f3 espacios simb\u00f3licos como el que fue el Hospital Psiqui\u00e1trico para Mujeres \u201cSan Roque\u201d, \u201cLa<\/p>\n<p style=\"font-weight: 400;\">Guarida del Diablo\u201d en San Andr\u00e9s Cholula y la Planta Hidroel\u00e9ctrica \u201cLa Carmela\u201d; impuls\u00f3 las convocatorias \u201cTesoros Humanos Vivos\u201d y<\/p>\n<p style=\"font-weight: 400;\">\u201cLa Cultura del Sistema Milpa\u201d e implement\u00f3 el programa INDAUTOR ITINERANTE en la Universidad Interserrana del Estado de Puebla<\/p>\n<p style=\"font-weight: 400;\">(UIEPA), a fin de salvaguardar los derechos de autor en las comunidades.<\/p>\n<p style=\"font-weight: 400;\">A trav\u00e9s del Programa de Desarrollo Cultural Infantil \u201cAlas y Ra\u00edces\u201d fueron llevados a cabo proyectos art\u00edsticos y culturales que permitieron<\/p>\n<p style=\"font-weight: 400;\">la participaci\u00f3n de infancias y juventudes en la vida cultural, generando experiencias l\u00fadicas con el uso de lenguas originarias, bailes, m\u00fasica,<\/p>\n<p style=\"font-weight: 400;\">juegos y libros, a la vez de distintas manifestaciones art\u00edsticas como danza, artes visuales y cine; dirigidos principalmente en comunidades<\/p>\n<p style=\"font-weight: 400;\">ind\u00edgenas, hospitales pedi\u00e1tricos, albergues y municipios.<\/p>\n","protected":false},"excerpt":{"rendered":"<p>CIUDAD DE PUEBLA, Pue. \u2013\u00a0Durante dos a\u00f1os de administraci\u00f3n, el gobierno presente de Sergio Salom\u00f3n, a trav\u00e9s de la Secretar\u00eda de Cultura, encabez\u00f3 acciones estrat\u00e9gicas para promover la cultura como herramienta transformadora, capaz de fortalecer la identidad y contribuir con el desarrollo sostenible, mediante una pol\u00edtica de gobierno, inclusiva y plural en la que participaron todos los sectores y comunidades del estado, expuso el titular de la dependencia, Enrique Glockner Corte. Al presentar los resultados de la Secretar\u00eda como parte el Segundo Informe de Labores del mandatario, el funcionario coment\u00f3 que la dependencia foment\u00f3 el bienestar social mediante el desarrollo cultural y art\u00edstico, lo que garantiz\u00f3 el acceso al disfrute de bienes y servicios culturales con la realizaci\u00f3n de m\u00e1s de 310 conciertos de las&hellip;<\/p>\n<p class=\"excerpt-more\"><a class=\"blog-excerpt button\" href=\"https:\/\/www.aliadospuebla.com\/?p=98772\">Leer m\u00e1s&#8230;<\/a><\/p>\n","protected":false},"author":2,"featured_media":98783,"comment_status":"open","ping_status":"open","sticky":false,"template":"","format":"standard","meta":{"_monsterinsights_skip_tracking":false,"footnotes":""},"categories":[61],"tags":[653,23118,11026,10636,5244,8056,765,4386,251,2403,13188,45,3880,13158,17715,13795,13718,19795,14620,13467,13635,19794,63,19283,14621,13749,27,13508],"class_list":["post-98772","post","type-post","status-publish","format-standard","has-post-thumbnail","hentry","category-gobierno","tag-buap","tag-campana-politica","tag-ciudad-de-puebla","tag-estado-de-puebla","tag-gobernador-de-puebla","tag-gobierno-de-puebla","tag-imss","tag-imss-puebla","tag-pan","tag-partidos-politicos","tag-politica-puebla","tag-pri","tag-psi","tag-puebla-ciudad","tag-puebla-estado","tag-puebla-gobierno","tag-puebla-politica","tag-puebla-senadores","tag-puebla-udlap","tag-puebla-universidad","tag-puebla-universidades","tag-senadores-puebla","tag-udlap","tag-udlap-cholula","tag-udlap-puebla","tag-universidad-de-puebla","tag-upaep","tag-upaep-puebla"],"yoast_head":"<!-- This site is optimized with the Yoast SEO plugin v28.4 - https:\/\/yoast.com\/product\/yoast-seo-wordpress\/ -->\n<title>Fortalece gobierno de Sergio Salom\u00f3n acceso y promoci\u00f3n cultural - AliadosPuebla<\/title>\n<meta name=\"robots\" content=\"index, follow, max-snippet:-1, max-image-preview:large, max-video-preview:-1\" \/>\n<link rel=\"canonical\" href=\"https:\/\/www.aliadospuebla.com\/?p=98772\" \/>\n<meta property=\"og:locale\" content=\"es_ES\" \/>\n<meta property=\"og:type\" content=\"article\" \/>\n<meta property=\"og:title\" content=\"Fortalece gobierno de Sergio Salom\u00f3n acceso y promoci\u00f3n cultural - AliadosPuebla\" \/>\n<meta property=\"og:description\" content=\"CIUDAD DE PUEBLA, Pue. \u2013\u00a0Durante dos a\u00f1os de administraci\u00f3n, el gobierno presente de Sergio Salom\u00f3n, a trav\u00e9s de la Secretar\u00eda de Cultura, encabez\u00f3 acciones estrat\u00e9gicas para promover la cultura como herramienta transformadora, capaz de fortalecer la identidad y contribuir con el desarrollo sostenible, mediante una pol\u00edtica de gobierno, inclusiva y plural en la que participaron todos los sectores y comunidades del estado, expuso el titular de la dependencia, Enrique Glockner Corte. Al presentar los resultados de la Secretar\u00eda como parte el Segundo Informe de Labores del mandatario, el funcionario coment\u00f3 que la dependencia foment\u00f3 el bienestar social mediante el desarrollo cultural y art\u00edstico, lo que garantiz\u00f3 el acceso al disfrute de bienes y servicios culturales con la realizaci\u00f3n de m\u00e1s de 310 conciertos de las&hellip;Leer m\u00e1s...\" \/>\n<meta property=\"og:url\" content=\"https:\/\/www.aliadospuebla.com\/?p=98772\" \/>\n<meta property=\"og:site_name\" content=\"AliadosPuebla\" \/>\n<meta property=\"article:author\" content=\"https:\/\/www.facebook.com\/Aliados17Pue\" \/>\n<meta property=\"article:published_time\" content=\"2024-11-29T03:41:35+00:00\" \/>\n<meta property=\"og:image\" content=\"https:\/\/www.aliadospuebla.com\/web2017\/wp-content\/uploads\/2024\/11\/descarga-12.jpeg\" \/>\n\t<meta property=\"og:image:width\" content=\"1390\" \/>\n\t<meta property=\"og:image:height\" content=\"927\" \/>\n\t<meta property=\"og:image:type\" content=\"image\/jpeg\" \/>\n<meta name=\"author\" content=\"Aliados17\" \/>\n<meta name=\"twitter:card\" content=\"summary_large_image\" \/>\n<meta name=\"twitter:creator\" content=\"@AliadosPuebla\" \/>\n<meta name=\"twitter:label1\" content=\"Escrito por\" \/>\n\t<meta name=\"twitter:data1\" content=\"Aliados17\" \/>\n\t<meta name=\"twitter:label2\" content=\"Tiempo de lectura\" \/>\n\t<meta name=\"twitter:data2\" content=\"3 minutos\" \/>\n<script type=\"application\/ld+json\" class=\"yoast-schema-graph\">{\"@context\":\"https:\\\/\\\/schema.org\",\"@graph\":[{\"@type\":\"Article\",\"@id\":\"https:\\\/\\\/www.aliadospuebla.com\\\/?p=98772#article\",\"isPartOf\":{\"@id\":\"https:\\\/\\\/www.aliadospuebla.com\\\/?p=98772\"},\"author\":{\"name\":\"Aliados17\",\"@id\":\"https:\\\/\\\/www.aliadospuebla.com\\\/#\\\/schema\\\/person\\\/5da7dd09320bd4f392b710017ed5f8ad\"},\"headline\":\"Fortalece gobierno de Sergio Salom\u00f3n acceso y promoci\u00f3n cultural\",\"datePublished\":\"2024-11-29T03:41:35+00:00\",\"mainEntityOfPage\":{\"@id\":\"https:\\\/\\\/www.aliadospuebla.com\\\/?p=98772\"},\"wordCount\":527,\"commentCount\":0,\"image\":{\"@id\":\"https:\\\/\\\/www.aliadospuebla.com\\\/?p=98772#primaryimage\"},\"thumbnailUrl\":\"https:\\\/\\\/www.aliadospuebla.com\\\/web2017\\\/wp-content\\\/uploads\\\/2024\\\/11\\\/descarga-12.jpeg\",\"keywords\":[\"BUAP\",\"Campa\u00f1a politica\",\"CIUDAD DE PUEBLA\",\"ESTADO DE PUEBLA\",\"GOBERNADOR DE PUEBLA\",\"GOBIERNO DE PUEBLA\",\"IMSS\",\"IMSS PUEBLA\",\"PAN\",\"PARTIDOS POL\u00cdTICOS\",\"Politica Puebla\",\"PRI\",\"PSI\",\"Puebla Ciudad\",\"Puebla estado\",\"Puebla gobierno\",\"puebla politica\",\"Puebla Senadores\",\"Puebla UDLAP\",\"Puebla Universidad\",\"Puebla Universidades\",\"Senadores Puebla\",\"Udlap\",\"Udlap cholula\",\"UDLAP Puebla\",\"Universidad de Puebla\",\"UPAEP\",\"UPAEP Puebla\"],\"articleSection\":[\"Gobierno\"],\"inLanguage\":\"es\",\"potentialAction\":[{\"@type\":\"CommentAction\",\"name\":\"Comment\",\"target\":[\"https:\\\/\\\/www.aliadospuebla.com\\\/?p=98772#respond\"]}]},{\"@type\":\"WebPage\",\"@id\":\"https:\\\/\\\/www.aliadospuebla.com\\\/?p=98772\",\"url\":\"https:\\\/\\\/www.aliadospuebla.com\\\/?p=98772\",\"name\":\"Fortalece gobierno de Sergio Salom\u00f3n acceso y promoci\u00f3n cultural - AliadosPuebla\",\"isPartOf\":{\"@id\":\"https:\\\/\\\/www.aliadospuebla.com\\\/#website\"},\"primaryImageOfPage\":{\"@id\":\"https:\\\/\\\/www.aliadospuebla.com\\\/?p=98772#primaryimage\"},\"image\":{\"@id\":\"https:\\\/\\\/www.aliadospuebla.com\\\/?p=98772#primaryimage\"},\"thumbnailUrl\":\"https:\\\/\\\/www.aliadospuebla.com\\\/web2017\\\/wp-content\\\/uploads\\\/2024\\\/11\\\/descarga-12.jpeg\",\"datePublished\":\"2024-11-29T03:41:35+00:00\",\"author\":{\"@id\":\"https:\\\/\\\/www.aliadospuebla.com\\\/#\\\/schema\\\/person\\\/5da7dd09320bd4f392b710017ed5f8ad\"},\"breadcrumb\":{\"@id\":\"https:\\\/\\\/www.aliadospuebla.com\\\/?p=98772#breadcrumb\"},\"inLanguage\":\"es\",\"potentialAction\":[{\"@type\":\"ReadAction\",\"target\":[\"https:\\\/\\\/www.aliadospuebla.com\\\/?p=98772\"]}]},{\"@type\":\"ImageObject\",\"inLanguage\":\"es\",\"@id\":\"https:\\\/\\\/www.aliadospuebla.com\\\/?p=98772#primaryimage\",\"url\":\"https:\\\/\\\/www.aliadospuebla.com\\\/web2017\\\/wp-content\\\/uploads\\\/2024\\\/11\\\/descarga-12.jpeg\",\"contentUrl\":\"https:\\\/\\\/www.aliadospuebla.com\\\/web2017\\\/wp-content\\\/uploads\\\/2024\\\/11\\\/descarga-12.jpeg\",\"width\":1390,\"height\":927},{\"@type\":\"BreadcrumbList\",\"@id\":\"https:\\\/\\\/www.aliadospuebla.com\\\/?p=98772#breadcrumb\",\"itemListElement\":[{\"@type\":\"ListItem\",\"position\":1,\"name\":\"Portada\",\"item\":\"https:\\\/\\\/www.aliadospuebla.com\\\/\"},{\"@type\":\"ListItem\",\"position\":2,\"name\":\"Fortalece gobierno de Sergio Salom\u00f3n acceso y promoci\u00f3n cultural\"}]},{\"@type\":\"WebSite\",\"@id\":\"https:\\\/\\\/www.aliadospuebla.com\\\/#website\",\"url\":\"https:\\\/\\\/www.aliadospuebla.com\\\/\",\"name\":\"AliadosPuebla\",\"description\":\"La informaci\u00f3n en tus manos\",\"potentialAction\":[{\"@type\":\"SearchAction\",\"target\":{\"@type\":\"EntryPoint\",\"urlTemplate\":\"https:\\\/\\\/www.aliadospuebla.com\\\/?s={search_term_string}\"},\"query-input\":{\"@type\":\"PropertyValueSpecification\",\"valueRequired\":true,\"valueName\":\"search_term_string\"}}],\"inLanguage\":\"es\"},{\"@type\":\"Person\",\"@id\":\"https:\\\/\\\/www.aliadospuebla.com\\\/#\\\/schema\\\/person\\\/5da7dd09320bd4f392b710017ed5f8ad\",\"name\":\"Aliados17\",\"image\":{\"@type\":\"ImageObject\",\"inLanguage\":\"es\",\"@id\":\"https:\\\/\\\/www.aliadospuebla.com\\\/web2017\\\/wp-content\\\/uploads\\\/2025\\\/03\\\/cropped-para-perfil-8-anos-1-96x96.jpg\",\"url\":\"https:\\\/\\\/www.aliadospuebla.com\\\/web2017\\\/wp-content\\\/uploads\\\/2025\\\/03\\\/cropped-para-perfil-8-anos-1-96x96.jpg\",\"contentUrl\":\"https:\\\/\\\/www.aliadospuebla.com\\\/web2017\\\/wp-content\\\/uploads\\\/2025\\\/03\\\/cropped-para-perfil-8-anos-1-96x96.jpg\",\"caption\":\"Aliados17\"},\"sameAs\":[\"https:\\\/\\\/www.aliados17.com\",\"https:\\\/\\\/www.facebook.com\\\/Aliados17Pue\",\"https:\\\/\\\/x.com\\\/AliadosPuebla\"],\"url\":\"https:\\\/\\\/www.aliadospuebla.com\\\/?author=2\"}]}<\/script>\n<!-- \/ Yoast SEO plugin. -->","yoast_head_json":{"title":"Fortalece gobierno de Sergio Salom\u00f3n acceso y promoci\u00f3n cultural - AliadosPuebla","robots":{"index":"index","follow":"follow","max-snippet":"max-snippet:-1","max-image-preview":"max-image-preview:large","max-video-preview":"max-video-preview:-1"},"canonical":"https:\/\/www.aliadospuebla.com\/?p=98772","og_locale":"es_ES","og_type":"article","og_title":"Fortalece gobierno de Sergio Salom\u00f3n acceso y promoci\u00f3n cultural - AliadosPuebla","og_description":"CIUDAD DE PUEBLA, Pue. \u2013\u00a0Durante dos a\u00f1os de administraci\u00f3n, el gobierno presente de Sergio Salom\u00f3n, a trav\u00e9s de la Secretar\u00eda de Cultura, encabez\u00f3 acciones estrat\u00e9gicas para promover la cultura como herramienta transformadora, capaz de fortalecer la identidad y contribuir con el desarrollo sostenible, mediante una pol\u00edtica de gobierno, inclusiva y plural en la que participaron todos los sectores y comunidades del estado, expuso el titular de la dependencia, Enrique Glockner Corte. Al presentar los resultados de la Secretar\u00eda como parte el Segundo Informe de Labores del mandatario, el funcionario coment\u00f3 que la dependencia foment\u00f3 el bienestar social mediante el desarrollo cultural y art\u00edstico, lo que garantiz\u00f3 el acceso al disfrute de bienes y servicios culturales con la realizaci\u00f3n de m\u00e1s de 310 conciertos de las&hellip;Leer m\u00e1s...","og_url":"https:\/\/www.aliadospuebla.com\/?p=98772","og_site_name":"AliadosPuebla","article_author":"https:\/\/www.facebook.com\/Aliados17Pue","article_published_time":"2024-11-29T03:41:35+00:00","og_image":[{"width":1390,"height":927,"url":"https:\/\/www.aliadospuebla.com\/web2017\/wp-content\/uploads\/2024\/11\/descarga-12.jpeg","type":"image\/jpeg"}],"author":"Aliados17","twitter_card":"summary_large_image","twitter_creator":"@AliadosPuebla","twitter_misc":{"Escrito por":"Aliados17","Tiempo de lectura":"3 minutos"},"schema":{"@context":"https:\/\/schema.org","@graph":[{"@type":"Article","@id":"https:\/\/www.aliadospuebla.com\/?p=98772#article","isPartOf":{"@id":"https:\/\/www.aliadospuebla.com\/?p=98772"},"author":{"name":"Aliados17","@id":"https:\/\/www.aliadospuebla.com\/#\/schema\/person\/5da7dd09320bd4f392b710017ed5f8ad"},"headline":"Fortalece gobierno de Sergio Salom\u00f3n acceso y promoci\u00f3n cultural","datePublished":"2024-11-29T03:41:35+00:00","mainEntityOfPage":{"@id":"https:\/\/www.aliadospuebla.com\/?p=98772"},"wordCount":527,"commentCount":0,"image":{"@id":"https:\/\/www.aliadospuebla.com\/?p=98772#primaryimage"},"thumbnailUrl":"https:\/\/www.aliadospuebla.com\/web2017\/wp-content\/uploads\/2024\/11\/descarga-12.jpeg","keywords":["BUAP","Campa\u00f1a politica","CIUDAD DE PUEBLA","ESTADO DE PUEBLA","GOBERNADOR DE PUEBLA","GOBIERNO DE PUEBLA","IMSS","IMSS PUEBLA","PAN","PARTIDOS POL\u00cdTICOS","Politica Puebla","PRI","PSI","Puebla Ciudad","Puebla estado","Puebla gobierno","puebla politica","Puebla Senadores","Puebla UDLAP","Puebla Universidad","Puebla Universidades","Senadores Puebla","Udlap","Udlap cholula","UDLAP Puebla","Universidad de Puebla","UPAEP","UPAEP Puebla"],"articleSection":["Gobierno"],"inLanguage":"es","potentialAction":[{"@type":"CommentAction","name":"Comment","target":["https:\/\/www.aliadospuebla.com\/?p=98772#respond"]}]},{"@type":"WebPage","@id":"https:\/\/www.aliadospuebla.com\/?p=98772","url":"https:\/\/www.aliadospuebla.com\/?p=98772","name":"Fortalece gobierno de Sergio Salom\u00f3n acceso y promoci\u00f3n cultural - AliadosPuebla","isPartOf":{"@id":"https:\/\/www.aliadospuebla.com\/#website"},"primaryImageOfPage":{"@id":"https:\/\/www.aliadospuebla.com\/?p=98772#primaryimage"},"image":{"@id":"https:\/\/www.aliadospuebla.com\/?p=98772#primaryimage"},"thumbnailUrl":"https:\/\/www.aliadospuebla.com\/web2017\/wp-content\/uploads\/2024\/11\/descarga-12.jpeg","datePublished":"2024-11-29T03:41:35+00:00","author":{"@id":"https:\/\/www.aliadospuebla.com\/#\/schema\/person\/5da7dd09320bd4f392b710017ed5f8ad"},"breadcrumb":{"@id":"https:\/\/www.aliadospuebla.com\/?p=98772#breadcrumb"},"inLanguage":"es","potentialAction":[{"@type":"ReadAction","target":["https:\/\/www.aliadospuebla.com\/?p=98772"]}]},{"@type":"ImageObject","inLanguage":"es","@id":"https:\/\/www.aliadospuebla.com\/?p=98772#primaryimage","url":"https:\/\/www.aliadospuebla.com\/web2017\/wp-content\/uploads\/2024\/11\/descarga-12.jpeg","contentUrl":"https:\/\/www.aliadospuebla.com\/web2017\/wp-content\/uploads\/2024\/11\/descarga-12.jpeg","width":1390,"height":927},{"@type":"BreadcrumbList","@id":"https:\/\/www.aliadospuebla.com\/?p=98772#breadcrumb","itemListElement":[{"@type":"ListItem","position":1,"name":"Portada","item":"https:\/\/www.aliadospuebla.com\/"},{"@type":"ListItem","position":2,"name":"Fortalece gobierno de Sergio Salom\u00f3n acceso y promoci\u00f3n cultural"}]},{"@type":"WebSite","@id":"https:\/\/www.aliadospuebla.com\/#website","url":"https:\/\/www.aliadospuebla.com\/","name":"AliadosPuebla","description":"La informaci\u00f3n en tus manos","potentialAction":[{"@type":"SearchAction","target":{"@type":"EntryPoint","urlTemplate":"https:\/\/www.aliadospuebla.com\/?s={search_term_string}"},"query-input":{"@type":"PropertyValueSpecification","valueRequired":true,"valueName":"search_term_string"}}],"inLanguage":"es"},{"@type":"Person","@id":"https:\/\/www.aliadospuebla.com\/#\/schema\/person\/5da7dd09320bd4f392b710017ed5f8ad","name":"Aliados17","image":{"@type":"ImageObject","inLanguage":"es","@id":"https:\/\/www.aliadospuebla.com\/web2017\/wp-content\/uploads\/2025\/03\/cropped-para-perfil-8-anos-1-96x96.jpg","url":"https:\/\/www.aliadospuebla.com\/web2017\/wp-content\/uploads\/2025\/03\/cropped-para-perfil-8-anos-1-96x96.jpg","contentUrl":"https:\/\/www.aliadospuebla.com\/web2017\/wp-content\/uploads\/2025\/03\/cropped-para-perfil-8-anos-1-96x96.jpg","caption":"Aliados17"},"sameAs":["https:\/\/www.aliados17.com","https:\/\/www.facebook.com\/Aliados17Pue","https:\/\/x.com\/AliadosPuebla"],"url":"https:\/\/www.aliadospuebla.com\/?author=2"}]}},"views":30,"_links":{"self":[{"href":"https:\/\/www.aliadospuebla.com\/index.php?rest_route=\/wp\/v2\/posts\/98772","targetHints":{"allow":["GET"]}}],"collection":[{"href":"https:\/\/www.aliadospuebla.com\/index.php?rest_route=\/wp\/v2\/posts"}],"about":[{"href":"https:\/\/www.aliadospuebla.com\/index.php?rest_route=\/wp\/v2\/types\/post"}],"author":[{"embeddable":true,"href":"https:\/\/www.aliadospuebla.com\/index.php?rest_route=\/wp\/v2\/users\/2"}],"replies":[{"embeddable":true,"href":"https:\/\/www.aliadospuebla.com\/index.php?rest_route=%2Fwp%2Fv2%2Fcomments&post=98772"}],"version-history":[{"count":1,"href":"https:\/\/www.aliadospuebla.com\/index.php?rest_route=\/wp\/v2\/posts\/98772\/revisions"}],"predecessor-version":[{"id":98787,"href":"https:\/\/www.aliadospuebla.com\/index.php?rest_route=\/wp\/v2\/posts\/98772\/revisions\/98787"}],"wp:featuredmedia":[{"embeddable":true,"href":"https:\/\/www.aliadospuebla.com\/index.php?rest_route=\/wp\/v2\/media\/98783"}],"wp:attachment":[{"href":"https:\/\/www.aliadospuebla.com\/index.php?rest_route=%2Fwp%2Fv2%2Fmedia&parent=98772"}],"wp:term":[{"taxonomy":"category","embeddable":true,"href":"https:\/\/www.aliadospuebla.com\/index.php?rest_route=%2Fwp%2Fv2%2Fcategories&post=98772"},{"taxonomy":"post_tag","embeddable":true,"href":"https:\/\/www.aliadospuebla.com\/index.php?rest_route=%2Fwp%2Fv2%2Ftags&post=98772"}],"curies":[{"name":"wp","href":"https:\/\/api.w.org\/{rel}","templated":true}]}}