{"id":98751,"date":"2024-11-28T21:16:59","date_gmt":"2024-11-29T03:16:59","guid":{"rendered":"https:\/\/www.aliados17.com\/?p=98751"},"modified":"2024-11-28T21:16:59","modified_gmt":"2024-11-29T03:16:59","slug":"cada-accion-del-gobierno-esta-entregada-a-las-causas-mas-nobles-y-a-los-mas-vulnerables-omar-munoz","status":"publish","type":"post","link":"https:\/\/www.aliadospuebla.com\/?p=98751","title":{"rendered":"CADA ACCI\u00d3N DEL GOBIERNO EST\u00c1 ENTREGADA A LAS CAUSAS M\u00c1S NOBLES Y A LOS M\u00c1S VULNERABLES: OMAR MU\u00d1OZ"},"content":{"rendered":"<h4>Encabez\u00f3 la entrega de despensas del Programa de Atenci\u00f3n Alimentaria a Grupos Prioritarios<\/h4>\n<p>*Agradeci\u00f3 al Gobierno del Estado por su disposici\u00f3n para trabajar en conjunto con el municipio en favor de los m\u00e1s necesitados<\/p>\n<p>CUAUTLANCINGO, PUE. \u201cCada acci\u00f3n que se realiza desde el gobierno del estado y del municipal,<\/p>\n<p>est\u00e1 entregada a las causas m\u00e1s nobles y a la gente m\u00e1s vulnerable y ese es el compromiso firme<\/p>\n<p>que tenemos como sociedad, comunidad y entidad gubernamental\u201d, refiri\u00f3 Omar Mu\u00f1oz,<\/p>\n<p>alcalde de Cuautlancingo, durante la entrega de despensas del Programa de Atenci\u00f3n Alimentaria a Grupos Prioritarios.<\/p>\n<p>Agradeci\u00f3 al gobierno estatal por su disposici\u00f3n y voluntad para trabajar de manera conjunta con el municipio,<\/p>\n<p>porque el proceso de transformaci\u00f3n se va construyendo entre los tomadores de decisiones en beneficio de los habitantes.<\/p>\n<p>El edil asegur\u00f3 a los beneficiarios que durante su gesti\u00f3n estar\u00e1n al pie del ca\u00f1\u00f3n<\/p>\n<p>y se buscar\u00e1 bajar todos los recursos posibles porque son prioridad para la localidad,<\/p>\n<p>\u201caunque nuestro municipio es de los que tiene mayor crecimiento econ\u00f3mico a nivel estatal,<\/p>\n<p>tambi\u00e9n tiene rezago y como todo gobernante comprometido con su pueblo, me duele que haya gente en situaci\u00f3n de vulnerabilidad\u201d.<\/p>\n<p>\u201cNuestro expresidente de la Rep\u00fablica, Andr\u00e9s Manuel L\u00f3pez Obrador, dej\u00f3 un legado muy importante: por el bien de todos primero los pobres y yo en campa\u00f1a tambi\u00e9n sostuve que por el bien de Cuautlancingo primero los m\u00e1s necesitados, por eso encuentros como el de hoy ser\u00e1n recurrentes para poder generar una conexi\u00f3n amable y generosa con ustedes, quienes no me han abandonado y yo tampoco lo voy a hacer; nunca soltaron el proyecto que represento y yo no los voy a soltar\u201d, concluy\u00f3.<\/p>\n<p>En su intervenci\u00f3n, la Presidenta del DIF Municipal de Cuautlancingo, Tere Alfaro, reiter\u00f3 su vocaci\u00f3n de servicio en favor de los ciudadanos, \u201custedes son lo m\u00e1s especial que tenemos; no duden que vamos a hacer todo lo que est\u00e9 en nuestras manos para traerles los programas sociales que requieren y que siempre recibir\u00e1n de nuestra parte el trato digno que se merecen\u201d.<\/p>\n","protected":false},"excerpt":{"rendered":"<p>Encabez\u00f3 la entrega de despensas del Programa de Atenci\u00f3n Alimentaria a Grupos Prioritarios *Agradeci\u00f3 al Gobierno del Estado por su disposici\u00f3n para trabajar en conjunto con el municipio en favor de los m\u00e1s necesitados CUAUTLANCINGO, PUE. \u201cCada acci\u00f3n que se realiza desde el gobierno del estado y del municipal, est\u00e1 entregada a las causas m\u00e1s nobles y a la gente m\u00e1s vulnerable y ese es el compromiso firme que tenemos como sociedad, comunidad y entidad gubernamental\u201d, refiri\u00f3 Omar Mu\u00f1oz, alcalde de Cuautlancingo, durante la entrega de despensas del Programa de Atenci\u00f3n Alimentaria a Grupos Prioritarios. Agradeci\u00f3 al gobierno estatal por su disposici\u00f3n y voluntad para trabajar de manera conjunta con el municipio, porque el proceso de transformaci\u00f3n se va construyendo entre los tomadores de decisiones&hellip;<\/p>\n<p class=\"excerpt-more\"><a class=\"blog-excerpt button\" href=\"https:\/\/www.aliadospuebla.com\/?p=98751\">Leer m\u00e1s&#8230;<\/a><\/p>\n","protected":false},"author":2,"featured_media":98758,"comment_status":"open","ping_status":"open","sticky":false,"template":"","format":"standard","meta":{"_monsterinsights_skip_tracking":false,"footnotes":""},"categories":[4],"tags":[18,383,3298,23349,25814,25039],"class_list":["post-98751","post","type-post","status-publish","format-standard","has-post-thumbnail","hentry","category-municipios","tag-cuautlancingo","tag-dif-municipal","tag-entrega-de-despensas","tag-omar-munoz","tag-programa-de-atencion-alimentaria-a-grupos-prioritarios","tag-tere-alfaro"],"yoast_head":"<!-- This site is optimized with the Yoast SEO plugin v28.4 - https:\/\/yoast.com\/product\/yoast-seo-wordpress\/ -->\n<title>CADA ACCI\u00d3N DEL GOBIERNO EST\u00c1 ENTREGADA A LAS CAUSAS M\u00c1S NOBLES Y A LOS M\u00c1S VULNERABLES: OMAR MU\u00d1OZ - AliadosPuebla<\/title>\n<meta name=\"robots\" content=\"index, follow, max-snippet:-1, max-image-preview:large, max-video-preview:-1\" \/>\n<link rel=\"canonical\" href=\"https:\/\/www.aliadospuebla.com\/?p=98751\" \/>\n<meta property=\"og:locale\" content=\"es_ES\" \/>\n<meta property=\"og:type\" content=\"article\" \/>\n<meta property=\"og:title\" content=\"CADA ACCI\u00d3N DEL GOBIERNO EST\u00c1 ENTREGADA A LAS CAUSAS M\u00c1S NOBLES Y A LOS M\u00c1S VULNERABLES: OMAR MU\u00d1OZ - AliadosPuebla\" \/>\n<meta property=\"og:description\" content=\"Encabez\u00f3 la entrega de despensas del Programa de Atenci\u00f3n Alimentaria a Grupos Prioritarios *Agradeci\u00f3 al Gobierno del Estado por su disposici\u00f3n para trabajar en conjunto con el municipio en favor de los m\u00e1s necesitados CUAUTLANCINGO, PUE. \u201cCada acci\u00f3n que se realiza desde el gobierno del estado y del municipal, est\u00e1 entregada a las causas m\u00e1s nobles y a la gente m\u00e1s vulnerable y ese es el compromiso firme que tenemos como sociedad, comunidad y entidad gubernamental\u201d, refiri\u00f3 Omar Mu\u00f1oz, alcalde de Cuautlancingo, durante la entrega de despensas del Programa de Atenci\u00f3n Alimentaria a Grupos Prioritarios. Agradeci\u00f3 al gobierno estatal por su disposici\u00f3n y voluntad para trabajar de manera conjunta con el municipio, porque el proceso de transformaci\u00f3n se va construyendo entre los tomadores de decisiones&hellip;Leer m\u00e1s...\" \/>\n<meta property=\"og:url\" content=\"https:\/\/www.aliadospuebla.com\/?p=98751\" \/>\n<meta property=\"og:site_name\" content=\"AliadosPuebla\" \/>\n<meta property=\"article:author\" content=\"https:\/\/www.facebook.com\/Aliados17Pue\" \/>\n<meta property=\"article:published_time\" content=\"2024-11-29T03:16:59+00:00\" \/>\n<meta property=\"og:image\" content=\"https:\/\/www.aliadospuebla.com\/web2017\/wp-content\/uploads\/2024\/11\/1616.jpg\" \/>\n\t<meta property=\"og:image:width\" content=\"600\" \/>\n\t<meta property=\"og:image:height\" content=\"450\" \/>\n\t<meta property=\"og:image:type\" content=\"image\/jpeg\" \/>\n<meta name=\"author\" content=\"Aliados17\" \/>\n<meta name=\"twitter:card\" content=\"summary_large_image\" \/>\n<meta name=\"twitter:creator\" content=\"@AliadosPuebla\" \/>\n<meta name=\"twitter:label1\" content=\"Escrito por\" \/>\n\t<meta name=\"twitter:data1\" content=\"Aliados17\" \/>\n\t<meta name=\"twitter:label2\" content=\"Tiempo de lectura\" \/>\n\t<meta name=\"twitter:data2\" content=\"2 minutos\" \/>\n<script type=\"application\/ld+json\" class=\"yoast-schema-graph\">{\"@context\":\"https:\\\/\\\/schema.org\",\"@graph\":[{\"@type\":\"Article\",\"@id\":\"https:\\\/\\\/www.aliadospuebla.com\\\/?p=98751#article\",\"isPartOf\":{\"@id\":\"https:\\\/\\\/www.aliadospuebla.com\\\/?p=98751\"},\"author\":{\"name\":\"Aliados17\",\"@id\":\"https:\\\/\\\/www.aliadospuebla.com\\\/#\\\/schema\\\/person\\\/5da7dd09320bd4f392b710017ed5f8ad\"},\"headline\":\"CADA ACCI\u00d3N DEL GOBIERNO EST\u00c1 ENTREGADA A LAS CAUSAS M\u00c1S NOBLES Y A LOS M\u00c1S VULNERABLES: OMAR MU\u00d1OZ\",\"datePublished\":\"2024-11-29T03:16:59+00:00\",\"mainEntityOfPage\":{\"@id\":\"https:\\\/\\\/www.aliadospuebla.com\\\/?p=98751\"},\"wordCount\":388,\"commentCount\":0,\"image\":{\"@id\":\"https:\\\/\\\/www.aliadospuebla.com\\\/?p=98751#primaryimage\"},\"thumbnailUrl\":\"https:\\\/\\\/www.aliadospuebla.com\\\/web2017\\\/wp-content\\\/uploads\\\/2024\\\/11\\\/1616.jpg\",\"keywords\":[\"Cuautlancingo\",\"DIF MUNICIPAL\",\"ENTREGA DE DESPENSAS\",\"Omar Mu\u00f1oz\",\"Programa de Atenci\u00f3n Alimentaria a Grupos Prioritarios\",\"Tere Alfaro\"],\"articleSection\":[\"Municipios\"],\"inLanguage\":\"es\",\"potentialAction\":[{\"@type\":\"CommentAction\",\"name\":\"Comment\",\"target\":[\"https:\\\/\\\/www.aliadospuebla.com\\\/?p=98751#respond\"]}]},{\"@type\":\"WebPage\",\"@id\":\"https:\\\/\\\/www.aliadospuebla.com\\\/?p=98751\",\"url\":\"https:\\\/\\\/www.aliadospuebla.com\\\/?p=98751\",\"name\":\"CADA ACCI\u00d3N DEL GOBIERNO EST\u00c1 ENTREGADA A LAS CAUSAS M\u00c1S NOBLES Y A LOS M\u00c1S VULNERABLES: OMAR MU\u00d1OZ - AliadosPuebla\",\"isPartOf\":{\"@id\":\"https:\\\/\\\/www.aliadospuebla.com\\\/#website\"},\"primaryImageOfPage\":{\"@id\":\"https:\\\/\\\/www.aliadospuebla.com\\\/?p=98751#primaryimage\"},\"image\":{\"@id\":\"https:\\\/\\\/www.aliadospuebla.com\\\/?p=98751#primaryimage\"},\"thumbnailUrl\":\"https:\\\/\\\/www.aliadospuebla.com\\\/web2017\\\/wp-content\\\/uploads\\\/2024\\\/11\\\/1616.jpg\",\"datePublished\":\"2024-11-29T03:16:59+00:00\",\"author\":{\"@id\":\"https:\\\/\\\/www.aliadospuebla.com\\\/#\\\/schema\\\/person\\\/5da7dd09320bd4f392b710017ed5f8ad\"},\"breadcrumb\":{\"@id\":\"https:\\\/\\\/www.aliadospuebla.com\\\/?p=98751#breadcrumb\"},\"inLanguage\":\"es\",\"potentialAction\":[{\"@type\":\"ReadAction\",\"target\":[\"https:\\\/\\\/www.aliadospuebla.com\\\/?p=98751\"]}]},{\"@type\":\"ImageObject\",\"inLanguage\":\"es\",\"@id\":\"https:\\\/\\\/www.aliadospuebla.com\\\/?p=98751#primaryimage\",\"url\":\"https:\\\/\\\/www.aliadospuebla.com\\\/web2017\\\/wp-content\\\/uploads\\\/2024\\\/11\\\/1616.jpg\",\"contentUrl\":\"https:\\\/\\\/www.aliadospuebla.com\\\/web2017\\\/wp-content\\\/uploads\\\/2024\\\/11\\\/1616.jpg\",\"width\":600,\"height\":450},{\"@type\":\"BreadcrumbList\",\"@id\":\"https:\\\/\\\/www.aliadospuebla.com\\\/?p=98751#breadcrumb\",\"itemListElement\":[{\"@type\":\"ListItem\",\"position\":1,\"name\":\"Portada\",\"item\":\"https:\\\/\\\/www.aliadospuebla.com\\\/\"},{\"@type\":\"ListItem\",\"position\":2,\"name\":\"CADA ACCI\u00d3N DEL GOBIERNO EST\u00c1 ENTREGADA A LAS CAUSAS M\u00c1S NOBLES Y A LOS M\u00c1S VULNERABLES: OMAR MU\u00d1OZ\"}]},{\"@type\":\"WebSite\",\"@id\":\"https:\\\/\\\/www.aliadospuebla.com\\\/#website\",\"url\":\"https:\\\/\\\/www.aliadospuebla.com\\\/\",\"name\":\"AliadosPuebla\",\"description\":\"La informaci\u00f3n en tus manos\",\"potentialAction\":[{\"@type\":\"SearchAction\",\"target\":{\"@type\":\"EntryPoint\",\"urlTemplate\":\"https:\\\/\\\/www.aliadospuebla.com\\\/?s={search_term_string}\"},\"query-input\":{\"@type\":\"PropertyValueSpecification\",\"valueRequired\":true,\"valueName\":\"search_term_string\"}}],\"inLanguage\":\"es\"},{\"@type\":\"Person\",\"@id\":\"https:\\\/\\\/www.aliadospuebla.com\\\/#\\\/schema\\\/person\\\/5da7dd09320bd4f392b710017ed5f8ad\",\"name\":\"Aliados17\",\"image\":{\"@type\":\"ImageObject\",\"inLanguage\":\"es\",\"@id\":\"https:\\\/\\\/www.aliadospuebla.com\\\/web2017\\\/wp-content\\\/uploads\\\/2025\\\/03\\\/cropped-para-perfil-8-anos-1-96x96.jpg\",\"url\":\"https:\\\/\\\/www.aliadospuebla.com\\\/web2017\\\/wp-content\\\/uploads\\\/2025\\\/03\\\/cropped-para-perfil-8-anos-1-96x96.jpg\",\"contentUrl\":\"https:\\\/\\\/www.aliadospuebla.com\\\/web2017\\\/wp-content\\\/uploads\\\/2025\\\/03\\\/cropped-para-perfil-8-anos-1-96x96.jpg\",\"caption\":\"Aliados17\"},\"sameAs\":[\"https:\\\/\\\/www.aliados17.com\",\"https:\\\/\\\/www.facebook.com\\\/Aliados17Pue\",\"https:\\\/\\\/x.com\\\/AliadosPuebla\"],\"url\":\"https:\\\/\\\/www.aliadospuebla.com\\\/?author=2\"}]}<\/script>\n<!-- \/ Yoast SEO plugin. -->","yoast_head_json":{"title":"CADA ACCI\u00d3N DEL GOBIERNO EST\u00c1 ENTREGADA A LAS CAUSAS M\u00c1S NOBLES Y A LOS M\u00c1S VULNERABLES: OMAR MU\u00d1OZ - AliadosPuebla","robots":{"index":"index","follow":"follow","max-snippet":"max-snippet:-1","max-image-preview":"max-image-preview:large","max-video-preview":"max-video-preview:-1"},"canonical":"https:\/\/www.aliadospuebla.com\/?p=98751","og_locale":"es_ES","og_type":"article","og_title":"CADA ACCI\u00d3N DEL GOBIERNO EST\u00c1 ENTREGADA A LAS CAUSAS M\u00c1S NOBLES Y A LOS M\u00c1S VULNERABLES: OMAR MU\u00d1OZ - AliadosPuebla","og_description":"Encabez\u00f3 la entrega de despensas del Programa de Atenci\u00f3n Alimentaria a Grupos Prioritarios *Agradeci\u00f3 al Gobierno del Estado por su disposici\u00f3n para trabajar en conjunto con el municipio en favor de los m\u00e1s necesitados CUAUTLANCINGO, PUE. \u201cCada acci\u00f3n que se realiza desde el gobierno del estado y del municipal, est\u00e1 entregada a las causas m\u00e1s nobles y a la gente m\u00e1s vulnerable y ese es el compromiso firme que tenemos como sociedad, comunidad y entidad gubernamental\u201d, refiri\u00f3 Omar Mu\u00f1oz, alcalde de Cuautlancingo, durante la entrega de despensas del Programa de Atenci\u00f3n Alimentaria a Grupos Prioritarios. Agradeci\u00f3 al gobierno estatal por su disposici\u00f3n y voluntad para trabajar de manera conjunta con el municipio, porque el proceso de transformaci\u00f3n se va construyendo entre los tomadores de decisiones&hellip;Leer m\u00e1s...","og_url":"https:\/\/www.aliadospuebla.com\/?p=98751","og_site_name":"AliadosPuebla","article_author":"https:\/\/www.facebook.com\/Aliados17Pue","article_published_time":"2024-11-29T03:16:59+00:00","og_image":[{"width":600,"height":450,"url":"https:\/\/www.aliadospuebla.com\/web2017\/wp-content\/uploads\/2024\/11\/1616.jpg","type":"image\/jpeg"}],"author":"Aliados17","twitter_card":"summary_large_image","twitter_creator":"@AliadosPuebla","twitter_misc":{"Escrito por":"Aliados17","Tiempo de lectura":"2 minutos"},"schema":{"@context":"https:\/\/schema.org","@graph":[{"@type":"Article","@id":"https:\/\/www.aliadospuebla.com\/?p=98751#article","isPartOf":{"@id":"https:\/\/www.aliadospuebla.com\/?p=98751"},"author":{"name":"Aliados17","@id":"https:\/\/www.aliadospuebla.com\/#\/schema\/person\/5da7dd09320bd4f392b710017ed5f8ad"},"headline":"CADA ACCI\u00d3N DEL GOBIERNO EST\u00c1 ENTREGADA A LAS CAUSAS M\u00c1S NOBLES Y A LOS M\u00c1S VULNERABLES: OMAR MU\u00d1OZ","datePublished":"2024-11-29T03:16:59+00:00","mainEntityOfPage":{"@id":"https:\/\/www.aliadospuebla.com\/?p=98751"},"wordCount":388,"commentCount":0,"image":{"@id":"https:\/\/www.aliadospuebla.com\/?p=98751#primaryimage"},"thumbnailUrl":"https:\/\/www.aliadospuebla.com\/web2017\/wp-content\/uploads\/2024\/11\/1616.jpg","keywords":["Cuautlancingo","DIF MUNICIPAL","ENTREGA DE DESPENSAS","Omar Mu\u00f1oz","Programa de Atenci\u00f3n Alimentaria a Grupos Prioritarios","Tere Alfaro"],"articleSection":["Municipios"],"inLanguage":"es","potentialAction":[{"@type":"CommentAction","name":"Comment","target":["https:\/\/www.aliadospuebla.com\/?p=98751#respond"]}]},{"@type":"WebPage","@id":"https:\/\/www.aliadospuebla.com\/?p=98751","url":"https:\/\/www.aliadospuebla.com\/?p=98751","name":"CADA ACCI\u00d3N DEL GOBIERNO EST\u00c1 ENTREGADA A LAS CAUSAS M\u00c1S NOBLES Y A LOS M\u00c1S VULNERABLES: OMAR MU\u00d1OZ - AliadosPuebla","isPartOf":{"@id":"https:\/\/www.aliadospuebla.com\/#website"},"primaryImageOfPage":{"@id":"https:\/\/www.aliadospuebla.com\/?p=98751#primaryimage"},"image":{"@id":"https:\/\/www.aliadospuebla.com\/?p=98751#primaryimage"},"thumbnailUrl":"https:\/\/www.aliadospuebla.com\/web2017\/wp-content\/uploads\/2024\/11\/1616.jpg","datePublished":"2024-11-29T03:16:59+00:00","author":{"@id":"https:\/\/www.aliadospuebla.com\/#\/schema\/person\/5da7dd09320bd4f392b710017ed5f8ad"},"breadcrumb":{"@id":"https:\/\/www.aliadospuebla.com\/?p=98751#breadcrumb"},"inLanguage":"es","potentialAction":[{"@type":"ReadAction","target":["https:\/\/www.aliadospuebla.com\/?p=98751"]}]},{"@type":"ImageObject","inLanguage":"es","@id":"https:\/\/www.aliadospuebla.com\/?p=98751#primaryimage","url":"https:\/\/www.aliadospuebla.com\/web2017\/wp-content\/uploads\/2024\/11\/1616.jpg","contentUrl":"https:\/\/www.aliadospuebla.com\/web2017\/wp-content\/uploads\/2024\/11\/1616.jpg","width":600,"height":450},{"@type":"BreadcrumbList","@id":"https:\/\/www.aliadospuebla.com\/?p=98751#breadcrumb","itemListElement":[{"@type":"ListItem","position":1,"name":"Portada","item":"https:\/\/www.aliadospuebla.com\/"},{"@type":"ListItem","position":2,"name":"CADA ACCI\u00d3N DEL GOBIERNO EST\u00c1 ENTREGADA A LAS CAUSAS M\u00c1S NOBLES Y A LOS M\u00c1S VULNERABLES: OMAR MU\u00d1OZ"}]},{"@type":"WebSite","@id":"https:\/\/www.aliadospuebla.com\/#website","url":"https:\/\/www.aliadospuebla.com\/","name":"AliadosPuebla","description":"La informaci\u00f3n en tus manos","potentialAction":[{"@type":"SearchAction","target":{"@type":"EntryPoint","urlTemplate":"https:\/\/www.aliadospuebla.com\/?s={search_term_string}"},"query-input":{"@type":"PropertyValueSpecification","valueRequired":true,"valueName":"search_term_string"}}],"inLanguage":"es"},{"@type":"Person","@id":"https:\/\/www.aliadospuebla.com\/#\/schema\/person\/5da7dd09320bd4f392b710017ed5f8ad","name":"Aliados17","image":{"@type":"ImageObject","inLanguage":"es","@id":"https:\/\/www.aliadospuebla.com\/web2017\/wp-content\/uploads\/2025\/03\/cropped-para-perfil-8-anos-1-96x96.jpg","url":"https:\/\/www.aliadospuebla.com\/web2017\/wp-content\/uploads\/2025\/03\/cropped-para-perfil-8-anos-1-96x96.jpg","contentUrl":"https:\/\/www.aliadospuebla.com\/web2017\/wp-content\/uploads\/2025\/03\/cropped-para-perfil-8-anos-1-96x96.jpg","caption":"Aliados17"},"sameAs":["https:\/\/www.aliados17.com","https:\/\/www.facebook.com\/Aliados17Pue","https:\/\/x.com\/AliadosPuebla"],"url":"https:\/\/www.aliadospuebla.com\/?author=2"}]}},"views":10,"_links":{"self":[{"href":"https:\/\/www.aliadospuebla.com\/index.php?rest_route=\/wp\/v2\/posts\/98751","targetHints":{"allow":["GET"]}}],"collection":[{"href":"https:\/\/www.aliadospuebla.com\/index.php?rest_route=\/wp\/v2\/posts"}],"about":[{"href":"https:\/\/www.aliadospuebla.com\/index.php?rest_route=\/wp\/v2\/types\/post"}],"author":[{"embeddable":true,"href":"https:\/\/www.aliadospuebla.com\/index.php?rest_route=\/wp\/v2\/users\/2"}],"replies":[{"embeddable":true,"href":"https:\/\/www.aliadospuebla.com\/index.php?rest_route=%2Fwp%2Fv2%2Fcomments&post=98751"}],"version-history":[{"count":1,"href":"https:\/\/www.aliadospuebla.com\/index.php?rest_route=\/wp\/v2\/posts\/98751\/revisions"}],"predecessor-version":[{"id":98759,"href":"https:\/\/www.aliadospuebla.com\/index.php?rest_route=\/wp\/v2\/posts\/98751\/revisions\/98759"}],"wp:featuredmedia":[{"embeddable":true,"href":"https:\/\/www.aliadospuebla.com\/index.php?rest_route=\/wp\/v2\/media\/98758"}],"wp:attachment":[{"href":"https:\/\/www.aliadospuebla.com\/index.php?rest_route=%2Fwp%2Fv2%2Fmedia&parent=98751"}],"wp:term":[{"taxonomy":"category","embeddable":true,"href":"https:\/\/www.aliadospuebla.com\/index.php?rest_route=%2Fwp%2Fv2%2Fcategories&post=98751"},{"taxonomy":"post_tag","embeddable":true,"href":"https:\/\/www.aliadospuebla.com\/index.php?rest_route=%2Fwp%2Fv2%2Ftags&post=98751"}],"curies":[{"name":"wp","href":"https:\/\/api.w.org\/{rel}","templated":true}]}}