{"id":98741,"date":"2024-11-28T21:23:30","date_gmt":"2024-11-29T03:23:30","guid":{"rendered":"https:\/\/www.aliados17.com\/?p=98741"},"modified":"2024-11-28T21:23:30","modified_gmt":"2024-11-29T03:23:30","slug":"organiza-palmar-de-bravo-cuarta-feria-del-pulque-y-nopal-huehue-cultura","status":"publish","type":"post","link":"https:\/\/www.aliadospuebla.com\/?p=98741","title":{"rendered":"Organiza Palmar de Bravo cuarta \u201cFeria del Pulque y Nopal Huehue\u201d: Cultura"},"content":{"rendered":"<p style=\"font-weight: 400;\"><strong>CIUDAD DE PUEBLA, Pue. \u2013\u00a0<\/strong>El gobierno presente de Sergio Salom\u00f3n, a trav\u00e9s de la Secretar\u00eda de Cultura, y el Ayuntamiento de Palmar<\/p>\n<p style=\"font-weight: 400;\">de Bravo, anunciaron la cuarta edici\u00f3n de la \u201cFeria del Pulque y el Nopal Huehue\u201d, que es organizada en la junta auxiliar de La Pur\u00edsima de<\/p>\n<p style=\"font-weight: 400;\">Bravo de la demarcaci\u00f3n, y tendr\u00e1 lugar el domingo 01 de diciembre, a partir de las 13:00 horas.<\/p>\n<p style=\"font-weight: 400;\">En rueda de prensa, el titular de la secretar\u00eda, Enrique Glockner Corte, destac\u00f3 que esta es una celebraci\u00f3n que tuvo su origen a partir de la<\/p>\n<p style=\"font-weight: 400;\">iniciativa de la sociedad civil, lo cual permitir\u00e1 perpetuarla como una tradici\u00f3n y lograr su arraigo entre las y los habitantes del municipio, as\u00ed<\/p>\n<p style=\"font-weight: 400;\">como visibilizar y compartir la riqueza cultural que existe dentro del mismo.<\/p>\n<p style=\"font-weight: 400;\">Por su parte, Juan Carlos Varillas Lima, presidente municipal de Palmar de Bravo, dio a conocer que el platillo de Nopal Huehue, o Nopal<\/p>\n<p style=\"font-weight: 400;\">Toro, es uno de los platillos m\u00e1s tradicionales de la regi\u00f3n, y que, a su vez, existen m\u00e1s de 20 familias dedicadas desde la cosecha de maguey,<\/p>\n<p style=\"font-weight: 400;\">hasta la extracci\u00f3n y preparaci\u00f3n del pulque, por lo que las y los visitantes conocer\u00e1n parte de la vida cultural del lugar.<\/p>\n<p style=\"font-weight: 400;\">Adem\u00e1s de la venta y degustaci\u00f3n de ambos alimentos, la festividad tambi\u00e9n contempla la realizaci\u00f3n de danzas tradicionales de Palmar de<\/p>\n<p style=\"font-weight: 400;\">Bravo y municipios aleda\u00f1os, as\u00ed como m\u00fasica en vivo, juegos y concursos para el disfrute de las y los asistentes. Para conocer m\u00e1s<\/p>\n<p style=\"font-weight: 400;\">informaci\u00f3n, puede visitar la p\u00e1gina de Facebook \u201cGobierno Municipal de Palmar de Bravo 2024 \u2013 2027\u201d.<\/p>\n","protected":false},"excerpt":{"rendered":"<p>CIUDAD DE PUEBLA, Pue. \u2013\u00a0El gobierno presente de Sergio Salom\u00f3n, a trav\u00e9s de la Secretar\u00eda de Cultura, y el Ayuntamiento de Palmar de Bravo, anunciaron la cuarta edici\u00f3n de la \u201cFeria del Pulque y el Nopal Huehue\u201d, que es organizada en la junta auxiliar de La Pur\u00edsima de Bravo de la demarcaci\u00f3n, y tendr\u00e1 lugar el domingo 01 de diciembre, a partir de las 13:00 horas. En rueda de prensa, el titular de la secretar\u00eda, Enrique Glockner Corte, destac\u00f3 que esta es una celebraci\u00f3n que tuvo su origen a partir de la iniciativa de la sociedad civil, lo cual permitir\u00e1 perpetuarla como una tradici\u00f3n y lograr su arraigo entre las y los habitantes del municipio, as\u00ed como visibilizar y compartir la riqueza cultural que existe&hellip;<\/p>\n<p class=\"excerpt-more\"><a class=\"blog-excerpt button\" href=\"https:\/\/www.aliadospuebla.com\/?p=98741\">Leer m\u00e1s&#8230;<\/a><\/p>\n","protected":false},"author":2,"featured_media":98763,"comment_status":"open","ping_status":"open","sticky":false,"template":"","format":"standard","meta":{"_monsterinsights_skip_tracking":false,"footnotes":""},"categories":[61],"tags":[653,23118,11026,10636,5244,8056,765,4386,251,2403,13188,45,3880,13158,17715,13795,13718,19795,14620,13467,13635,19794,63,19283,14621,13749,27,13508],"class_list":["post-98741","post","type-post","status-publish","format-standard","has-post-thumbnail","hentry","category-gobierno","tag-buap","tag-campana-politica","tag-ciudad-de-puebla","tag-estado-de-puebla","tag-gobernador-de-puebla","tag-gobierno-de-puebla","tag-imss","tag-imss-puebla","tag-pan","tag-partidos-politicos","tag-politica-puebla","tag-pri","tag-psi","tag-puebla-ciudad","tag-puebla-estado","tag-puebla-gobierno","tag-puebla-politica","tag-puebla-senadores","tag-puebla-udlap","tag-puebla-universidad","tag-puebla-universidades","tag-senadores-puebla","tag-udlap","tag-udlap-cholula","tag-udlap-puebla","tag-universidad-de-puebla","tag-upaep","tag-upaep-puebla"],"yoast_head":"<!-- This site is optimized with the Yoast SEO plugin v28.4 - https:\/\/yoast.com\/product\/yoast-seo-wordpress\/ -->\n<title>Organiza Palmar de Bravo cuarta \u201cFeria del Pulque y Nopal Huehue\u201d: Cultura - AliadosPuebla<\/title>\n<meta name=\"robots\" content=\"index, follow, max-snippet:-1, max-image-preview:large, max-video-preview:-1\" \/>\n<link rel=\"canonical\" href=\"https:\/\/www.aliadospuebla.com\/?p=98741\" \/>\n<meta property=\"og:locale\" content=\"es_ES\" \/>\n<meta property=\"og:type\" content=\"article\" \/>\n<meta property=\"og:title\" content=\"Organiza Palmar de Bravo cuarta \u201cFeria del Pulque y Nopal Huehue\u201d: Cultura - AliadosPuebla\" \/>\n<meta property=\"og:description\" content=\"CIUDAD DE PUEBLA, Pue. \u2013\u00a0El gobierno presente de Sergio Salom\u00f3n, a trav\u00e9s de la Secretar\u00eda de Cultura, y el Ayuntamiento de Palmar de Bravo, anunciaron la cuarta edici\u00f3n de la \u201cFeria del Pulque y el Nopal Huehue\u201d, que es organizada en la junta auxiliar de La Pur\u00edsima de Bravo de la demarcaci\u00f3n, y tendr\u00e1 lugar el domingo 01 de diciembre, a partir de las 13:00 horas. En rueda de prensa, el titular de la secretar\u00eda, Enrique Glockner Corte, destac\u00f3 que esta es una celebraci\u00f3n que tuvo su origen a partir de la iniciativa de la sociedad civil, lo cual permitir\u00e1 perpetuarla como una tradici\u00f3n y lograr su arraigo entre las y los habitantes del municipio, as\u00ed como visibilizar y compartir la riqueza cultural que existe&hellip;Leer m\u00e1s...\" \/>\n<meta property=\"og:url\" content=\"https:\/\/www.aliadospuebla.com\/?p=98741\" \/>\n<meta property=\"og:site_name\" content=\"AliadosPuebla\" \/>\n<meta property=\"article:author\" content=\"https:\/\/www.facebook.com\/Aliados17Pue\" \/>\n<meta property=\"article:published_time\" content=\"2024-11-29T03:23:30+00:00\" \/>\n<meta property=\"og:image\" content=\"https:\/\/www.aliadospuebla.com\/web2017\/wp-content\/uploads\/2024\/11\/descarga-8.jpeg\" \/>\n\t<meta property=\"og:image:width\" content=\"1390\" \/>\n\t<meta property=\"og:image:height\" content=\"927\" \/>\n\t<meta property=\"og:image:type\" content=\"image\/jpeg\" \/>\n<meta name=\"author\" content=\"Aliados17\" \/>\n<meta name=\"twitter:card\" content=\"summary_large_image\" \/>\n<meta name=\"twitter:creator\" content=\"@AliadosPuebla\" \/>\n<meta name=\"twitter:label1\" content=\"Escrito por\" \/>\n\t<meta name=\"twitter:data1\" content=\"Aliados17\" \/>\n\t<meta name=\"twitter:label2\" content=\"Tiempo de lectura\" \/>\n\t<meta name=\"twitter:data2\" content=\"2 minutos\" \/>\n<script type=\"application\/ld+json\" class=\"yoast-schema-graph\">{\"@context\":\"https:\\\/\\\/schema.org\",\"@graph\":[{\"@type\":\"Article\",\"@id\":\"https:\\\/\\\/www.aliadospuebla.com\\\/?p=98741#article\",\"isPartOf\":{\"@id\":\"https:\\\/\\\/www.aliadospuebla.com\\\/?p=98741\"},\"author\":{\"name\":\"Aliados17\",\"@id\":\"https:\\\/\\\/www.aliadospuebla.com\\\/#\\\/schema\\\/person\\\/5da7dd09320bd4f392b710017ed5f8ad\"},\"headline\":\"Organiza Palmar de Bravo cuarta \u201cFeria del Pulque y Nopal Huehue\u201d: Cultura\",\"datePublished\":\"2024-11-29T03:23:30+00:00\",\"mainEntityOfPage\":{\"@id\":\"https:\\\/\\\/www.aliadospuebla.com\\\/?p=98741\"},\"wordCount\":291,\"commentCount\":0,\"image\":{\"@id\":\"https:\\\/\\\/www.aliadospuebla.com\\\/?p=98741#primaryimage\"},\"thumbnailUrl\":\"https:\\\/\\\/www.aliadospuebla.com\\\/web2017\\\/wp-content\\\/uploads\\\/2024\\\/11\\\/descarga-8.jpeg\",\"keywords\":[\"BUAP\",\"Campa\u00f1a politica\",\"CIUDAD DE PUEBLA\",\"ESTADO DE PUEBLA\",\"GOBERNADOR DE PUEBLA\",\"GOBIERNO DE PUEBLA\",\"IMSS\",\"IMSS PUEBLA\",\"PAN\",\"PARTIDOS POL\u00cdTICOS\",\"Politica Puebla\",\"PRI\",\"PSI\",\"Puebla Ciudad\",\"Puebla estado\",\"Puebla gobierno\",\"puebla politica\",\"Puebla Senadores\",\"Puebla UDLAP\",\"Puebla Universidad\",\"Puebla Universidades\",\"Senadores Puebla\",\"Udlap\",\"Udlap cholula\",\"UDLAP Puebla\",\"Universidad de Puebla\",\"UPAEP\",\"UPAEP Puebla\"],\"articleSection\":[\"Gobierno\"],\"inLanguage\":\"es\",\"potentialAction\":[{\"@type\":\"CommentAction\",\"name\":\"Comment\",\"target\":[\"https:\\\/\\\/www.aliadospuebla.com\\\/?p=98741#respond\"]}]},{\"@type\":\"WebPage\",\"@id\":\"https:\\\/\\\/www.aliadospuebla.com\\\/?p=98741\",\"url\":\"https:\\\/\\\/www.aliadospuebla.com\\\/?p=98741\",\"name\":\"Organiza Palmar de Bravo cuarta \u201cFeria del Pulque y Nopal Huehue\u201d: Cultura - AliadosPuebla\",\"isPartOf\":{\"@id\":\"https:\\\/\\\/www.aliadospuebla.com\\\/#website\"},\"primaryImageOfPage\":{\"@id\":\"https:\\\/\\\/www.aliadospuebla.com\\\/?p=98741#primaryimage\"},\"image\":{\"@id\":\"https:\\\/\\\/www.aliadospuebla.com\\\/?p=98741#primaryimage\"},\"thumbnailUrl\":\"https:\\\/\\\/www.aliadospuebla.com\\\/web2017\\\/wp-content\\\/uploads\\\/2024\\\/11\\\/descarga-8.jpeg\",\"datePublished\":\"2024-11-29T03:23:30+00:00\",\"author\":{\"@id\":\"https:\\\/\\\/www.aliadospuebla.com\\\/#\\\/schema\\\/person\\\/5da7dd09320bd4f392b710017ed5f8ad\"},\"breadcrumb\":{\"@id\":\"https:\\\/\\\/www.aliadospuebla.com\\\/?p=98741#breadcrumb\"},\"inLanguage\":\"es\",\"potentialAction\":[{\"@type\":\"ReadAction\",\"target\":[\"https:\\\/\\\/www.aliadospuebla.com\\\/?p=98741\"]}]},{\"@type\":\"ImageObject\",\"inLanguage\":\"es\",\"@id\":\"https:\\\/\\\/www.aliadospuebla.com\\\/?p=98741#primaryimage\",\"url\":\"https:\\\/\\\/www.aliadospuebla.com\\\/web2017\\\/wp-content\\\/uploads\\\/2024\\\/11\\\/descarga-8.jpeg\",\"contentUrl\":\"https:\\\/\\\/www.aliadospuebla.com\\\/web2017\\\/wp-content\\\/uploads\\\/2024\\\/11\\\/descarga-8.jpeg\",\"width\":1390,\"height\":927},{\"@type\":\"BreadcrumbList\",\"@id\":\"https:\\\/\\\/www.aliadospuebla.com\\\/?p=98741#breadcrumb\",\"itemListElement\":[{\"@type\":\"ListItem\",\"position\":1,\"name\":\"Portada\",\"item\":\"https:\\\/\\\/www.aliadospuebla.com\\\/\"},{\"@type\":\"ListItem\",\"position\":2,\"name\":\"Organiza Palmar de Bravo cuarta \u201cFeria del Pulque y Nopal Huehue\u201d: Cultura\"}]},{\"@type\":\"WebSite\",\"@id\":\"https:\\\/\\\/www.aliadospuebla.com\\\/#website\",\"url\":\"https:\\\/\\\/www.aliadospuebla.com\\\/\",\"name\":\"AliadosPuebla\",\"description\":\"La informaci\u00f3n en tus manos\",\"potentialAction\":[{\"@type\":\"SearchAction\",\"target\":{\"@type\":\"EntryPoint\",\"urlTemplate\":\"https:\\\/\\\/www.aliadospuebla.com\\\/?s={search_term_string}\"},\"query-input\":{\"@type\":\"PropertyValueSpecification\",\"valueRequired\":true,\"valueName\":\"search_term_string\"}}],\"inLanguage\":\"es\"},{\"@type\":\"Person\",\"@id\":\"https:\\\/\\\/www.aliadospuebla.com\\\/#\\\/schema\\\/person\\\/5da7dd09320bd4f392b710017ed5f8ad\",\"name\":\"Aliados17\",\"image\":{\"@type\":\"ImageObject\",\"inLanguage\":\"es\",\"@id\":\"https:\\\/\\\/www.aliadospuebla.com\\\/web2017\\\/wp-content\\\/uploads\\\/2025\\\/03\\\/cropped-para-perfil-8-anos-1-96x96.jpg\",\"url\":\"https:\\\/\\\/www.aliadospuebla.com\\\/web2017\\\/wp-content\\\/uploads\\\/2025\\\/03\\\/cropped-para-perfil-8-anos-1-96x96.jpg\",\"contentUrl\":\"https:\\\/\\\/www.aliadospuebla.com\\\/web2017\\\/wp-content\\\/uploads\\\/2025\\\/03\\\/cropped-para-perfil-8-anos-1-96x96.jpg\",\"caption\":\"Aliados17\"},\"sameAs\":[\"https:\\\/\\\/www.aliados17.com\",\"https:\\\/\\\/www.facebook.com\\\/Aliados17Pue\",\"https:\\\/\\\/x.com\\\/AliadosPuebla\"],\"url\":\"https:\\\/\\\/www.aliadospuebla.com\\\/?author=2\"}]}<\/script>\n<!-- \/ Yoast SEO plugin. -->","yoast_head_json":{"title":"Organiza Palmar de Bravo cuarta \u201cFeria del Pulque y Nopal Huehue\u201d: Cultura - AliadosPuebla","robots":{"index":"index","follow":"follow","max-snippet":"max-snippet:-1","max-image-preview":"max-image-preview:large","max-video-preview":"max-video-preview:-1"},"canonical":"https:\/\/www.aliadospuebla.com\/?p=98741","og_locale":"es_ES","og_type":"article","og_title":"Organiza Palmar de Bravo cuarta \u201cFeria del Pulque y Nopal Huehue\u201d: Cultura - AliadosPuebla","og_description":"CIUDAD DE PUEBLA, Pue. \u2013\u00a0El gobierno presente de Sergio Salom\u00f3n, a trav\u00e9s de la Secretar\u00eda de Cultura, y el Ayuntamiento de Palmar de Bravo, anunciaron la cuarta edici\u00f3n de la \u201cFeria del Pulque y el Nopal Huehue\u201d, que es organizada en la junta auxiliar de La Pur\u00edsima de Bravo de la demarcaci\u00f3n, y tendr\u00e1 lugar el domingo 01 de diciembre, a partir de las 13:00 horas. En rueda de prensa, el titular de la secretar\u00eda, Enrique Glockner Corte, destac\u00f3 que esta es una celebraci\u00f3n que tuvo su origen a partir de la iniciativa de la sociedad civil, lo cual permitir\u00e1 perpetuarla como una tradici\u00f3n y lograr su arraigo entre las y los habitantes del municipio, as\u00ed como visibilizar y compartir la riqueza cultural que existe&hellip;Leer m\u00e1s...","og_url":"https:\/\/www.aliadospuebla.com\/?p=98741","og_site_name":"AliadosPuebla","article_author":"https:\/\/www.facebook.com\/Aliados17Pue","article_published_time":"2024-11-29T03:23:30+00:00","og_image":[{"width":1390,"height":927,"url":"https:\/\/www.aliadospuebla.com\/web2017\/wp-content\/uploads\/2024\/11\/descarga-8.jpeg","type":"image\/jpeg"}],"author":"Aliados17","twitter_card":"summary_large_image","twitter_creator":"@AliadosPuebla","twitter_misc":{"Escrito por":"Aliados17","Tiempo de lectura":"2 minutos"},"schema":{"@context":"https:\/\/schema.org","@graph":[{"@type":"Article","@id":"https:\/\/www.aliadospuebla.com\/?p=98741#article","isPartOf":{"@id":"https:\/\/www.aliadospuebla.com\/?p=98741"},"author":{"name":"Aliados17","@id":"https:\/\/www.aliadospuebla.com\/#\/schema\/person\/5da7dd09320bd4f392b710017ed5f8ad"},"headline":"Organiza Palmar de Bravo cuarta \u201cFeria del Pulque y Nopal Huehue\u201d: Cultura","datePublished":"2024-11-29T03:23:30+00:00","mainEntityOfPage":{"@id":"https:\/\/www.aliadospuebla.com\/?p=98741"},"wordCount":291,"commentCount":0,"image":{"@id":"https:\/\/www.aliadospuebla.com\/?p=98741#primaryimage"},"thumbnailUrl":"https:\/\/www.aliadospuebla.com\/web2017\/wp-content\/uploads\/2024\/11\/descarga-8.jpeg","keywords":["BUAP","Campa\u00f1a politica","CIUDAD DE PUEBLA","ESTADO DE PUEBLA","GOBERNADOR DE PUEBLA","GOBIERNO DE PUEBLA","IMSS","IMSS PUEBLA","PAN","PARTIDOS POL\u00cdTICOS","Politica Puebla","PRI","PSI","Puebla Ciudad","Puebla estado","Puebla gobierno","puebla politica","Puebla Senadores","Puebla UDLAP","Puebla Universidad","Puebla Universidades","Senadores Puebla","Udlap","Udlap cholula","UDLAP Puebla","Universidad de Puebla","UPAEP","UPAEP Puebla"],"articleSection":["Gobierno"],"inLanguage":"es","potentialAction":[{"@type":"CommentAction","name":"Comment","target":["https:\/\/www.aliadospuebla.com\/?p=98741#respond"]}]},{"@type":"WebPage","@id":"https:\/\/www.aliadospuebla.com\/?p=98741","url":"https:\/\/www.aliadospuebla.com\/?p=98741","name":"Organiza Palmar de Bravo cuarta \u201cFeria del Pulque y Nopal Huehue\u201d: Cultura - AliadosPuebla","isPartOf":{"@id":"https:\/\/www.aliadospuebla.com\/#website"},"primaryImageOfPage":{"@id":"https:\/\/www.aliadospuebla.com\/?p=98741#primaryimage"},"image":{"@id":"https:\/\/www.aliadospuebla.com\/?p=98741#primaryimage"},"thumbnailUrl":"https:\/\/www.aliadospuebla.com\/web2017\/wp-content\/uploads\/2024\/11\/descarga-8.jpeg","datePublished":"2024-11-29T03:23:30+00:00","author":{"@id":"https:\/\/www.aliadospuebla.com\/#\/schema\/person\/5da7dd09320bd4f392b710017ed5f8ad"},"breadcrumb":{"@id":"https:\/\/www.aliadospuebla.com\/?p=98741#breadcrumb"},"inLanguage":"es","potentialAction":[{"@type":"ReadAction","target":["https:\/\/www.aliadospuebla.com\/?p=98741"]}]},{"@type":"ImageObject","inLanguage":"es","@id":"https:\/\/www.aliadospuebla.com\/?p=98741#primaryimage","url":"https:\/\/www.aliadospuebla.com\/web2017\/wp-content\/uploads\/2024\/11\/descarga-8.jpeg","contentUrl":"https:\/\/www.aliadospuebla.com\/web2017\/wp-content\/uploads\/2024\/11\/descarga-8.jpeg","width":1390,"height":927},{"@type":"BreadcrumbList","@id":"https:\/\/www.aliadospuebla.com\/?p=98741#breadcrumb","itemListElement":[{"@type":"ListItem","position":1,"name":"Portada","item":"https:\/\/www.aliadospuebla.com\/"},{"@type":"ListItem","position":2,"name":"Organiza Palmar de Bravo cuarta \u201cFeria del Pulque y Nopal Huehue\u201d: Cultura"}]},{"@type":"WebSite","@id":"https:\/\/www.aliadospuebla.com\/#website","url":"https:\/\/www.aliadospuebla.com\/","name":"AliadosPuebla","description":"La informaci\u00f3n en tus manos","potentialAction":[{"@type":"SearchAction","target":{"@type":"EntryPoint","urlTemplate":"https:\/\/www.aliadospuebla.com\/?s={search_term_string}"},"query-input":{"@type":"PropertyValueSpecification","valueRequired":true,"valueName":"search_term_string"}}],"inLanguage":"es"},{"@type":"Person","@id":"https:\/\/www.aliadospuebla.com\/#\/schema\/person\/5da7dd09320bd4f392b710017ed5f8ad","name":"Aliados17","image":{"@type":"ImageObject","inLanguage":"es","@id":"https:\/\/www.aliadospuebla.com\/web2017\/wp-content\/uploads\/2025\/03\/cropped-para-perfil-8-anos-1-96x96.jpg","url":"https:\/\/www.aliadospuebla.com\/web2017\/wp-content\/uploads\/2025\/03\/cropped-para-perfil-8-anos-1-96x96.jpg","contentUrl":"https:\/\/www.aliadospuebla.com\/web2017\/wp-content\/uploads\/2025\/03\/cropped-para-perfil-8-anos-1-96x96.jpg","caption":"Aliados17"},"sameAs":["https:\/\/www.aliados17.com","https:\/\/www.facebook.com\/Aliados17Pue","https:\/\/x.com\/AliadosPuebla"],"url":"https:\/\/www.aliadospuebla.com\/?author=2"}]}},"views":12,"_links":{"self":[{"href":"https:\/\/www.aliadospuebla.com\/index.php?rest_route=\/wp\/v2\/posts\/98741","targetHints":{"allow":["GET"]}}],"collection":[{"href":"https:\/\/www.aliadospuebla.com\/index.php?rest_route=\/wp\/v2\/posts"}],"about":[{"href":"https:\/\/www.aliadospuebla.com\/index.php?rest_route=\/wp\/v2\/types\/post"}],"author":[{"embeddable":true,"href":"https:\/\/www.aliadospuebla.com\/index.php?rest_route=\/wp\/v2\/users\/2"}],"replies":[{"embeddable":true,"href":"https:\/\/www.aliadospuebla.com\/index.php?rest_route=%2Fwp%2Fv2%2Fcomments&post=98741"}],"version-history":[{"count":1,"href":"https:\/\/www.aliadospuebla.com\/index.php?rest_route=\/wp\/v2\/posts\/98741\/revisions"}],"predecessor-version":[{"id":98764,"href":"https:\/\/www.aliadospuebla.com\/index.php?rest_route=\/wp\/v2\/posts\/98741\/revisions\/98764"}],"wp:featuredmedia":[{"embeddable":true,"href":"https:\/\/www.aliadospuebla.com\/index.php?rest_route=\/wp\/v2\/media\/98763"}],"wp:attachment":[{"href":"https:\/\/www.aliadospuebla.com\/index.php?rest_route=%2Fwp%2Fv2%2Fmedia&parent=98741"}],"wp:term":[{"taxonomy":"category","embeddable":true,"href":"https:\/\/www.aliadospuebla.com\/index.php?rest_route=%2Fwp%2Fv2%2Fcategories&post=98741"},{"taxonomy":"post_tag","embeddable":true,"href":"https:\/\/www.aliadospuebla.com\/index.php?rest_route=%2Fwp%2Fv2%2Ftags&post=98741"}],"curies":[{"name":"wp","href":"https:\/\/api.w.org\/{rel}","templated":true}]}}