{"id":98734,"date":"2024-11-28T21:10:27","date_gmt":"2024-11-29T03:10:27","guid":{"rendered":"https:\/\/www.aliados17.com\/?p=98734"},"modified":"2024-11-28T21:10:27","modified_gmt":"2024-11-29T03:10:27","slug":"promueven-turismo-y-atlixco-el-festival-de-la-nochebuena","status":"publish","type":"post","link":"https:\/\/www.aliadospuebla.com\/?p=98734","title":{"rendered":"Promueven Turismo y Atlixco el Festival de la Nochebuena"},"content":{"rendered":"<p style=\"font-weight: 400;\"><strong>CIUDAD DE PUEBLA, Pue.-<\/strong>\u00a0Para incentivar la econom\u00eda y fomentar la llegada de visitantes a los Pueblos M\u00e1gicos en esta temporada<\/p>\n<p style=\"font-weight: 400;\">decembrina, el gobierno presente de Sergio Salom\u00f3n, a trav\u00e9s de la Secretar\u00eda de Turismo, y las autoridades municipales de Atlixco, invitaron<\/p>\n<p style=\"font-weight: 400;\">a las y los poblanos al Festival de la Nochebuena, que se lleva a cabo desde hace unos d\u00edas y concluir\u00e1 el 15 de diciembre pr\u00f3ximo.<\/p>\n<p style=\"font-weight: 400;\">En esta ocasi\u00f3n participan al menos 15 productores de la colonia Cabrera, quienes ofrecer\u00e1n esta tradicional planta de temporada desde 25 y<\/p>\n<p style=\"font-weight: 400;\">hasta 500 pesos la pieza, en m\u00e1s de 25 variedades, inform\u00f3 la regidora de Arte y Pueblos Originarios de Atlixco, Valerie Bartsch Aburto,<\/p>\n<p style=\"font-weight: 400;\">quien record\u00f3 que este municipio ofrece diversos atractivos en este fin de a\u00f1o como la Villa Iluminada, la Feria del Aguacate, el mercado<\/p>\n<p style=\"font-weight: 400;\">gastron\u00f3mico, el Mirador de Cristal y el Centro Hist\u00f3rico, entre otros.<\/p>\n<p style=\"font-weight: 400;\">En rueda de prensa, los productores Francisco Santiago Cruz y Vicente Cruz Torres detallaron que Atlixco es el segundo productor nacional y<\/p>\n<p style=\"font-weight: 400;\">el primero en Puebla de flor de Nochebuena con una producci\u00f3n superior a los 2 millones de plantas, de las cuales el 60 por ciento se destina<\/p>\n<p style=\"font-weight: 400;\">al mercado local y el resto para diversas partes del pa\u00eds como Tlaxcala, Quer\u00e9taro, Veracruz, Tabasco, Quintana Roo, Yucat\u00e1n y Baja<\/p>\n<p style=\"font-weight: 400;\">California Sur.<\/p>\n<p style=\"font-weight: 400;\">Finalmente, el director general de Promoci\u00f3n Tur\u00edstica, Juan Ram\u00f3n \u00c1lvarez Cuspinera, en representaci\u00f3n de la secretaria de Turismo,<\/p>\n<p style=\"font-weight: 400;\">Marta Ornelas Guerrero, hizo un llamado para que las y los poblanos consuman este producto que da identidad a Atlixco, con el fin de<\/p>\n<p style=\"font-weight: 400;\">incentivar la econom\u00eda de las familias y mantener dicho dinamismo en esta temporada de fin de a\u00f1o.<\/p>\n","protected":false},"excerpt":{"rendered":"<p>CIUDAD DE PUEBLA, Pue.-\u00a0Para incentivar la econom\u00eda y fomentar la llegada de visitantes a los Pueblos M\u00e1gicos en esta temporada decembrina, el gobierno presente de Sergio Salom\u00f3n, a trav\u00e9s de la Secretar\u00eda de Turismo, y las autoridades municipales de Atlixco, invitaron a las y los poblanos al Festival de la Nochebuena, que se lleva a cabo desde hace unos d\u00edas y concluir\u00e1 el 15 de diciembre pr\u00f3ximo. En esta ocasi\u00f3n participan al menos 15 productores de la colonia Cabrera, quienes ofrecer\u00e1n esta tradicional planta de temporada desde 25 y hasta 500 pesos la pieza, en m\u00e1s de 25 variedades, inform\u00f3 la regidora de Arte y Pueblos Originarios de Atlixco, Valerie Bartsch Aburto, quien record\u00f3 que este municipio ofrece diversos atractivos en este fin de a\u00f1o&hellip;<\/p>\n<p class=\"excerpt-more\"><a class=\"blog-excerpt button\" href=\"https:\/\/www.aliadospuebla.com\/?p=98734\">Leer m\u00e1s&#8230;<\/a><\/p>\n","protected":false},"author":2,"featured_media":98747,"comment_status":"open","ping_status":"open","sticky":false,"template":"","format":"standard","meta":{"_monsterinsights_skip_tracking":false,"footnotes":""},"categories":[62],"tags":[653,23118,11026,10636,5244,8056,765,4386,251,2403,13188,45,3880,13158,17715,13795,13718,19795,14620,13467,13635,19794,63,19283,14621,13749,27,13508],"class_list":["post-98734","post","type-post","status-publish","format-standard","has-post-thumbnail","hentry","category-capital","tag-buap","tag-campana-politica","tag-ciudad-de-puebla","tag-estado-de-puebla","tag-gobernador-de-puebla","tag-gobierno-de-puebla","tag-imss","tag-imss-puebla","tag-pan","tag-partidos-politicos","tag-politica-puebla","tag-pri","tag-psi","tag-puebla-ciudad","tag-puebla-estado","tag-puebla-gobierno","tag-puebla-politica","tag-puebla-senadores","tag-puebla-udlap","tag-puebla-universidad","tag-puebla-universidades","tag-senadores-puebla","tag-udlap","tag-udlap-cholula","tag-udlap-puebla","tag-universidad-de-puebla","tag-upaep","tag-upaep-puebla"],"yoast_head":"<!-- This site is optimized with the Yoast SEO plugin v28.4 - https:\/\/yoast.com\/product\/yoast-seo-wordpress\/ -->\n<title>Promueven Turismo y Atlixco el Festival de la Nochebuena - AliadosPuebla<\/title>\n<meta name=\"robots\" content=\"index, follow, max-snippet:-1, max-image-preview:large, max-video-preview:-1\" \/>\n<link rel=\"canonical\" href=\"https:\/\/www.aliadospuebla.com\/?p=98734\" \/>\n<meta property=\"og:locale\" content=\"es_ES\" \/>\n<meta property=\"og:type\" content=\"article\" \/>\n<meta property=\"og:title\" content=\"Promueven Turismo y Atlixco el Festival de la Nochebuena - AliadosPuebla\" \/>\n<meta property=\"og:description\" content=\"CIUDAD DE PUEBLA, Pue.-\u00a0Para incentivar la econom\u00eda y fomentar la llegada de visitantes a los Pueblos M\u00e1gicos en esta temporada decembrina, el gobierno presente de Sergio Salom\u00f3n, a trav\u00e9s de la Secretar\u00eda de Turismo, y las autoridades municipales de Atlixco, invitaron a las y los poblanos al Festival de la Nochebuena, que se lleva a cabo desde hace unos d\u00edas y concluir\u00e1 el 15 de diciembre pr\u00f3ximo. En esta ocasi\u00f3n participan al menos 15 productores de la colonia Cabrera, quienes ofrecer\u00e1n esta tradicional planta de temporada desde 25 y hasta 500 pesos la pieza, en m\u00e1s de 25 variedades, inform\u00f3 la regidora de Arte y Pueblos Originarios de Atlixco, Valerie Bartsch Aburto, quien record\u00f3 que este municipio ofrece diversos atractivos en este fin de a\u00f1o&hellip;Leer m\u00e1s...\" \/>\n<meta property=\"og:url\" content=\"https:\/\/www.aliadospuebla.com\/?p=98734\" \/>\n<meta property=\"og:site_name\" content=\"AliadosPuebla\" \/>\n<meta property=\"article:author\" content=\"https:\/\/www.facebook.com\/Aliados17Pue\" \/>\n<meta property=\"article:published_time\" content=\"2024-11-29T03:10:27+00:00\" \/>\n<meta property=\"og:image\" content=\"https:\/\/www.aliadospuebla.com\/web2017\/wp-content\/uploads\/2024\/11\/descarga-1.jpeg\" \/>\n\t<meta property=\"og:image:width\" content=\"1391\" \/>\n\t<meta property=\"og:image:height\" content=\"927\" \/>\n\t<meta property=\"og:image:type\" content=\"image\/jpeg\" \/>\n<meta name=\"author\" content=\"Aliados17\" \/>\n<meta name=\"twitter:card\" content=\"summary_large_image\" \/>\n<meta name=\"twitter:creator\" content=\"@AliadosPuebla\" \/>\n<meta name=\"twitter:label1\" content=\"Escrito por\" \/>\n\t<meta name=\"twitter:data1\" content=\"Aliados17\" \/>\n\t<meta name=\"twitter:label2\" content=\"Tiempo de lectura\" \/>\n\t<meta name=\"twitter:data2\" content=\"2 minutos\" \/>\n<script type=\"application\/ld+json\" class=\"yoast-schema-graph\">{\"@context\":\"https:\\\/\\\/schema.org\",\"@graph\":[{\"@type\":\"Article\",\"@id\":\"https:\\\/\\\/www.aliadospuebla.com\\\/?p=98734#article\",\"isPartOf\":{\"@id\":\"https:\\\/\\\/www.aliadospuebla.com\\\/?p=98734\"},\"author\":{\"name\":\"Aliados17\",\"@id\":\"https:\\\/\\\/www.aliadospuebla.com\\\/#\\\/schema\\\/person\\\/5da7dd09320bd4f392b710017ed5f8ad\"},\"headline\":\"Promueven Turismo y Atlixco el Festival de la Nochebuena\",\"datePublished\":\"2024-11-29T03:10:27+00:00\",\"mainEntityOfPage\":{\"@id\":\"https:\\\/\\\/www.aliadospuebla.com\\\/?p=98734\"},\"wordCount\":304,\"commentCount\":0,\"image\":{\"@id\":\"https:\\\/\\\/www.aliadospuebla.com\\\/?p=98734#primaryimage\"},\"thumbnailUrl\":\"https:\\\/\\\/www.aliadospuebla.com\\\/web2017\\\/wp-content\\\/uploads\\\/2024\\\/11\\\/descarga-1.jpeg\",\"keywords\":[\"BUAP\",\"Campa\u00f1a politica\",\"CIUDAD DE PUEBLA\",\"ESTADO DE PUEBLA\",\"GOBERNADOR DE PUEBLA\",\"GOBIERNO DE PUEBLA\",\"IMSS\",\"IMSS PUEBLA\",\"PAN\",\"PARTIDOS POL\u00cdTICOS\",\"Politica Puebla\",\"PRI\",\"PSI\",\"Puebla Ciudad\",\"Puebla estado\",\"Puebla gobierno\",\"puebla politica\",\"Puebla Senadores\",\"Puebla UDLAP\",\"Puebla Universidad\",\"Puebla Universidades\",\"Senadores Puebla\",\"Udlap\",\"Udlap cholula\",\"UDLAP Puebla\",\"Universidad de Puebla\",\"UPAEP\",\"UPAEP Puebla\"],\"articleSection\":[\"Capital\"],\"inLanguage\":\"es\",\"potentialAction\":[{\"@type\":\"CommentAction\",\"name\":\"Comment\",\"target\":[\"https:\\\/\\\/www.aliadospuebla.com\\\/?p=98734#respond\"]}]},{\"@type\":\"WebPage\",\"@id\":\"https:\\\/\\\/www.aliadospuebla.com\\\/?p=98734\",\"url\":\"https:\\\/\\\/www.aliadospuebla.com\\\/?p=98734\",\"name\":\"Promueven Turismo y Atlixco el Festival de la Nochebuena - AliadosPuebla\",\"isPartOf\":{\"@id\":\"https:\\\/\\\/www.aliadospuebla.com\\\/#website\"},\"primaryImageOfPage\":{\"@id\":\"https:\\\/\\\/www.aliadospuebla.com\\\/?p=98734#primaryimage\"},\"image\":{\"@id\":\"https:\\\/\\\/www.aliadospuebla.com\\\/?p=98734#primaryimage\"},\"thumbnailUrl\":\"https:\\\/\\\/www.aliadospuebla.com\\\/web2017\\\/wp-content\\\/uploads\\\/2024\\\/11\\\/descarga-1.jpeg\",\"datePublished\":\"2024-11-29T03:10:27+00:00\",\"author\":{\"@id\":\"https:\\\/\\\/www.aliadospuebla.com\\\/#\\\/schema\\\/person\\\/5da7dd09320bd4f392b710017ed5f8ad\"},\"breadcrumb\":{\"@id\":\"https:\\\/\\\/www.aliadospuebla.com\\\/?p=98734#breadcrumb\"},\"inLanguage\":\"es\",\"potentialAction\":[{\"@type\":\"ReadAction\",\"target\":[\"https:\\\/\\\/www.aliadospuebla.com\\\/?p=98734\"]}]},{\"@type\":\"ImageObject\",\"inLanguage\":\"es\",\"@id\":\"https:\\\/\\\/www.aliadospuebla.com\\\/?p=98734#primaryimage\",\"url\":\"https:\\\/\\\/www.aliadospuebla.com\\\/web2017\\\/wp-content\\\/uploads\\\/2024\\\/11\\\/descarga-1.jpeg\",\"contentUrl\":\"https:\\\/\\\/www.aliadospuebla.com\\\/web2017\\\/wp-content\\\/uploads\\\/2024\\\/11\\\/descarga-1.jpeg\",\"width\":1391,\"height\":927},{\"@type\":\"BreadcrumbList\",\"@id\":\"https:\\\/\\\/www.aliadospuebla.com\\\/?p=98734#breadcrumb\",\"itemListElement\":[{\"@type\":\"ListItem\",\"position\":1,\"name\":\"Portada\",\"item\":\"https:\\\/\\\/www.aliadospuebla.com\\\/\"},{\"@type\":\"ListItem\",\"position\":2,\"name\":\"Promueven Turismo y Atlixco el Festival de la Nochebuena\"}]},{\"@type\":\"WebSite\",\"@id\":\"https:\\\/\\\/www.aliadospuebla.com\\\/#website\",\"url\":\"https:\\\/\\\/www.aliadospuebla.com\\\/\",\"name\":\"AliadosPuebla\",\"description\":\"La informaci\u00f3n en tus manos\",\"potentialAction\":[{\"@type\":\"SearchAction\",\"target\":{\"@type\":\"EntryPoint\",\"urlTemplate\":\"https:\\\/\\\/www.aliadospuebla.com\\\/?s={search_term_string}\"},\"query-input\":{\"@type\":\"PropertyValueSpecification\",\"valueRequired\":true,\"valueName\":\"search_term_string\"}}],\"inLanguage\":\"es\"},{\"@type\":\"Person\",\"@id\":\"https:\\\/\\\/www.aliadospuebla.com\\\/#\\\/schema\\\/person\\\/5da7dd09320bd4f392b710017ed5f8ad\",\"name\":\"Aliados17\",\"image\":{\"@type\":\"ImageObject\",\"inLanguage\":\"es\",\"@id\":\"https:\\\/\\\/www.aliadospuebla.com\\\/web2017\\\/wp-content\\\/uploads\\\/2025\\\/03\\\/cropped-para-perfil-8-anos-1-96x96.jpg\",\"url\":\"https:\\\/\\\/www.aliadospuebla.com\\\/web2017\\\/wp-content\\\/uploads\\\/2025\\\/03\\\/cropped-para-perfil-8-anos-1-96x96.jpg\",\"contentUrl\":\"https:\\\/\\\/www.aliadospuebla.com\\\/web2017\\\/wp-content\\\/uploads\\\/2025\\\/03\\\/cropped-para-perfil-8-anos-1-96x96.jpg\",\"caption\":\"Aliados17\"},\"sameAs\":[\"https:\\\/\\\/www.aliados17.com\",\"https:\\\/\\\/www.facebook.com\\\/Aliados17Pue\",\"https:\\\/\\\/x.com\\\/AliadosPuebla\"],\"url\":\"https:\\\/\\\/www.aliadospuebla.com\\\/?author=2\"}]}<\/script>\n<!-- \/ Yoast SEO plugin. -->","yoast_head_json":{"title":"Promueven Turismo y Atlixco el Festival de la Nochebuena - AliadosPuebla","robots":{"index":"index","follow":"follow","max-snippet":"max-snippet:-1","max-image-preview":"max-image-preview:large","max-video-preview":"max-video-preview:-1"},"canonical":"https:\/\/www.aliadospuebla.com\/?p=98734","og_locale":"es_ES","og_type":"article","og_title":"Promueven Turismo y Atlixco el Festival de la Nochebuena - AliadosPuebla","og_description":"CIUDAD DE PUEBLA, Pue.-\u00a0Para incentivar la econom\u00eda y fomentar la llegada de visitantes a los Pueblos M\u00e1gicos en esta temporada decembrina, el gobierno presente de Sergio Salom\u00f3n, a trav\u00e9s de la Secretar\u00eda de Turismo, y las autoridades municipales de Atlixco, invitaron a las y los poblanos al Festival de la Nochebuena, que se lleva a cabo desde hace unos d\u00edas y concluir\u00e1 el 15 de diciembre pr\u00f3ximo. En esta ocasi\u00f3n participan al menos 15 productores de la colonia Cabrera, quienes ofrecer\u00e1n esta tradicional planta de temporada desde 25 y hasta 500 pesos la pieza, en m\u00e1s de 25 variedades, inform\u00f3 la regidora de Arte y Pueblos Originarios de Atlixco, Valerie Bartsch Aburto, quien record\u00f3 que este municipio ofrece diversos atractivos en este fin de a\u00f1o&hellip;Leer m\u00e1s...","og_url":"https:\/\/www.aliadospuebla.com\/?p=98734","og_site_name":"AliadosPuebla","article_author":"https:\/\/www.facebook.com\/Aliados17Pue","article_published_time":"2024-11-29T03:10:27+00:00","og_image":[{"width":1391,"height":927,"url":"https:\/\/www.aliadospuebla.com\/web2017\/wp-content\/uploads\/2024\/11\/descarga-1.jpeg","type":"image\/jpeg"}],"author":"Aliados17","twitter_card":"summary_large_image","twitter_creator":"@AliadosPuebla","twitter_misc":{"Escrito por":"Aliados17","Tiempo de lectura":"2 minutos"},"schema":{"@context":"https:\/\/schema.org","@graph":[{"@type":"Article","@id":"https:\/\/www.aliadospuebla.com\/?p=98734#article","isPartOf":{"@id":"https:\/\/www.aliadospuebla.com\/?p=98734"},"author":{"name":"Aliados17","@id":"https:\/\/www.aliadospuebla.com\/#\/schema\/person\/5da7dd09320bd4f392b710017ed5f8ad"},"headline":"Promueven Turismo y Atlixco el Festival de la Nochebuena","datePublished":"2024-11-29T03:10:27+00:00","mainEntityOfPage":{"@id":"https:\/\/www.aliadospuebla.com\/?p=98734"},"wordCount":304,"commentCount":0,"image":{"@id":"https:\/\/www.aliadospuebla.com\/?p=98734#primaryimage"},"thumbnailUrl":"https:\/\/www.aliadospuebla.com\/web2017\/wp-content\/uploads\/2024\/11\/descarga-1.jpeg","keywords":["BUAP","Campa\u00f1a politica","CIUDAD DE PUEBLA","ESTADO DE PUEBLA","GOBERNADOR DE PUEBLA","GOBIERNO DE PUEBLA","IMSS","IMSS PUEBLA","PAN","PARTIDOS POL\u00cdTICOS","Politica Puebla","PRI","PSI","Puebla Ciudad","Puebla estado","Puebla gobierno","puebla politica","Puebla Senadores","Puebla UDLAP","Puebla Universidad","Puebla Universidades","Senadores Puebla","Udlap","Udlap cholula","UDLAP Puebla","Universidad de Puebla","UPAEP","UPAEP Puebla"],"articleSection":["Capital"],"inLanguage":"es","potentialAction":[{"@type":"CommentAction","name":"Comment","target":["https:\/\/www.aliadospuebla.com\/?p=98734#respond"]}]},{"@type":"WebPage","@id":"https:\/\/www.aliadospuebla.com\/?p=98734","url":"https:\/\/www.aliadospuebla.com\/?p=98734","name":"Promueven Turismo y Atlixco el Festival de la Nochebuena - AliadosPuebla","isPartOf":{"@id":"https:\/\/www.aliadospuebla.com\/#website"},"primaryImageOfPage":{"@id":"https:\/\/www.aliadospuebla.com\/?p=98734#primaryimage"},"image":{"@id":"https:\/\/www.aliadospuebla.com\/?p=98734#primaryimage"},"thumbnailUrl":"https:\/\/www.aliadospuebla.com\/web2017\/wp-content\/uploads\/2024\/11\/descarga-1.jpeg","datePublished":"2024-11-29T03:10:27+00:00","author":{"@id":"https:\/\/www.aliadospuebla.com\/#\/schema\/person\/5da7dd09320bd4f392b710017ed5f8ad"},"breadcrumb":{"@id":"https:\/\/www.aliadospuebla.com\/?p=98734#breadcrumb"},"inLanguage":"es","potentialAction":[{"@type":"ReadAction","target":["https:\/\/www.aliadospuebla.com\/?p=98734"]}]},{"@type":"ImageObject","inLanguage":"es","@id":"https:\/\/www.aliadospuebla.com\/?p=98734#primaryimage","url":"https:\/\/www.aliadospuebla.com\/web2017\/wp-content\/uploads\/2024\/11\/descarga-1.jpeg","contentUrl":"https:\/\/www.aliadospuebla.com\/web2017\/wp-content\/uploads\/2024\/11\/descarga-1.jpeg","width":1391,"height":927},{"@type":"BreadcrumbList","@id":"https:\/\/www.aliadospuebla.com\/?p=98734#breadcrumb","itemListElement":[{"@type":"ListItem","position":1,"name":"Portada","item":"https:\/\/www.aliadospuebla.com\/"},{"@type":"ListItem","position":2,"name":"Promueven Turismo y Atlixco el Festival de la Nochebuena"}]},{"@type":"WebSite","@id":"https:\/\/www.aliadospuebla.com\/#website","url":"https:\/\/www.aliadospuebla.com\/","name":"AliadosPuebla","description":"La informaci\u00f3n en tus manos","potentialAction":[{"@type":"SearchAction","target":{"@type":"EntryPoint","urlTemplate":"https:\/\/www.aliadospuebla.com\/?s={search_term_string}"},"query-input":{"@type":"PropertyValueSpecification","valueRequired":true,"valueName":"search_term_string"}}],"inLanguage":"es"},{"@type":"Person","@id":"https:\/\/www.aliadospuebla.com\/#\/schema\/person\/5da7dd09320bd4f392b710017ed5f8ad","name":"Aliados17","image":{"@type":"ImageObject","inLanguage":"es","@id":"https:\/\/www.aliadospuebla.com\/web2017\/wp-content\/uploads\/2025\/03\/cropped-para-perfil-8-anos-1-96x96.jpg","url":"https:\/\/www.aliadospuebla.com\/web2017\/wp-content\/uploads\/2025\/03\/cropped-para-perfil-8-anos-1-96x96.jpg","contentUrl":"https:\/\/www.aliadospuebla.com\/web2017\/wp-content\/uploads\/2025\/03\/cropped-para-perfil-8-anos-1-96x96.jpg","caption":"Aliados17"},"sameAs":["https:\/\/www.aliados17.com","https:\/\/www.facebook.com\/Aliados17Pue","https:\/\/x.com\/AliadosPuebla"],"url":"https:\/\/www.aliadospuebla.com\/?author=2"}]}},"views":9,"_links":{"self":[{"href":"https:\/\/www.aliadospuebla.com\/index.php?rest_route=\/wp\/v2\/posts\/98734","targetHints":{"allow":["GET"]}}],"collection":[{"href":"https:\/\/www.aliadospuebla.com\/index.php?rest_route=\/wp\/v2\/posts"}],"about":[{"href":"https:\/\/www.aliadospuebla.com\/index.php?rest_route=\/wp\/v2\/types\/post"}],"author":[{"embeddable":true,"href":"https:\/\/www.aliadospuebla.com\/index.php?rest_route=\/wp\/v2\/users\/2"}],"replies":[{"embeddable":true,"href":"https:\/\/www.aliadospuebla.com\/index.php?rest_route=%2Fwp%2Fv2%2Fcomments&post=98734"}],"version-history":[{"count":1,"href":"https:\/\/www.aliadospuebla.com\/index.php?rest_route=\/wp\/v2\/posts\/98734\/revisions"}],"predecessor-version":[{"id":98748,"href":"https:\/\/www.aliadospuebla.com\/index.php?rest_route=\/wp\/v2\/posts\/98734\/revisions\/98748"}],"wp:featuredmedia":[{"embeddable":true,"href":"https:\/\/www.aliadospuebla.com\/index.php?rest_route=\/wp\/v2\/media\/98747"}],"wp:attachment":[{"href":"https:\/\/www.aliadospuebla.com\/index.php?rest_route=%2Fwp%2Fv2%2Fmedia&parent=98734"}],"wp:term":[{"taxonomy":"category","embeddable":true,"href":"https:\/\/www.aliadospuebla.com\/index.php?rest_route=%2Fwp%2Fv2%2Fcategories&post=98734"},{"taxonomy":"post_tag","embeddable":true,"href":"https:\/\/www.aliadospuebla.com\/index.php?rest_route=%2Fwp%2Fv2%2Ftags&post=98734"}],"curies":[{"name":"wp","href":"https:\/\/api.w.org\/{rel}","templated":true}]}}