{"id":98722,"date":"2024-11-28T20:54:41","date_gmt":"2024-11-29T02:54:41","guid":{"rendered":"https:\/\/www.aliados17.com\/?p=98722"},"modified":"2024-11-28T20:54:41","modified_gmt":"2024-11-29T02:54:41","slug":"la-original-banda-el-limon-cerrara-el-vaniloquio-2024","status":"publish","type":"post","link":"https:\/\/www.aliadospuebla.com\/?p=98722","title":{"rendered":"La Original Banda el Lim\u00f3n cerrar\u00e1 el Vaniloquio 2024"},"content":{"rendered":"<h4>La presidenta municipal realiz\u00f3 el anuncio, como parte de las actividades preparadas<\/h4>\n<p>San Pedro Cholula, Pue.- En la antesala del Vaniloquio 2024, la presidenta municipal de San Pedro Cholula, Tonantzin Fern\u00e1ndez, anunci\u00f3 al artista que cerrar\u00e1 este festival, siendo la Original Banda el Lim\u00f3n la encargada de ambientar a las y los cholultecas y turistas que se den cita el 30 de noviembre.<\/p>\n<p>En rueda de prensa, la alcaldesa cholulteca exhort\u00f3 a las y los cholultecas a darse cita en la Plaza de la Concordia a partir de las 19:00 hrs., donde su administraci\u00f3n, junto con la Secretar\u00eda de Cultura, Turismo y Desarrollo Econ\u00f3mico municipal, prepar\u00f3 diversas actividades culturales.<\/p>\n<p>Asimismo, detall\u00f3 que, en punto de las 20:00 horas, se llevar\u00e1 a cabo el tradicional Concierto de Campanas, en el que todas las luces de la plaza se pagar\u00e1n y el tr\u00e1fico se detendr\u00e1 para poder apreciar el concierto de los 14 templos que participar\u00e1n.<\/p>\n<p>Finalmente, comparti\u00f3 que las actividades tambi\u00e9n se extender\u00e1n al domingo 1 de diciembre, de las 13:00 a las 20:00 horas, ofreciendo gran programaci\u00f3n a las y los ciudadanos.<\/p>\n","protected":false},"excerpt":{"rendered":"<p>La presidenta municipal realiz\u00f3 el anuncio, como parte de las actividades preparadas San Pedro Cholula, Pue.- En la antesala del Vaniloquio 2024, la presidenta municipal de San Pedro Cholula, Tonantzin Fern\u00e1ndez, anunci\u00f3 al artista que cerrar\u00e1 este festival, siendo la Original Banda el Lim\u00f3n la encargada de ambientar a las y los cholultecas y turistas que se den cita el 30 de noviembre. En rueda de prensa, la alcaldesa cholulteca exhort\u00f3 a las y los cholultecas a darse cita en la Plaza de la Concordia a partir de las 19:00 hrs., donde su administraci\u00f3n, junto con la Secretar\u00eda de Cultura, Turismo y Desarrollo Econ\u00f3mico municipal, prepar\u00f3 diversas actividades culturales. Asimismo, detall\u00f3 que, en punto de las 20:00 horas, se llevar\u00e1 a cabo el tradicional Concierto&hellip;<\/p>\n<p class=\"excerpt-more\"><a class=\"blog-excerpt button\" href=\"https:\/\/www.aliadospuebla.com\/?p=98722\">Leer m\u00e1s&#8230;<\/a><\/p>\n","protected":false},"author":2,"featured_media":98723,"comment_status":"open","ping_status":"open","sticky":false,"template":"","format":"standard","meta":{"_monsterinsights_skip_tracking":false,"footnotes":""},"categories":[4],"tags":[2173,20550,8071,387,2107,7394,25811,25756],"class_list":["post-98722","post","type-post","status-publish","format-standard","has-post-thumbnail","hentry","category-municipios","tag-actividades-culturales","tag-concierto-de-campanas","tag-plaza-de-la-concordia","tag-san-pedro-cholula","tag-secretaria-de-cultura","tag-tonantzin-fernandez","tag-turismo-y-desarrollo-economico-municipal","tag-vaniloquio-2024"],"yoast_head":"<!-- This site is optimized with the Yoast SEO plugin v28.3 - https:\/\/yoast.com\/product\/yoast-seo-wordpress\/ -->\n<title>La Original Banda el Lim\u00f3n cerrar\u00e1 el Vaniloquio 2024 - AliadosPuebla<\/title>\n<meta name=\"robots\" content=\"index, follow, max-snippet:-1, max-image-preview:large, max-video-preview:-1\" \/>\n<link rel=\"canonical\" href=\"https:\/\/www.aliadospuebla.com\/?p=98722\" \/>\n<meta property=\"og:locale\" content=\"es_ES\" \/>\n<meta property=\"og:type\" content=\"article\" \/>\n<meta property=\"og:title\" content=\"La Original Banda el Lim\u00f3n cerrar\u00e1 el Vaniloquio 2024 - AliadosPuebla\" \/>\n<meta property=\"og:description\" content=\"La presidenta municipal realiz\u00f3 el anuncio, como parte de las actividades preparadas San Pedro Cholula, Pue.- En la antesala del Vaniloquio 2024, la presidenta municipal de San Pedro Cholula, Tonantzin Fern\u00e1ndez, anunci\u00f3 al artista que cerrar\u00e1 este festival, siendo la Original Banda el Lim\u00f3n la encargada de ambientar a las y los cholultecas y turistas que se den cita el 30 de noviembre. En rueda de prensa, la alcaldesa cholulteca exhort\u00f3 a las y los cholultecas a darse cita en la Plaza de la Concordia a partir de las 19:00 hrs., donde su administraci\u00f3n, junto con la Secretar\u00eda de Cultura, Turismo y Desarrollo Econ\u00f3mico municipal, prepar\u00f3 diversas actividades culturales. Asimismo, detall\u00f3 que, en punto de las 20:00 horas, se llevar\u00e1 a cabo el tradicional Concierto&hellip;Leer m\u00e1s...\" \/>\n<meta property=\"og:url\" content=\"https:\/\/www.aliadospuebla.com\/?p=98722\" \/>\n<meta property=\"og:site_name\" content=\"AliadosPuebla\" \/>\n<meta property=\"article:author\" content=\"https:\/\/www.facebook.com\/Aliados17Pue\" \/>\n<meta property=\"article:published_time\" content=\"2024-11-29T02:54:41+00:00\" \/>\n<meta property=\"og:image\" content=\"https:\/\/www.aliadospuebla.com\/web2017\/wp-content\/uploads\/2024\/11\/1613.jpg\" \/>\n\t<meta property=\"og:image:width\" content=\"600\" \/>\n\t<meta property=\"og:image:height\" content=\"450\" \/>\n\t<meta property=\"og:image:type\" content=\"image\/jpeg\" \/>\n<meta name=\"author\" content=\"Aliados17\" \/>\n<meta name=\"twitter:card\" content=\"summary_large_image\" \/>\n<meta name=\"twitter:creator\" content=\"@AliadosPuebla\" \/>\n<meta name=\"twitter:label1\" content=\"Escrito por\" \/>\n\t<meta name=\"twitter:data1\" content=\"Aliados17\" \/>\n\t<meta name=\"twitter:label2\" content=\"Tiempo de lectura\" \/>\n\t<meta name=\"twitter:data2\" content=\"2 minutos\" \/>\n<script type=\"application\/ld+json\" class=\"yoast-schema-graph\">{\"@context\":\"https:\\\/\\\/schema.org\",\"@graph\":[{\"@type\":\"Article\",\"@id\":\"https:\\\/\\\/www.aliadospuebla.com\\\/?p=98722#article\",\"isPartOf\":{\"@id\":\"https:\\\/\\\/www.aliadospuebla.com\\\/?p=98722\"},\"author\":{\"name\":\"Aliados17\",\"@id\":\"https:\\\/\\\/www.aliadospuebla.com\\\/#\\\/schema\\\/person\\\/5da7dd09320bd4f392b710017ed5f8ad\"},\"headline\":\"La Original Banda el Lim\u00f3n cerrar\u00e1 el Vaniloquio 2024\",\"datePublished\":\"2024-11-29T02:54:41+00:00\",\"mainEntityOfPage\":{\"@id\":\"https:\\\/\\\/www.aliadospuebla.com\\\/?p=98722\"},\"wordCount\":195,\"commentCount\":0,\"image\":{\"@id\":\"https:\\\/\\\/www.aliadospuebla.com\\\/?p=98722#primaryimage\"},\"thumbnailUrl\":\"https:\\\/\\\/www.aliadospuebla.com\\\/web2017\\\/wp-content\\\/uploads\\\/2024\\\/11\\\/1613.jpg\",\"keywords\":[\"ACTIVIDADES CULTURALES\",\"Concierto de campanas\",\"PLAZA DE LA CONCORDIA\",\"SAN PEDRO CHOLULA\",\"SECRETAR\u00cdA DE CULTURA\",\"TONANTZIN FERN\u00c1NDEZ\",\"Turismo y Desarrollo Econ\u00f3mico municipal\",\"Vaniloquio 2024\"],\"articleSection\":[\"Municipios\"],\"inLanguage\":\"es\",\"potentialAction\":[{\"@type\":\"CommentAction\",\"name\":\"Comment\",\"target\":[\"https:\\\/\\\/www.aliadospuebla.com\\\/?p=98722#respond\"]}]},{\"@type\":\"WebPage\",\"@id\":\"https:\\\/\\\/www.aliadospuebla.com\\\/?p=98722\",\"url\":\"https:\\\/\\\/www.aliadospuebla.com\\\/?p=98722\",\"name\":\"La Original Banda el Lim\u00f3n cerrar\u00e1 el Vaniloquio 2024 - AliadosPuebla\",\"isPartOf\":{\"@id\":\"https:\\\/\\\/www.aliadospuebla.com\\\/#website\"},\"primaryImageOfPage\":{\"@id\":\"https:\\\/\\\/www.aliadospuebla.com\\\/?p=98722#primaryimage\"},\"image\":{\"@id\":\"https:\\\/\\\/www.aliadospuebla.com\\\/?p=98722#primaryimage\"},\"thumbnailUrl\":\"https:\\\/\\\/www.aliadospuebla.com\\\/web2017\\\/wp-content\\\/uploads\\\/2024\\\/11\\\/1613.jpg\",\"datePublished\":\"2024-11-29T02:54:41+00:00\",\"author\":{\"@id\":\"https:\\\/\\\/www.aliadospuebla.com\\\/#\\\/schema\\\/person\\\/5da7dd09320bd4f392b710017ed5f8ad\"},\"breadcrumb\":{\"@id\":\"https:\\\/\\\/www.aliadospuebla.com\\\/?p=98722#breadcrumb\"},\"inLanguage\":\"es\",\"potentialAction\":[{\"@type\":\"ReadAction\",\"target\":[\"https:\\\/\\\/www.aliadospuebla.com\\\/?p=98722\"]}]},{\"@type\":\"ImageObject\",\"inLanguage\":\"es\",\"@id\":\"https:\\\/\\\/www.aliadospuebla.com\\\/?p=98722#primaryimage\",\"url\":\"https:\\\/\\\/www.aliadospuebla.com\\\/web2017\\\/wp-content\\\/uploads\\\/2024\\\/11\\\/1613.jpg\",\"contentUrl\":\"https:\\\/\\\/www.aliadospuebla.com\\\/web2017\\\/wp-content\\\/uploads\\\/2024\\\/11\\\/1613.jpg\",\"width\":600,\"height\":450},{\"@type\":\"BreadcrumbList\",\"@id\":\"https:\\\/\\\/www.aliadospuebla.com\\\/?p=98722#breadcrumb\",\"itemListElement\":[{\"@type\":\"ListItem\",\"position\":1,\"name\":\"Portada\",\"item\":\"https:\\\/\\\/www.aliadospuebla.com\\\/\"},{\"@type\":\"ListItem\",\"position\":2,\"name\":\"La Original Banda el Lim\u00f3n cerrar\u00e1 el Vaniloquio 2024\"}]},{\"@type\":\"WebSite\",\"@id\":\"https:\\\/\\\/www.aliadospuebla.com\\\/#website\",\"url\":\"https:\\\/\\\/www.aliadospuebla.com\\\/\",\"name\":\"AliadosPuebla\",\"description\":\"La informaci\u00f3n en tus manos\",\"potentialAction\":[{\"@type\":\"SearchAction\",\"target\":{\"@type\":\"EntryPoint\",\"urlTemplate\":\"https:\\\/\\\/www.aliadospuebla.com\\\/?s={search_term_string}\"},\"query-input\":{\"@type\":\"PropertyValueSpecification\",\"valueRequired\":true,\"valueName\":\"search_term_string\"}}],\"inLanguage\":\"es\"},{\"@type\":\"Person\",\"@id\":\"https:\\\/\\\/www.aliadospuebla.com\\\/#\\\/schema\\\/person\\\/5da7dd09320bd4f392b710017ed5f8ad\",\"name\":\"Aliados17\",\"image\":{\"@type\":\"ImageObject\",\"inLanguage\":\"es\",\"@id\":\"https:\\\/\\\/www.aliadospuebla.com\\\/web2017\\\/wp-content\\\/uploads\\\/2025\\\/03\\\/cropped-para-perfil-8-anos-1-96x96.jpg\",\"url\":\"https:\\\/\\\/www.aliadospuebla.com\\\/web2017\\\/wp-content\\\/uploads\\\/2025\\\/03\\\/cropped-para-perfil-8-anos-1-96x96.jpg\",\"contentUrl\":\"https:\\\/\\\/www.aliadospuebla.com\\\/web2017\\\/wp-content\\\/uploads\\\/2025\\\/03\\\/cropped-para-perfil-8-anos-1-96x96.jpg\",\"caption\":\"Aliados17\"},\"sameAs\":[\"https:\\\/\\\/www.aliados17.com\",\"https:\\\/\\\/www.facebook.com\\\/Aliados17Pue\",\"https:\\\/\\\/x.com\\\/AliadosPuebla\"],\"url\":\"https:\\\/\\\/www.aliadospuebla.com\\\/?author=2\"}]}<\/script>\n<!-- \/ Yoast SEO plugin. -->","yoast_head_json":{"title":"La Original Banda el Lim\u00f3n cerrar\u00e1 el Vaniloquio 2024 - AliadosPuebla","robots":{"index":"index","follow":"follow","max-snippet":"max-snippet:-1","max-image-preview":"max-image-preview:large","max-video-preview":"max-video-preview:-1"},"canonical":"https:\/\/www.aliadospuebla.com\/?p=98722","og_locale":"es_ES","og_type":"article","og_title":"La Original Banda el Lim\u00f3n cerrar\u00e1 el Vaniloquio 2024 - AliadosPuebla","og_description":"La presidenta municipal realiz\u00f3 el anuncio, como parte de las actividades preparadas San Pedro Cholula, Pue.- En la antesala del Vaniloquio 2024, la presidenta municipal de San Pedro Cholula, Tonantzin Fern\u00e1ndez, anunci\u00f3 al artista que cerrar\u00e1 este festival, siendo la Original Banda el Lim\u00f3n la encargada de ambientar a las y los cholultecas y turistas que se den cita el 30 de noviembre. En rueda de prensa, la alcaldesa cholulteca exhort\u00f3 a las y los cholultecas a darse cita en la Plaza de la Concordia a partir de las 19:00 hrs., donde su administraci\u00f3n, junto con la Secretar\u00eda de Cultura, Turismo y Desarrollo Econ\u00f3mico municipal, prepar\u00f3 diversas actividades culturales. Asimismo, detall\u00f3 que, en punto de las 20:00 horas, se llevar\u00e1 a cabo el tradicional Concierto&hellip;Leer m\u00e1s...","og_url":"https:\/\/www.aliadospuebla.com\/?p=98722","og_site_name":"AliadosPuebla","article_author":"https:\/\/www.facebook.com\/Aliados17Pue","article_published_time":"2024-11-29T02:54:41+00:00","og_image":[{"width":600,"height":450,"url":"https:\/\/www.aliadospuebla.com\/web2017\/wp-content\/uploads\/2024\/11\/1613.jpg","type":"image\/jpeg"}],"author":"Aliados17","twitter_card":"summary_large_image","twitter_creator":"@AliadosPuebla","twitter_misc":{"Escrito por":"Aliados17","Tiempo de lectura":"2 minutos"},"schema":{"@context":"https:\/\/schema.org","@graph":[{"@type":"Article","@id":"https:\/\/www.aliadospuebla.com\/?p=98722#article","isPartOf":{"@id":"https:\/\/www.aliadospuebla.com\/?p=98722"},"author":{"name":"Aliados17","@id":"https:\/\/www.aliadospuebla.com\/#\/schema\/person\/5da7dd09320bd4f392b710017ed5f8ad"},"headline":"La Original Banda el Lim\u00f3n cerrar\u00e1 el Vaniloquio 2024","datePublished":"2024-11-29T02:54:41+00:00","mainEntityOfPage":{"@id":"https:\/\/www.aliadospuebla.com\/?p=98722"},"wordCount":195,"commentCount":0,"image":{"@id":"https:\/\/www.aliadospuebla.com\/?p=98722#primaryimage"},"thumbnailUrl":"https:\/\/www.aliadospuebla.com\/web2017\/wp-content\/uploads\/2024\/11\/1613.jpg","keywords":["ACTIVIDADES CULTURALES","Concierto de campanas","PLAZA DE LA CONCORDIA","SAN PEDRO CHOLULA","SECRETAR\u00cdA DE CULTURA","TONANTZIN FERN\u00c1NDEZ","Turismo y Desarrollo Econ\u00f3mico municipal","Vaniloquio 2024"],"articleSection":["Municipios"],"inLanguage":"es","potentialAction":[{"@type":"CommentAction","name":"Comment","target":["https:\/\/www.aliadospuebla.com\/?p=98722#respond"]}]},{"@type":"WebPage","@id":"https:\/\/www.aliadospuebla.com\/?p=98722","url":"https:\/\/www.aliadospuebla.com\/?p=98722","name":"La Original Banda el Lim\u00f3n cerrar\u00e1 el Vaniloquio 2024 - AliadosPuebla","isPartOf":{"@id":"https:\/\/www.aliadospuebla.com\/#website"},"primaryImageOfPage":{"@id":"https:\/\/www.aliadospuebla.com\/?p=98722#primaryimage"},"image":{"@id":"https:\/\/www.aliadospuebla.com\/?p=98722#primaryimage"},"thumbnailUrl":"https:\/\/www.aliadospuebla.com\/web2017\/wp-content\/uploads\/2024\/11\/1613.jpg","datePublished":"2024-11-29T02:54:41+00:00","author":{"@id":"https:\/\/www.aliadospuebla.com\/#\/schema\/person\/5da7dd09320bd4f392b710017ed5f8ad"},"breadcrumb":{"@id":"https:\/\/www.aliadospuebla.com\/?p=98722#breadcrumb"},"inLanguage":"es","potentialAction":[{"@type":"ReadAction","target":["https:\/\/www.aliadospuebla.com\/?p=98722"]}]},{"@type":"ImageObject","inLanguage":"es","@id":"https:\/\/www.aliadospuebla.com\/?p=98722#primaryimage","url":"https:\/\/www.aliadospuebla.com\/web2017\/wp-content\/uploads\/2024\/11\/1613.jpg","contentUrl":"https:\/\/www.aliadospuebla.com\/web2017\/wp-content\/uploads\/2024\/11\/1613.jpg","width":600,"height":450},{"@type":"BreadcrumbList","@id":"https:\/\/www.aliadospuebla.com\/?p=98722#breadcrumb","itemListElement":[{"@type":"ListItem","position":1,"name":"Portada","item":"https:\/\/www.aliadospuebla.com\/"},{"@type":"ListItem","position":2,"name":"La Original Banda el Lim\u00f3n cerrar\u00e1 el Vaniloquio 2024"}]},{"@type":"WebSite","@id":"https:\/\/www.aliadospuebla.com\/#website","url":"https:\/\/www.aliadospuebla.com\/","name":"AliadosPuebla","description":"La informaci\u00f3n en tus manos","potentialAction":[{"@type":"SearchAction","target":{"@type":"EntryPoint","urlTemplate":"https:\/\/www.aliadospuebla.com\/?s={search_term_string}"},"query-input":{"@type":"PropertyValueSpecification","valueRequired":true,"valueName":"search_term_string"}}],"inLanguage":"es"},{"@type":"Person","@id":"https:\/\/www.aliadospuebla.com\/#\/schema\/person\/5da7dd09320bd4f392b710017ed5f8ad","name":"Aliados17","image":{"@type":"ImageObject","inLanguage":"es","@id":"https:\/\/www.aliadospuebla.com\/web2017\/wp-content\/uploads\/2025\/03\/cropped-para-perfil-8-anos-1-96x96.jpg","url":"https:\/\/www.aliadospuebla.com\/web2017\/wp-content\/uploads\/2025\/03\/cropped-para-perfil-8-anos-1-96x96.jpg","contentUrl":"https:\/\/www.aliadospuebla.com\/web2017\/wp-content\/uploads\/2025\/03\/cropped-para-perfil-8-anos-1-96x96.jpg","caption":"Aliados17"},"sameAs":["https:\/\/www.aliados17.com","https:\/\/www.facebook.com\/Aliados17Pue","https:\/\/x.com\/AliadosPuebla"],"url":"https:\/\/www.aliadospuebla.com\/?author=2"}]}},"views":9,"_links":{"self":[{"href":"https:\/\/www.aliadospuebla.com\/index.php?rest_route=\/wp\/v2\/posts\/98722","targetHints":{"allow":["GET"]}}],"collection":[{"href":"https:\/\/www.aliadospuebla.com\/index.php?rest_route=\/wp\/v2\/posts"}],"about":[{"href":"https:\/\/www.aliadospuebla.com\/index.php?rest_route=\/wp\/v2\/types\/post"}],"author":[{"embeddable":true,"href":"https:\/\/www.aliadospuebla.com\/index.php?rest_route=\/wp\/v2\/users\/2"}],"replies":[{"embeddable":true,"href":"https:\/\/www.aliadospuebla.com\/index.php?rest_route=%2Fwp%2Fv2%2Fcomments&post=98722"}],"version-history":[{"count":1,"href":"https:\/\/www.aliadospuebla.com\/index.php?rest_route=\/wp\/v2\/posts\/98722\/revisions"}],"predecessor-version":[{"id":98724,"href":"https:\/\/www.aliadospuebla.com\/index.php?rest_route=\/wp\/v2\/posts\/98722\/revisions\/98724"}],"wp:featuredmedia":[{"embeddable":true,"href":"https:\/\/www.aliadospuebla.com\/index.php?rest_route=\/wp\/v2\/media\/98723"}],"wp:attachment":[{"href":"https:\/\/www.aliadospuebla.com\/index.php?rest_route=%2Fwp%2Fv2%2Fmedia&parent=98722"}],"wp:term":[{"taxonomy":"category","embeddable":true,"href":"https:\/\/www.aliadospuebla.com\/index.php?rest_route=%2Fwp%2Fv2%2Fcategories&post=98722"},{"taxonomy":"post_tag","embeddable":true,"href":"https:\/\/www.aliadospuebla.com\/index.php?rest_route=%2Fwp%2Fv2%2Ftags&post=98722"}],"curies":[{"name":"wp","href":"https:\/\/api.w.org\/{rel}","templated":true}]}}