{"id":98677,"date":"2024-11-27T22:34:56","date_gmt":"2024-11-28T04:34:56","guid":{"rendered":"https:\/\/www.aliados17.com\/?p=98677"},"modified":"2024-11-27T22:34:56","modified_gmt":"2024-11-28T04:34:56","slug":"gestiono-pepe-chedraui-peticion-ciudadana-para-construccion-de-techado-en-caic","status":"publish","type":"post","link":"https:\/\/www.aliadospuebla.com\/?p=98677","title":{"rendered":"Gestion\u00f3 Pepe Chedraui petici\u00f3n ciudadana para construcci\u00f3n de techado en CAIC"},"content":{"rendered":"<h4>Al reunirse con padres y madres de familia del Centro de Asistencia Infantil Comunitario (CAIC) de Barranca Honda, el presidente municipal, Pepe Chedraui Budib, recibi\u00f3 y gestion\u00f3 la atenci\u00f3n a una petici\u00f3n ciudadana para la construcci\u00f3n de un techado en este espacio en beneficio de la poblaci\u00f3n infanti, mismo que ya fue entregado por el gobierno estatal.<\/h4>\n<p>Con la intenci\u00f3n de atender las demandas de la ciudadan\u00eda, garantiz\u00f3 comunicaci\u00f3n directa<\/p>\n<p>con el gobernador del estado, Sergio Salom\u00f3n C\u00e9spedes Peregrina, quien gir\u00f3 indicaci\u00f3n<\/p>\n<p>para que se diera atenci\u00f3n inmediata a la solicitud, por lo que las y los beneficiarios celebraron<\/p>\n<p>la intervenci\u00f3n de ambos \u00f3rdenes de gobierno.<\/p>\n<p>\u201cLos padres de familia nos pidieron que gestion\u00e1ramos este techado, inmediatamente le hablamos al gobernador,<\/p>\n<p>Sergio Salom\u00f3n C\u00e9spedes Peregrina, para preguntar si hay manera de construir el techo<\/p>\n<p>porque hace mucha falta y me dijo que \u2018de inmediato lo hacemos, lo antes posible\u2019.<\/p>\n<p>Es un techado en favor de la escuela. Gracias por incluirme en esta gesti\u00f3n\u201d, dijo.<\/p>\n<p>Finalmente, el alcalde reconoci\u00f3 el trabajo del Jefe del Ejecutivo en beneficio de la educaci\u00f3n y la ni\u00f1ez que requiere la m\u00e1xima atenci\u00f3n para su adecuado desarrollo.<\/p>\n","protected":false},"excerpt":{"rendered":"<p>Al reunirse con padres y madres de familia del Centro de Asistencia Infantil Comunitario (CAIC) de Barranca Honda, el presidente municipal, Pepe Chedraui Budib, recibi\u00f3 y gestion\u00f3 la atenci\u00f3n a una petici\u00f3n ciudadana para la construcci\u00f3n de un techado en este espacio en beneficio de la poblaci\u00f3n infanti, mismo que ya fue entregado por el gobierno estatal. Con la intenci\u00f3n de atender las demandas de la ciudadan\u00eda, garantiz\u00f3 comunicaci\u00f3n directa con el gobernador del estado, Sergio Salom\u00f3n C\u00e9spedes Peregrina, quien gir\u00f3 indicaci\u00f3n para que se diera atenci\u00f3n inmediata a la solicitud, por lo que las y los beneficiarios celebraron la intervenci\u00f3n de ambos \u00f3rdenes de gobierno. \u201cLos padres de familia nos pidieron que gestion\u00e1ramos este techado, inmediatamente le hablamos al gobernador, Sergio Salom\u00f3n C\u00e9spedes Peregrina,&hellip;<\/p>\n<p class=\"excerpt-more\"><a class=\"blog-excerpt button\" href=\"https:\/\/www.aliadospuebla.com\/?p=98677\">Leer m\u00e1s&#8230;<\/a><\/p>\n","protected":false},"author":2,"featured_media":98678,"comment_status":"open","ping_status":"open","sticky":false,"template":"","format":"standard","meta":{"_monsterinsights_skip_tracking":false,"footnotes":""},"categories":[62],"tags":[25784,25785,24702,10666],"class_list":["post-98677","post","type-post","status-publish","format-standard","has-post-thumbnail","hentry","category-capital","tag-centro-de-asistencia-infantil-comunitario","tag-construccion-de-un-techado","tag-pepe-chedraui-budib","tag-sergio-salomon-cespedes-peregrina"],"yoast_head":"<!-- This site is optimized with the Yoast SEO plugin v28.4 - https:\/\/yoast.com\/product\/yoast-seo-wordpress\/ -->\n<title>Gestion\u00f3 Pepe Chedraui petici\u00f3n ciudadana para construcci\u00f3n de techado en CAIC - AliadosPuebla<\/title>\n<meta name=\"robots\" content=\"index, follow, max-snippet:-1, max-image-preview:large, max-video-preview:-1\" \/>\n<link rel=\"canonical\" href=\"https:\/\/www.aliadospuebla.com\/?p=98677\" \/>\n<meta property=\"og:locale\" content=\"es_ES\" \/>\n<meta property=\"og:type\" content=\"article\" \/>\n<meta property=\"og:title\" content=\"Gestion\u00f3 Pepe Chedraui petici\u00f3n ciudadana para construcci\u00f3n de techado en CAIC - AliadosPuebla\" \/>\n<meta property=\"og:description\" content=\"Al reunirse con padres y madres de familia del Centro de Asistencia Infantil Comunitario (CAIC) de Barranca Honda, el presidente municipal, Pepe Chedraui Budib, recibi\u00f3 y gestion\u00f3 la atenci\u00f3n a una petici\u00f3n ciudadana para la construcci\u00f3n de un techado en este espacio en beneficio de la poblaci\u00f3n infanti, mismo que ya fue entregado por el gobierno estatal. Con la intenci\u00f3n de atender las demandas de la ciudadan\u00eda, garantiz\u00f3 comunicaci\u00f3n directa con el gobernador del estado, Sergio Salom\u00f3n C\u00e9spedes Peregrina, quien gir\u00f3 indicaci\u00f3n para que se diera atenci\u00f3n inmediata a la solicitud, por lo que las y los beneficiarios celebraron la intervenci\u00f3n de ambos \u00f3rdenes de gobierno. \u201cLos padres de familia nos pidieron que gestion\u00e1ramos este techado, inmediatamente le hablamos al gobernador, Sergio Salom\u00f3n C\u00e9spedes Peregrina,&hellip;Leer m\u00e1s...\" \/>\n<meta property=\"og:url\" content=\"https:\/\/www.aliadospuebla.com\/?p=98677\" \/>\n<meta property=\"og:site_name\" content=\"AliadosPuebla\" \/>\n<meta property=\"article:author\" content=\"https:\/\/www.facebook.com\/Aliados17Pue\" \/>\n<meta property=\"article:published_time\" content=\"2024-11-28T04:34:56+00:00\" \/>\n<meta property=\"og:image\" content=\"https:\/\/www.aliadospuebla.com\/web2017\/wp-content\/uploads\/2024\/11\/1601.jpg\" \/>\n\t<meta property=\"og:image:width\" content=\"600\" \/>\n\t<meta property=\"og:image:height\" content=\"450\" \/>\n\t<meta property=\"og:image:type\" content=\"image\/jpeg\" \/>\n<meta name=\"author\" content=\"Aliados17\" \/>\n<meta name=\"twitter:card\" content=\"summary_large_image\" \/>\n<meta name=\"twitter:creator\" content=\"@AliadosPuebla\" \/>\n<meta name=\"twitter:label1\" content=\"Escrito por\" \/>\n\t<meta name=\"twitter:data1\" content=\"Aliados17\" \/>\n\t<meta name=\"twitter:label2\" content=\"Tiempo de lectura\" \/>\n\t<meta name=\"twitter:data2\" content=\"2 minutos\" \/>\n<script type=\"application\/ld+json\" class=\"yoast-schema-graph\">{\"@context\":\"https:\\\/\\\/schema.org\",\"@graph\":[{\"@type\":\"Article\",\"@id\":\"https:\\\/\\\/www.aliadospuebla.com\\\/?p=98677#article\",\"isPartOf\":{\"@id\":\"https:\\\/\\\/www.aliadospuebla.com\\\/?p=98677\"},\"author\":{\"name\":\"Aliados17\",\"@id\":\"https:\\\/\\\/www.aliadospuebla.com\\\/#\\\/schema\\\/person\\\/5da7dd09320bd4f392b710017ed5f8ad\"},\"headline\":\"Gestion\u00f3 Pepe Chedraui petici\u00f3n ciudadana para construcci\u00f3n de techado en CAIC\",\"datePublished\":\"2024-11-28T04:34:56+00:00\",\"mainEntityOfPage\":{\"@id\":\"https:\\\/\\\/www.aliadospuebla.com\\\/?p=98677\"},\"wordCount\":224,\"commentCount\":0,\"image\":{\"@id\":\"https:\\\/\\\/www.aliadospuebla.com\\\/?p=98677#primaryimage\"},\"thumbnailUrl\":\"https:\\\/\\\/www.aliadospuebla.com\\\/web2017\\\/wp-content\\\/uploads\\\/2024\\\/11\\\/1601.jpg\",\"keywords\":[\"Centro de Asistencia Infantil Comunitario\",\"construcci\u00f3n de un techado\",\"Pepe Chedraui Budib\",\"Sergio Salom\u00f3n C\u00e9spedes Peregrina\"],\"articleSection\":[\"Capital\"],\"inLanguage\":\"es\",\"potentialAction\":[{\"@type\":\"CommentAction\",\"name\":\"Comment\",\"target\":[\"https:\\\/\\\/www.aliadospuebla.com\\\/?p=98677#respond\"]}]},{\"@type\":\"WebPage\",\"@id\":\"https:\\\/\\\/www.aliadospuebla.com\\\/?p=98677\",\"url\":\"https:\\\/\\\/www.aliadospuebla.com\\\/?p=98677\",\"name\":\"Gestion\u00f3 Pepe Chedraui petici\u00f3n ciudadana para construcci\u00f3n de techado en CAIC - AliadosPuebla\",\"isPartOf\":{\"@id\":\"https:\\\/\\\/www.aliadospuebla.com\\\/#website\"},\"primaryImageOfPage\":{\"@id\":\"https:\\\/\\\/www.aliadospuebla.com\\\/?p=98677#primaryimage\"},\"image\":{\"@id\":\"https:\\\/\\\/www.aliadospuebla.com\\\/?p=98677#primaryimage\"},\"thumbnailUrl\":\"https:\\\/\\\/www.aliadospuebla.com\\\/web2017\\\/wp-content\\\/uploads\\\/2024\\\/11\\\/1601.jpg\",\"datePublished\":\"2024-11-28T04:34:56+00:00\",\"author\":{\"@id\":\"https:\\\/\\\/www.aliadospuebla.com\\\/#\\\/schema\\\/person\\\/5da7dd09320bd4f392b710017ed5f8ad\"},\"breadcrumb\":{\"@id\":\"https:\\\/\\\/www.aliadospuebla.com\\\/?p=98677#breadcrumb\"},\"inLanguage\":\"es\",\"potentialAction\":[{\"@type\":\"ReadAction\",\"target\":[\"https:\\\/\\\/www.aliadospuebla.com\\\/?p=98677\"]}]},{\"@type\":\"ImageObject\",\"inLanguage\":\"es\",\"@id\":\"https:\\\/\\\/www.aliadospuebla.com\\\/?p=98677#primaryimage\",\"url\":\"https:\\\/\\\/www.aliadospuebla.com\\\/web2017\\\/wp-content\\\/uploads\\\/2024\\\/11\\\/1601.jpg\",\"contentUrl\":\"https:\\\/\\\/www.aliadospuebla.com\\\/web2017\\\/wp-content\\\/uploads\\\/2024\\\/11\\\/1601.jpg\",\"width\":600,\"height\":450},{\"@type\":\"BreadcrumbList\",\"@id\":\"https:\\\/\\\/www.aliadospuebla.com\\\/?p=98677#breadcrumb\",\"itemListElement\":[{\"@type\":\"ListItem\",\"position\":1,\"name\":\"Portada\",\"item\":\"https:\\\/\\\/www.aliadospuebla.com\\\/\"},{\"@type\":\"ListItem\",\"position\":2,\"name\":\"Gestion\u00f3 Pepe Chedraui petici\u00f3n ciudadana para construcci\u00f3n de techado en CAIC\"}]},{\"@type\":\"WebSite\",\"@id\":\"https:\\\/\\\/www.aliadospuebla.com\\\/#website\",\"url\":\"https:\\\/\\\/www.aliadospuebla.com\\\/\",\"name\":\"AliadosPuebla\",\"description\":\"La informaci\u00f3n en tus manos\",\"potentialAction\":[{\"@type\":\"SearchAction\",\"target\":{\"@type\":\"EntryPoint\",\"urlTemplate\":\"https:\\\/\\\/www.aliadospuebla.com\\\/?s={search_term_string}\"},\"query-input\":{\"@type\":\"PropertyValueSpecification\",\"valueRequired\":true,\"valueName\":\"search_term_string\"}}],\"inLanguage\":\"es\"},{\"@type\":\"Person\",\"@id\":\"https:\\\/\\\/www.aliadospuebla.com\\\/#\\\/schema\\\/person\\\/5da7dd09320bd4f392b710017ed5f8ad\",\"name\":\"Aliados17\",\"image\":{\"@type\":\"ImageObject\",\"inLanguage\":\"es\",\"@id\":\"https:\\\/\\\/www.aliadospuebla.com\\\/web2017\\\/wp-content\\\/uploads\\\/2025\\\/03\\\/cropped-para-perfil-8-anos-1-96x96.jpg\",\"url\":\"https:\\\/\\\/www.aliadospuebla.com\\\/web2017\\\/wp-content\\\/uploads\\\/2025\\\/03\\\/cropped-para-perfil-8-anos-1-96x96.jpg\",\"contentUrl\":\"https:\\\/\\\/www.aliadospuebla.com\\\/web2017\\\/wp-content\\\/uploads\\\/2025\\\/03\\\/cropped-para-perfil-8-anos-1-96x96.jpg\",\"caption\":\"Aliados17\"},\"sameAs\":[\"https:\\\/\\\/www.aliados17.com\",\"https:\\\/\\\/www.facebook.com\\\/Aliados17Pue\",\"https:\\\/\\\/x.com\\\/AliadosPuebla\"],\"url\":\"https:\\\/\\\/www.aliadospuebla.com\\\/?author=2\"}]}<\/script>\n<!-- \/ Yoast SEO plugin. -->","yoast_head_json":{"title":"Gestion\u00f3 Pepe Chedraui petici\u00f3n ciudadana para construcci\u00f3n de techado en CAIC - AliadosPuebla","robots":{"index":"index","follow":"follow","max-snippet":"max-snippet:-1","max-image-preview":"max-image-preview:large","max-video-preview":"max-video-preview:-1"},"canonical":"https:\/\/www.aliadospuebla.com\/?p=98677","og_locale":"es_ES","og_type":"article","og_title":"Gestion\u00f3 Pepe Chedraui petici\u00f3n ciudadana para construcci\u00f3n de techado en CAIC - AliadosPuebla","og_description":"Al reunirse con padres y madres de familia del Centro de Asistencia Infantil Comunitario (CAIC) de Barranca Honda, el presidente municipal, Pepe Chedraui Budib, recibi\u00f3 y gestion\u00f3 la atenci\u00f3n a una petici\u00f3n ciudadana para la construcci\u00f3n de un techado en este espacio en beneficio de la poblaci\u00f3n infanti, mismo que ya fue entregado por el gobierno estatal. Con la intenci\u00f3n de atender las demandas de la ciudadan\u00eda, garantiz\u00f3 comunicaci\u00f3n directa con el gobernador del estado, Sergio Salom\u00f3n C\u00e9spedes Peregrina, quien gir\u00f3 indicaci\u00f3n para que se diera atenci\u00f3n inmediata a la solicitud, por lo que las y los beneficiarios celebraron la intervenci\u00f3n de ambos \u00f3rdenes de gobierno. \u201cLos padres de familia nos pidieron que gestion\u00e1ramos este techado, inmediatamente le hablamos al gobernador, Sergio Salom\u00f3n C\u00e9spedes Peregrina,&hellip;Leer m\u00e1s...","og_url":"https:\/\/www.aliadospuebla.com\/?p=98677","og_site_name":"AliadosPuebla","article_author":"https:\/\/www.facebook.com\/Aliados17Pue","article_published_time":"2024-11-28T04:34:56+00:00","og_image":[{"width":600,"height":450,"url":"https:\/\/www.aliadospuebla.com\/web2017\/wp-content\/uploads\/2024\/11\/1601.jpg","type":"image\/jpeg"}],"author":"Aliados17","twitter_card":"summary_large_image","twitter_creator":"@AliadosPuebla","twitter_misc":{"Escrito por":"Aliados17","Tiempo de lectura":"2 minutos"},"schema":{"@context":"https:\/\/schema.org","@graph":[{"@type":"Article","@id":"https:\/\/www.aliadospuebla.com\/?p=98677#article","isPartOf":{"@id":"https:\/\/www.aliadospuebla.com\/?p=98677"},"author":{"name":"Aliados17","@id":"https:\/\/www.aliadospuebla.com\/#\/schema\/person\/5da7dd09320bd4f392b710017ed5f8ad"},"headline":"Gestion\u00f3 Pepe Chedraui petici\u00f3n ciudadana para construcci\u00f3n de techado en CAIC","datePublished":"2024-11-28T04:34:56+00:00","mainEntityOfPage":{"@id":"https:\/\/www.aliadospuebla.com\/?p=98677"},"wordCount":224,"commentCount":0,"image":{"@id":"https:\/\/www.aliadospuebla.com\/?p=98677#primaryimage"},"thumbnailUrl":"https:\/\/www.aliadospuebla.com\/web2017\/wp-content\/uploads\/2024\/11\/1601.jpg","keywords":["Centro de Asistencia Infantil Comunitario","construcci\u00f3n de un techado","Pepe Chedraui Budib","Sergio Salom\u00f3n C\u00e9spedes Peregrina"],"articleSection":["Capital"],"inLanguage":"es","potentialAction":[{"@type":"CommentAction","name":"Comment","target":["https:\/\/www.aliadospuebla.com\/?p=98677#respond"]}]},{"@type":"WebPage","@id":"https:\/\/www.aliadospuebla.com\/?p=98677","url":"https:\/\/www.aliadospuebla.com\/?p=98677","name":"Gestion\u00f3 Pepe Chedraui petici\u00f3n ciudadana para construcci\u00f3n de techado en CAIC - AliadosPuebla","isPartOf":{"@id":"https:\/\/www.aliadospuebla.com\/#website"},"primaryImageOfPage":{"@id":"https:\/\/www.aliadospuebla.com\/?p=98677#primaryimage"},"image":{"@id":"https:\/\/www.aliadospuebla.com\/?p=98677#primaryimage"},"thumbnailUrl":"https:\/\/www.aliadospuebla.com\/web2017\/wp-content\/uploads\/2024\/11\/1601.jpg","datePublished":"2024-11-28T04:34:56+00:00","author":{"@id":"https:\/\/www.aliadospuebla.com\/#\/schema\/person\/5da7dd09320bd4f392b710017ed5f8ad"},"breadcrumb":{"@id":"https:\/\/www.aliadospuebla.com\/?p=98677#breadcrumb"},"inLanguage":"es","potentialAction":[{"@type":"ReadAction","target":["https:\/\/www.aliadospuebla.com\/?p=98677"]}]},{"@type":"ImageObject","inLanguage":"es","@id":"https:\/\/www.aliadospuebla.com\/?p=98677#primaryimage","url":"https:\/\/www.aliadospuebla.com\/web2017\/wp-content\/uploads\/2024\/11\/1601.jpg","contentUrl":"https:\/\/www.aliadospuebla.com\/web2017\/wp-content\/uploads\/2024\/11\/1601.jpg","width":600,"height":450},{"@type":"BreadcrumbList","@id":"https:\/\/www.aliadospuebla.com\/?p=98677#breadcrumb","itemListElement":[{"@type":"ListItem","position":1,"name":"Portada","item":"https:\/\/www.aliadospuebla.com\/"},{"@type":"ListItem","position":2,"name":"Gestion\u00f3 Pepe Chedraui petici\u00f3n ciudadana para construcci\u00f3n de techado en CAIC"}]},{"@type":"WebSite","@id":"https:\/\/www.aliadospuebla.com\/#website","url":"https:\/\/www.aliadospuebla.com\/","name":"AliadosPuebla","description":"La informaci\u00f3n en tus manos","potentialAction":[{"@type":"SearchAction","target":{"@type":"EntryPoint","urlTemplate":"https:\/\/www.aliadospuebla.com\/?s={search_term_string}"},"query-input":{"@type":"PropertyValueSpecification","valueRequired":true,"valueName":"search_term_string"}}],"inLanguage":"es"},{"@type":"Person","@id":"https:\/\/www.aliadospuebla.com\/#\/schema\/person\/5da7dd09320bd4f392b710017ed5f8ad","name":"Aliados17","image":{"@type":"ImageObject","inLanguage":"es","@id":"https:\/\/www.aliadospuebla.com\/web2017\/wp-content\/uploads\/2025\/03\/cropped-para-perfil-8-anos-1-96x96.jpg","url":"https:\/\/www.aliadospuebla.com\/web2017\/wp-content\/uploads\/2025\/03\/cropped-para-perfil-8-anos-1-96x96.jpg","contentUrl":"https:\/\/www.aliadospuebla.com\/web2017\/wp-content\/uploads\/2025\/03\/cropped-para-perfil-8-anos-1-96x96.jpg","caption":"Aliados17"},"sameAs":["https:\/\/www.aliados17.com","https:\/\/www.facebook.com\/Aliados17Pue","https:\/\/x.com\/AliadosPuebla"],"url":"https:\/\/www.aliadospuebla.com\/?author=2"}]}},"views":5,"_links":{"self":[{"href":"https:\/\/www.aliadospuebla.com\/index.php?rest_route=\/wp\/v2\/posts\/98677","targetHints":{"allow":["GET"]}}],"collection":[{"href":"https:\/\/www.aliadospuebla.com\/index.php?rest_route=\/wp\/v2\/posts"}],"about":[{"href":"https:\/\/www.aliadospuebla.com\/index.php?rest_route=\/wp\/v2\/types\/post"}],"author":[{"embeddable":true,"href":"https:\/\/www.aliadospuebla.com\/index.php?rest_route=\/wp\/v2\/users\/2"}],"replies":[{"embeddable":true,"href":"https:\/\/www.aliadospuebla.com\/index.php?rest_route=%2Fwp%2Fv2%2Fcomments&post=98677"}],"version-history":[{"count":1,"href":"https:\/\/www.aliadospuebla.com\/index.php?rest_route=\/wp\/v2\/posts\/98677\/revisions"}],"predecessor-version":[{"id":98679,"href":"https:\/\/www.aliadospuebla.com\/index.php?rest_route=\/wp\/v2\/posts\/98677\/revisions\/98679"}],"wp:featuredmedia":[{"embeddable":true,"href":"https:\/\/www.aliadospuebla.com\/index.php?rest_route=\/wp\/v2\/media\/98678"}],"wp:attachment":[{"href":"https:\/\/www.aliadospuebla.com\/index.php?rest_route=%2Fwp%2Fv2%2Fmedia&parent=98677"}],"wp:term":[{"taxonomy":"category","embeddable":true,"href":"https:\/\/www.aliadospuebla.com\/index.php?rest_route=%2Fwp%2Fv2%2Fcategories&post=98677"},{"taxonomy":"post_tag","embeddable":true,"href":"https:\/\/www.aliadospuebla.com\/index.php?rest_route=%2Fwp%2Fv2%2Ftags&post=98677"}],"curies":[{"name":"wp","href":"https:\/\/api.w.org\/{rel}","templated":true}]}}