{"id":98527,"date":"2024-11-24T23:48:08","date_gmt":"2024-11-25T05:48:08","guid":{"rendered":"https:\/\/www.aliados17.com\/?p=98527"},"modified":"2024-11-24T23:48:08","modified_gmt":"2024-11-25T05:48:08","slug":"a-sergio-salomon-lo-calificara-la-historia","status":"publish","type":"post","link":"https:\/\/www.aliadospuebla.com\/?p=98527","title":{"rendered":"A Sergio Salom\u00f3n lo calificar\u00e1 la historia"},"content":{"rendered":"<h4>Ser responsable en el ejercicio del poder, es una frase sencilla, hasta demagoga, pero que lo dice todo.<\/h4>\n<p>Decir que Sergio Salom\u00f3n es el mejor gobernador en los \u00faltimos a\u00f1os, es una aventura.<br \/>\nDecir que ha sido responsable con los beneficios sociales que implica, suena mejor.<br \/>\nLos hechos, avalan la gesti\u00f3n de dos a\u00f1os de Sergio Salom\u00f3n C\u00e9spedes Peregrina,<\/p>\n<p>al frente del gobierno y de su esposa Gaby Bonilla en el Sistema DIF.<br \/>\n\u00bfQu\u00e9 deja \u201cDoble S\u201d?<br \/>\nReconciliaci\u00f3n y unidad.<br \/>\nLa m\u00e1s alta inversi\u00f3n en obra p\u00fablica en toda la historia.<br \/>\nPuebla estaba rota; logr\u00f3 cohesionarla.<br \/>\nY un tema m\u00e1s con impacto a largo plazo:<br \/>\nLa construcci\u00f3n de Ciudad Universitaria 2 en coordinaci\u00f3n con la Rectora de la BUAP Lilia Cedillo.<\/p>\n<p>Fue una inversi\u00f3n conjunta de 1,200 millones de pesos.<br \/>\nY de la sede poblana del Instituto Polit\u00e9cnico Nacional (IPN), con 3,450 millones de pesos aplicados.<br \/>\nLo que se hizo en educaci\u00f3n, no tiene precio.<br \/>\nY sumando aqu\u00ed y all\u00e1, con unidad de los sectores, conciliando, sin represi\u00f3n ni odios, con responsabilidad y resultados, Sergio Salom\u00f3n cumpli\u00f3.<br \/>\nNo se trata de comparaciones.<br \/>\nQue la historia lo califique.<br \/>\nPunto.<br \/>\nHe dicho y he escrito.<br \/>\n\u2026<\/p>\n<p>El 9, \u201cDoble AA\u201d presentar\u00e1 al gabinete<\/p>\n<p>Si otra cosa no sucede, el lunes 9 de diciembre, el gobernador electo Alejandro Armenta presentar\u00e1 a la totalidad de su gabinete.<br \/>\nPara ese entonces, se habr\u00e1n sumado varios nombramientos.<br \/>\nPero la lista total, con los ajustes de \u00faltima hora, se preven para ese d\u00eda.<br \/>\nFaltar\u00e1n apenas unos 5 d\u00edas para que \u201cDoble A\u201d rinda protesta como gobernador constitucional.<br \/>\n\u00bfSorpresas?<br \/>\nTal vez.<br \/>\nPero ya todo est\u00e1 definido para el inicio del nuevo gobierno.<br \/>\nPunto.<br \/>\nHe informado.<br \/>\n\u2026<\/p>\n<p>Ni Obama<br \/>\nA Charito, no la defiende, ni Obama.<br \/>\n\u2026<\/p>\n<p>El Verdugo<br \/>\nLalo Rivera y Mario Riestra vienen de perder en las elecciones del 2 de junio y ahora se encuentran, pero disput\u00e1ndose la dirigencia estatal el PAN. Lalo puso a Felipe Vel\u00e1zquez de candidato, pero para el caso es lo mismo. El Verdugo dice: Dos derrotas continuas, no son buenas para la salud pol\u00edtica, ni de uno, ni de otro.<\/p>\n","protected":false},"excerpt":{"rendered":"<p>Ser responsable en el ejercicio del poder, es una frase sencilla, hasta demagoga, pero que lo dice todo. Decir que Sergio Salom\u00f3n es el mejor gobernador en los \u00faltimos a\u00f1os, es una aventura. Decir que ha sido responsable con los beneficios sociales que implica, suena mejor. Los hechos, avalan la gesti\u00f3n de dos a\u00f1os de Sergio Salom\u00f3n C\u00e9spedes Peregrina, al frente del gobierno y de su esposa Gaby Bonilla en el Sistema DIF. \u00bfQu\u00e9 deja \u201cDoble S\u201d? Reconciliaci\u00f3n y unidad. La m\u00e1s alta inversi\u00f3n en obra p\u00fablica en toda la historia. Puebla estaba rota; logr\u00f3 cohesionarla. Y un tema m\u00e1s con impacto a largo plazo: La construcci\u00f3n de Ciudad Universitaria 2 en coordinaci\u00f3n con la Rectora de la BUAP Lilia Cedillo. Fue una inversi\u00f3n conjunta&hellip;<\/p>\n<p class=\"excerpt-more\"><a class=\"blog-excerpt button\" href=\"https:\/\/www.aliadospuebla.com\/?p=98527\">Leer m\u00e1s&#8230;<\/a><\/p>\n","protected":false},"author":2,"featured_media":98528,"comment_status":"open","ping_status":"open","sticky":false,"template":"","format":"standard","meta":{"_monsterinsights_skip_tracking":false,"footnotes":""},"categories":[9],"tags":[25690,25692,25689,20967,16064,13575,25691],"class_list":["post-98527","post","type-post","status-publish","format-standard","has-post-thumbnail","hentry","category-columnas","tag-conciliando","tag-derrotas-continuas","tag-ejercicio-del-poder","tag-gaby-bonilla","tag-lilia-cedillo","tag-sergio-salomon","tag-sin-represion"],"yoast_head":"<!-- This site is optimized with the Yoast SEO plugin v28.3 - https:\/\/yoast.com\/product\/yoast-seo-wordpress\/ -->\n<title>A Sergio Salom\u00f3n lo calificar\u00e1 la historia - AliadosPuebla<\/title>\n<meta name=\"robots\" content=\"index, follow, max-snippet:-1, max-image-preview:large, max-video-preview:-1\" \/>\n<link rel=\"canonical\" href=\"https:\/\/www.aliadospuebla.com\/?p=98527\" \/>\n<meta property=\"og:locale\" content=\"es_ES\" \/>\n<meta property=\"og:type\" content=\"article\" \/>\n<meta property=\"og:title\" content=\"A Sergio Salom\u00f3n lo calificar\u00e1 la historia - AliadosPuebla\" \/>\n<meta property=\"og:description\" content=\"Ser responsable en el ejercicio del poder, es una frase sencilla, hasta demagoga, pero que lo dice todo. Decir que Sergio Salom\u00f3n es el mejor gobernador en los \u00faltimos a\u00f1os, es una aventura. Decir que ha sido responsable con los beneficios sociales que implica, suena mejor. Los hechos, avalan la gesti\u00f3n de dos a\u00f1os de Sergio Salom\u00f3n C\u00e9spedes Peregrina, al frente del gobierno y de su esposa Gaby Bonilla en el Sistema DIF. \u00bfQu\u00e9 deja \u201cDoble S\u201d? Reconciliaci\u00f3n y unidad. La m\u00e1s alta inversi\u00f3n en obra p\u00fablica en toda la historia. Puebla estaba rota; logr\u00f3 cohesionarla. Y un tema m\u00e1s con impacto a largo plazo: La construcci\u00f3n de Ciudad Universitaria 2 en coordinaci\u00f3n con la Rectora de la BUAP Lilia Cedillo. Fue una inversi\u00f3n conjunta&hellip;Leer m\u00e1s...\" \/>\n<meta property=\"og:url\" content=\"https:\/\/www.aliadospuebla.com\/?p=98527\" \/>\n<meta property=\"og:site_name\" content=\"AliadosPuebla\" \/>\n<meta property=\"article:author\" content=\"https:\/\/www.facebook.com\/Aliados17Pue\" \/>\n<meta property=\"article:published_time\" content=\"2024-11-25T05:48:08+00:00\" \/>\n<meta property=\"og:image\" content=\"https:\/\/www.aliadospuebla.com\/web2017\/wp-content\/uploads\/2024\/11\/1555.jpg\" \/>\n\t<meta property=\"og:image:width\" content=\"600\" \/>\n\t<meta property=\"og:image:height\" content=\"450\" \/>\n\t<meta property=\"og:image:type\" content=\"image\/jpeg\" \/>\n<meta name=\"author\" content=\"Aliados17\" \/>\n<meta name=\"twitter:card\" content=\"summary_large_image\" \/>\n<meta name=\"twitter:creator\" content=\"@AliadosPuebla\" \/>\n<meta name=\"twitter:label1\" content=\"Escrito por\" \/>\n\t<meta name=\"twitter:data1\" content=\"Aliados17\" \/>\n\t<meta name=\"twitter:label2\" content=\"Tiempo de lectura\" \/>\n\t<meta name=\"twitter:data2\" content=\"2 minutos\" \/>\n<script type=\"application\/ld+json\" class=\"yoast-schema-graph\">{\"@context\":\"https:\\\/\\\/schema.org\",\"@graph\":[{\"@type\":\"Article\",\"@id\":\"https:\\\/\\\/www.aliadospuebla.com\\\/?p=98527#article\",\"isPartOf\":{\"@id\":\"https:\\\/\\\/www.aliadospuebla.com\\\/?p=98527\"},\"author\":{\"name\":\"Aliados17\",\"@id\":\"https:\\\/\\\/www.aliadospuebla.com\\\/#\\\/schema\\\/person\\\/5da7dd09320bd4f392b710017ed5f8ad\"},\"headline\":\"A Sergio Salom\u00f3n lo calificar\u00e1 la historia\",\"datePublished\":\"2024-11-25T05:48:08+00:00\",\"mainEntityOfPage\":{\"@id\":\"https:\\\/\\\/www.aliadospuebla.com\\\/?p=98527\"},\"wordCount\":372,\"commentCount\":0,\"image\":{\"@id\":\"https:\\\/\\\/www.aliadospuebla.com\\\/?p=98527#primaryimage\"},\"thumbnailUrl\":\"https:\\\/\\\/www.aliadospuebla.com\\\/web2017\\\/wp-content\\\/uploads\\\/2024\\\/11\\\/1555.jpg\",\"keywords\":[\"conciliando\",\"derrotas continuas\",\"ejercicio del poder\",\"Gaby Bonilla\",\"Lilia Cedillo\",\"Sergio Salomon\",\"sin represi\u00f3n\"],\"articleSection\":[\"Columnas\"],\"inLanguage\":\"es\",\"potentialAction\":[{\"@type\":\"CommentAction\",\"name\":\"Comment\",\"target\":[\"https:\\\/\\\/www.aliadospuebla.com\\\/?p=98527#respond\"]}]},{\"@type\":\"WebPage\",\"@id\":\"https:\\\/\\\/www.aliadospuebla.com\\\/?p=98527\",\"url\":\"https:\\\/\\\/www.aliadospuebla.com\\\/?p=98527\",\"name\":\"A Sergio Salom\u00f3n lo calificar\u00e1 la historia - AliadosPuebla\",\"isPartOf\":{\"@id\":\"https:\\\/\\\/www.aliadospuebla.com\\\/#website\"},\"primaryImageOfPage\":{\"@id\":\"https:\\\/\\\/www.aliadospuebla.com\\\/?p=98527#primaryimage\"},\"image\":{\"@id\":\"https:\\\/\\\/www.aliadospuebla.com\\\/?p=98527#primaryimage\"},\"thumbnailUrl\":\"https:\\\/\\\/www.aliadospuebla.com\\\/web2017\\\/wp-content\\\/uploads\\\/2024\\\/11\\\/1555.jpg\",\"datePublished\":\"2024-11-25T05:48:08+00:00\",\"author\":{\"@id\":\"https:\\\/\\\/www.aliadospuebla.com\\\/#\\\/schema\\\/person\\\/5da7dd09320bd4f392b710017ed5f8ad\"},\"breadcrumb\":{\"@id\":\"https:\\\/\\\/www.aliadospuebla.com\\\/?p=98527#breadcrumb\"},\"inLanguage\":\"es\",\"potentialAction\":[{\"@type\":\"ReadAction\",\"target\":[\"https:\\\/\\\/www.aliadospuebla.com\\\/?p=98527\"]}]},{\"@type\":\"ImageObject\",\"inLanguage\":\"es\",\"@id\":\"https:\\\/\\\/www.aliadospuebla.com\\\/?p=98527#primaryimage\",\"url\":\"https:\\\/\\\/www.aliadospuebla.com\\\/web2017\\\/wp-content\\\/uploads\\\/2024\\\/11\\\/1555.jpg\",\"contentUrl\":\"https:\\\/\\\/www.aliadospuebla.com\\\/web2017\\\/wp-content\\\/uploads\\\/2024\\\/11\\\/1555.jpg\",\"width\":600,\"height\":450},{\"@type\":\"BreadcrumbList\",\"@id\":\"https:\\\/\\\/www.aliadospuebla.com\\\/?p=98527#breadcrumb\",\"itemListElement\":[{\"@type\":\"ListItem\",\"position\":1,\"name\":\"Portada\",\"item\":\"https:\\\/\\\/www.aliadospuebla.com\\\/\"},{\"@type\":\"ListItem\",\"position\":2,\"name\":\"A Sergio Salom\u00f3n lo calificar\u00e1 la historia\"}]},{\"@type\":\"WebSite\",\"@id\":\"https:\\\/\\\/www.aliadospuebla.com\\\/#website\",\"url\":\"https:\\\/\\\/www.aliadospuebla.com\\\/\",\"name\":\"AliadosPuebla\",\"description\":\"La informaci\u00f3n en tus manos\",\"potentialAction\":[{\"@type\":\"SearchAction\",\"target\":{\"@type\":\"EntryPoint\",\"urlTemplate\":\"https:\\\/\\\/www.aliadospuebla.com\\\/?s={search_term_string}\"},\"query-input\":{\"@type\":\"PropertyValueSpecification\",\"valueRequired\":true,\"valueName\":\"search_term_string\"}}],\"inLanguage\":\"es\"},{\"@type\":\"Person\",\"@id\":\"https:\\\/\\\/www.aliadospuebla.com\\\/#\\\/schema\\\/person\\\/5da7dd09320bd4f392b710017ed5f8ad\",\"name\":\"Aliados17\",\"image\":{\"@type\":\"ImageObject\",\"inLanguage\":\"es\",\"@id\":\"https:\\\/\\\/www.aliadospuebla.com\\\/web2017\\\/wp-content\\\/uploads\\\/2025\\\/03\\\/cropped-para-perfil-8-anos-1-96x96.jpg\",\"url\":\"https:\\\/\\\/www.aliadospuebla.com\\\/web2017\\\/wp-content\\\/uploads\\\/2025\\\/03\\\/cropped-para-perfil-8-anos-1-96x96.jpg\",\"contentUrl\":\"https:\\\/\\\/www.aliadospuebla.com\\\/web2017\\\/wp-content\\\/uploads\\\/2025\\\/03\\\/cropped-para-perfil-8-anos-1-96x96.jpg\",\"caption\":\"Aliados17\"},\"sameAs\":[\"https:\\\/\\\/www.aliados17.com\",\"https:\\\/\\\/www.facebook.com\\\/Aliados17Pue\",\"https:\\\/\\\/x.com\\\/AliadosPuebla\"],\"url\":\"https:\\\/\\\/www.aliadospuebla.com\\\/?author=2\"}]}<\/script>\n<!-- \/ Yoast SEO plugin. -->","yoast_head_json":{"title":"A Sergio Salom\u00f3n lo calificar\u00e1 la historia - AliadosPuebla","robots":{"index":"index","follow":"follow","max-snippet":"max-snippet:-1","max-image-preview":"max-image-preview:large","max-video-preview":"max-video-preview:-1"},"canonical":"https:\/\/www.aliadospuebla.com\/?p=98527","og_locale":"es_ES","og_type":"article","og_title":"A Sergio Salom\u00f3n lo calificar\u00e1 la historia - AliadosPuebla","og_description":"Ser responsable en el ejercicio del poder, es una frase sencilla, hasta demagoga, pero que lo dice todo. Decir que Sergio Salom\u00f3n es el mejor gobernador en los \u00faltimos a\u00f1os, es una aventura. Decir que ha sido responsable con los beneficios sociales que implica, suena mejor. Los hechos, avalan la gesti\u00f3n de dos a\u00f1os de Sergio Salom\u00f3n C\u00e9spedes Peregrina, al frente del gobierno y de su esposa Gaby Bonilla en el Sistema DIF. \u00bfQu\u00e9 deja \u201cDoble S\u201d? Reconciliaci\u00f3n y unidad. La m\u00e1s alta inversi\u00f3n en obra p\u00fablica en toda la historia. Puebla estaba rota; logr\u00f3 cohesionarla. Y un tema m\u00e1s con impacto a largo plazo: La construcci\u00f3n de Ciudad Universitaria 2 en coordinaci\u00f3n con la Rectora de la BUAP Lilia Cedillo. Fue una inversi\u00f3n conjunta&hellip;Leer m\u00e1s...","og_url":"https:\/\/www.aliadospuebla.com\/?p=98527","og_site_name":"AliadosPuebla","article_author":"https:\/\/www.facebook.com\/Aliados17Pue","article_published_time":"2024-11-25T05:48:08+00:00","og_image":[{"width":600,"height":450,"url":"https:\/\/www.aliadospuebla.com\/web2017\/wp-content\/uploads\/2024\/11\/1555.jpg","type":"image\/jpeg"}],"author":"Aliados17","twitter_card":"summary_large_image","twitter_creator":"@AliadosPuebla","twitter_misc":{"Escrito por":"Aliados17","Tiempo de lectura":"2 minutos"},"schema":{"@context":"https:\/\/schema.org","@graph":[{"@type":"Article","@id":"https:\/\/www.aliadospuebla.com\/?p=98527#article","isPartOf":{"@id":"https:\/\/www.aliadospuebla.com\/?p=98527"},"author":{"name":"Aliados17","@id":"https:\/\/www.aliadospuebla.com\/#\/schema\/person\/5da7dd09320bd4f392b710017ed5f8ad"},"headline":"A Sergio Salom\u00f3n lo calificar\u00e1 la historia","datePublished":"2024-11-25T05:48:08+00:00","mainEntityOfPage":{"@id":"https:\/\/www.aliadospuebla.com\/?p=98527"},"wordCount":372,"commentCount":0,"image":{"@id":"https:\/\/www.aliadospuebla.com\/?p=98527#primaryimage"},"thumbnailUrl":"https:\/\/www.aliadospuebla.com\/web2017\/wp-content\/uploads\/2024\/11\/1555.jpg","keywords":["conciliando","derrotas continuas","ejercicio del poder","Gaby Bonilla","Lilia Cedillo","Sergio Salomon","sin represi\u00f3n"],"articleSection":["Columnas"],"inLanguage":"es","potentialAction":[{"@type":"CommentAction","name":"Comment","target":["https:\/\/www.aliadospuebla.com\/?p=98527#respond"]}]},{"@type":"WebPage","@id":"https:\/\/www.aliadospuebla.com\/?p=98527","url":"https:\/\/www.aliadospuebla.com\/?p=98527","name":"A Sergio Salom\u00f3n lo calificar\u00e1 la historia - AliadosPuebla","isPartOf":{"@id":"https:\/\/www.aliadospuebla.com\/#website"},"primaryImageOfPage":{"@id":"https:\/\/www.aliadospuebla.com\/?p=98527#primaryimage"},"image":{"@id":"https:\/\/www.aliadospuebla.com\/?p=98527#primaryimage"},"thumbnailUrl":"https:\/\/www.aliadospuebla.com\/web2017\/wp-content\/uploads\/2024\/11\/1555.jpg","datePublished":"2024-11-25T05:48:08+00:00","author":{"@id":"https:\/\/www.aliadospuebla.com\/#\/schema\/person\/5da7dd09320bd4f392b710017ed5f8ad"},"breadcrumb":{"@id":"https:\/\/www.aliadospuebla.com\/?p=98527#breadcrumb"},"inLanguage":"es","potentialAction":[{"@type":"ReadAction","target":["https:\/\/www.aliadospuebla.com\/?p=98527"]}]},{"@type":"ImageObject","inLanguage":"es","@id":"https:\/\/www.aliadospuebla.com\/?p=98527#primaryimage","url":"https:\/\/www.aliadospuebla.com\/web2017\/wp-content\/uploads\/2024\/11\/1555.jpg","contentUrl":"https:\/\/www.aliadospuebla.com\/web2017\/wp-content\/uploads\/2024\/11\/1555.jpg","width":600,"height":450},{"@type":"BreadcrumbList","@id":"https:\/\/www.aliadospuebla.com\/?p=98527#breadcrumb","itemListElement":[{"@type":"ListItem","position":1,"name":"Portada","item":"https:\/\/www.aliadospuebla.com\/"},{"@type":"ListItem","position":2,"name":"A Sergio Salom\u00f3n lo calificar\u00e1 la historia"}]},{"@type":"WebSite","@id":"https:\/\/www.aliadospuebla.com\/#website","url":"https:\/\/www.aliadospuebla.com\/","name":"AliadosPuebla","description":"La informaci\u00f3n en tus manos","potentialAction":[{"@type":"SearchAction","target":{"@type":"EntryPoint","urlTemplate":"https:\/\/www.aliadospuebla.com\/?s={search_term_string}"},"query-input":{"@type":"PropertyValueSpecification","valueRequired":true,"valueName":"search_term_string"}}],"inLanguage":"es"},{"@type":"Person","@id":"https:\/\/www.aliadospuebla.com\/#\/schema\/person\/5da7dd09320bd4f392b710017ed5f8ad","name":"Aliados17","image":{"@type":"ImageObject","inLanguage":"es","@id":"https:\/\/www.aliadospuebla.com\/web2017\/wp-content\/uploads\/2025\/03\/cropped-para-perfil-8-anos-1-96x96.jpg","url":"https:\/\/www.aliadospuebla.com\/web2017\/wp-content\/uploads\/2025\/03\/cropped-para-perfil-8-anos-1-96x96.jpg","contentUrl":"https:\/\/www.aliadospuebla.com\/web2017\/wp-content\/uploads\/2025\/03\/cropped-para-perfil-8-anos-1-96x96.jpg","caption":"Aliados17"},"sameAs":["https:\/\/www.aliados17.com","https:\/\/www.facebook.com\/Aliados17Pue","https:\/\/x.com\/AliadosPuebla"],"url":"https:\/\/www.aliadospuebla.com\/?author=2"}]}},"views":6,"_links":{"self":[{"href":"https:\/\/www.aliadospuebla.com\/index.php?rest_route=\/wp\/v2\/posts\/98527","targetHints":{"allow":["GET"]}}],"collection":[{"href":"https:\/\/www.aliadospuebla.com\/index.php?rest_route=\/wp\/v2\/posts"}],"about":[{"href":"https:\/\/www.aliadospuebla.com\/index.php?rest_route=\/wp\/v2\/types\/post"}],"author":[{"embeddable":true,"href":"https:\/\/www.aliadospuebla.com\/index.php?rest_route=\/wp\/v2\/users\/2"}],"replies":[{"embeddable":true,"href":"https:\/\/www.aliadospuebla.com\/index.php?rest_route=%2Fwp%2Fv2%2Fcomments&post=98527"}],"version-history":[{"count":1,"href":"https:\/\/www.aliadospuebla.com\/index.php?rest_route=\/wp\/v2\/posts\/98527\/revisions"}],"predecessor-version":[{"id":98529,"href":"https:\/\/www.aliadospuebla.com\/index.php?rest_route=\/wp\/v2\/posts\/98527\/revisions\/98529"}],"wp:featuredmedia":[{"embeddable":true,"href":"https:\/\/www.aliadospuebla.com\/index.php?rest_route=\/wp\/v2\/media\/98528"}],"wp:attachment":[{"href":"https:\/\/www.aliadospuebla.com\/index.php?rest_route=%2Fwp%2Fv2%2Fmedia&parent=98527"}],"wp:term":[{"taxonomy":"category","embeddable":true,"href":"https:\/\/www.aliadospuebla.com\/index.php?rest_route=%2Fwp%2Fv2%2Fcategories&post=98527"},{"taxonomy":"post_tag","embeddable":true,"href":"https:\/\/www.aliadospuebla.com\/index.php?rest_route=%2Fwp%2Fv2%2Ftags&post=98527"}],"curies":[{"name":"wp","href":"https:\/\/api.w.org\/{rel}","templated":true}]}}