{"id":98306,"date":"2024-11-18T18:47:51","date_gmt":"2024-11-19T00:47:51","guid":{"rendered":"https:\/\/www.aliados17.com\/?p=98306"},"modified":"2024-11-18T18:47:51","modified_gmt":"2024-11-19T00:47:51","slug":"en-tiempos-dificiles-gobernador-y-legisladores-mantuvieron-la-estabilidad-de-puebla-olivia-salomon","status":"publish","type":"post","link":"https:\/\/www.aliadospuebla.com\/?p=98306","title":{"rendered":"EN TIEMPOS DIF\u00cdCILES, GOBERNADOR Y LEGISLADORES MANTUVIERON LA ESTABILIDAD DE PUEBLA: OLIVIA SALOM\u00d3N"},"content":{"rendered":"<ul>\n<li>\n<h4><em>La empresaria poblana acudi\u00f3 como invitada a la inauguraci\u00f3n de la nueva sede del Congreso del Estado.<\/em><\/h4>\n<\/li>\n<\/ul>\n<p>La extitular de la Secretar\u00eda de Econom\u00eda de Puebla, Olivia Salom\u00f3n, expres\u00f3 su reconocimiento al gobernador,<\/p>\n<p>Sergio Salom\u00f3n C\u00e9spedes Peregrina, as\u00ed como a las y los diputados poblanos, que integraron la LXI Legislatura,<\/p>\n<p>por mantener la estabilidad pol\u00edtica y social del Estado, en el momento dif\u00edcil que hace ya casi dos a\u00f1os,<\/p>\n<p>represent\u00f3 la p\u00e9rdida del exgobernador Miguel Barbosa.<\/p>\n<p>Al asistir como invitada a la inauguraci\u00f3n del nuevo recinto que albergar\u00e1 la sede del Congreso de Puebla<\/p>\n<p>y a los diputados y diputadas de la LXII Legislatura, la empresaria poblana destac\u00f3 el gran mensaje<\/p>\n<p>del mandatario estatal al recordar la \u201ccompleja transici\u00f3n\u201d que enfrent\u00f3 la entidad ante la incertidumbre<\/p>\n<p>que prevaleci\u00f3 en ese entonces.<\/p>\n<p>Sin embargo, dijo, las y los legisladores poblanos actuaron con mesura y compromiso con el bienestar<\/p>\n<p>de las y los ciudadanos, y apoyados por el entonces presidente Andr\u00e9s Manuel L\u00f3pez Obrador,<\/p>\n<p>tomaron la mejor decisi\u00f3n al nombrar a Sergio Salom\u00f3n C\u00e9spedes Peregrina, como el nuevo gobernador,<\/p>\n<p>ya que mantuvo la estabilidad y certeza del gobierno ante la poblaci\u00f3n, pero sobre todo ante los inversionistas,<\/p>\n<p>que siguieron confiando en Puebla.<\/p>\n<p>Olivia Salom\u00f3n resalt\u00f3 la frase acu\u00f1ada por el gran General Miguel Negrete Novoa y que destaca en la sala del pleno:<\/p>\n<p>\u201cYo tengo Patria, antes que partido\u201d y record\u00f3 que el compromiso con la ciudadan\u00eda es fundamental<\/p>\n<p>por parte de los gobernantes y legisladores para mantener paz y justicia social.<\/p>\n<p>&nbsp;<\/p>\n<p>Durante su discurso en la nueva sede del Congreso de Puebla, el gobernador de Puebla, Sergio Salom\u00f3n C\u00e9spedes, afirm\u00f3 que \u201ceste recinto, adem\u00e1s de necesario, es un reconocimiento a mis compa\u00f1eros diputados de la LXI Legislatura, que al igual que otros mexicanos en la historia, tuvieron que tomar decisiones importantes por las condiciones que imperaban en Puebla, hace ya pr\u00e1cticamente dos a\u00f1os que nuestro estado vivi\u00f3 la muerte del gobernador Luis Miguel Barbosa.<\/p>\n<p>A partir de ese momento se vivieron momentos cr\u00edticos, horas cr\u00edticas todas y todos ellos dieron la cara por Puebla, entendiendo la importancia que ten\u00eda su decisi\u00f3n en el presente y en el futuro de nuestra entidad. Quiero decirles que no fueron momentos sencillos y no me refiero a la decisi\u00f3n que tuvieron hacia mi persona. Va mucho m\u00e1s all\u00e1 de eso, hay que reconocer en todas y todos ellos su valent\u00eda en privilegiar los intereses de Puebla y de los poblanos, por encima de los intereses populares de los partidos a nivel nacional o inclusive personales\u201d.<\/p>\n","protected":false},"excerpt":{"rendered":"<p>La empresaria poblana acudi\u00f3 como invitada a la inauguraci\u00f3n de la nueva sede del Congreso del Estado. La extitular de la Secretar\u00eda de Econom\u00eda de Puebla, Olivia Salom\u00f3n, expres\u00f3 su reconocimiento al gobernador, Sergio Salom\u00f3n C\u00e9spedes Peregrina, as\u00ed como a las y los diputados poblanos, que integraron la LXI Legislatura, por mantener la estabilidad pol\u00edtica y social del Estado, en el momento dif\u00edcil que hace ya casi dos a\u00f1os, represent\u00f3 la p\u00e9rdida del exgobernador Miguel Barbosa. Al asistir como invitada a la inauguraci\u00f3n del nuevo recinto que albergar\u00e1 la sede del Congreso de Puebla y a los diputados y diputadas de la LXII Legislatura, la empresaria poblana destac\u00f3 el gran mensaje del mandatario estatal al recordar la \u201ccompleja transici\u00f3n\u201d que enfrent\u00f3 la entidad ante la&hellip;<\/p>\n<p class=\"excerpt-more\"><a class=\"blog-excerpt button\" href=\"https:\/\/www.aliadospuebla.com\/?p=98306\">Leer m\u00e1s&#8230;<\/a><\/p>\n","protected":false},"author":2,"featured_media":98307,"comment_status":"open","ping_status":"open","sticky":false,"template":"","format":"standard","meta":{"_monsterinsights_skip_tracking":false,"footnotes":""},"categories":[6],"tags":[88,14192,3834,21973,9881,10666],"class_list":["post-98306","post","type-post","status-publish","format-standard","has-post-thumbnail","hentry","category-politica","tag-congreso-del-estado","tag-estabilidad","tag-justicia-social","tag-nueva-sede","tag-olivia-salomon","tag-sergio-salomon-cespedes-peregrina"],"yoast_head":"<!-- This site is optimized with the Yoast SEO plugin v28.4 - https:\/\/yoast.com\/product\/yoast-seo-wordpress\/ -->\n<title>EN TIEMPOS DIF\u00cdCILES, GOBERNADOR Y LEGISLADORES MANTUVIERON LA ESTABILIDAD DE PUEBLA: OLIVIA SALOM\u00d3N - AliadosPuebla<\/title>\n<meta name=\"robots\" content=\"index, follow, max-snippet:-1, max-image-preview:large, max-video-preview:-1\" \/>\n<link rel=\"canonical\" href=\"https:\/\/www.aliadospuebla.com\/?p=98306\" \/>\n<meta property=\"og:locale\" content=\"es_ES\" \/>\n<meta property=\"og:type\" content=\"article\" \/>\n<meta property=\"og:title\" content=\"EN TIEMPOS DIF\u00cdCILES, GOBERNADOR Y LEGISLADORES MANTUVIERON LA ESTABILIDAD DE PUEBLA: OLIVIA SALOM\u00d3N - AliadosPuebla\" \/>\n<meta property=\"og:description\" content=\"La empresaria poblana acudi\u00f3 como invitada a la inauguraci\u00f3n de la nueva sede del Congreso del Estado. La extitular de la Secretar\u00eda de Econom\u00eda de Puebla, Olivia Salom\u00f3n, expres\u00f3 su reconocimiento al gobernador, Sergio Salom\u00f3n C\u00e9spedes Peregrina, as\u00ed como a las y los diputados poblanos, que integraron la LXI Legislatura, por mantener la estabilidad pol\u00edtica y social del Estado, en el momento dif\u00edcil que hace ya casi dos a\u00f1os, represent\u00f3 la p\u00e9rdida del exgobernador Miguel Barbosa. Al asistir como invitada a la inauguraci\u00f3n del nuevo recinto que albergar\u00e1 la sede del Congreso de Puebla y a los diputados y diputadas de la LXII Legislatura, la empresaria poblana destac\u00f3 el gran mensaje del mandatario estatal al recordar la \u201ccompleja transici\u00f3n\u201d que enfrent\u00f3 la entidad ante la&hellip;Leer m\u00e1s...\" \/>\n<meta property=\"og:url\" content=\"https:\/\/www.aliadospuebla.com\/?p=98306\" \/>\n<meta property=\"og:site_name\" content=\"AliadosPuebla\" \/>\n<meta property=\"article:author\" content=\"https:\/\/www.facebook.com\/Aliados17Pue\" \/>\n<meta property=\"article:published_time\" content=\"2024-11-19T00:47:51+00:00\" \/>\n<meta property=\"og:image\" content=\"https:\/\/www.aliadospuebla.com\/web2017\/wp-content\/uploads\/2024\/11\/1495.jpg\" \/>\n\t<meta property=\"og:image:width\" content=\"600\" \/>\n\t<meta property=\"og:image:height\" content=\"450\" \/>\n\t<meta property=\"og:image:type\" content=\"image\/jpeg\" \/>\n<meta name=\"author\" content=\"Aliados17\" \/>\n<meta name=\"twitter:card\" content=\"summary_large_image\" \/>\n<meta name=\"twitter:creator\" content=\"@AliadosPuebla\" \/>\n<meta name=\"twitter:label1\" content=\"Escrito por\" \/>\n\t<meta name=\"twitter:data1\" content=\"Aliados17\" \/>\n\t<meta name=\"twitter:label2\" content=\"Tiempo de lectura\" \/>\n\t<meta name=\"twitter:data2\" content=\"3 minutos\" \/>\n<script type=\"application\/ld+json\" class=\"yoast-schema-graph\">{\"@context\":\"https:\\\/\\\/schema.org\",\"@graph\":[{\"@type\":\"Article\",\"@id\":\"https:\\\/\\\/www.aliadospuebla.com\\\/?p=98306#article\",\"isPartOf\":{\"@id\":\"https:\\\/\\\/www.aliadospuebla.com\\\/?p=98306\"},\"author\":{\"name\":\"Aliados17\",\"@id\":\"https:\\\/\\\/www.aliadospuebla.com\\\/#\\\/schema\\\/person\\\/5da7dd09320bd4f392b710017ed5f8ad\"},\"headline\":\"EN TIEMPOS DIF\u00cdCILES, GOBERNADOR Y LEGISLADORES MANTUVIERON LA ESTABILIDAD DE PUEBLA: OLIVIA SALOM\u00d3N\",\"datePublished\":\"2024-11-19T00:47:51+00:00\",\"mainEntityOfPage\":{\"@id\":\"https:\\\/\\\/www.aliadospuebla.com\\\/?p=98306\"},\"wordCount\":470,\"commentCount\":0,\"image\":{\"@id\":\"https:\\\/\\\/www.aliadospuebla.com\\\/?p=98306#primaryimage\"},\"thumbnailUrl\":\"https:\\\/\\\/www.aliadospuebla.com\\\/web2017\\\/wp-content\\\/uploads\\\/2024\\\/11\\\/1495.jpg\",\"keywords\":[\"Congreso del Estado\",\"estabilidad\",\"JUSTICIA SOCIAL\",\"Nueva sede\",\"Olivia salom\u00f3n\",\"Sergio Salom\u00f3n C\u00e9spedes Peregrina\"],\"articleSection\":[\"Pol\u00edtica\"],\"inLanguage\":\"es\",\"potentialAction\":[{\"@type\":\"CommentAction\",\"name\":\"Comment\",\"target\":[\"https:\\\/\\\/www.aliadospuebla.com\\\/?p=98306#respond\"]}]},{\"@type\":\"WebPage\",\"@id\":\"https:\\\/\\\/www.aliadospuebla.com\\\/?p=98306\",\"url\":\"https:\\\/\\\/www.aliadospuebla.com\\\/?p=98306\",\"name\":\"EN TIEMPOS DIF\u00cdCILES, GOBERNADOR Y LEGISLADORES MANTUVIERON LA ESTABILIDAD DE PUEBLA: OLIVIA SALOM\u00d3N - AliadosPuebla\",\"isPartOf\":{\"@id\":\"https:\\\/\\\/www.aliadospuebla.com\\\/#website\"},\"primaryImageOfPage\":{\"@id\":\"https:\\\/\\\/www.aliadospuebla.com\\\/?p=98306#primaryimage\"},\"image\":{\"@id\":\"https:\\\/\\\/www.aliadospuebla.com\\\/?p=98306#primaryimage\"},\"thumbnailUrl\":\"https:\\\/\\\/www.aliadospuebla.com\\\/web2017\\\/wp-content\\\/uploads\\\/2024\\\/11\\\/1495.jpg\",\"datePublished\":\"2024-11-19T00:47:51+00:00\",\"author\":{\"@id\":\"https:\\\/\\\/www.aliadospuebla.com\\\/#\\\/schema\\\/person\\\/5da7dd09320bd4f392b710017ed5f8ad\"},\"breadcrumb\":{\"@id\":\"https:\\\/\\\/www.aliadospuebla.com\\\/?p=98306#breadcrumb\"},\"inLanguage\":\"es\",\"potentialAction\":[{\"@type\":\"ReadAction\",\"target\":[\"https:\\\/\\\/www.aliadospuebla.com\\\/?p=98306\"]}]},{\"@type\":\"ImageObject\",\"inLanguage\":\"es\",\"@id\":\"https:\\\/\\\/www.aliadospuebla.com\\\/?p=98306#primaryimage\",\"url\":\"https:\\\/\\\/www.aliadospuebla.com\\\/web2017\\\/wp-content\\\/uploads\\\/2024\\\/11\\\/1495.jpg\",\"contentUrl\":\"https:\\\/\\\/www.aliadospuebla.com\\\/web2017\\\/wp-content\\\/uploads\\\/2024\\\/11\\\/1495.jpg\",\"width\":600,\"height\":450},{\"@type\":\"BreadcrumbList\",\"@id\":\"https:\\\/\\\/www.aliadospuebla.com\\\/?p=98306#breadcrumb\",\"itemListElement\":[{\"@type\":\"ListItem\",\"position\":1,\"name\":\"Portada\",\"item\":\"https:\\\/\\\/www.aliadospuebla.com\\\/\"},{\"@type\":\"ListItem\",\"position\":2,\"name\":\"EN TIEMPOS DIF\u00cdCILES, GOBERNADOR Y LEGISLADORES MANTUVIERON LA ESTABILIDAD DE PUEBLA: OLIVIA SALOM\u00d3N\"}]},{\"@type\":\"WebSite\",\"@id\":\"https:\\\/\\\/www.aliadospuebla.com\\\/#website\",\"url\":\"https:\\\/\\\/www.aliadospuebla.com\\\/\",\"name\":\"AliadosPuebla\",\"description\":\"La informaci\u00f3n en tus manos\",\"potentialAction\":[{\"@type\":\"SearchAction\",\"target\":{\"@type\":\"EntryPoint\",\"urlTemplate\":\"https:\\\/\\\/www.aliadospuebla.com\\\/?s={search_term_string}\"},\"query-input\":{\"@type\":\"PropertyValueSpecification\",\"valueRequired\":true,\"valueName\":\"search_term_string\"}}],\"inLanguage\":\"es\"},{\"@type\":\"Person\",\"@id\":\"https:\\\/\\\/www.aliadospuebla.com\\\/#\\\/schema\\\/person\\\/5da7dd09320bd4f392b710017ed5f8ad\",\"name\":\"Aliados17\",\"image\":{\"@type\":\"ImageObject\",\"inLanguage\":\"es\",\"@id\":\"https:\\\/\\\/www.aliadospuebla.com\\\/web2017\\\/wp-content\\\/uploads\\\/2025\\\/03\\\/cropped-para-perfil-8-anos-1-96x96.jpg\",\"url\":\"https:\\\/\\\/www.aliadospuebla.com\\\/web2017\\\/wp-content\\\/uploads\\\/2025\\\/03\\\/cropped-para-perfil-8-anos-1-96x96.jpg\",\"contentUrl\":\"https:\\\/\\\/www.aliadospuebla.com\\\/web2017\\\/wp-content\\\/uploads\\\/2025\\\/03\\\/cropped-para-perfil-8-anos-1-96x96.jpg\",\"caption\":\"Aliados17\"},\"sameAs\":[\"https:\\\/\\\/www.aliados17.com\",\"https:\\\/\\\/www.facebook.com\\\/Aliados17Pue\",\"https:\\\/\\\/x.com\\\/AliadosPuebla\"],\"url\":\"https:\\\/\\\/www.aliadospuebla.com\\\/?author=2\"}]}<\/script>\n<!-- \/ Yoast SEO plugin. -->","yoast_head_json":{"title":"EN TIEMPOS DIF\u00cdCILES, GOBERNADOR Y LEGISLADORES MANTUVIERON LA ESTABILIDAD DE PUEBLA: OLIVIA SALOM\u00d3N - AliadosPuebla","robots":{"index":"index","follow":"follow","max-snippet":"max-snippet:-1","max-image-preview":"max-image-preview:large","max-video-preview":"max-video-preview:-1"},"canonical":"https:\/\/www.aliadospuebla.com\/?p=98306","og_locale":"es_ES","og_type":"article","og_title":"EN TIEMPOS DIF\u00cdCILES, GOBERNADOR Y LEGISLADORES MANTUVIERON LA ESTABILIDAD DE PUEBLA: OLIVIA SALOM\u00d3N - AliadosPuebla","og_description":"La empresaria poblana acudi\u00f3 como invitada a la inauguraci\u00f3n de la nueva sede del Congreso del Estado. La extitular de la Secretar\u00eda de Econom\u00eda de Puebla, Olivia Salom\u00f3n, expres\u00f3 su reconocimiento al gobernador, Sergio Salom\u00f3n C\u00e9spedes Peregrina, as\u00ed como a las y los diputados poblanos, que integraron la LXI Legislatura, por mantener la estabilidad pol\u00edtica y social del Estado, en el momento dif\u00edcil que hace ya casi dos a\u00f1os, represent\u00f3 la p\u00e9rdida del exgobernador Miguel Barbosa. Al asistir como invitada a la inauguraci\u00f3n del nuevo recinto que albergar\u00e1 la sede del Congreso de Puebla y a los diputados y diputadas de la LXII Legislatura, la empresaria poblana destac\u00f3 el gran mensaje del mandatario estatal al recordar la \u201ccompleja transici\u00f3n\u201d que enfrent\u00f3 la entidad ante la&hellip;Leer m\u00e1s...","og_url":"https:\/\/www.aliadospuebla.com\/?p=98306","og_site_name":"AliadosPuebla","article_author":"https:\/\/www.facebook.com\/Aliados17Pue","article_published_time":"2024-11-19T00:47:51+00:00","og_image":[{"width":600,"height":450,"url":"https:\/\/www.aliadospuebla.com\/web2017\/wp-content\/uploads\/2024\/11\/1495.jpg","type":"image\/jpeg"}],"author":"Aliados17","twitter_card":"summary_large_image","twitter_creator":"@AliadosPuebla","twitter_misc":{"Escrito por":"Aliados17","Tiempo de lectura":"3 minutos"},"schema":{"@context":"https:\/\/schema.org","@graph":[{"@type":"Article","@id":"https:\/\/www.aliadospuebla.com\/?p=98306#article","isPartOf":{"@id":"https:\/\/www.aliadospuebla.com\/?p=98306"},"author":{"name":"Aliados17","@id":"https:\/\/www.aliadospuebla.com\/#\/schema\/person\/5da7dd09320bd4f392b710017ed5f8ad"},"headline":"EN TIEMPOS DIF\u00cdCILES, GOBERNADOR Y LEGISLADORES MANTUVIERON LA ESTABILIDAD DE PUEBLA: OLIVIA SALOM\u00d3N","datePublished":"2024-11-19T00:47:51+00:00","mainEntityOfPage":{"@id":"https:\/\/www.aliadospuebla.com\/?p=98306"},"wordCount":470,"commentCount":0,"image":{"@id":"https:\/\/www.aliadospuebla.com\/?p=98306#primaryimage"},"thumbnailUrl":"https:\/\/www.aliadospuebla.com\/web2017\/wp-content\/uploads\/2024\/11\/1495.jpg","keywords":["Congreso del Estado","estabilidad","JUSTICIA SOCIAL","Nueva sede","Olivia salom\u00f3n","Sergio Salom\u00f3n C\u00e9spedes Peregrina"],"articleSection":["Pol\u00edtica"],"inLanguage":"es","potentialAction":[{"@type":"CommentAction","name":"Comment","target":["https:\/\/www.aliadospuebla.com\/?p=98306#respond"]}]},{"@type":"WebPage","@id":"https:\/\/www.aliadospuebla.com\/?p=98306","url":"https:\/\/www.aliadospuebla.com\/?p=98306","name":"EN TIEMPOS DIF\u00cdCILES, GOBERNADOR Y LEGISLADORES MANTUVIERON LA ESTABILIDAD DE PUEBLA: OLIVIA SALOM\u00d3N - AliadosPuebla","isPartOf":{"@id":"https:\/\/www.aliadospuebla.com\/#website"},"primaryImageOfPage":{"@id":"https:\/\/www.aliadospuebla.com\/?p=98306#primaryimage"},"image":{"@id":"https:\/\/www.aliadospuebla.com\/?p=98306#primaryimage"},"thumbnailUrl":"https:\/\/www.aliadospuebla.com\/web2017\/wp-content\/uploads\/2024\/11\/1495.jpg","datePublished":"2024-11-19T00:47:51+00:00","author":{"@id":"https:\/\/www.aliadospuebla.com\/#\/schema\/person\/5da7dd09320bd4f392b710017ed5f8ad"},"breadcrumb":{"@id":"https:\/\/www.aliadospuebla.com\/?p=98306#breadcrumb"},"inLanguage":"es","potentialAction":[{"@type":"ReadAction","target":["https:\/\/www.aliadospuebla.com\/?p=98306"]}]},{"@type":"ImageObject","inLanguage":"es","@id":"https:\/\/www.aliadospuebla.com\/?p=98306#primaryimage","url":"https:\/\/www.aliadospuebla.com\/web2017\/wp-content\/uploads\/2024\/11\/1495.jpg","contentUrl":"https:\/\/www.aliadospuebla.com\/web2017\/wp-content\/uploads\/2024\/11\/1495.jpg","width":600,"height":450},{"@type":"BreadcrumbList","@id":"https:\/\/www.aliadospuebla.com\/?p=98306#breadcrumb","itemListElement":[{"@type":"ListItem","position":1,"name":"Portada","item":"https:\/\/www.aliadospuebla.com\/"},{"@type":"ListItem","position":2,"name":"EN TIEMPOS DIF\u00cdCILES, GOBERNADOR Y LEGISLADORES MANTUVIERON LA ESTABILIDAD DE PUEBLA: OLIVIA SALOM\u00d3N"}]},{"@type":"WebSite","@id":"https:\/\/www.aliadospuebla.com\/#website","url":"https:\/\/www.aliadospuebla.com\/","name":"AliadosPuebla","description":"La informaci\u00f3n en tus manos","potentialAction":[{"@type":"SearchAction","target":{"@type":"EntryPoint","urlTemplate":"https:\/\/www.aliadospuebla.com\/?s={search_term_string}"},"query-input":{"@type":"PropertyValueSpecification","valueRequired":true,"valueName":"search_term_string"}}],"inLanguage":"es"},{"@type":"Person","@id":"https:\/\/www.aliadospuebla.com\/#\/schema\/person\/5da7dd09320bd4f392b710017ed5f8ad","name":"Aliados17","image":{"@type":"ImageObject","inLanguage":"es","@id":"https:\/\/www.aliadospuebla.com\/web2017\/wp-content\/uploads\/2025\/03\/cropped-para-perfil-8-anos-1-96x96.jpg","url":"https:\/\/www.aliadospuebla.com\/web2017\/wp-content\/uploads\/2025\/03\/cropped-para-perfil-8-anos-1-96x96.jpg","contentUrl":"https:\/\/www.aliadospuebla.com\/web2017\/wp-content\/uploads\/2025\/03\/cropped-para-perfil-8-anos-1-96x96.jpg","caption":"Aliados17"},"sameAs":["https:\/\/www.aliados17.com","https:\/\/www.facebook.com\/Aliados17Pue","https:\/\/x.com\/AliadosPuebla"],"url":"https:\/\/www.aliadospuebla.com\/?author=2"}]}},"views":12,"_links":{"self":[{"href":"https:\/\/www.aliadospuebla.com\/index.php?rest_route=\/wp\/v2\/posts\/98306","targetHints":{"allow":["GET"]}}],"collection":[{"href":"https:\/\/www.aliadospuebla.com\/index.php?rest_route=\/wp\/v2\/posts"}],"about":[{"href":"https:\/\/www.aliadospuebla.com\/index.php?rest_route=\/wp\/v2\/types\/post"}],"author":[{"embeddable":true,"href":"https:\/\/www.aliadospuebla.com\/index.php?rest_route=\/wp\/v2\/users\/2"}],"replies":[{"embeddable":true,"href":"https:\/\/www.aliadospuebla.com\/index.php?rest_route=%2Fwp%2Fv2%2Fcomments&post=98306"}],"version-history":[{"count":1,"href":"https:\/\/www.aliadospuebla.com\/index.php?rest_route=\/wp\/v2\/posts\/98306\/revisions"}],"predecessor-version":[{"id":98308,"href":"https:\/\/www.aliadospuebla.com\/index.php?rest_route=\/wp\/v2\/posts\/98306\/revisions\/98308"}],"wp:featuredmedia":[{"embeddable":true,"href":"https:\/\/www.aliadospuebla.com\/index.php?rest_route=\/wp\/v2\/media\/98307"}],"wp:attachment":[{"href":"https:\/\/www.aliadospuebla.com\/index.php?rest_route=%2Fwp%2Fv2%2Fmedia&parent=98306"}],"wp:term":[{"taxonomy":"category","embeddable":true,"href":"https:\/\/www.aliadospuebla.com\/index.php?rest_route=%2Fwp%2Fv2%2Fcategories&post=98306"},{"taxonomy":"post_tag","embeddable":true,"href":"https:\/\/www.aliadospuebla.com\/index.php?rest_route=%2Fwp%2Fv2%2Ftags&post=98306"}],"curies":[{"name":"wp","href":"https:\/\/api.w.org\/{rel}","templated":true}]}}