{"id":98287,"date":"2024-11-18T08:16:35","date_gmt":"2024-11-18T14:16:35","guid":{"rendered":"https:\/\/www.aliados17.com\/?p=98287"},"modified":"2024-11-18T08:16:35","modified_gmt":"2024-11-18T14:16:35","slug":"trail-bosque-de-niebla-buap-2024-puso-a-prueba-las-capacidades-fisicas-de-mas-de-900-corredores","status":"publish","type":"post","link":"https:\/\/www.aliadospuebla.com\/?p=98287","title":{"rendered":"Trail Bosque de Niebla BUAP 2024 puso a prueba las capacidades f\u00edsicas de m\u00e1s de 900 corredores"},"content":{"rendered":"<ul>\n<li class=\"rtejustify\">\n<h4><strong>La Rectora Lilia Cedillo dio el banderazo de salida en el z\u00f3calo de Teziutl\u00e1n<\/strong><\/h4>\n<\/li>\n<\/ul>\n<p class=\"rtejustify\">La Sierra Nororiental del Estado de Puebla fue el escenario donde m\u00e1s de 900 corredores<\/p>\n<p class=\"rtejustify\">pusieron a prueba sus capacidades f\u00edsicas en el Trail Bosque de Niebla BUAP 2024,<\/p>\n<p class=\"rtejustify\">una carrera de monta\u00f1a con rutas caracterizadas por senderos escarpados y veredas ba\u00f1adas de brisa<\/p>\n<p class=\"rtejustify\">y neblina por el efecto de los vientos h\u00famedos del Golfo de M\u00e9xico,<\/p>\n<p class=\"rtejustify\">propios del bosque mes\u00f3filo de monta\u00f1a.<\/p>\n<p class=\"rtejustify\">En la competencia realizada en el municipio de Teziutl\u00e1n, este domingo 17 de noviembre,<\/p>\n<p class=\"rtejustify\">la Rectora Lilia Cedillo Ram\u00edrez dio el banderazo de salida a las 7:00 horas<\/p>\n<p class=\"rtejustify\">para los competidores de 8, 13 y 39 kil\u00f3metros, ramas femenil y varonil,<\/p>\n<p class=\"rtejustify\">quienes apreciaron una vegetaci\u00f3n compuesta por helechos, encinos y zarzas,<\/p>\n<p class=\"rtejustify\">entre otras especies; adem\u00e1s de cruzar por arroyos y r\u00edos, y apreciar edificios hist\u00f3ricos<\/p>\n<p class=\"rtejustify\">de la miner\u00eda de los a\u00f1os 50 del siglo pasado.<\/p>\n<p class=\"rtejustify\">En este acto, Cedillo Ram\u00edrez estuvo acompa\u00f1ada de la presidenta municipal de Teziutl\u00e1n,<\/p>\n<p class=\"rtejustify\">Karla Victoria Mart\u00ednez Gallegos; la secretaria de Turismo del estado, Marta Teresa Ornelas Guerrero,<\/p>\n<p class=\"rtejustify\">y el director de Deportes de dicho municipio, Miguel Rold\u00e1n Salazar;<\/p>\n<p class=\"rtejustify\">as\u00ed como por funcionarios de la instituci\u00f3n, Sergio D\u00edaz Carranza, director del Complejo Regional Nororiental;<\/p>\n<p class=\"rtejustify\">Armando Ib\u00e1\u00f1ez Mart\u00ednez, director de la Facultad de Ciencias Agr\u00edcolas y Pecuarias,<\/p>\n<p class=\"rtejustify\">y Miguel L\u00f3pez Serrano, director de Deporte y Cultura F\u00edsica.<\/p>\n<p class=\"rtejustify\">Tras premiar a los primeros lugares, la Rectora de la BUAP destac\u00f3 que la tercera edici\u00f3n de la carrera de monta\u00f1a tuvo como objetivo fomentar el deporte, la convivencia social y alentar la econom\u00eda de la regi\u00f3n, ya que los corredores provienen de otros estados del pa\u00eds y detonan el turismo.<\/p>\n<h4 class=\"rtejustify\">Armando Ib\u00e1\u00f1ez, director de la Facultad de Ciencias Agr\u00edcolas y Pecuarias e integrante del comit\u00e9 organizador, refiri\u00f3 que el inter\u00e9s que despert\u00f3 la competencia super\u00f3 las expectativas con una gran demanda de participaci\u00f3n.<\/h4>\n<p class=\"rtejustify\">Para esta edici\u00f3n, precis\u00f3 que se realizaron ajustes a los recorridos: se definieron las rutas con colores distintivos y se colocaron puntos estrat\u00e9gicos de hidrataci\u00f3n y alimentaci\u00f3n, con la finalidad de ofrecer mayor seguridad a los corredores. Colabor\u00f3 personal de la Secretar\u00eda de Turismo del estado y del ayuntamiento de Teziutl\u00e1n, representantes ejidales, de la Direcci\u00f3n de Apoyo y Seguridad Universitaria de la BUAP y voluntarios, quienes participaron en tareas de vigilancia y orientaci\u00f3n.<\/p>\n<p class=\"rtejustify\">Ib\u00e1\u00f1ez Mart\u00ednez refiri\u00f3 que los recorridos de 8, 13 y 39 kil\u00f3metros fueron para las ramas femenil y varonil. Las distancias de 13 y 39 kil\u00f3metros se dividieron en las categor\u00edas: Libre distancia (de 19 a 39 a\u00f1os), M\u00e1ster (de 40 a 49 a\u00f1os) y Veteranos (de 50 a\u00f1os y m\u00e1s).<\/p>\n<p class=\"rtejustify\">Los premios para los primeros tres lugares en 8 kil\u00f3metros fueron 8, 6 y 4 mil pesos, en ambas ramas. Para la distancia de 13 kil\u00f3metros tambi\u00e9n se entregaron 8, 6 y 4 mil pesos a los tres primeros puestos, en las tres categor\u00edas (Libre, M\u00e1ster y Veteranos), en las ramas femenil y varonil. En el recorrido de 39 kil\u00f3metros los tres primeros ganadores recibieron 12, 10 y 8 mil pesos, en cada categor\u00eda y rama.<\/p>\n","protected":false},"excerpt":{"rendered":"<p>La Rectora Lilia Cedillo dio el banderazo de salida en el z\u00f3calo de Teziutl\u00e1n La Sierra Nororiental del Estado de Puebla fue el escenario donde m\u00e1s de 900 corredores pusieron a prueba sus capacidades f\u00edsicas en el Trail Bosque de Niebla BUAP 2024, una carrera de monta\u00f1a con rutas caracterizadas por senderos escarpados y veredas ba\u00f1adas de brisa y neblina por el efecto de los vientos h\u00famedos del Golfo de M\u00e9xico, propios del bosque mes\u00f3filo de monta\u00f1a. En la competencia realizada en el municipio de Teziutl\u00e1n, este domingo 17 de noviembre, la Rectora Lilia Cedillo Ram\u00edrez dio el banderazo de salida a las 7:00 horas para los competidores de 8, 13 y 39 kil\u00f3metros, ramas femenil y varonil, quienes apreciaron una vegetaci\u00f3n compuesta por helechos,&hellip;<\/p>\n<p class=\"excerpt-more\"><a class=\"blog-excerpt button\" href=\"https:\/\/www.aliadospuebla.com\/?p=98287\">Leer m\u00e1s&#8230;<\/a><\/p>\n","protected":false},"author":2,"featured_media":98288,"comment_status":"open","ping_status":"open","sticky":false,"template":"","format":"standard","meta":{"_monsterinsights_skip_tracking":false,"footnotes":""},"categories":[5],"tags":[25549,706,20844,893,25548],"class_list":["post-98287","post","type-post","status-publish","format-standard","has-post-thumbnail","hentry","category-universidades","tag-bosque-mesofilo-de-montana","tag-corredores","tag-maria-lilia-cedillo-ramirez","tag-sierra-nororiental","tag-trail-bosque-de-niebla-buap-2024"],"yoast_head":"<!-- This site is optimized with the Yoast SEO plugin v28.3 - https:\/\/yoast.com\/product\/yoast-seo-wordpress\/ -->\n<title>Trail Bosque de Niebla BUAP 2024 puso a prueba las capacidades f\u00edsicas de m\u00e1s de 900 corredores - AliadosPuebla<\/title>\n<meta name=\"robots\" content=\"index, follow, max-snippet:-1, max-image-preview:large, max-video-preview:-1\" \/>\n<link rel=\"canonical\" href=\"https:\/\/www.aliadospuebla.com\/?p=98287\" \/>\n<meta property=\"og:locale\" content=\"es_ES\" \/>\n<meta property=\"og:type\" content=\"article\" \/>\n<meta property=\"og:title\" content=\"Trail Bosque de Niebla BUAP 2024 puso a prueba las capacidades f\u00edsicas de m\u00e1s de 900 corredores - AliadosPuebla\" \/>\n<meta property=\"og:description\" content=\"La Rectora Lilia Cedillo dio el banderazo de salida en el z\u00f3calo de Teziutl\u00e1n La Sierra Nororiental del Estado de Puebla fue el escenario donde m\u00e1s de 900 corredores pusieron a prueba sus capacidades f\u00edsicas en el Trail Bosque de Niebla BUAP 2024, una carrera de monta\u00f1a con rutas caracterizadas por senderos escarpados y veredas ba\u00f1adas de brisa y neblina por el efecto de los vientos h\u00famedos del Golfo de M\u00e9xico, propios del bosque mes\u00f3filo de monta\u00f1a. En la competencia realizada en el municipio de Teziutl\u00e1n, este domingo 17 de noviembre, la Rectora Lilia Cedillo Ram\u00edrez dio el banderazo de salida a las 7:00 horas para los competidores de 8, 13 y 39 kil\u00f3metros, ramas femenil y varonil, quienes apreciaron una vegetaci\u00f3n compuesta por helechos,&hellip;Leer m\u00e1s...\" \/>\n<meta property=\"og:url\" content=\"https:\/\/www.aliadospuebla.com\/?p=98287\" \/>\n<meta property=\"og:site_name\" content=\"AliadosPuebla\" \/>\n<meta property=\"article:author\" content=\"https:\/\/www.facebook.com\/Aliados17Pue\" \/>\n<meta property=\"article:published_time\" content=\"2024-11-18T14:16:35+00:00\" \/>\n<meta property=\"og:image\" content=\"https:\/\/www.aliadospuebla.com\/web2017\/wp-content\/uploads\/2024\/11\/1489.jpg\" \/>\n\t<meta property=\"og:image:width\" content=\"600\" \/>\n\t<meta property=\"og:image:height\" content=\"450\" \/>\n\t<meta property=\"og:image:type\" content=\"image\/jpeg\" \/>\n<meta name=\"author\" content=\"Aliados17\" \/>\n<meta name=\"twitter:card\" content=\"summary_large_image\" \/>\n<meta name=\"twitter:creator\" content=\"@AliadosPuebla\" \/>\n<meta name=\"twitter:label1\" content=\"Escrito por\" \/>\n\t<meta name=\"twitter:data1\" content=\"Aliados17\" \/>\n\t<meta name=\"twitter:label2\" content=\"Tiempo de lectura\" \/>\n\t<meta name=\"twitter:data2\" content=\"3 minutos\" \/>\n<script type=\"application\/ld+json\" class=\"yoast-schema-graph\">{\"@context\":\"https:\\\/\\\/schema.org\",\"@graph\":[{\"@type\":\"Article\",\"@id\":\"https:\\\/\\\/www.aliadospuebla.com\\\/?p=98287#article\",\"isPartOf\":{\"@id\":\"https:\\\/\\\/www.aliadospuebla.com\\\/?p=98287\"},\"author\":{\"name\":\"Aliados17\",\"@id\":\"https:\\\/\\\/www.aliadospuebla.com\\\/#\\\/schema\\\/person\\\/5da7dd09320bd4f392b710017ed5f8ad\"},\"headline\":\"Trail Bosque de Niebla BUAP 2024 puso a prueba las capacidades f\u00edsicas de m\u00e1s de 900 corredores\",\"datePublished\":\"2024-11-18T14:16:35+00:00\",\"mainEntityOfPage\":{\"@id\":\"https:\\\/\\\/www.aliadospuebla.com\\\/?p=98287\"},\"wordCount\":564,\"commentCount\":0,\"image\":{\"@id\":\"https:\\\/\\\/www.aliadospuebla.com\\\/?p=98287#primaryimage\"},\"thumbnailUrl\":\"https:\\\/\\\/www.aliadospuebla.com\\\/web2017\\\/wp-content\\\/uploads\\\/2024\\\/11\\\/1489.jpg\",\"keywords\":[\"bosque mes\u00f3filo de monta\u00f1a\",\"CORREDORES\",\"Mar\u00eda Lilia Cedillo Ram\u00edrez\",\"SIERRA NORORIENTAL\",\"Trail Bosque de Niebla BUAP 2024\"],\"articleSection\":[\"Universidades\"],\"inLanguage\":\"es\",\"potentialAction\":[{\"@type\":\"CommentAction\",\"name\":\"Comment\",\"target\":[\"https:\\\/\\\/www.aliadospuebla.com\\\/?p=98287#respond\"]}]},{\"@type\":\"WebPage\",\"@id\":\"https:\\\/\\\/www.aliadospuebla.com\\\/?p=98287\",\"url\":\"https:\\\/\\\/www.aliadospuebla.com\\\/?p=98287\",\"name\":\"Trail Bosque de Niebla BUAP 2024 puso a prueba las capacidades f\u00edsicas de m\u00e1s de 900 corredores - AliadosPuebla\",\"isPartOf\":{\"@id\":\"https:\\\/\\\/www.aliadospuebla.com\\\/#website\"},\"primaryImageOfPage\":{\"@id\":\"https:\\\/\\\/www.aliadospuebla.com\\\/?p=98287#primaryimage\"},\"image\":{\"@id\":\"https:\\\/\\\/www.aliadospuebla.com\\\/?p=98287#primaryimage\"},\"thumbnailUrl\":\"https:\\\/\\\/www.aliadospuebla.com\\\/web2017\\\/wp-content\\\/uploads\\\/2024\\\/11\\\/1489.jpg\",\"datePublished\":\"2024-11-18T14:16:35+00:00\",\"author\":{\"@id\":\"https:\\\/\\\/www.aliadospuebla.com\\\/#\\\/schema\\\/person\\\/5da7dd09320bd4f392b710017ed5f8ad\"},\"breadcrumb\":{\"@id\":\"https:\\\/\\\/www.aliadospuebla.com\\\/?p=98287#breadcrumb\"},\"inLanguage\":\"es\",\"potentialAction\":[{\"@type\":\"ReadAction\",\"target\":[\"https:\\\/\\\/www.aliadospuebla.com\\\/?p=98287\"]}]},{\"@type\":\"ImageObject\",\"inLanguage\":\"es\",\"@id\":\"https:\\\/\\\/www.aliadospuebla.com\\\/?p=98287#primaryimage\",\"url\":\"https:\\\/\\\/www.aliadospuebla.com\\\/web2017\\\/wp-content\\\/uploads\\\/2024\\\/11\\\/1489.jpg\",\"contentUrl\":\"https:\\\/\\\/www.aliadospuebla.com\\\/web2017\\\/wp-content\\\/uploads\\\/2024\\\/11\\\/1489.jpg\",\"width\":600,\"height\":450},{\"@type\":\"BreadcrumbList\",\"@id\":\"https:\\\/\\\/www.aliadospuebla.com\\\/?p=98287#breadcrumb\",\"itemListElement\":[{\"@type\":\"ListItem\",\"position\":1,\"name\":\"Portada\",\"item\":\"https:\\\/\\\/www.aliadospuebla.com\\\/\"},{\"@type\":\"ListItem\",\"position\":2,\"name\":\"Trail Bosque de Niebla BUAP 2024 puso a prueba las capacidades f\u00edsicas de m\u00e1s de 900 corredores\"}]},{\"@type\":\"WebSite\",\"@id\":\"https:\\\/\\\/www.aliadospuebla.com\\\/#website\",\"url\":\"https:\\\/\\\/www.aliadospuebla.com\\\/\",\"name\":\"AliadosPuebla\",\"description\":\"La informaci\u00f3n en tus manos\",\"potentialAction\":[{\"@type\":\"SearchAction\",\"target\":{\"@type\":\"EntryPoint\",\"urlTemplate\":\"https:\\\/\\\/www.aliadospuebla.com\\\/?s={search_term_string}\"},\"query-input\":{\"@type\":\"PropertyValueSpecification\",\"valueRequired\":true,\"valueName\":\"search_term_string\"}}],\"inLanguage\":\"es\"},{\"@type\":\"Person\",\"@id\":\"https:\\\/\\\/www.aliadospuebla.com\\\/#\\\/schema\\\/person\\\/5da7dd09320bd4f392b710017ed5f8ad\",\"name\":\"Aliados17\",\"image\":{\"@type\":\"ImageObject\",\"inLanguage\":\"es\",\"@id\":\"https:\\\/\\\/www.aliadospuebla.com\\\/web2017\\\/wp-content\\\/uploads\\\/2025\\\/03\\\/cropped-para-perfil-8-anos-1-96x96.jpg\",\"url\":\"https:\\\/\\\/www.aliadospuebla.com\\\/web2017\\\/wp-content\\\/uploads\\\/2025\\\/03\\\/cropped-para-perfil-8-anos-1-96x96.jpg\",\"contentUrl\":\"https:\\\/\\\/www.aliadospuebla.com\\\/web2017\\\/wp-content\\\/uploads\\\/2025\\\/03\\\/cropped-para-perfil-8-anos-1-96x96.jpg\",\"caption\":\"Aliados17\"},\"sameAs\":[\"https:\\\/\\\/www.aliados17.com\",\"https:\\\/\\\/www.facebook.com\\\/Aliados17Pue\",\"https:\\\/\\\/x.com\\\/AliadosPuebla\"],\"url\":\"https:\\\/\\\/www.aliadospuebla.com\\\/?author=2\"}]}<\/script>\n<!-- \/ Yoast SEO plugin. -->","yoast_head_json":{"title":"Trail Bosque de Niebla BUAP 2024 puso a prueba las capacidades f\u00edsicas de m\u00e1s de 900 corredores - AliadosPuebla","robots":{"index":"index","follow":"follow","max-snippet":"max-snippet:-1","max-image-preview":"max-image-preview:large","max-video-preview":"max-video-preview:-1"},"canonical":"https:\/\/www.aliadospuebla.com\/?p=98287","og_locale":"es_ES","og_type":"article","og_title":"Trail Bosque de Niebla BUAP 2024 puso a prueba las capacidades f\u00edsicas de m\u00e1s de 900 corredores - AliadosPuebla","og_description":"La Rectora Lilia Cedillo dio el banderazo de salida en el z\u00f3calo de Teziutl\u00e1n La Sierra Nororiental del Estado de Puebla fue el escenario donde m\u00e1s de 900 corredores pusieron a prueba sus capacidades f\u00edsicas en el Trail Bosque de Niebla BUAP 2024, una carrera de monta\u00f1a con rutas caracterizadas por senderos escarpados y veredas ba\u00f1adas de brisa y neblina por el efecto de los vientos h\u00famedos del Golfo de M\u00e9xico, propios del bosque mes\u00f3filo de monta\u00f1a. En la competencia realizada en el municipio de Teziutl\u00e1n, este domingo 17 de noviembre, la Rectora Lilia Cedillo Ram\u00edrez dio el banderazo de salida a las 7:00 horas para los competidores de 8, 13 y 39 kil\u00f3metros, ramas femenil y varonil, quienes apreciaron una vegetaci\u00f3n compuesta por helechos,&hellip;Leer m\u00e1s...","og_url":"https:\/\/www.aliadospuebla.com\/?p=98287","og_site_name":"AliadosPuebla","article_author":"https:\/\/www.facebook.com\/Aliados17Pue","article_published_time":"2024-11-18T14:16:35+00:00","og_image":[{"width":600,"height":450,"url":"https:\/\/www.aliadospuebla.com\/web2017\/wp-content\/uploads\/2024\/11\/1489.jpg","type":"image\/jpeg"}],"author":"Aliados17","twitter_card":"summary_large_image","twitter_creator":"@AliadosPuebla","twitter_misc":{"Escrito por":"Aliados17","Tiempo de lectura":"3 minutos"},"schema":{"@context":"https:\/\/schema.org","@graph":[{"@type":"Article","@id":"https:\/\/www.aliadospuebla.com\/?p=98287#article","isPartOf":{"@id":"https:\/\/www.aliadospuebla.com\/?p=98287"},"author":{"name":"Aliados17","@id":"https:\/\/www.aliadospuebla.com\/#\/schema\/person\/5da7dd09320bd4f392b710017ed5f8ad"},"headline":"Trail Bosque de Niebla BUAP 2024 puso a prueba las capacidades f\u00edsicas de m\u00e1s de 900 corredores","datePublished":"2024-11-18T14:16:35+00:00","mainEntityOfPage":{"@id":"https:\/\/www.aliadospuebla.com\/?p=98287"},"wordCount":564,"commentCount":0,"image":{"@id":"https:\/\/www.aliadospuebla.com\/?p=98287#primaryimage"},"thumbnailUrl":"https:\/\/www.aliadospuebla.com\/web2017\/wp-content\/uploads\/2024\/11\/1489.jpg","keywords":["bosque mes\u00f3filo de monta\u00f1a","CORREDORES","Mar\u00eda Lilia Cedillo Ram\u00edrez","SIERRA NORORIENTAL","Trail Bosque de Niebla BUAP 2024"],"articleSection":["Universidades"],"inLanguage":"es","potentialAction":[{"@type":"CommentAction","name":"Comment","target":["https:\/\/www.aliadospuebla.com\/?p=98287#respond"]}]},{"@type":"WebPage","@id":"https:\/\/www.aliadospuebla.com\/?p=98287","url":"https:\/\/www.aliadospuebla.com\/?p=98287","name":"Trail Bosque de Niebla BUAP 2024 puso a prueba las capacidades f\u00edsicas de m\u00e1s de 900 corredores - AliadosPuebla","isPartOf":{"@id":"https:\/\/www.aliadospuebla.com\/#website"},"primaryImageOfPage":{"@id":"https:\/\/www.aliadospuebla.com\/?p=98287#primaryimage"},"image":{"@id":"https:\/\/www.aliadospuebla.com\/?p=98287#primaryimage"},"thumbnailUrl":"https:\/\/www.aliadospuebla.com\/web2017\/wp-content\/uploads\/2024\/11\/1489.jpg","datePublished":"2024-11-18T14:16:35+00:00","author":{"@id":"https:\/\/www.aliadospuebla.com\/#\/schema\/person\/5da7dd09320bd4f392b710017ed5f8ad"},"breadcrumb":{"@id":"https:\/\/www.aliadospuebla.com\/?p=98287#breadcrumb"},"inLanguage":"es","potentialAction":[{"@type":"ReadAction","target":["https:\/\/www.aliadospuebla.com\/?p=98287"]}]},{"@type":"ImageObject","inLanguage":"es","@id":"https:\/\/www.aliadospuebla.com\/?p=98287#primaryimage","url":"https:\/\/www.aliadospuebla.com\/web2017\/wp-content\/uploads\/2024\/11\/1489.jpg","contentUrl":"https:\/\/www.aliadospuebla.com\/web2017\/wp-content\/uploads\/2024\/11\/1489.jpg","width":600,"height":450},{"@type":"BreadcrumbList","@id":"https:\/\/www.aliadospuebla.com\/?p=98287#breadcrumb","itemListElement":[{"@type":"ListItem","position":1,"name":"Portada","item":"https:\/\/www.aliadospuebla.com\/"},{"@type":"ListItem","position":2,"name":"Trail Bosque de Niebla BUAP 2024 puso a prueba las capacidades f\u00edsicas de m\u00e1s de 900 corredores"}]},{"@type":"WebSite","@id":"https:\/\/www.aliadospuebla.com\/#website","url":"https:\/\/www.aliadospuebla.com\/","name":"AliadosPuebla","description":"La informaci\u00f3n en tus manos","potentialAction":[{"@type":"SearchAction","target":{"@type":"EntryPoint","urlTemplate":"https:\/\/www.aliadospuebla.com\/?s={search_term_string}"},"query-input":{"@type":"PropertyValueSpecification","valueRequired":true,"valueName":"search_term_string"}}],"inLanguage":"es"},{"@type":"Person","@id":"https:\/\/www.aliadospuebla.com\/#\/schema\/person\/5da7dd09320bd4f392b710017ed5f8ad","name":"Aliados17","image":{"@type":"ImageObject","inLanguage":"es","@id":"https:\/\/www.aliadospuebla.com\/web2017\/wp-content\/uploads\/2025\/03\/cropped-para-perfil-8-anos-1-96x96.jpg","url":"https:\/\/www.aliadospuebla.com\/web2017\/wp-content\/uploads\/2025\/03\/cropped-para-perfil-8-anos-1-96x96.jpg","contentUrl":"https:\/\/www.aliadospuebla.com\/web2017\/wp-content\/uploads\/2025\/03\/cropped-para-perfil-8-anos-1-96x96.jpg","caption":"Aliados17"},"sameAs":["https:\/\/www.aliados17.com","https:\/\/www.facebook.com\/Aliados17Pue","https:\/\/x.com\/AliadosPuebla"],"url":"https:\/\/www.aliadospuebla.com\/?author=2"}]}},"views":11,"_links":{"self":[{"href":"https:\/\/www.aliadospuebla.com\/index.php?rest_route=\/wp\/v2\/posts\/98287","targetHints":{"allow":["GET"]}}],"collection":[{"href":"https:\/\/www.aliadospuebla.com\/index.php?rest_route=\/wp\/v2\/posts"}],"about":[{"href":"https:\/\/www.aliadospuebla.com\/index.php?rest_route=\/wp\/v2\/types\/post"}],"author":[{"embeddable":true,"href":"https:\/\/www.aliadospuebla.com\/index.php?rest_route=\/wp\/v2\/users\/2"}],"replies":[{"embeddable":true,"href":"https:\/\/www.aliadospuebla.com\/index.php?rest_route=%2Fwp%2Fv2%2Fcomments&post=98287"}],"version-history":[{"count":1,"href":"https:\/\/www.aliadospuebla.com\/index.php?rest_route=\/wp\/v2\/posts\/98287\/revisions"}],"predecessor-version":[{"id":98289,"href":"https:\/\/www.aliadospuebla.com\/index.php?rest_route=\/wp\/v2\/posts\/98287\/revisions\/98289"}],"wp:featuredmedia":[{"embeddable":true,"href":"https:\/\/www.aliadospuebla.com\/index.php?rest_route=\/wp\/v2\/media\/98288"}],"wp:attachment":[{"href":"https:\/\/www.aliadospuebla.com\/index.php?rest_route=%2Fwp%2Fv2%2Fmedia&parent=98287"}],"wp:term":[{"taxonomy":"category","embeddable":true,"href":"https:\/\/www.aliadospuebla.com\/index.php?rest_route=%2Fwp%2Fv2%2Fcategories&post=98287"},{"taxonomy":"post_tag","embeddable":true,"href":"https:\/\/www.aliadospuebla.com\/index.php?rest_route=%2Fwp%2Fv2%2Ftags&post=98287"}],"curies":[{"name":"wp","href":"https:\/\/api.w.org\/{rel}","templated":true}]}}