{"id":98204,"date":"2024-11-15T22:43:12","date_gmt":"2024-11-16T04:43:12","guid":{"rendered":"https:\/\/www.aliados17.com\/?p=98204"},"modified":"2024-11-15T22:43:12","modified_gmt":"2024-11-16T04:43:12","slug":"el-pri-votara-en-contra-de-la-eliminacion-de-los-organismos-autonomos","status":"publish","type":"post","link":"https:\/\/www.aliadospuebla.com\/?p=98204","title":{"rendered":"EL PRI VOTAR\u00c1 EN CONTRA DE LA ELIMINACI\u00d3N DE LOS ORGANISMOS AUT\u00d3NOMOS"},"content":{"rendered":"<h4>El senador N\u00e9stor Camarillo Medina, presidente del Comit\u00e9 Directivo Estatal (CDE) del PRI, adelant\u00f3 que las y los senadores del partido votar\u00e1n en contra de la eliminaci\u00f3n de los organismos aut\u00f3nomos, cuya discusi\u00f3n se prev\u00e9 para la siguiente semana en el Senado de la Rep\u00fablica.<\/h4>\n<p>\u201cLas y los senadores estaremos dando el debate para que todo M\u00e9xico se entere de que Morena, PT y el Partido Verde est\u00e1n cambiando las reglas del juego para ponerle una mordaza a todas y todos los mexicanos\u201d.<br \/>\nDestac\u00f3 que la eliminaci\u00f3n de estas entidades representar\u00e1 un retroceso para la democracia, trasparencia y rendici\u00f3n de cuentas.<br \/>\n\u201cLos ciudadanos ya no podremos pedir cuentas por ejemplo a los gobiernos a trav\u00e9s del INAI, la eliminaci\u00f3n de la Comisi\u00f3n Federal de Competencia Econ\u00f3mica pone en riesgo el tratado de libre comercio\u201d, dijo en rueda de prensa, acompa\u00f1ado por la secretaria general del PRI estatal, diputada Delfina Pozos Vergara.<br \/>\nFinalmente, refiri\u00f3 que el PRI vot\u00f3 a favor de los programas sociales porque el instituto pol\u00edtico fue el creador de estos mecanismos de protecci\u00f3n para la ciudadan\u00eda mexicana.<\/p>\n","protected":false},"excerpt":{"rendered":"<p>El senador N\u00e9stor Camarillo Medina, presidente del Comit\u00e9 Directivo Estatal (CDE) del PRI, adelant\u00f3 que las y los senadores del partido votar\u00e1n en contra de la eliminaci\u00f3n de los organismos aut\u00f3nomos, cuya discusi\u00f3n se prev\u00e9 para la siguiente semana en el Senado de la Rep\u00fablica. \u201cLas y los senadores estaremos dando el debate para que todo M\u00e9xico se entere de que Morena, PT y el Partido Verde est\u00e1n cambiando las reglas del juego para ponerle una mordaza a todas y todos los mexicanos\u201d. Destac\u00f3 que la eliminaci\u00f3n de estas entidades representar\u00e1 un retroceso para la democracia, trasparencia y rendici\u00f3n de cuentas. \u201cLos ciudadanos ya no podremos pedir cuentas por ejemplo a los gobiernos a trav\u00e9s del INAI, la eliminaci\u00f3n de la Comisi\u00f3n Federal de Competencia&hellip;<\/p>\n<p class=\"excerpt-more\"><a class=\"blog-excerpt button\" href=\"https:\/\/www.aliadospuebla.com\/?p=98204\">Leer m\u00e1s&#8230;<\/a><\/p>\n","protected":false},"author":2,"featured_media":98205,"comment_status":"open","ping_status":"open","sticky":false,"template":"","format":"standard","meta":{"_monsterinsights_skip_tracking":false,"footnotes":""},"categories":[6],"tags":[25492,21486,4671,25493,12869,25491,3699,25494],"class_list":["post-98204","post","type-post","status-publish","format-standard","has-post-thumbnail","hentry","category-politica","tag-comite-directivo-estatal","tag-delfina-pozos-vergara","tag-democracia","tag-eliminacion","tag-nestor-camarillo-medina","tag-organismos-autonomos","tag-senadores","tag-trasparencia"],"yoast_head":"<!-- This site is optimized with the Yoast SEO plugin v28.4 - https:\/\/yoast.com\/product\/yoast-seo-wordpress\/ -->\n<title>EL PRI VOTAR\u00c1 EN CONTRA DE LA ELIMINACI\u00d3N DE LOS ORGANISMOS AUT\u00d3NOMOS - AliadosPuebla<\/title>\n<meta name=\"robots\" content=\"index, follow, max-snippet:-1, max-image-preview:large, max-video-preview:-1\" \/>\n<link rel=\"canonical\" href=\"https:\/\/www.aliadospuebla.com\/?p=98204\" \/>\n<meta property=\"og:locale\" content=\"es_ES\" \/>\n<meta property=\"og:type\" content=\"article\" \/>\n<meta property=\"og:title\" content=\"EL PRI VOTAR\u00c1 EN CONTRA DE LA ELIMINACI\u00d3N DE LOS ORGANISMOS AUT\u00d3NOMOS - AliadosPuebla\" \/>\n<meta property=\"og:description\" content=\"El senador N\u00e9stor Camarillo Medina, presidente del Comit\u00e9 Directivo Estatal (CDE) del PRI, adelant\u00f3 que las y los senadores del partido votar\u00e1n en contra de la eliminaci\u00f3n de los organismos aut\u00f3nomos, cuya discusi\u00f3n se prev\u00e9 para la siguiente semana en el Senado de la Rep\u00fablica. \u201cLas y los senadores estaremos dando el debate para que todo M\u00e9xico se entere de que Morena, PT y el Partido Verde est\u00e1n cambiando las reglas del juego para ponerle una mordaza a todas y todos los mexicanos\u201d. Destac\u00f3 que la eliminaci\u00f3n de estas entidades representar\u00e1 un retroceso para la democracia, trasparencia y rendici\u00f3n de cuentas. \u201cLos ciudadanos ya no podremos pedir cuentas por ejemplo a los gobiernos a trav\u00e9s del INAI, la eliminaci\u00f3n de la Comisi\u00f3n Federal de Competencia&hellip;Leer m\u00e1s...\" \/>\n<meta property=\"og:url\" content=\"https:\/\/www.aliadospuebla.com\/?p=98204\" \/>\n<meta property=\"og:site_name\" content=\"AliadosPuebla\" \/>\n<meta property=\"article:author\" content=\"https:\/\/www.facebook.com\/Aliados17Pue\" \/>\n<meta property=\"article:published_time\" content=\"2024-11-16T04:43:12+00:00\" \/>\n<meta property=\"og:image\" content=\"https:\/\/www.aliadospuebla.com\/web2017\/wp-content\/uploads\/2024\/11\/1465.jpg\" \/>\n\t<meta property=\"og:image:width\" content=\"600\" \/>\n\t<meta property=\"og:image:height\" content=\"450\" \/>\n\t<meta property=\"og:image:type\" content=\"image\/jpeg\" \/>\n<meta name=\"author\" content=\"Aliados17\" \/>\n<meta name=\"twitter:card\" content=\"summary_large_image\" \/>\n<meta name=\"twitter:creator\" content=\"@AliadosPuebla\" \/>\n<meta name=\"twitter:label1\" content=\"Escrito por\" \/>\n\t<meta name=\"twitter:data1\" content=\"Aliados17\" \/>\n\t<meta name=\"twitter:label2\" content=\"Tiempo de lectura\" \/>\n\t<meta name=\"twitter:data2\" content=\"2 minutos\" \/>\n<script type=\"application\/ld+json\" class=\"yoast-schema-graph\">{\"@context\":\"https:\\\/\\\/schema.org\",\"@graph\":[{\"@type\":\"Article\",\"@id\":\"https:\\\/\\\/www.aliadospuebla.com\\\/?p=98204#article\",\"isPartOf\":{\"@id\":\"https:\\\/\\\/www.aliadospuebla.com\\\/?p=98204\"},\"author\":{\"name\":\"Aliados17\",\"@id\":\"https:\\\/\\\/www.aliadospuebla.com\\\/#\\\/schema\\\/person\\\/5da7dd09320bd4f392b710017ed5f8ad\"},\"headline\":\"EL PRI VOTAR\u00c1 EN CONTRA DE LA ELIMINACI\u00d3N DE LOS ORGANISMOS AUT\u00d3NOMOS\",\"datePublished\":\"2024-11-16T04:43:12+00:00\",\"mainEntityOfPage\":{\"@id\":\"https:\\\/\\\/www.aliadospuebla.com\\\/?p=98204\"},\"wordCount\":211,\"commentCount\":0,\"image\":{\"@id\":\"https:\\\/\\\/www.aliadospuebla.com\\\/?p=98204#primaryimage\"},\"thumbnailUrl\":\"https:\\\/\\\/www.aliadospuebla.com\\\/web2017\\\/wp-content\\\/uploads\\\/2024\\\/11\\\/1465.jpg\",\"keywords\":[\"Comit\u00e9 Directivo Estatal\",\"Delfina Pozos Vergara\",\"DEMOCRACIA\",\"eliminaci\u00f3n\",\"N\u00e9stor Camarillo Medina\",\"ORGANISMOS AUT\u00d3NOMOS\",\"SENADORES\",\"trasparencia\"],\"articleSection\":[\"Pol\u00edtica\"],\"inLanguage\":\"es\",\"potentialAction\":[{\"@type\":\"CommentAction\",\"name\":\"Comment\",\"target\":[\"https:\\\/\\\/www.aliadospuebla.com\\\/?p=98204#respond\"]}]},{\"@type\":\"WebPage\",\"@id\":\"https:\\\/\\\/www.aliadospuebla.com\\\/?p=98204\",\"url\":\"https:\\\/\\\/www.aliadospuebla.com\\\/?p=98204\",\"name\":\"EL PRI VOTAR\u00c1 EN CONTRA DE LA ELIMINACI\u00d3N DE LOS ORGANISMOS AUT\u00d3NOMOS - AliadosPuebla\",\"isPartOf\":{\"@id\":\"https:\\\/\\\/www.aliadospuebla.com\\\/#website\"},\"primaryImageOfPage\":{\"@id\":\"https:\\\/\\\/www.aliadospuebla.com\\\/?p=98204#primaryimage\"},\"image\":{\"@id\":\"https:\\\/\\\/www.aliadospuebla.com\\\/?p=98204#primaryimage\"},\"thumbnailUrl\":\"https:\\\/\\\/www.aliadospuebla.com\\\/web2017\\\/wp-content\\\/uploads\\\/2024\\\/11\\\/1465.jpg\",\"datePublished\":\"2024-11-16T04:43:12+00:00\",\"author\":{\"@id\":\"https:\\\/\\\/www.aliadospuebla.com\\\/#\\\/schema\\\/person\\\/5da7dd09320bd4f392b710017ed5f8ad\"},\"breadcrumb\":{\"@id\":\"https:\\\/\\\/www.aliadospuebla.com\\\/?p=98204#breadcrumb\"},\"inLanguage\":\"es\",\"potentialAction\":[{\"@type\":\"ReadAction\",\"target\":[\"https:\\\/\\\/www.aliadospuebla.com\\\/?p=98204\"]}]},{\"@type\":\"ImageObject\",\"inLanguage\":\"es\",\"@id\":\"https:\\\/\\\/www.aliadospuebla.com\\\/?p=98204#primaryimage\",\"url\":\"https:\\\/\\\/www.aliadospuebla.com\\\/web2017\\\/wp-content\\\/uploads\\\/2024\\\/11\\\/1465.jpg\",\"contentUrl\":\"https:\\\/\\\/www.aliadospuebla.com\\\/web2017\\\/wp-content\\\/uploads\\\/2024\\\/11\\\/1465.jpg\",\"width\":600,\"height\":450},{\"@type\":\"BreadcrumbList\",\"@id\":\"https:\\\/\\\/www.aliadospuebla.com\\\/?p=98204#breadcrumb\",\"itemListElement\":[{\"@type\":\"ListItem\",\"position\":1,\"name\":\"Portada\",\"item\":\"https:\\\/\\\/www.aliadospuebla.com\\\/\"},{\"@type\":\"ListItem\",\"position\":2,\"name\":\"EL PRI VOTAR\u00c1 EN CONTRA DE LA ELIMINACI\u00d3N DE LOS ORGANISMOS AUT\u00d3NOMOS\"}]},{\"@type\":\"WebSite\",\"@id\":\"https:\\\/\\\/www.aliadospuebla.com\\\/#website\",\"url\":\"https:\\\/\\\/www.aliadospuebla.com\\\/\",\"name\":\"AliadosPuebla\",\"description\":\"La informaci\u00f3n en tus manos\",\"potentialAction\":[{\"@type\":\"SearchAction\",\"target\":{\"@type\":\"EntryPoint\",\"urlTemplate\":\"https:\\\/\\\/www.aliadospuebla.com\\\/?s={search_term_string}\"},\"query-input\":{\"@type\":\"PropertyValueSpecification\",\"valueRequired\":true,\"valueName\":\"search_term_string\"}}],\"inLanguage\":\"es\"},{\"@type\":\"Person\",\"@id\":\"https:\\\/\\\/www.aliadospuebla.com\\\/#\\\/schema\\\/person\\\/5da7dd09320bd4f392b710017ed5f8ad\",\"name\":\"Aliados17\",\"image\":{\"@type\":\"ImageObject\",\"inLanguage\":\"es\",\"@id\":\"https:\\\/\\\/www.aliadospuebla.com\\\/web2017\\\/wp-content\\\/uploads\\\/2025\\\/03\\\/cropped-para-perfil-8-anos-1-96x96.jpg\",\"url\":\"https:\\\/\\\/www.aliadospuebla.com\\\/web2017\\\/wp-content\\\/uploads\\\/2025\\\/03\\\/cropped-para-perfil-8-anos-1-96x96.jpg\",\"contentUrl\":\"https:\\\/\\\/www.aliadospuebla.com\\\/web2017\\\/wp-content\\\/uploads\\\/2025\\\/03\\\/cropped-para-perfil-8-anos-1-96x96.jpg\",\"caption\":\"Aliados17\"},\"sameAs\":[\"https:\\\/\\\/www.aliados17.com\",\"https:\\\/\\\/www.facebook.com\\\/Aliados17Pue\",\"https:\\\/\\\/x.com\\\/AliadosPuebla\"],\"url\":\"https:\\\/\\\/www.aliadospuebla.com\\\/?author=2\"}]}<\/script>\n<!-- \/ Yoast SEO plugin. -->","yoast_head_json":{"title":"EL PRI VOTAR\u00c1 EN CONTRA DE LA ELIMINACI\u00d3N DE LOS ORGANISMOS AUT\u00d3NOMOS - AliadosPuebla","robots":{"index":"index","follow":"follow","max-snippet":"max-snippet:-1","max-image-preview":"max-image-preview:large","max-video-preview":"max-video-preview:-1"},"canonical":"https:\/\/www.aliadospuebla.com\/?p=98204","og_locale":"es_ES","og_type":"article","og_title":"EL PRI VOTAR\u00c1 EN CONTRA DE LA ELIMINACI\u00d3N DE LOS ORGANISMOS AUT\u00d3NOMOS - AliadosPuebla","og_description":"El senador N\u00e9stor Camarillo Medina, presidente del Comit\u00e9 Directivo Estatal (CDE) del PRI, adelant\u00f3 que las y los senadores del partido votar\u00e1n en contra de la eliminaci\u00f3n de los organismos aut\u00f3nomos, cuya discusi\u00f3n se prev\u00e9 para la siguiente semana en el Senado de la Rep\u00fablica. \u201cLas y los senadores estaremos dando el debate para que todo M\u00e9xico se entere de que Morena, PT y el Partido Verde est\u00e1n cambiando las reglas del juego para ponerle una mordaza a todas y todos los mexicanos\u201d. Destac\u00f3 que la eliminaci\u00f3n de estas entidades representar\u00e1 un retroceso para la democracia, trasparencia y rendici\u00f3n de cuentas. \u201cLos ciudadanos ya no podremos pedir cuentas por ejemplo a los gobiernos a trav\u00e9s del INAI, la eliminaci\u00f3n de la Comisi\u00f3n Federal de Competencia&hellip;Leer m\u00e1s...","og_url":"https:\/\/www.aliadospuebla.com\/?p=98204","og_site_name":"AliadosPuebla","article_author":"https:\/\/www.facebook.com\/Aliados17Pue","article_published_time":"2024-11-16T04:43:12+00:00","og_image":[{"width":600,"height":450,"url":"https:\/\/www.aliadospuebla.com\/web2017\/wp-content\/uploads\/2024\/11\/1465.jpg","type":"image\/jpeg"}],"author":"Aliados17","twitter_card":"summary_large_image","twitter_creator":"@AliadosPuebla","twitter_misc":{"Escrito por":"Aliados17","Tiempo de lectura":"2 minutos"},"schema":{"@context":"https:\/\/schema.org","@graph":[{"@type":"Article","@id":"https:\/\/www.aliadospuebla.com\/?p=98204#article","isPartOf":{"@id":"https:\/\/www.aliadospuebla.com\/?p=98204"},"author":{"name":"Aliados17","@id":"https:\/\/www.aliadospuebla.com\/#\/schema\/person\/5da7dd09320bd4f392b710017ed5f8ad"},"headline":"EL PRI VOTAR\u00c1 EN CONTRA DE LA ELIMINACI\u00d3N DE LOS ORGANISMOS AUT\u00d3NOMOS","datePublished":"2024-11-16T04:43:12+00:00","mainEntityOfPage":{"@id":"https:\/\/www.aliadospuebla.com\/?p=98204"},"wordCount":211,"commentCount":0,"image":{"@id":"https:\/\/www.aliadospuebla.com\/?p=98204#primaryimage"},"thumbnailUrl":"https:\/\/www.aliadospuebla.com\/web2017\/wp-content\/uploads\/2024\/11\/1465.jpg","keywords":["Comit\u00e9 Directivo Estatal","Delfina Pozos Vergara","DEMOCRACIA","eliminaci\u00f3n","N\u00e9stor Camarillo Medina","ORGANISMOS AUT\u00d3NOMOS","SENADORES","trasparencia"],"articleSection":["Pol\u00edtica"],"inLanguage":"es","potentialAction":[{"@type":"CommentAction","name":"Comment","target":["https:\/\/www.aliadospuebla.com\/?p=98204#respond"]}]},{"@type":"WebPage","@id":"https:\/\/www.aliadospuebla.com\/?p=98204","url":"https:\/\/www.aliadospuebla.com\/?p=98204","name":"EL PRI VOTAR\u00c1 EN CONTRA DE LA ELIMINACI\u00d3N DE LOS ORGANISMOS AUT\u00d3NOMOS - AliadosPuebla","isPartOf":{"@id":"https:\/\/www.aliadospuebla.com\/#website"},"primaryImageOfPage":{"@id":"https:\/\/www.aliadospuebla.com\/?p=98204#primaryimage"},"image":{"@id":"https:\/\/www.aliadospuebla.com\/?p=98204#primaryimage"},"thumbnailUrl":"https:\/\/www.aliadospuebla.com\/web2017\/wp-content\/uploads\/2024\/11\/1465.jpg","datePublished":"2024-11-16T04:43:12+00:00","author":{"@id":"https:\/\/www.aliadospuebla.com\/#\/schema\/person\/5da7dd09320bd4f392b710017ed5f8ad"},"breadcrumb":{"@id":"https:\/\/www.aliadospuebla.com\/?p=98204#breadcrumb"},"inLanguage":"es","potentialAction":[{"@type":"ReadAction","target":["https:\/\/www.aliadospuebla.com\/?p=98204"]}]},{"@type":"ImageObject","inLanguage":"es","@id":"https:\/\/www.aliadospuebla.com\/?p=98204#primaryimage","url":"https:\/\/www.aliadospuebla.com\/web2017\/wp-content\/uploads\/2024\/11\/1465.jpg","contentUrl":"https:\/\/www.aliadospuebla.com\/web2017\/wp-content\/uploads\/2024\/11\/1465.jpg","width":600,"height":450},{"@type":"BreadcrumbList","@id":"https:\/\/www.aliadospuebla.com\/?p=98204#breadcrumb","itemListElement":[{"@type":"ListItem","position":1,"name":"Portada","item":"https:\/\/www.aliadospuebla.com\/"},{"@type":"ListItem","position":2,"name":"EL PRI VOTAR\u00c1 EN CONTRA DE LA ELIMINACI\u00d3N DE LOS ORGANISMOS AUT\u00d3NOMOS"}]},{"@type":"WebSite","@id":"https:\/\/www.aliadospuebla.com\/#website","url":"https:\/\/www.aliadospuebla.com\/","name":"AliadosPuebla","description":"La informaci\u00f3n en tus manos","potentialAction":[{"@type":"SearchAction","target":{"@type":"EntryPoint","urlTemplate":"https:\/\/www.aliadospuebla.com\/?s={search_term_string}"},"query-input":{"@type":"PropertyValueSpecification","valueRequired":true,"valueName":"search_term_string"}}],"inLanguage":"es"},{"@type":"Person","@id":"https:\/\/www.aliadospuebla.com\/#\/schema\/person\/5da7dd09320bd4f392b710017ed5f8ad","name":"Aliados17","image":{"@type":"ImageObject","inLanguage":"es","@id":"https:\/\/www.aliadospuebla.com\/web2017\/wp-content\/uploads\/2025\/03\/cropped-para-perfil-8-anos-1-96x96.jpg","url":"https:\/\/www.aliadospuebla.com\/web2017\/wp-content\/uploads\/2025\/03\/cropped-para-perfil-8-anos-1-96x96.jpg","contentUrl":"https:\/\/www.aliadospuebla.com\/web2017\/wp-content\/uploads\/2025\/03\/cropped-para-perfil-8-anos-1-96x96.jpg","caption":"Aliados17"},"sameAs":["https:\/\/www.aliados17.com","https:\/\/www.facebook.com\/Aliados17Pue","https:\/\/x.com\/AliadosPuebla"],"url":"https:\/\/www.aliadospuebla.com\/?author=2"}]}},"views":13,"_links":{"self":[{"href":"https:\/\/www.aliadospuebla.com\/index.php?rest_route=\/wp\/v2\/posts\/98204","targetHints":{"allow":["GET"]}}],"collection":[{"href":"https:\/\/www.aliadospuebla.com\/index.php?rest_route=\/wp\/v2\/posts"}],"about":[{"href":"https:\/\/www.aliadospuebla.com\/index.php?rest_route=\/wp\/v2\/types\/post"}],"author":[{"embeddable":true,"href":"https:\/\/www.aliadospuebla.com\/index.php?rest_route=\/wp\/v2\/users\/2"}],"replies":[{"embeddable":true,"href":"https:\/\/www.aliadospuebla.com\/index.php?rest_route=%2Fwp%2Fv2%2Fcomments&post=98204"}],"version-history":[{"count":1,"href":"https:\/\/www.aliadospuebla.com\/index.php?rest_route=\/wp\/v2\/posts\/98204\/revisions"}],"predecessor-version":[{"id":98206,"href":"https:\/\/www.aliadospuebla.com\/index.php?rest_route=\/wp\/v2\/posts\/98204\/revisions\/98206"}],"wp:featuredmedia":[{"embeddable":true,"href":"https:\/\/www.aliadospuebla.com\/index.php?rest_route=\/wp\/v2\/media\/98205"}],"wp:attachment":[{"href":"https:\/\/www.aliadospuebla.com\/index.php?rest_route=%2Fwp%2Fv2%2Fmedia&parent=98204"}],"wp:term":[{"taxonomy":"category","embeddable":true,"href":"https:\/\/www.aliadospuebla.com\/index.php?rest_route=%2Fwp%2Fv2%2Fcategories&post=98204"},{"taxonomy":"post_tag","embeddable":true,"href":"https:\/\/www.aliadospuebla.com\/index.php?rest_route=%2Fwp%2Fv2%2Ftags&post=98204"}],"curies":[{"name":"wp","href":"https:\/\/api.w.org\/{rel}","templated":true}]}}