{"id":98151,"date":"2024-11-14T21:46:25","date_gmt":"2024-11-15T03:46:25","guid":{"rendered":"https:\/\/www.aliados17.com\/?p=98151"},"modified":"2024-11-14T21:46:25","modified_gmt":"2024-11-15T03:46:25","slug":"realiza-aspec-mesa-de-trabajo-para-mejorar-medidas-de-seguridad-para-los-periodistas","status":"publish","type":"post","link":"https:\/\/www.aliadospuebla.com\/?p=98151","title":{"rendered":"Realiza ASPEC mesa de trabajo para mejorar medidas de seguridad para los periodistas"},"content":{"rendered":"<h4>Propone la ASPEC impulsar iniciativa en el legislativo poblano para endurecer sanciones a quien amenace o agreda a periodistas<\/h4>\n<p>Tras realizar una mesa de di\u00e1logo con periodistas convocada por la Asociaci\u00f3n de Periodistas, Reporteros Gr\u00e1ficos y Comunicadores de Puebla (ASPEC), donde participaron integrantes de agrupaciones como la Red Puebla de Periodistas y la presidenta de la Asociaci\u00f3n Mundial de Mujeres Periodistas y Escritoras cap\u00edtulo M\u00e9xico, se expusieron diferentes casos de agresiones, amenazas y hostigamiento en el \u00e1mbito de la comunicaci\u00f3n<\/p>\n<p>El presidente de la ASPEC, Valent\u00edn Paredes Hern\u00e1ndez dijo que seg\u00fan datos de la organizaci\u00f3n Art\u00edculo 19, en 2023 Puebla fue el tercer estado a nivel nacional con mayor n\u00famero de incidentesa violencia contra la prensa, con 39 casos, solo por debajo de Ciudad de M\u00e9xico y Guerrero<\/p>\n<p>Tambi\u00e9n a\u00f1adi\u00f3 que en nuestro estado han asesinado a tres comunicadores en un periodo de 12 a\u00f1os, son los casos de; Adrian Silva Moreno (Tehuac\u00e1n 2012), Aurelio Cabrera Campos (Huahuchinango 2016), Marco Aurelio Ram\u00edrez (Tehuac\u00e1n 2023)<\/p>\n<p>Revel\u00f3 que en una encuesta realizada dentro de la organizaci\u00f3n de periodistas, el 82 por ciento de los integrantes se siente en riesgos por su labor period\u00edstica y el 34 por ciento ha sufrido actos de violencia y amenazas, de los cuales las autoridades gubernamentales han sido los principales agresores<\/p>\n<p>Durante esta mesa de trabajo se aportaron propuestas por parte de los asistentes y representantes de las organizaciones de reporteros para reforzar medidas de seguridad para qui\u00e9nes se dedican al ejercicio period\u00edstico<\/p>\n<p>Por \u00faltimo se propuso impulsar una iniciativa de reforma para endurecer las sanciones para aquellas personas que amenacen o agredan a trabajadores de la informaci\u00f3n, con la finalidad de garantizar la libertad de expresi\u00f3n en el estado<\/p>\n","protected":false},"excerpt":{"rendered":"<p>Propone la ASPEC impulsar iniciativa en el legislativo poblano para endurecer sanciones a quien amenace o agreda a periodistas Tras realizar una mesa de di\u00e1logo con periodistas convocada por la Asociaci\u00f3n de Periodistas, Reporteros Gr\u00e1ficos y Comunicadores de Puebla (ASPEC), donde participaron integrantes de agrupaciones como la Red Puebla de Periodistas y la presidenta de la Asociaci\u00f3n Mundial de Mujeres Periodistas y Escritoras cap\u00edtulo M\u00e9xico, se expusieron diferentes casos de agresiones, amenazas y hostigamiento en el \u00e1mbito de la comunicaci\u00f3n El presidente de la ASPEC, Valent\u00edn Paredes Hern\u00e1ndez dijo que seg\u00fan datos de la organizaci\u00f3n Art\u00edculo 19, en 2023 Puebla fue el tercer estado a nivel nacional con mayor n\u00famero de incidentesa violencia contra la prensa, con 39 casos, solo por debajo de Ciudad de&hellip;<\/p>\n<p class=\"excerpt-more\"><a class=\"blog-excerpt button\" href=\"https:\/\/www.aliadospuebla.com\/?p=98151\">Leer m\u00e1s&#8230;<\/a><\/p>\n","protected":false},"author":2,"featured_media":98152,"comment_status":"open","ping_status":"open","sticky":false,"template":"","format":"standard","meta":{"_monsterinsights_skip_tracking":false,"footnotes":""},"categories":[62],"tags":[2707,8943,9309,5630,5906,204,490,5843],"class_list":["post-98151","post","type-post","status-publish","format-standard","has-post-thumbnail","hentry","category-capital","tag-agresiones","tag-amenazas","tag-aspec","tag-libertad-de-expresion","tag-medidas-de-seguridad","tag-mesa-de-trabajo","tag-periodistas","tag-valentin-paredes-hernandez"],"yoast_head":"<!-- This site is optimized with the Yoast SEO plugin v28.3 - https:\/\/yoast.com\/product\/yoast-seo-wordpress\/ -->\n<title>Realiza ASPEC mesa de trabajo para mejorar medidas de seguridad para los periodistas - AliadosPuebla<\/title>\n<meta name=\"robots\" content=\"index, follow, max-snippet:-1, max-image-preview:large, max-video-preview:-1\" \/>\n<link rel=\"canonical\" href=\"https:\/\/www.aliadospuebla.com\/?p=98151\" \/>\n<meta property=\"og:locale\" content=\"es_ES\" \/>\n<meta property=\"og:type\" content=\"article\" \/>\n<meta property=\"og:title\" content=\"Realiza ASPEC mesa de trabajo para mejorar medidas de seguridad para los periodistas - AliadosPuebla\" \/>\n<meta property=\"og:description\" content=\"Propone la ASPEC impulsar iniciativa en el legislativo poblano para endurecer sanciones a quien amenace o agreda a periodistas Tras realizar una mesa de di\u00e1logo con periodistas convocada por la Asociaci\u00f3n de Periodistas, Reporteros Gr\u00e1ficos y Comunicadores de Puebla (ASPEC), donde participaron integrantes de agrupaciones como la Red Puebla de Periodistas y la presidenta de la Asociaci\u00f3n Mundial de Mujeres Periodistas y Escritoras cap\u00edtulo M\u00e9xico, se expusieron diferentes casos de agresiones, amenazas y hostigamiento en el \u00e1mbito de la comunicaci\u00f3n El presidente de la ASPEC, Valent\u00edn Paredes Hern\u00e1ndez dijo que seg\u00fan datos de la organizaci\u00f3n Art\u00edculo 19, en 2023 Puebla fue el tercer estado a nivel nacional con mayor n\u00famero de incidentesa violencia contra la prensa, con 39 casos, solo por debajo de Ciudad de&hellip;Leer m\u00e1s...\" \/>\n<meta property=\"og:url\" content=\"https:\/\/www.aliadospuebla.com\/?p=98151\" \/>\n<meta property=\"og:site_name\" content=\"AliadosPuebla\" \/>\n<meta property=\"article:author\" content=\"https:\/\/www.facebook.com\/Aliados17Pue\" \/>\n<meta property=\"article:published_time\" content=\"2024-11-15T03:46:25+00:00\" \/>\n<meta property=\"og:image\" content=\"https:\/\/www.aliadospuebla.com\/web2017\/wp-content\/uploads\/2024\/11\/1453.jpg\" \/>\n\t<meta property=\"og:image:width\" content=\"600\" \/>\n\t<meta property=\"og:image:height\" content=\"450\" \/>\n\t<meta property=\"og:image:type\" content=\"image\/jpeg\" \/>\n<meta name=\"author\" content=\"Aliados17\" \/>\n<meta name=\"twitter:card\" content=\"summary_large_image\" \/>\n<meta name=\"twitter:creator\" content=\"@AliadosPuebla\" \/>\n<meta name=\"twitter:label1\" content=\"Escrito por\" \/>\n\t<meta name=\"twitter:data1\" content=\"Aliados17\" \/>\n\t<meta name=\"twitter:label2\" content=\"Tiempo de lectura\" \/>\n\t<meta name=\"twitter:data2\" content=\"2 minutos\" \/>\n<script type=\"application\/ld+json\" class=\"yoast-schema-graph\">{\"@context\":\"https:\\\/\\\/schema.org\",\"@graph\":[{\"@type\":\"Article\",\"@id\":\"https:\\\/\\\/www.aliadospuebla.com\\\/?p=98151#article\",\"isPartOf\":{\"@id\":\"https:\\\/\\\/www.aliadospuebla.com\\\/?p=98151\"},\"author\":{\"name\":\"Aliados17\",\"@id\":\"https:\\\/\\\/www.aliadospuebla.com\\\/#\\\/schema\\\/person\\\/5da7dd09320bd4f392b710017ed5f8ad\"},\"headline\":\"Realiza ASPEC mesa de trabajo para mejorar medidas de seguridad para los periodistas\",\"datePublished\":\"2024-11-15T03:46:25+00:00\",\"mainEntityOfPage\":{\"@id\":\"https:\\\/\\\/www.aliadospuebla.com\\\/?p=98151\"},\"wordCount\":313,\"commentCount\":0,\"image\":{\"@id\":\"https:\\\/\\\/www.aliadospuebla.com\\\/?p=98151#primaryimage\"},\"thumbnailUrl\":\"https:\\\/\\\/www.aliadospuebla.com\\\/web2017\\\/wp-content\\\/uploads\\\/2024\\\/11\\\/1453.jpg\",\"keywords\":[\"AGRESIONES\",\"amenazas\",\"ASPEC\",\"LIBERTAD DE EXPRESI\u00d3N\",\"MEDIDAS DE SEGURIDAD\",\"Mesa de trabajo\",\"PERIODISTAS\",\"VALENT\u00cdN PAREDES HERN\u00c1NDEZ\"],\"articleSection\":[\"Capital\"],\"inLanguage\":\"es\",\"potentialAction\":[{\"@type\":\"CommentAction\",\"name\":\"Comment\",\"target\":[\"https:\\\/\\\/www.aliadospuebla.com\\\/?p=98151#respond\"]}]},{\"@type\":\"WebPage\",\"@id\":\"https:\\\/\\\/www.aliadospuebla.com\\\/?p=98151\",\"url\":\"https:\\\/\\\/www.aliadospuebla.com\\\/?p=98151\",\"name\":\"Realiza ASPEC mesa de trabajo para mejorar medidas de seguridad para los periodistas - AliadosPuebla\",\"isPartOf\":{\"@id\":\"https:\\\/\\\/www.aliadospuebla.com\\\/#website\"},\"primaryImageOfPage\":{\"@id\":\"https:\\\/\\\/www.aliadospuebla.com\\\/?p=98151#primaryimage\"},\"image\":{\"@id\":\"https:\\\/\\\/www.aliadospuebla.com\\\/?p=98151#primaryimage\"},\"thumbnailUrl\":\"https:\\\/\\\/www.aliadospuebla.com\\\/web2017\\\/wp-content\\\/uploads\\\/2024\\\/11\\\/1453.jpg\",\"datePublished\":\"2024-11-15T03:46:25+00:00\",\"author\":{\"@id\":\"https:\\\/\\\/www.aliadospuebla.com\\\/#\\\/schema\\\/person\\\/5da7dd09320bd4f392b710017ed5f8ad\"},\"breadcrumb\":{\"@id\":\"https:\\\/\\\/www.aliadospuebla.com\\\/?p=98151#breadcrumb\"},\"inLanguage\":\"es\",\"potentialAction\":[{\"@type\":\"ReadAction\",\"target\":[\"https:\\\/\\\/www.aliadospuebla.com\\\/?p=98151\"]}]},{\"@type\":\"ImageObject\",\"inLanguage\":\"es\",\"@id\":\"https:\\\/\\\/www.aliadospuebla.com\\\/?p=98151#primaryimage\",\"url\":\"https:\\\/\\\/www.aliadospuebla.com\\\/web2017\\\/wp-content\\\/uploads\\\/2024\\\/11\\\/1453.jpg\",\"contentUrl\":\"https:\\\/\\\/www.aliadospuebla.com\\\/web2017\\\/wp-content\\\/uploads\\\/2024\\\/11\\\/1453.jpg\",\"width\":600,\"height\":450},{\"@type\":\"BreadcrumbList\",\"@id\":\"https:\\\/\\\/www.aliadospuebla.com\\\/?p=98151#breadcrumb\",\"itemListElement\":[{\"@type\":\"ListItem\",\"position\":1,\"name\":\"Portada\",\"item\":\"https:\\\/\\\/www.aliadospuebla.com\\\/\"},{\"@type\":\"ListItem\",\"position\":2,\"name\":\"Realiza ASPEC mesa de trabajo para mejorar medidas de seguridad para los periodistas\"}]},{\"@type\":\"WebSite\",\"@id\":\"https:\\\/\\\/www.aliadospuebla.com\\\/#website\",\"url\":\"https:\\\/\\\/www.aliadospuebla.com\\\/\",\"name\":\"AliadosPuebla\",\"description\":\"La informaci\u00f3n en tus manos\",\"potentialAction\":[{\"@type\":\"SearchAction\",\"target\":{\"@type\":\"EntryPoint\",\"urlTemplate\":\"https:\\\/\\\/www.aliadospuebla.com\\\/?s={search_term_string}\"},\"query-input\":{\"@type\":\"PropertyValueSpecification\",\"valueRequired\":true,\"valueName\":\"search_term_string\"}}],\"inLanguage\":\"es\"},{\"@type\":\"Person\",\"@id\":\"https:\\\/\\\/www.aliadospuebla.com\\\/#\\\/schema\\\/person\\\/5da7dd09320bd4f392b710017ed5f8ad\",\"name\":\"Aliados17\",\"image\":{\"@type\":\"ImageObject\",\"inLanguage\":\"es\",\"@id\":\"https:\\\/\\\/www.aliadospuebla.com\\\/web2017\\\/wp-content\\\/uploads\\\/2025\\\/03\\\/cropped-para-perfil-8-anos-1-96x96.jpg\",\"url\":\"https:\\\/\\\/www.aliadospuebla.com\\\/web2017\\\/wp-content\\\/uploads\\\/2025\\\/03\\\/cropped-para-perfil-8-anos-1-96x96.jpg\",\"contentUrl\":\"https:\\\/\\\/www.aliadospuebla.com\\\/web2017\\\/wp-content\\\/uploads\\\/2025\\\/03\\\/cropped-para-perfil-8-anos-1-96x96.jpg\",\"caption\":\"Aliados17\"},\"sameAs\":[\"https:\\\/\\\/www.aliados17.com\",\"https:\\\/\\\/www.facebook.com\\\/Aliados17Pue\",\"https:\\\/\\\/x.com\\\/AliadosPuebla\"],\"url\":\"https:\\\/\\\/www.aliadospuebla.com\\\/?author=2\"}]}<\/script>\n<!-- \/ Yoast SEO plugin. -->","yoast_head_json":{"title":"Realiza ASPEC mesa de trabajo para mejorar medidas de seguridad para los periodistas - AliadosPuebla","robots":{"index":"index","follow":"follow","max-snippet":"max-snippet:-1","max-image-preview":"max-image-preview:large","max-video-preview":"max-video-preview:-1"},"canonical":"https:\/\/www.aliadospuebla.com\/?p=98151","og_locale":"es_ES","og_type":"article","og_title":"Realiza ASPEC mesa de trabajo para mejorar medidas de seguridad para los periodistas - AliadosPuebla","og_description":"Propone la ASPEC impulsar iniciativa en el legislativo poblano para endurecer sanciones a quien amenace o agreda a periodistas Tras realizar una mesa de di\u00e1logo con periodistas convocada por la Asociaci\u00f3n de Periodistas, Reporteros Gr\u00e1ficos y Comunicadores de Puebla (ASPEC), donde participaron integrantes de agrupaciones como la Red Puebla de Periodistas y la presidenta de la Asociaci\u00f3n Mundial de Mujeres Periodistas y Escritoras cap\u00edtulo M\u00e9xico, se expusieron diferentes casos de agresiones, amenazas y hostigamiento en el \u00e1mbito de la comunicaci\u00f3n El presidente de la ASPEC, Valent\u00edn Paredes Hern\u00e1ndez dijo que seg\u00fan datos de la organizaci\u00f3n Art\u00edculo 19, en 2023 Puebla fue el tercer estado a nivel nacional con mayor n\u00famero de incidentesa violencia contra la prensa, con 39 casos, solo por debajo de Ciudad de&hellip;Leer m\u00e1s...","og_url":"https:\/\/www.aliadospuebla.com\/?p=98151","og_site_name":"AliadosPuebla","article_author":"https:\/\/www.facebook.com\/Aliados17Pue","article_published_time":"2024-11-15T03:46:25+00:00","og_image":[{"width":600,"height":450,"url":"https:\/\/www.aliadospuebla.com\/web2017\/wp-content\/uploads\/2024\/11\/1453.jpg","type":"image\/jpeg"}],"author":"Aliados17","twitter_card":"summary_large_image","twitter_creator":"@AliadosPuebla","twitter_misc":{"Escrito por":"Aliados17","Tiempo de lectura":"2 minutos"},"schema":{"@context":"https:\/\/schema.org","@graph":[{"@type":"Article","@id":"https:\/\/www.aliadospuebla.com\/?p=98151#article","isPartOf":{"@id":"https:\/\/www.aliadospuebla.com\/?p=98151"},"author":{"name":"Aliados17","@id":"https:\/\/www.aliadospuebla.com\/#\/schema\/person\/5da7dd09320bd4f392b710017ed5f8ad"},"headline":"Realiza ASPEC mesa de trabajo para mejorar medidas de seguridad para los periodistas","datePublished":"2024-11-15T03:46:25+00:00","mainEntityOfPage":{"@id":"https:\/\/www.aliadospuebla.com\/?p=98151"},"wordCount":313,"commentCount":0,"image":{"@id":"https:\/\/www.aliadospuebla.com\/?p=98151#primaryimage"},"thumbnailUrl":"https:\/\/www.aliadospuebla.com\/web2017\/wp-content\/uploads\/2024\/11\/1453.jpg","keywords":["AGRESIONES","amenazas","ASPEC","LIBERTAD DE EXPRESI\u00d3N","MEDIDAS DE SEGURIDAD","Mesa de trabajo","PERIODISTAS","VALENT\u00cdN PAREDES HERN\u00c1NDEZ"],"articleSection":["Capital"],"inLanguage":"es","potentialAction":[{"@type":"CommentAction","name":"Comment","target":["https:\/\/www.aliadospuebla.com\/?p=98151#respond"]}]},{"@type":"WebPage","@id":"https:\/\/www.aliadospuebla.com\/?p=98151","url":"https:\/\/www.aliadospuebla.com\/?p=98151","name":"Realiza ASPEC mesa de trabajo para mejorar medidas de seguridad para los periodistas - AliadosPuebla","isPartOf":{"@id":"https:\/\/www.aliadospuebla.com\/#website"},"primaryImageOfPage":{"@id":"https:\/\/www.aliadospuebla.com\/?p=98151#primaryimage"},"image":{"@id":"https:\/\/www.aliadospuebla.com\/?p=98151#primaryimage"},"thumbnailUrl":"https:\/\/www.aliadospuebla.com\/web2017\/wp-content\/uploads\/2024\/11\/1453.jpg","datePublished":"2024-11-15T03:46:25+00:00","author":{"@id":"https:\/\/www.aliadospuebla.com\/#\/schema\/person\/5da7dd09320bd4f392b710017ed5f8ad"},"breadcrumb":{"@id":"https:\/\/www.aliadospuebla.com\/?p=98151#breadcrumb"},"inLanguage":"es","potentialAction":[{"@type":"ReadAction","target":["https:\/\/www.aliadospuebla.com\/?p=98151"]}]},{"@type":"ImageObject","inLanguage":"es","@id":"https:\/\/www.aliadospuebla.com\/?p=98151#primaryimage","url":"https:\/\/www.aliadospuebla.com\/web2017\/wp-content\/uploads\/2024\/11\/1453.jpg","contentUrl":"https:\/\/www.aliadospuebla.com\/web2017\/wp-content\/uploads\/2024\/11\/1453.jpg","width":600,"height":450},{"@type":"BreadcrumbList","@id":"https:\/\/www.aliadospuebla.com\/?p=98151#breadcrumb","itemListElement":[{"@type":"ListItem","position":1,"name":"Portada","item":"https:\/\/www.aliadospuebla.com\/"},{"@type":"ListItem","position":2,"name":"Realiza ASPEC mesa de trabajo para mejorar medidas de seguridad para los periodistas"}]},{"@type":"WebSite","@id":"https:\/\/www.aliadospuebla.com\/#website","url":"https:\/\/www.aliadospuebla.com\/","name":"AliadosPuebla","description":"La informaci\u00f3n en tus manos","potentialAction":[{"@type":"SearchAction","target":{"@type":"EntryPoint","urlTemplate":"https:\/\/www.aliadospuebla.com\/?s={search_term_string}"},"query-input":{"@type":"PropertyValueSpecification","valueRequired":true,"valueName":"search_term_string"}}],"inLanguage":"es"},{"@type":"Person","@id":"https:\/\/www.aliadospuebla.com\/#\/schema\/person\/5da7dd09320bd4f392b710017ed5f8ad","name":"Aliados17","image":{"@type":"ImageObject","inLanguage":"es","@id":"https:\/\/www.aliadospuebla.com\/web2017\/wp-content\/uploads\/2025\/03\/cropped-para-perfil-8-anos-1-96x96.jpg","url":"https:\/\/www.aliadospuebla.com\/web2017\/wp-content\/uploads\/2025\/03\/cropped-para-perfil-8-anos-1-96x96.jpg","contentUrl":"https:\/\/www.aliadospuebla.com\/web2017\/wp-content\/uploads\/2025\/03\/cropped-para-perfil-8-anos-1-96x96.jpg","caption":"Aliados17"},"sameAs":["https:\/\/www.aliados17.com","https:\/\/www.facebook.com\/Aliados17Pue","https:\/\/x.com\/AliadosPuebla"],"url":"https:\/\/www.aliadospuebla.com\/?author=2"}]}},"views":9,"_links":{"self":[{"href":"https:\/\/www.aliadospuebla.com\/index.php?rest_route=\/wp\/v2\/posts\/98151","targetHints":{"allow":["GET"]}}],"collection":[{"href":"https:\/\/www.aliadospuebla.com\/index.php?rest_route=\/wp\/v2\/posts"}],"about":[{"href":"https:\/\/www.aliadospuebla.com\/index.php?rest_route=\/wp\/v2\/types\/post"}],"author":[{"embeddable":true,"href":"https:\/\/www.aliadospuebla.com\/index.php?rest_route=\/wp\/v2\/users\/2"}],"replies":[{"embeddable":true,"href":"https:\/\/www.aliadospuebla.com\/index.php?rest_route=%2Fwp%2Fv2%2Fcomments&post=98151"}],"version-history":[{"count":1,"href":"https:\/\/www.aliadospuebla.com\/index.php?rest_route=\/wp\/v2\/posts\/98151\/revisions"}],"predecessor-version":[{"id":98153,"href":"https:\/\/www.aliadospuebla.com\/index.php?rest_route=\/wp\/v2\/posts\/98151\/revisions\/98153"}],"wp:featuredmedia":[{"embeddable":true,"href":"https:\/\/www.aliadospuebla.com\/index.php?rest_route=\/wp\/v2\/media\/98152"}],"wp:attachment":[{"href":"https:\/\/www.aliadospuebla.com\/index.php?rest_route=%2Fwp%2Fv2%2Fmedia&parent=98151"}],"wp:term":[{"taxonomy":"category","embeddable":true,"href":"https:\/\/www.aliadospuebla.com\/index.php?rest_route=%2Fwp%2Fv2%2Fcategories&post=98151"},{"taxonomy":"post_tag","embeddable":true,"href":"https:\/\/www.aliadospuebla.com\/index.php?rest_route=%2Fwp%2Fv2%2Ftags&post=98151"}],"curies":[{"name":"wp","href":"https:\/\/api.w.org\/{rel}","templated":true}]}}