{"id":98006,"date":"2024-11-11T15:31:04","date_gmt":"2024-11-11T21:31:04","guid":{"rendered":"https:\/\/www.aliados17.com\/?p=98006"},"modified":"2024-11-11T15:31:04","modified_gmt":"2024-11-11T21:31:04","slug":"en-cabecera-de-coronango-concluyen-con-exito-los-foros-de-consulta-ciudadana","status":"publish","type":"post","link":"https:\/\/www.aliadospuebla.com\/?p=98006","title":{"rendered":"En cabecera de Coronango, concluyen con \u00e9xito los Foros de Consulta Ciudadana"},"content":{"rendered":"<h4>Cumplimos la promesa de campa\u00f1a de regresar para escuchar las peticiones y propuestas de la gente en beneficio del municipio, asever\u00f3 el presidente de Coronango, Armando Aguirre Amaro, tras encabezar el Foro de Consulta Ciudadana en el z\u00f3calo de la cabecera.<\/h4>\n<p>Acompa\u00f1ado por regidoras, regidores y colaboradores, el edil mencion\u00f3 que la confianza de las ciudadanas y ciudadanos en su gobierno, contribuir\u00e1 al progreso de Coronango.<\/p>\n<p>\u00abAqu\u00ed estamos y vamos a escucharlos. Vamos analizar cada una de las propuestas que recibimos en las juntas auxiliares, cabecera y Misiones de San Francisco y de lo que resulte a trav\u00e9s de la Direcci\u00f3n de Planeaci\u00f3n vamos a realizar el proyecto para generar el Plan Municipal de Desarrollo para Coronango, que sin duda va a llevar impreso lo que cada ciudadana y ciudadano nos fueron indicando y nos ordenan\u00bb.<\/p>\n<p>Para eso -agreg\u00f3-, estamos aqu\u00ed, porque ustedes nos eligieron y el \u00fanico compromiso que tenemos es con ustedes.<\/p>\n<p>Cabe mencionar que durante cinco d\u00edas el presidente Armando Aguirre acudi\u00f3 a las juntas auxiliares de Zoquiapan, Mihuacan, Ocotl\u00e1n, adem\u00e1s de Misiones de San Francisco y la cabecera municipal, donde las y los participantes dieron su opini\u00f3n de manera oral y escrita.<\/p>\n","protected":false},"excerpt":{"rendered":"<p>Cumplimos la promesa de campa\u00f1a de regresar para escuchar las peticiones y propuestas de la gente en beneficio del municipio, asever\u00f3 el presidente de Coronango, Armando Aguirre Amaro, tras encabezar el Foro de Consulta Ciudadana en el z\u00f3calo de la cabecera. Acompa\u00f1ado por regidoras, regidores y colaboradores, el edil mencion\u00f3 que la confianza de las ciudadanas y ciudadanos en su gobierno, contribuir\u00e1 al progreso de Coronango. \u00abAqu\u00ed estamos y vamos a escucharlos. Vamos analizar cada una de las propuestas que recibimos en las juntas auxiliares, cabecera y Misiones de San Francisco y de lo que resulte a trav\u00e9s de la Direcci\u00f3n de Planeaci\u00f3n vamos a realizar el proyecto para generar el Plan Municipal de Desarrollo para Coronango, que sin duda va a llevar impreso lo&hellip;<\/p>\n<p class=\"excerpt-more\"><a class=\"blog-excerpt button\" href=\"https:\/\/www.aliadospuebla.com\/?p=98006\">Leer m\u00e1s&#8230;<\/a><\/p>\n","protected":false},"author":2,"featured_media":98007,"comment_status":"open","ping_status":"open","sticky":false,"template":"","format":"standard","meta":{"_monsterinsights_skip_tracking":false,"footnotes":""},"categories":[4],"tags":[24601,253,25335,25255,1181,7898,7926,9434],"class_list":["post-98006","post","type-post","status-publish","format-standard","has-post-thumbnail","hentry","category-municipios","tag-armando-aguirre-amaro","tag-coronango","tag-direccion-de-planeacion","tag-foros-de-consulta-ciudadana","tag-mihuacan","tag-misiones-de-san-francisco","tag-ocotlan","tag-zoquiapan"],"yoast_head":"<!-- This site is optimized with the Yoast SEO plugin v28.4 - https:\/\/yoast.com\/product\/yoast-seo-wordpress\/ -->\n<title>En cabecera de Coronango, concluyen con \u00e9xito los Foros de Consulta Ciudadana - AliadosPuebla<\/title>\n<meta name=\"robots\" content=\"index, follow, max-snippet:-1, max-image-preview:large, max-video-preview:-1\" \/>\n<link rel=\"canonical\" href=\"https:\/\/www.aliadospuebla.com\/?p=98006\" \/>\n<meta property=\"og:locale\" content=\"es_ES\" \/>\n<meta property=\"og:type\" content=\"article\" \/>\n<meta property=\"og:title\" content=\"En cabecera de Coronango, concluyen con \u00e9xito los Foros de Consulta Ciudadana - AliadosPuebla\" \/>\n<meta property=\"og:description\" content=\"Cumplimos la promesa de campa\u00f1a de regresar para escuchar las peticiones y propuestas de la gente en beneficio del municipio, asever\u00f3 el presidente de Coronango, Armando Aguirre Amaro, tras encabezar el Foro de Consulta Ciudadana en el z\u00f3calo de la cabecera. Acompa\u00f1ado por regidoras, regidores y colaboradores, el edil mencion\u00f3 que la confianza de las ciudadanas y ciudadanos en su gobierno, contribuir\u00e1 al progreso de Coronango. \u00abAqu\u00ed estamos y vamos a escucharlos. Vamos analizar cada una de las propuestas que recibimos en las juntas auxiliares, cabecera y Misiones de San Francisco y de lo que resulte a trav\u00e9s de la Direcci\u00f3n de Planeaci\u00f3n vamos a realizar el proyecto para generar el Plan Municipal de Desarrollo para Coronango, que sin duda va a llevar impreso lo&hellip;Leer m\u00e1s...\" \/>\n<meta property=\"og:url\" content=\"https:\/\/www.aliadospuebla.com\/?p=98006\" \/>\n<meta property=\"og:site_name\" content=\"AliadosPuebla\" \/>\n<meta property=\"article:author\" content=\"https:\/\/www.facebook.com\/Aliados17Pue\" \/>\n<meta property=\"article:published_time\" content=\"2024-11-11T21:31:04+00:00\" \/>\n<meta property=\"og:image\" content=\"https:\/\/www.aliadospuebla.com\/web2017\/wp-content\/uploads\/2024\/11\/1407.jpg\" \/>\n\t<meta property=\"og:image:width\" content=\"600\" \/>\n\t<meta property=\"og:image:height\" content=\"450\" \/>\n\t<meta property=\"og:image:type\" content=\"image\/jpeg\" \/>\n<meta name=\"author\" content=\"Aliados17\" \/>\n<meta name=\"twitter:card\" content=\"summary_large_image\" \/>\n<meta name=\"twitter:creator\" content=\"@AliadosPuebla\" \/>\n<meta name=\"twitter:label1\" content=\"Escrito por\" \/>\n\t<meta name=\"twitter:data1\" content=\"Aliados17\" \/>\n\t<meta name=\"twitter:label2\" content=\"Tiempo de lectura\" \/>\n\t<meta name=\"twitter:data2\" content=\"2 minutos\" \/>\n<script type=\"application\/ld+json\" class=\"yoast-schema-graph\">{\"@context\":\"https:\\\/\\\/schema.org\",\"@graph\":[{\"@type\":\"Article\",\"@id\":\"https:\\\/\\\/www.aliadospuebla.com\\\/?p=98006#article\",\"isPartOf\":{\"@id\":\"https:\\\/\\\/www.aliadospuebla.com\\\/?p=98006\"},\"author\":{\"name\":\"Aliados17\",\"@id\":\"https:\\\/\\\/www.aliadospuebla.com\\\/#\\\/schema\\\/person\\\/5da7dd09320bd4f392b710017ed5f8ad\"},\"headline\":\"En cabecera de Coronango, concluyen con \u00e9xito los Foros de Consulta Ciudadana\",\"datePublished\":\"2024-11-11T21:31:04+00:00\",\"mainEntityOfPage\":{\"@id\":\"https:\\\/\\\/www.aliadospuebla.com\\\/?p=98006\"},\"wordCount\":219,\"commentCount\":0,\"image\":{\"@id\":\"https:\\\/\\\/www.aliadospuebla.com\\\/?p=98006#primaryimage\"},\"thumbnailUrl\":\"https:\\\/\\\/www.aliadospuebla.com\\\/web2017\\\/wp-content\\\/uploads\\\/2024\\\/11\\\/1407.jpg\",\"keywords\":[\"Armando Aguirre Amaro\",\"Coronango\",\"Direcci\u00f3n de Planeaci\u00f3n\",\"Foros de Consulta Ciudadana\",\"MIHUAC\u00c1N\",\"MISIONES DE SAN FRANCISCO\",\"OCOTL\u00c1N\",\"Zoquiapan\"],\"articleSection\":[\"Municipios\"],\"inLanguage\":\"es\",\"potentialAction\":[{\"@type\":\"CommentAction\",\"name\":\"Comment\",\"target\":[\"https:\\\/\\\/www.aliadospuebla.com\\\/?p=98006#respond\"]}]},{\"@type\":\"WebPage\",\"@id\":\"https:\\\/\\\/www.aliadospuebla.com\\\/?p=98006\",\"url\":\"https:\\\/\\\/www.aliadospuebla.com\\\/?p=98006\",\"name\":\"En cabecera de Coronango, concluyen con \u00e9xito los Foros de Consulta Ciudadana - AliadosPuebla\",\"isPartOf\":{\"@id\":\"https:\\\/\\\/www.aliadospuebla.com\\\/#website\"},\"primaryImageOfPage\":{\"@id\":\"https:\\\/\\\/www.aliadospuebla.com\\\/?p=98006#primaryimage\"},\"image\":{\"@id\":\"https:\\\/\\\/www.aliadospuebla.com\\\/?p=98006#primaryimage\"},\"thumbnailUrl\":\"https:\\\/\\\/www.aliadospuebla.com\\\/web2017\\\/wp-content\\\/uploads\\\/2024\\\/11\\\/1407.jpg\",\"datePublished\":\"2024-11-11T21:31:04+00:00\",\"author\":{\"@id\":\"https:\\\/\\\/www.aliadospuebla.com\\\/#\\\/schema\\\/person\\\/5da7dd09320bd4f392b710017ed5f8ad\"},\"breadcrumb\":{\"@id\":\"https:\\\/\\\/www.aliadospuebla.com\\\/?p=98006#breadcrumb\"},\"inLanguage\":\"es\",\"potentialAction\":[{\"@type\":\"ReadAction\",\"target\":[\"https:\\\/\\\/www.aliadospuebla.com\\\/?p=98006\"]}]},{\"@type\":\"ImageObject\",\"inLanguage\":\"es\",\"@id\":\"https:\\\/\\\/www.aliadospuebla.com\\\/?p=98006#primaryimage\",\"url\":\"https:\\\/\\\/www.aliadospuebla.com\\\/web2017\\\/wp-content\\\/uploads\\\/2024\\\/11\\\/1407.jpg\",\"contentUrl\":\"https:\\\/\\\/www.aliadospuebla.com\\\/web2017\\\/wp-content\\\/uploads\\\/2024\\\/11\\\/1407.jpg\",\"width\":600,\"height\":450},{\"@type\":\"BreadcrumbList\",\"@id\":\"https:\\\/\\\/www.aliadospuebla.com\\\/?p=98006#breadcrumb\",\"itemListElement\":[{\"@type\":\"ListItem\",\"position\":1,\"name\":\"Portada\",\"item\":\"https:\\\/\\\/www.aliadospuebla.com\\\/\"},{\"@type\":\"ListItem\",\"position\":2,\"name\":\"En cabecera de Coronango, concluyen con \u00e9xito los Foros de Consulta Ciudadana\"}]},{\"@type\":\"WebSite\",\"@id\":\"https:\\\/\\\/www.aliadospuebla.com\\\/#website\",\"url\":\"https:\\\/\\\/www.aliadospuebla.com\\\/\",\"name\":\"AliadosPuebla\",\"description\":\"La informaci\u00f3n en tus manos\",\"potentialAction\":[{\"@type\":\"SearchAction\",\"target\":{\"@type\":\"EntryPoint\",\"urlTemplate\":\"https:\\\/\\\/www.aliadospuebla.com\\\/?s={search_term_string}\"},\"query-input\":{\"@type\":\"PropertyValueSpecification\",\"valueRequired\":true,\"valueName\":\"search_term_string\"}}],\"inLanguage\":\"es\"},{\"@type\":\"Person\",\"@id\":\"https:\\\/\\\/www.aliadospuebla.com\\\/#\\\/schema\\\/person\\\/5da7dd09320bd4f392b710017ed5f8ad\",\"name\":\"Aliados17\",\"image\":{\"@type\":\"ImageObject\",\"inLanguage\":\"es\",\"@id\":\"https:\\\/\\\/www.aliadospuebla.com\\\/web2017\\\/wp-content\\\/uploads\\\/2025\\\/03\\\/cropped-para-perfil-8-anos-1-96x96.jpg\",\"url\":\"https:\\\/\\\/www.aliadospuebla.com\\\/web2017\\\/wp-content\\\/uploads\\\/2025\\\/03\\\/cropped-para-perfil-8-anos-1-96x96.jpg\",\"contentUrl\":\"https:\\\/\\\/www.aliadospuebla.com\\\/web2017\\\/wp-content\\\/uploads\\\/2025\\\/03\\\/cropped-para-perfil-8-anos-1-96x96.jpg\",\"caption\":\"Aliados17\"},\"sameAs\":[\"https:\\\/\\\/www.aliados17.com\",\"https:\\\/\\\/www.facebook.com\\\/Aliados17Pue\",\"https:\\\/\\\/x.com\\\/AliadosPuebla\"],\"url\":\"https:\\\/\\\/www.aliadospuebla.com\\\/?author=2\"}]}<\/script>\n<!-- \/ Yoast SEO plugin. -->","yoast_head_json":{"title":"En cabecera de Coronango, concluyen con \u00e9xito los Foros de Consulta Ciudadana - AliadosPuebla","robots":{"index":"index","follow":"follow","max-snippet":"max-snippet:-1","max-image-preview":"max-image-preview:large","max-video-preview":"max-video-preview:-1"},"canonical":"https:\/\/www.aliadospuebla.com\/?p=98006","og_locale":"es_ES","og_type":"article","og_title":"En cabecera de Coronango, concluyen con \u00e9xito los Foros de Consulta Ciudadana - AliadosPuebla","og_description":"Cumplimos la promesa de campa\u00f1a de regresar para escuchar las peticiones y propuestas de la gente en beneficio del municipio, asever\u00f3 el presidente de Coronango, Armando Aguirre Amaro, tras encabezar el Foro de Consulta Ciudadana en el z\u00f3calo de la cabecera. Acompa\u00f1ado por regidoras, regidores y colaboradores, el edil mencion\u00f3 que la confianza de las ciudadanas y ciudadanos en su gobierno, contribuir\u00e1 al progreso de Coronango. \u00abAqu\u00ed estamos y vamos a escucharlos. Vamos analizar cada una de las propuestas que recibimos en las juntas auxiliares, cabecera y Misiones de San Francisco y de lo que resulte a trav\u00e9s de la Direcci\u00f3n de Planeaci\u00f3n vamos a realizar el proyecto para generar el Plan Municipal de Desarrollo para Coronango, que sin duda va a llevar impreso lo&hellip;Leer m\u00e1s...","og_url":"https:\/\/www.aliadospuebla.com\/?p=98006","og_site_name":"AliadosPuebla","article_author":"https:\/\/www.facebook.com\/Aliados17Pue","article_published_time":"2024-11-11T21:31:04+00:00","og_image":[{"width":600,"height":450,"url":"https:\/\/www.aliadospuebla.com\/web2017\/wp-content\/uploads\/2024\/11\/1407.jpg","type":"image\/jpeg"}],"author":"Aliados17","twitter_card":"summary_large_image","twitter_creator":"@AliadosPuebla","twitter_misc":{"Escrito por":"Aliados17","Tiempo de lectura":"2 minutos"},"schema":{"@context":"https:\/\/schema.org","@graph":[{"@type":"Article","@id":"https:\/\/www.aliadospuebla.com\/?p=98006#article","isPartOf":{"@id":"https:\/\/www.aliadospuebla.com\/?p=98006"},"author":{"name":"Aliados17","@id":"https:\/\/www.aliadospuebla.com\/#\/schema\/person\/5da7dd09320bd4f392b710017ed5f8ad"},"headline":"En cabecera de Coronango, concluyen con \u00e9xito los Foros de Consulta Ciudadana","datePublished":"2024-11-11T21:31:04+00:00","mainEntityOfPage":{"@id":"https:\/\/www.aliadospuebla.com\/?p=98006"},"wordCount":219,"commentCount":0,"image":{"@id":"https:\/\/www.aliadospuebla.com\/?p=98006#primaryimage"},"thumbnailUrl":"https:\/\/www.aliadospuebla.com\/web2017\/wp-content\/uploads\/2024\/11\/1407.jpg","keywords":["Armando Aguirre Amaro","Coronango","Direcci\u00f3n de Planeaci\u00f3n","Foros de Consulta Ciudadana","MIHUAC\u00c1N","MISIONES DE SAN FRANCISCO","OCOTL\u00c1N","Zoquiapan"],"articleSection":["Municipios"],"inLanguage":"es","potentialAction":[{"@type":"CommentAction","name":"Comment","target":["https:\/\/www.aliadospuebla.com\/?p=98006#respond"]}]},{"@type":"WebPage","@id":"https:\/\/www.aliadospuebla.com\/?p=98006","url":"https:\/\/www.aliadospuebla.com\/?p=98006","name":"En cabecera de Coronango, concluyen con \u00e9xito los Foros de Consulta Ciudadana - AliadosPuebla","isPartOf":{"@id":"https:\/\/www.aliadospuebla.com\/#website"},"primaryImageOfPage":{"@id":"https:\/\/www.aliadospuebla.com\/?p=98006#primaryimage"},"image":{"@id":"https:\/\/www.aliadospuebla.com\/?p=98006#primaryimage"},"thumbnailUrl":"https:\/\/www.aliadospuebla.com\/web2017\/wp-content\/uploads\/2024\/11\/1407.jpg","datePublished":"2024-11-11T21:31:04+00:00","author":{"@id":"https:\/\/www.aliadospuebla.com\/#\/schema\/person\/5da7dd09320bd4f392b710017ed5f8ad"},"breadcrumb":{"@id":"https:\/\/www.aliadospuebla.com\/?p=98006#breadcrumb"},"inLanguage":"es","potentialAction":[{"@type":"ReadAction","target":["https:\/\/www.aliadospuebla.com\/?p=98006"]}]},{"@type":"ImageObject","inLanguage":"es","@id":"https:\/\/www.aliadospuebla.com\/?p=98006#primaryimage","url":"https:\/\/www.aliadospuebla.com\/web2017\/wp-content\/uploads\/2024\/11\/1407.jpg","contentUrl":"https:\/\/www.aliadospuebla.com\/web2017\/wp-content\/uploads\/2024\/11\/1407.jpg","width":600,"height":450},{"@type":"BreadcrumbList","@id":"https:\/\/www.aliadospuebla.com\/?p=98006#breadcrumb","itemListElement":[{"@type":"ListItem","position":1,"name":"Portada","item":"https:\/\/www.aliadospuebla.com\/"},{"@type":"ListItem","position":2,"name":"En cabecera de Coronango, concluyen con \u00e9xito los Foros de Consulta Ciudadana"}]},{"@type":"WebSite","@id":"https:\/\/www.aliadospuebla.com\/#website","url":"https:\/\/www.aliadospuebla.com\/","name":"AliadosPuebla","description":"La informaci\u00f3n en tus manos","potentialAction":[{"@type":"SearchAction","target":{"@type":"EntryPoint","urlTemplate":"https:\/\/www.aliadospuebla.com\/?s={search_term_string}"},"query-input":{"@type":"PropertyValueSpecification","valueRequired":true,"valueName":"search_term_string"}}],"inLanguage":"es"},{"@type":"Person","@id":"https:\/\/www.aliadospuebla.com\/#\/schema\/person\/5da7dd09320bd4f392b710017ed5f8ad","name":"Aliados17","image":{"@type":"ImageObject","inLanguage":"es","@id":"https:\/\/www.aliadospuebla.com\/web2017\/wp-content\/uploads\/2025\/03\/cropped-para-perfil-8-anos-1-96x96.jpg","url":"https:\/\/www.aliadospuebla.com\/web2017\/wp-content\/uploads\/2025\/03\/cropped-para-perfil-8-anos-1-96x96.jpg","contentUrl":"https:\/\/www.aliadospuebla.com\/web2017\/wp-content\/uploads\/2025\/03\/cropped-para-perfil-8-anos-1-96x96.jpg","caption":"Aliados17"},"sameAs":["https:\/\/www.aliados17.com","https:\/\/www.facebook.com\/Aliados17Pue","https:\/\/x.com\/AliadosPuebla"],"url":"https:\/\/www.aliadospuebla.com\/?author=2"}]}},"views":9,"_links":{"self":[{"href":"https:\/\/www.aliadospuebla.com\/index.php?rest_route=\/wp\/v2\/posts\/98006","targetHints":{"allow":["GET"]}}],"collection":[{"href":"https:\/\/www.aliadospuebla.com\/index.php?rest_route=\/wp\/v2\/posts"}],"about":[{"href":"https:\/\/www.aliadospuebla.com\/index.php?rest_route=\/wp\/v2\/types\/post"}],"author":[{"embeddable":true,"href":"https:\/\/www.aliadospuebla.com\/index.php?rest_route=\/wp\/v2\/users\/2"}],"replies":[{"embeddable":true,"href":"https:\/\/www.aliadospuebla.com\/index.php?rest_route=%2Fwp%2Fv2%2Fcomments&post=98006"}],"version-history":[{"count":1,"href":"https:\/\/www.aliadospuebla.com\/index.php?rest_route=\/wp\/v2\/posts\/98006\/revisions"}],"predecessor-version":[{"id":98008,"href":"https:\/\/www.aliadospuebla.com\/index.php?rest_route=\/wp\/v2\/posts\/98006\/revisions\/98008"}],"wp:featuredmedia":[{"embeddable":true,"href":"https:\/\/www.aliadospuebla.com\/index.php?rest_route=\/wp\/v2\/media\/98007"}],"wp:attachment":[{"href":"https:\/\/www.aliadospuebla.com\/index.php?rest_route=%2Fwp%2Fv2%2Fmedia&parent=98006"}],"wp:term":[{"taxonomy":"category","embeddable":true,"href":"https:\/\/www.aliadospuebla.com\/index.php?rest_route=%2Fwp%2Fv2%2Fcategories&post=98006"},{"taxonomy":"post_tag","embeddable":true,"href":"https:\/\/www.aliadospuebla.com\/index.php?rest_route=%2Fwp%2Fv2%2Ftags&post=98006"}],"curies":[{"name":"wp","href":"https:\/\/api.w.org\/{rel}","templated":true}]}}