{"id":97942,"date":"2024-11-08T15:11:38","date_gmt":"2024-11-08T21:11:38","guid":{"rendered":"https:\/\/www.aliados17.com\/?p=97942"},"modified":"2024-11-08T15:11:38","modified_gmt":"2024-11-08T21:11:38","slug":"preside-omar-munoz-primera-mesa-de-seguridad-en-cuautlancingo","status":"publish","type":"post","link":"https:\/\/www.aliadospuebla.com\/?p=97942","title":{"rendered":"PRESIDE OMAR MU\u00d1OZ PRIMERA MESA DE SEGURIDAD EN CUAUTLANCINGO\u00a0"},"content":{"rendered":"<h4>Se reunieron los titulares de las Secretar\u00edas de Seguridad P\u00fablica de los municipios de Cuautlancingo, Coronango, Amozoc, San Andr\u00e9s y San Pedro Cholula<\/h4>\n<p>*El objetivo es fortalecer el trabajo en conjunto para reforzar las estrategias<\/p>\n<p>contra la delincuencia<\/p>\n<p>CUAUTLANCINGO, PUE. Omar Mu\u00f1oz Alfaro, alcalde de Cuautlancingo, presidi\u00f3 la primera Mesa de Coordinaci\u00f3n Regional para la Construcci\u00f3n de la Paz y la Seguridad<\/p>\n<p>llevada a cabo en el municipio y en la<\/p>\n<p>que participaron los titulares de las Secretar\u00edas de Seguridad P\u00fablica de Cuautlancingo, Amozoc, San Pedro<\/p>\n<p>y San Andr\u00e9s Cholula.<\/p>\n<p>Desde el Centro Integral de Servicios (CIS), expres\u00f3 que el objetivo es fortalecer el trabajo en conjunto entre las dependencias de los municipios de la zona conurbada<\/p>\n<p>en beneficio de la paz y el bienestar<\/p>\n<p>de los cuautlancintlas.<\/p>\n<p>\u201cNos alegra mucho ser sede porque<\/p>\n<p>con estas reuniones se da garant\u00eda<\/p>\n<p>de que mi gobierno est\u00e1 a favor de la seguridad y se nos permite forjar<\/p>\n<p>un v\u00ednculo entre las secretar\u00edas<\/p>\n<p>para reforzar las acciones contra la delincuencia\u201d.<\/p>\n<p>\u201cCada uno de los elementos polic\u00edacos<\/p>\n<p>del municipio han puesto todo su esfuerzo para salvaguardar la integridad y la vida<\/p>\n<p>de los ciudadanos.<\/p>\n<p>Tal como ha expresado con firmeza nuestro gobernador electo Alejandro Armenta, la obra p\u00fablica m\u00e1s importante es la seguridad de los habitantes y nosotros vamos a hacer todo lo posible por salvaguardarla\u201d, finaliz\u00f3.<\/p>\n<p>&nbsp;<\/p>\n<p>&nbsp;<\/p>\n<p>&nbsp;<\/p>\n<p>&nbsp;<\/p>\n<p>&nbsp;<\/p>\n<p>&nbsp;<\/p>\n<p>&nbsp;<\/p>\n<p>&nbsp;<\/p>\n","protected":false},"excerpt":{"rendered":"<p>Se reunieron los titulares de las Secretar\u00edas de Seguridad P\u00fablica de los municipios de Cuautlancingo, Coronango, Amozoc, San Andr\u00e9s y San Pedro Cholula *El objetivo es fortalecer el trabajo en conjunto para reforzar las estrategias contra la delincuencia CUAUTLANCINGO, PUE. Omar Mu\u00f1oz Alfaro, alcalde de Cuautlancingo, presidi\u00f3 la primera Mesa de Coordinaci\u00f3n Regional para la Construcci\u00f3n de la Paz y la Seguridad llevada a cabo en el municipio y en la que participaron los titulares de las Secretar\u00edas de Seguridad P\u00fablica de Cuautlancingo, Amozoc, San Pedro y San Andr\u00e9s Cholula. Desde el Centro Integral de Servicios (CIS), expres\u00f3 que el objetivo es fortalecer el trabajo en conjunto entre las dependencias de los municipios de la zona conurbada en beneficio de la paz y el bienestar&hellip;<\/p>\n<p class=\"excerpt-more\"><a class=\"blog-excerpt button\" href=\"https:\/\/www.aliadospuebla.com\/?p=97942\">Leer m\u00e1s&#8230;<\/a><\/p>\n","protected":false},"author":2,"featured_media":97943,"comment_status":"open","ping_status":"open","sticky":false,"template":"","format":"standard","meta":{"_monsterinsights_skip_tracking":false,"footnotes":""},"categories":[4],"tags":[18,25286,4834,23752],"class_list":["post-97942","post","type-post","status-publish","format-standard","has-post-thumbnail","hentry","category-municipios","tag-cuautlancingo","tag-estrategias-contra-la-delincuencia","tag-mesa-de-seguridad","tag-omar-munoz-alfaro"],"yoast_head":"<!-- This site is optimized with the Yoast SEO plugin v28.4 - https:\/\/yoast.com\/product\/yoast-seo-wordpress\/ -->\n<title>PRESIDE OMAR MU\u00d1OZ PRIMERA MESA DE SEGURIDAD EN CUAUTLANCINGO\u00a0 - AliadosPuebla<\/title>\n<meta name=\"robots\" content=\"index, follow, max-snippet:-1, max-image-preview:large, max-video-preview:-1\" \/>\n<link rel=\"canonical\" href=\"https:\/\/www.aliadospuebla.com\/?p=97942\" \/>\n<meta property=\"og:locale\" content=\"es_ES\" \/>\n<meta property=\"og:type\" content=\"article\" \/>\n<meta property=\"og:title\" content=\"PRESIDE OMAR MU\u00d1OZ PRIMERA MESA DE SEGURIDAD EN CUAUTLANCINGO\u00a0 - AliadosPuebla\" \/>\n<meta property=\"og:description\" content=\"Se reunieron los titulares de las Secretar\u00edas de Seguridad P\u00fablica de los municipios de Cuautlancingo, Coronango, Amozoc, San Andr\u00e9s y San Pedro Cholula *El objetivo es fortalecer el trabajo en conjunto para reforzar las estrategias contra la delincuencia CUAUTLANCINGO, PUE. Omar Mu\u00f1oz Alfaro, alcalde de Cuautlancingo, presidi\u00f3 la primera Mesa de Coordinaci\u00f3n Regional para la Construcci\u00f3n de la Paz y la Seguridad llevada a cabo en el municipio y en la que participaron los titulares de las Secretar\u00edas de Seguridad P\u00fablica de Cuautlancingo, Amozoc, San Pedro y San Andr\u00e9s Cholula. Desde el Centro Integral de Servicios (CIS), expres\u00f3 que el objetivo es fortalecer el trabajo en conjunto entre las dependencias de los municipios de la zona conurbada en beneficio de la paz y el bienestar&hellip;Leer m\u00e1s...\" \/>\n<meta property=\"og:url\" content=\"https:\/\/www.aliadospuebla.com\/?p=97942\" \/>\n<meta property=\"og:site_name\" content=\"AliadosPuebla\" \/>\n<meta property=\"article:author\" content=\"https:\/\/www.facebook.com\/Aliados17Pue\" \/>\n<meta property=\"article:published_time\" content=\"2024-11-08T21:11:38+00:00\" \/>\n<meta property=\"og:image\" content=\"https:\/\/www.aliadospuebla.com\/web2017\/wp-content\/uploads\/2024\/11\/PSX_20241108_150716.jpg\" \/>\n\t<meta property=\"og:image:width\" content=\"600\" \/>\n\t<meta property=\"og:image:height\" content=\"449\" \/>\n\t<meta property=\"og:image:type\" content=\"image\/jpeg\" \/>\n<meta name=\"author\" content=\"Aliados17\" \/>\n<meta name=\"twitter:card\" content=\"summary_large_image\" \/>\n<meta name=\"twitter:creator\" content=\"@AliadosPuebla\" \/>\n<meta name=\"twitter:label1\" content=\"Escrito por\" \/>\n\t<meta name=\"twitter:data1\" content=\"Aliados17\" \/>\n\t<meta name=\"twitter:label2\" content=\"Tiempo de lectura\" \/>\n\t<meta name=\"twitter:data2\" content=\"2 minutos\" \/>\n<script type=\"application\/ld+json\" class=\"yoast-schema-graph\">{\"@context\":\"https:\\\/\\\/schema.org\",\"@graph\":[{\"@type\":\"Article\",\"@id\":\"https:\\\/\\\/www.aliadospuebla.com\\\/?p=97942#article\",\"isPartOf\":{\"@id\":\"https:\\\/\\\/www.aliadospuebla.com\\\/?p=97942\"},\"author\":{\"name\":\"Aliados17\",\"@id\":\"https:\\\/\\\/www.aliadospuebla.com\\\/#\\\/schema\\\/person\\\/5da7dd09320bd4f392b710017ed5f8ad\"},\"headline\":\"PRESIDE OMAR MU\u00d1OZ PRIMERA MESA DE SEGURIDAD EN CUAUTLANCINGO\u00a0\",\"datePublished\":\"2024-11-08T21:11:38+00:00\",\"mainEntityOfPage\":{\"@id\":\"https:\\\/\\\/www.aliadospuebla.com\\\/?p=97942\"},\"wordCount\":256,\"commentCount\":0,\"image\":{\"@id\":\"https:\\\/\\\/www.aliadospuebla.com\\\/?p=97942#primaryimage\"},\"thumbnailUrl\":\"https:\\\/\\\/www.aliadospuebla.com\\\/web2017\\\/wp-content\\\/uploads\\\/2024\\\/11\\\/PSX_20241108_150716.jpg\",\"keywords\":[\"Cuautlancingo\",\"Estrategias contra la delincuencia\",\"MESA DE SEGURIDAD\",\"Omar Mu\u00f1oz Alfaro\"],\"articleSection\":[\"Municipios\"],\"inLanguage\":\"es\",\"potentialAction\":[{\"@type\":\"CommentAction\",\"name\":\"Comment\",\"target\":[\"https:\\\/\\\/www.aliadospuebla.com\\\/?p=97942#respond\"]}]},{\"@type\":\"WebPage\",\"@id\":\"https:\\\/\\\/www.aliadospuebla.com\\\/?p=97942\",\"url\":\"https:\\\/\\\/www.aliadospuebla.com\\\/?p=97942\",\"name\":\"PRESIDE OMAR MU\u00d1OZ PRIMERA MESA DE SEGURIDAD EN CUAUTLANCINGO\u00a0 - AliadosPuebla\",\"isPartOf\":{\"@id\":\"https:\\\/\\\/www.aliadospuebla.com\\\/#website\"},\"primaryImageOfPage\":{\"@id\":\"https:\\\/\\\/www.aliadospuebla.com\\\/?p=97942#primaryimage\"},\"image\":{\"@id\":\"https:\\\/\\\/www.aliadospuebla.com\\\/?p=97942#primaryimage\"},\"thumbnailUrl\":\"https:\\\/\\\/www.aliadospuebla.com\\\/web2017\\\/wp-content\\\/uploads\\\/2024\\\/11\\\/PSX_20241108_150716.jpg\",\"datePublished\":\"2024-11-08T21:11:38+00:00\",\"author\":{\"@id\":\"https:\\\/\\\/www.aliadospuebla.com\\\/#\\\/schema\\\/person\\\/5da7dd09320bd4f392b710017ed5f8ad\"},\"breadcrumb\":{\"@id\":\"https:\\\/\\\/www.aliadospuebla.com\\\/?p=97942#breadcrumb\"},\"inLanguage\":\"es\",\"potentialAction\":[{\"@type\":\"ReadAction\",\"target\":[\"https:\\\/\\\/www.aliadospuebla.com\\\/?p=97942\"]}]},{\"@type\":\"ImageObject\",\"inLanguage\":\"es\",\"@id\":\"https:\\\/\\\/www.aliadospuebla.com\\\/?p=97942#primaryimage\",\"url\":\"https:\\\/\\\/www.aliadospuebla.com\\\/web2017\\\/wp-content\\\/uploads\\\/2024\\\/11\\\/PSX_20241108_150716.jpg\",\"contentUrl\":\"https:\\\/\\\/www.aliadospuebla.com\\\/web2017\\\/wp-content\\\/uploads\\\/2024\\\/11\\\/PSX_20241108_150716.jpg\",\"width\":600,\"height\":449},{\"@type\":\"BreadcrumbList\",\"@id\":\"https:\\\/\\\/www.aliadospuebla.com\\\/?p=97942#breadcrumb\",\"itemListElement\":[{\"@type\":\"ListItem\",\"position\":1,\"name\":\"Portada\",\"item\":\"https:\\\/\\\/www.aliadospuebla.com\\\/\"},{\"@type\":\"ListItem\",\"position\":2,\"name\":\"PRESIDE OMAR MU\u00d1OZ PRIMERA MESA DE SEGURIDAD EN CUAUTLANCINGO\u00a0\"}]},{\"@type\":\"WebSite\",\"@id\":\"https:\\\/\\\/www.aliadospuebla.com\\\/#website\",\"url\":\"https:\\\/\\\/www.aliadospuebla.com\\\/\",\"name\":\"AliadosPuebla\",\"description\":\"La informaci\u00f3n en tus manos\",\"potentialAction\":[{\"@type\":\"SearchAction\",\"target\":{\"@type\":\"EntryPoint\",\"urlTemplate\":\"https:\\\/\\\/www.aliadospuebla.com\\\/?s={search_term_string}\"},\"query-input\":{\"@type\":\"PropertyValueSpecification\",\"valueRequired\":true,\"valueName\":\"search_term_string\"}}],\"inLanguage\":\"es\"},{\"@type\":\"Person\",\"@id\":\"https:\\\/\\\/www.aliadospuebla.com\\\/#\\\/schema\\\/person\\\/5da7dd09320bd4f392b710017ed5f8ad\",\"name\":\"Aliados17\",\"image\":{\"@type\":\"ImageObject\",\"inLanguage\":\"es\",\"@id\":\"https:\\\/\\\/www.aliadospuebla.com\\\/web2017\\\/wp-content\\\/uploads\\\/2025\\\/03\\\/cropped-para-perfil-8-anos-1-96x96.jpg\",\"url\":\"https:\\\/\\\/www.aliadospuebla.com\\\/web2017\\\/wp-content\\\/uploads\\\/2025\\\/03\\\/cropped-para-perfil-8-anos-1-96x96.jpg\",\"contentUrl\":\"https:\\\/\\\/www.aliadospuebla.com\\\/web2017\\\/wp-content\\\/uploads\\\/2025\\\/03\\\/cropped-para-perfil-8-anos-1-96x96.jpg\",\"caption\":\"Aliados17\"},\"sameAs\":[\"https:\\\/\\\/www.aliados17.com\",\"https:\\\/\\\/www.facebook.com\\\/Aliados17Pue\",\"https:\\\/\\\/x.com\\\/AliadosPuebla\"],\"url\":\"https:\\\/\\\/www.aliadospuebla.com\\\/?author=2\"}]}<\/script>\n<!-- \/ Yoast SEO plugin. -->","yoast_head_json":{"title":"PRESIDE OMAR MU\u00d1OZ PRIMERA MESA DE SEGURIDAD EN CUAUTLANCINGO\u00a0 - AliadosPuebla","robots":{"index":"index","follow":"follow","max-snippet":"max-snippet:-1","max-image-preview":"max-image-preview:large","max-video-preview":"max-video-preview:-1"},"canonical":"https:\/\/www.aliadospuebla.com\/?p=97942","og_locale":"es_ES","og_type":"article","og_title":"PRESIDE OMAR MU\u00d1OZ PRIMERA MESA DE SEGURIDAD EN CUAUTLANCINGO\u00a0 - AliadosPuebla","og_description":"Se reunieron los titulares de las Secretar\u00edas de Seguridad P\u00fablica de los municipios de Cuautlancingo, Coronango, Amozoc, San Andr\u00e9s y San Pedro Cholula *El objetivo es fortalecer el trabajo en conjunto para reforzar las estrategias contra la delincuencia CUAUTLANCINGO, PUE. Omar Mu\u00f1oz Alfaro, alcalde de Cuautlancingo, presidi\u00f3 la primera Mesa de Coordinaci\u00f3n Regional para la Construcci\u00f3n de la Paz y la Seguridad llevada a cabo en el municipio y en la que participaron los titulares de las Secretar\u00edas de Seguridad P\u00fablica de Cuautlancingo, Amozoc, San Pedro y San Andr\u00e9s Cholula. Desde el Centro Integral de Servicios (CIS), expres\u00f3 que el objetivo es fortalecer el trabajo en conjunto entre las dependencias de los municipios de la zona conurbada en beneficio de la paz y el bienestar&hellip;Leer m\u00e1s...","og_url":"https:\/\/www.aliadospuebla.com\/?p=97942","og_site_name":"AliadosPuebla","article_author":"https:\/\/www.facebook.com\/Aliados17Pue","article_published_time":"2024-11-08T21:11:38+00:00","og_image":[{"width":600,"height":449,"url":"https:\/\/www.aliadospuebla.com\/web2017\/wp-content\/uploads\/2024\/11\/PSX_20241108_150716.jpg","type":"image\/jpeg"}],"author":"Aliados17","twitter_card":"summary_large_image","twitter_creator":"@AliadosPuebla","twitter_misc":{"Escrito por":"Aliados17","Tiempo de lectura":"2 minutos"},"schema":{"@context":"https:\/\/schema.org","@graph":[{"@type":"Article","@id":"https:\/\/www.aliadospuebla.com\/?p=97942#article","isPartOf":{"@id":"https:\/\/www.aliadospuebla.com\/?p=97942"},"author":{"name":"Aliados17","@id":"https:\/\/www.aliadospuebla.com\/#\/schema\/person\/5da7dd09320bd4f392b710017ed5f8ad"},"headline":"PRESIDE OMAR MU\u00d1OZ PRIMERA MESA DE SEGURIDAD EN CUAUTLANCINGO\u00a0","datePublished":"2024-11-08T21:11:38+00:00","mainEntityOfPage":{"@id":"https:\/\/www.aliadospuebla.com\/?p=97942"},"wordCount":256,"commentCount":0,"image":{"@id":"https:\/\/www.aliadospuebla.com\/?p=97942#primaryimage"},"thumbnailUrl":"https:\/\/www.aliadospuebla.com\/web2017\/wp-content\/uploads\/2024\/11\/PSX_20241108_150716.jpg","keywords":["Cuautlancingo","Estrategias contra la delincuencia","MESA DE SEGURIDAD","Omar Mu\u00f1oz Alfaro"],"articleSection":["Municipios"],"inLanguage":"es","potentialAction":[{"@type":"CommentAction","name":"Comment","target":["https:\/\/www.aliadospuebla.com\/?p=97942#respond"]}]},{"@type":"WebPage","@id":"https:\/\/www.aliadospuebla.com\/?p=97942","url":"https:\/\/www.aliadospuebla.com\/?p=97942","name":"PRESIDE OMAR MU\u00d1OZ PRIMERA MESA DE SEGURIDAD EN CUAUTLANCINGO\u00a0 - AliadosPuebla","isPartOf":{"@id":"https:\/\/www.aliadospuebla.com\/#website"},"primaryImageOfPage":{"@id":"https:\/\/www.aliadospuebla.com\/?p=97942#primaryimage"},"image":{"@id":"https:\/\/www.aliadospuebla.com\/?p=97942#primaryimage"},"thumbnailUrl":"https:\/\/www.aliadospuebla.com\/web2017\/wp-content\/uploads\/2024\/11\/PSX_20241108_150716.jpg","datePublished":"2024-11-08T21:11:38+00:00","author":{"@id":"https:\/\/www.aliadospuebla.com\/#\/schema\/person\/5da7dd09320bd4f392b710017ed5f8ad"},"breadcrumb":{"@id":"https:\/\/www.aliadospuebla.com\/?p=97942#breadcrumb"},"inLanguage":"es","potentialAction":[{"@type":"ReadAction","target":["https:\/\/www.aliadospuebla.com\/?p=97942"]}]},{"@type":"ImageObject","inLanguage":"es","@id":"https:\/\/www.aliadospuebla.com\/?p=97942#primaryimage","url":"https:\/\/www.aliadospuebla.com\/web2017\/wp-content\/uploads\/2024\/11\/PSX_20241108_150716.jpg","contentUrl":"https:\/\/www.aliadospuebla.com\/web2017\/wp-content\/uploads\/2024\/11\/PSX_20241108_150716.jpg","width":600,"height":449},{"@type":"BreadcrumbList","@id":"https:\/\/www.aliadospuebla.com\/?p=97942#breadcrumb","itemListElement":[{"@type":"ListItem","position":1,"name":"Portada","item":"https:\/\/www.aliadospuebla.com\/"},{"@type":"ListItem","position":2,"name":"PRESIDE OMAR MU\u00d1OZ PRIMERA MESA DE SEGURIDAD EN CUAUTLANCINGO\u00a0"}]},{"@type":"WebSite","@id":"https:\/\/www.aliadospuebla.com\/#website","url":"https:\/\/www.aliadospuebla.com\/","name":"AliadosPuebla","description":"La informaci\u00f3n en tus manos","potentialAction":[{"@type":"SearchAction","target":{"@type":"EntryPoint","urlTemplate":"https:\/\/www.aliadospuebla.com\/?s={search_term_string}"},"query-input":{"@type":"PropertyValueSpecification","valueRequired":true,"valueName":"search_term_string"}}],"inLanguage":"es"},{"@type":"Person","@id":"https:\/\/www.aliadospuebla.com\/#\/schema\/person\/5da7dd09320bd4f392b710017ed5f8ad","name":"Aliados17","image":{"@type":"ImageObject","inLanguage":"es","@id":"https:\/\/www.aliadospuebla.com\/web2017\/wp-content\/uploads\/2025\/03\/cropped-para-perfil-8-anos-1-96x96.jpg","url":"https:\/\/www.aliadospuebla.com\/web2017\/wp-content\/uploads\/2025\/03\/cropped-para-perfil-8-anos-1-96x96.jpg","contentUrl":"https:\/\/www.aliadospuebla.com\/web2017\/wp-content\/uploads\/2025\/03\/cropped-para-perfil-8-anos-1-96x96.jpg","caption":"Aliados17"},"sameAs":["https:\/\/www.aliados17.com","https:\/\/www.facebook.com\/Aliados17Pue","https:\/\/x.com\/AliadosPuebla"],"url":"https:\/\/www.aliadospuebla.com\/?author=2"}]}},"views":11,"_links":{"self":[{"href":"https:\/\/www.aliadospuebla.com\/index.php?rest_route=\/wp\/v2\/posts\/97942","targetHints":{"allow":["GET"]}}],"collection":[{"href":"https:\/\/www.aliadospuebla.com\/index.php?rest_route=\/wp\/v2\/posts"}],"about":[{"href":"https:\/\/www.aliadospuebla.com\/index.php?rest_route=\/wp\/v2\/types\/post"}],"author":[{"embeddable":true,"href":"https:\/\/www.aliadospuebla.com\/index.php?rest_route=\/wp\/v2\/users\/2"}],"replies":[{"embeddable":true,"href":"https:\/\/www.aliadospuebla.com\/index.php?rest_route=%2Fwp%2Fv2%2Fcomments&post=97942"}],"version-history":[{"count":1,"href":"https:\/\/www.aliadospuebla.com\/index.php?rest_route=\/wp\/v2\/posts\/97942\/revisions"}],"predecessor-version":[{"id":97944,"href":"https:\/\/www.aliadospuebla.com\/index.php?rest_route=\/wp\/v2\/posts\/97942\/revisions\/97944"}],"wp:featuredmedia":[{"embeddable":true,"href":"https:\/\/www.aliadospuebla.com\/index.php?rest_route=\/wp\/v2\/media\/97943"}],"wp:attachment":[{"href":"https:\/\/www.aliadospuebla.com\/index.php?rest_route=%2Fwp%2Fv2%2Fmedia&parent=97942"}],"wp:term":[{"taxonomy":"category","embeddable":true,"href":"https:\/\/www.aliadospuebla.com\/index.php?rest_route=%2Fwp%2Fv2%2Fcategories&post=97942"},{"taxonomy":"post_tag","embeddable":true,"href":"https:\/\/www.aliadospuebla.com\/index.php?rest_route=%2Fwp%2Fv2%2Ftags&post=97942"}],"curies":[{"name":"wp","href":"https:\/\/api.w.org\/{rel}","templated":true}]}}