{"id":97622,"date":"2024-10-31T07:03:53","date_gmt":"2024-10-31T13:03:53","guid":{"rendered":"https:\/\/www.aliados17.com\/?p=97622"},"modified":"2024-10-31T07:03:53","modified_gmt":"2024-10-31T13:03:53","slug":"gobierno-de-la-ciudad-pone-en-marcha-el-operativo-todos-santos-2024","status":"publish","type":"post","link":"https:\/\/www.aliadospuebla.com\/?p=97622","title":{"rendered":"Gobierno de la Ciudad pone en marcha el \u201cOperativo Todos Santos 2024\u201d"},"content":{"rendered":"<h4>&#8211; Habr\u00e1 despliegue de elementos de seguridad, tr\u00e1nsito y protecci\u00f3n civil para garantizar la tranquilidad en el desarrollo de estas fiestas<\/h4>\n<p>Con la intenci\u00f3n de promover el adecuado desarrollo de las fiestas por \u201cD\u00eda de Muertos\u201d,<\/p>\n<p>garantizar la seguridad de las y los poblanos as\u00ed como de turistas nacionales y extranjeros,<\/p>\n<p>el Gobierno de la Ciudad, encabezado por Pepe Chedraui Budib, puso en marcha el \u201cOperativo Todos Santos 2024\u201d.<\/p>\n<p>En este sentido, a trav\u00e9s de la Secretar\u00eda de Gobernaci\u00f3n, encabezada por Franco Rodr\u00edguez \u00c1lvarez,<\/p>\n<p>se anunci\u00f3 el despliegue de alrededor de 500 elementos de las diferentes dependencias municipales<\/p>\n<p>en la ciudad de Puebla, pues precis\u00f3 que en la capital existen 42 cementerios, entre ellos los de las juntas auxiliares,<\/p>\n<p>mismos que -en su mayor\u00eda- permanecen abiertos por costumbre las 24 horas durante los d\u00edas 1 y 2 de noviembre.<\/p>\n<p>Por lo anterior, asegur\u00f3 que se mantendr\u00e1 comunicaci\u00f3n permanente con los ediles auxiliares<\/p>\n<p>para atender cualquier eventualidad que se presente en los panteones de estas demarcaciones.<\/p>\n<h4>SEGURIDAD, TR\u00c1NSITO Y PROTECCI\u00d3N CIVIL DESPLEGAR\u00c1N UNIDADES OPERATIVAS<\/h4>\n<p>La Secretar\u00eda de Seguridad Ciudadana, a cargo de Fernando Rosales Sol\u00eds, desplegar\u00e1,<\/p>\n<p>para esta temporada, atenci\u00f3n en 10 zonas de mayor importancia, donde habr\u00e1 180 elementos<\/p>\n<p>de grupos especiales, 75 de control de tr\u00e1nsito y 16 de protecci\u00f3n civil, as\u00ed como un binomio centauro,<\/p>\n<p>una unidad vector y una c\u00e9lula grupo especial con seis elementos en la misma cantidad de panteones del Gobierno de la Ciudad.<\/p>\n<p>La Direcci\u00f3n de Tr\u00e1nsito dispondr\u00e1 de 75 elementos que se desplegar\u00e1n en el Pante\u00f3n Municipal,<\/p>\n<p>La Piedad, en la Junta Auxiliar de San Baltazar, Valle de los \u00c1ngeles y en el Pante\u00f3n Jard\u00edn;<\/p>\n<p>asimismo, habr\u00e1 cierres viales, para garantizar el tr\u00e1nsito peatonal de manera segura.<\/p>\n<p>La Direcci\u00f3n de Protecci\u00f3n Civil desplegar\u00e1 11 unidades operativas en el Pante\u00f3n Municipal y la Piedad; una ambulancia, cuatro unidades de intervenci\u00f3n r\u00e1pida tipo Pick up, una unidad de incendios, una de rescate y cuatro unidades rel\u00e1mpago.<\/p>\n<h4>GARANTIZAN ATENCI\u00d3N SECRETAR\u00cdA DE SERVICIOS P\u00daBLICOS Y ORGANISMO DE LIMPIA<\/h4>\n<p>La Secretar\u00eda de Servicios P\u00fablicos, a cargo de Clemente G\u00f3mez Medina, anunci\u00f3 que el 31 de octubre el horario del Pante\u00f3n Municipal ser\u00e1 de 08:00 a 16:00 horas, mientras que los d\u00edas 1 y 2 de noviembre ser\u00e1 de 08:00 a 19:00 horas, donde se espera la asistencia de al menos 197 mil visitantes.<\/p>\n<p>Entre los servicios que se ofrecer\u00e1n ser\u00e1 la instalaci\u00f3n de puestos de hidrataci\u00f3n, pr\u00e9stamo de sillas de ruedas y atenci\u00f3n m\u00e9dica. Adem\u00e1s, habr\u00e1 atenci\u00f3n a la ciudadan\u00eda como pago de mantenimiento, b\u00fasqueda de fosas y t\u00edtulos de propiedad.<\/p>\n<p>Se realizar\u00e1n servicios de mantenimiento como poda, barrido, recolecci\u00f3n de flores, hojas secas y basura en los lotes; atenci\u00f3n preventiva en piletas y fuentes, as\u00ed como en oficinas, sanitarios, jardiner\u00eda, tambos para basura, adem\u00e1s de trabajos de pintura en fachada principal, guarniciones y muros exteriores.<\/p>\n<p>Ser\u00e1n instaladas vallas met\u00e1licas, accesos peatonales, cuerpos de rescate y pipas, as\u00ed como abasto de agua para las y los visitantes, servicio m\u00e9dico, pr\u00e9stamo gratuito de cubetas y conteo de n\u00famero de asistentes.<\/p>\n<p>A trav\u00e9s del Organismo Operador del Servicio de Limpia (OOSL) se implementar\u00e1n acciones de recolecci\u00f3n de residuos para garantizar un entorno limpio y seguro, con las instalaciones de tolvas adicionales para la disposici\u00f3n de residuos en panteones del municipio y sus juntas auxiliares.<\/p>\n<p>Se asignar\u00e1 un carro cuna para realizar recorridos de recolecci\u00f3n en la cuarta secci\u00f3n del Pante\u00f3n Municipal los d\u00edas 1 y 2 de noviembre, contenedores de basura y la implementaci\u00f3n de brigadas de barrido manual.<\/p>\n<p>La indicaci\u00f3n del presidente municipal, Pepe Chedraui Budib, que todas las dependencias municipales brinden atenci\u00f3n en las zonas m\u00e1s concurridas y atiendan todas las necesidades de la ciudadan\u00eda.<\/p>\n","protected":false},"excerpt":{"rendered":"<p>&#8211; Habr\u00e1 despliegue de elementos de seguridad, tr\u00e1nsito y protecci\u00f3n civil para garantizar la tranquilidad en el desarrollo de estas fiestas Con la intenci\u00f3n de promover el adecuado desarrollo de las fiestas por \u201cD\u00eda de Muertos\u201d, garantizar la seguridad de las y los poblanos as\u00ed como de turistas nacionales y extranjeros, el Gobierno de la Ciudad, encabezado por Pepe Chedraui Budib, puso en marcha el \u201cOperativo Todos Santos 2024\u201d. En este sentido, a trav\u00e9s de la Secretar\u00eda de Gobernaci\u00f3n, encabezada por Franco Rodr\u00edguez \u00c1lvarez, se anunci\u00f3 el despliegue de alrededor de 500 elementos de las diferentes dependencias municipales en la ciudad de Puebla, pues precis\u00f3 que en la capital existen 42 cementerios, entre ellos los de las juntas auxiliares, mismos que -en su mayor\u00eda- permanecen&hellip;<\/p>\n<p class=\"excerpt-more\"><a class=\"blog-excerpt button\" href=\"https:\/\/www.aliadospuebla.com\/?p=97622\">Leer m\u00e1s&#8230;<\/a><\/p>\n","protected":false},"author":2,"featured_media":97623,"comment_status":"open","ping_status":"open","sticky":false,"template":"","format":"standard","meta":{"_monsterinsights_skip_tracking":false,"footnotes":""},"categories":[62],"tags":[24740,2351,6068,10582,25058,24702,109,25059],"class_list":["post-97622","post","type-post","status-publish","format-standard","has-post-thumbnail","hentry","category-capital","tag-consejo-directivo-del-organismo-operador-del-servicio-de-limpia","tag-dia-de-muertos","tag-franco-rodriguez-alvarez","tag-gobierno-de-la-ciudad","tag-operativo-todos-santos-2024","tag-pepe-chedraui-budib","tag-proteccion-civil","tag-turistas-nacionales"],"yoast_head":"<!-- This site is optimized with the Yoast SEO plugin v28.4 - https:\/\/yoast.com\/product\/yoast-seo-wordpress\/ -->\n<title>Gobierno de la Ciudad pone en marcha el \u201cOperativo Todos Santos 2024\u201d - AliadosPuebla<\/title>\n<meta name=\"robots\" content=\"index, follow, max-snippet:-1, max-image-preview:large, max-video-preview:-1\" \/>\n<link rel=\"canonical\" href=\"https:\/\/www.aliadospuebla.com\/?p=97622\" \/>\n<meta property=\"og:locale\" content=\"es_ES\" \/>\n<meta property=\"og:type\" content=\"article\" \/>\n<meta property=\"og:title\" content=\"Gobierno de la Ciudad pone en marcha el \u201cOperativo Todos Santos 2024\u201d - AliadosPuebla\" \/>\n<meta property=\"og:description\" content=\"&#8211; Habr\u00e1 despliegue de elementos de seguridad, tr\u00e1nsito y protecci\u00f3n civil para garantizar la tranquilidad en el desarrollo de estas fiestas Con la intenci\u00f3n de promover el adecuado desarrollo de las fiestas por \u201cD\u00eda de Muertos\u201d, garantizar la seguridad de las y los poblanos as\u00ed como de turistas nacionales y extranjeros, el Gobierno de la Ciudad, encabezado por Pepe Chedraui Budib, puso en marcha el \u201cOperativo Todos Santos 2024\u201d. En este sentido, a trav\u00e9s de la Secretar\u00eda de Gobernaci\u00f3n, encabezada por Franco Rodr\u00edguez \u00c1lvarez, se anunci\u00f3 el despliegue de alrededor de 500 elementos de las diferentes dependencias municipales en la ciudad de Puebla, pues precis\u00f3 que en la capital existen 42 cementerios, entre ellos los de las juntas auxiliares, mismos que -en su mayor\u00eda- permanecen&hellip;Leer m\u00e1s...\" \/>\n<meta property=\"og:url\" content=\"https:\/\/www.aliadospuebla.com\/?p=97622\" \/>\n<meta property=\"og:site_name\" content=\"AliadosPuebla\" \/>\n<meta property=\"article:author\" content=\"https:\/\/www.facebook.com\/Aliados17Pue\" \/>\n<meta property=\"article:published_time\" content=\"2024-10-31T13:03:53+00:00\" \/>\n<meta property=\"og:image\" content=\"https:\/\/www.aliadospuebla.com\/web2017\/wp-content\/uploads\/2024\/10\/1306.jpg\" \/>\n\t<meta property=\"og:image:width\" content=\"600\" \/>\n\t<meta property=\"og:image:height\" content=\"450\" \/>\n\t<meta property=\"og:image:type\" content=\"image\/jpeg\" \/>\n<meta name=\"author\" content=\"Aliados17\" \/>\n<meta name=\"twitter:card\" content=\"summary_large_image\" \/>\n<meta name=\"twitter:creator\" content=\"@AliadosPuebla\" \/>\n<meta name=\"twitter:label1\" content=\"Escrito por\" \/>\n\t<meta name=\"twitter:data1\" content=\"Aliados17\" \/>\n\t<meta name=\"twitter:label2\" content=\"Tiempo de lectura\" \/>\n\t<meta name=\"twitter:data2\" content=\"3 minutos\" \/>\n<script type=\"application\/ld+json\" class=\"yoast-schema-graph\">{\"@context\":\"https:\\\/\\\/schema.org\",\"@graph\":[{\"@type\":\"Article\",\"@id\":\"https:\\\/\\\/www.aliadospuebla.com\\\/?p=97622#article\",\"isPartOf\":{\"@id\":\"https:\\\/\\\/www.aliadospuebla.com\\\/?p=97622\"},\"author\":{\"name\":\"Aliados17\",\"@id\":\"https:\\\/\\\/www.aliadospuebla.com\\\/#\\\/schema\\\/person\\\/5da7dd09320bd4f392b710017ed5f8ad\"},\"headline\":\"Gobierno de la Ciudad pone en marcha el \u201cOperativo Todos Santos 2024\u201d\",\"datePublished\":\"2024-10-31T13:03:53+00:00\",\"mainEntityOfPage\":{\"@id\":\"https:\\\/\\\/www.aliadospuebla.com\\\/?p=97622\"},\"wordCount\":671,\"commentCount\":0,\"image\":{\"@id\":\"https:\\\/\\\/www.aliadospuebla.com\\\/?p=97622#primaryimage\"},\"thumbnailUrl\":\"https:\\\/\\\/www.aliadospuebla.com\\\/web2017\\\/wp-content\\\/uploads\\\/2024\\\/10\\\/1306.jpg\",\"keywords\":[\"Consejo Directivo del Organismo Operador del Servicio de Limpia\",\"D\u00cdA DE MUERTOS\",\"FRANCO RODRIGUEZ \u00c1LVAREZ\",\"GOBIERNO DE LA CIUDAD\",\"Operativo Todos Santos 2024\",\"Pepe Chedraui Budib\",\"protecci\u00f3n civil\",\"turistas nacionales\"],\"articleSection\":[\"Capital\"],\"inLanguage\":\"es\",\"potentialAction\":[{\"@type\":\"CommentAction\",\"name\":\"Comment\",\"target\":[\"https:\\\/\\\/www.aliadospuebla.com\\\/?p=97622#respond\"]}]},{\"@type\":\"WebPage\",\"@id\":\"https:\\\/\\\/www.aliadospuebla.com\\\/?p=97622\",\"url\":\"https:\\\/\\\/www.aliadospuebla.com\\\/?p=97622\",\"name\":\"Gobierno de la Ciudad pone en marcha el \u201cOperativo Todos Santos 2024\u201d - AliadosPuebla\",\"isPartOf\":{\"@id\":\"https:\\\/\\\/www.aliadospuebla.com\\\/#website\"},\"primaryImageOfPage\":{\"@id\":\"https:\\\/\\\/www.aliadospuebla.com\\\/?p=97622#primaryimage\"},\"image\":{\"@id\":\"https:\\\/\\\/www.aliadospuebla.com\\\/?p=97622#primaryimage\"},\"thumbnailUrl\":\"https:\\\/\\\/www.aliadospuebla.com\\\/web2017\\\/wp-content\\\/uploads\\\/2024\\\/10\\\/1306.jpg\",\"datePublished\":\"2024-10-31T13:03:53+00:00\",\"author\":{\"@id\":\"https:\\\/\\\/www.aliadospuebla.com\\\/#\\\/schema\\\/person\\\/5da7dd09320bd4f392b710017ed5f8ad\"},\"breadcrumb\":{\"@id\":\"https:\\\/\\\/www.aliadospuebla.com\\\/?p=97622#breadcrumb\"},\"inLanguage\":\"es\",\"potentialAction\":[{\"@type\":\"ReadAction\",\"target\":[\"https:\\\/\\\/www.aliadospuebla.com\\\/?p=97622\"]}]},{\"@type\":\"ImageObject\",\"inLanguage\":\"es\",\"@id\":\"https:\\\/\\\/www.aliadospuebla.com\\\/?p=97622#primaryimage\",\"url\":\"https:\\\/\\\/www.aliadospuebla.com\\\/web2017\\\/wp-content\\\/uploads\\\/2024\\\/10\\\/1306.jpg\",\"contentUrl\":\"https:\\\/\\\/www.aliadospuebla.com\\\/web2017\\\/wp-content\\\/uploads\\\/2024\\\/10\\\/1306.jpg\",\"width\":600,\"height\":450},{\"@type\":\"BreadcrumbList\",\"@id\":\"https:\\\/\\\/www.aliadospuebla.com\\\/?p=97622#breadcrumb\",\"itemListElement\":[{\"@type\":\"ListItem\",\"position\":1,\"name\":\"Portada\",\"item\":\"https:\\\/\\\/www.aliadospuebla.com\\\/\"},{\"@type\":\"ListItem\",\"position\":2,\"name\":\"Gobierno de la Ciudad pone en marcha el \u201cOperativo Todos Santos 2024\u201d\"}]},{\"@type\":\"WebSite\",\"@id\":\"https:\\\/\\\/www.aliadospuebla.com\\\/#website\",\"url\":\"https:\\\/\\\/www.aliadospuebla.com\\\/\",\"name\":\"AliadosPuebla\",\"description\":\"La informaci\u00f3n en tus manos\",\"potentialAction\":[{\"@type\":\"SearchAction\",\"target\":{\"@type\":\"EntryPoint\",\"urlTemplate\":\"https:\\\/\\\/www.aliadospuebla.com\\\/?s={search_term_string}\"},\"query-input\":{\"@type\":\"PropertyValueSpecification\",\"valueRequired\":true,\"valueName\":\"search_term_string\"}}],\"inLanguage\":\"es\"},{\"@type\":\"Person\",\"@id\":\"https:\\\/\\\/www.aliadospuebla.com\\\/#\\\/schema\\\/person\\\/5da7dd09320bd4f392b710017ed5f8ad\",\"name\":\"Aliados17\",\"image\":{\"@type\":\"ImageObject\",\"inLanguage\":\"es\",\"@id\":\"https:\\\/\\\/www.aliadospuebla.com\\\/web2017\\\/wp-content\\\/uploads\\\/2025\\\/03\\\/cropped-para-perfil-8-anos-1-96x96.jpg\",\"url\":\"https:\\\/\\\/www.aliadospuebla.com\\\/web2017\\\/wp-content\\\/uploads\\\/2025\\\/03\\\/cropped-para-perfil-8-anos-1-96x96.jpg\",\"contentUrl\":\"https:\\\/\\\/www.aliadospuebla.com\\\/web2017\\\/wp-content\\\/uploads\\\/2025\\\/03\\\/cropped-para-perfil-8-anos-1-96x96.jpg\",\"caption\":\"Aliados17\"},\"sameAs\":[\"https:\\\/\\\/www.aliados17.com\",\"https:\\\/\\\/www.facebook.com\\\/Aliados17Pue\",\"https:\\\/\\\/x.com\\\/AliadosPuebla\"],\"url\":\"https:\\\/\\\/www.aliadospuebla.com\\\/?author=2\"}]}<\/script>\n<!-- \/ Yoast SEO plugin. -->","yoast_head_json":{"title":"Gobierno de la Ciudad pone en marcha el \u201cOperativo Todos Santos 2024\u201d - AliadosPuebla","robots":{"index":"index","follow":"follow","max-snippet":"max-snippet:-1","max-image-preview":"max-image-preview:large","max-video-preview":"max-video-preview:-1"},"canonical":"https:\/\/www.aliadospuebla.com\/?p=97622","og_locale":"es_ES","og_type":"article","og_title":"Gobierno de la Ciudad pone en marcha el \u201cOperativo Todos Santos 2024\u201d - AliadosPuebla","og_description":"&#8211; Habr\u00e1 despliegue de elementos de seguridad, tr\u00e1nsito y protecci\u00f3n civil para garantizar la tranquilidad en el desarrollo de estas fiestas Con la intenci\u00f3n de promover el adecuado desarrollo de las fiestas por \u201cD\u00eda de Muertos\u201d, garantizar la seguridad de las y los poblanos as\u00ed como de turistas nacionales y extranjeros, el Gobierno de la Ciudad, encabezado por Pepe Chedraui Budib, puso en marcha el \u201cOperativo Todos Santos 2024\u201d. En este sentido, a trav\u00e9s de la Secretar\u00eda de Gobernaci\u00f3n, encabezada por Franco Rodr\u00edguez \u00c1lvarez, se anunci\u00f3 el despliegue de alrededor de 500 elementos de las diferentes dependencias municipales en la ciudad de Puebla, pues precis\u00f3 que en la capital existen 42 cementerios, entre ellos los de las juntas auxiliares, mismos que -en su mayor\u00eda- permanecen&hellip;Leer m\u00e1s...","og_url":"https:\/\/www.aliadospuebla.com\/?p=97622","og_site_name":"AliadosPuebla","article_author":"https:\/\/www.facebook.com\/Aliados17Pue","article_published_time":"2024-10-31T13:03:53+00:00","og_image":[{"width":600,"height":450,"url":"https:\/\/www.aliadospuebla.com\/web2017\/wp-content\/uploads\/2024\/10\/1306.jpg","type":"image\/jpeg"}],"author":"Aliados17","twitter_card":"summary_large_image","twitter_creator":"@AliadosPuebla","twitter_misc":{"Escrito por":"Aliados17","Tiempo de lectura":"3 minutos"},"schema":{"@context":"https:\/\/schema.org","@graph":[{"@type":"Article","@id":"https:\/\/www.aliadospuebla.com\/?p=97622#article","isPartOf":{"@id":"https:\/\/www.aliadospuebla.com\/?p=97622"},"author":{"name":"Aliados17","@id":"https:\/\/www.aliadospuebla.com\/#\/schema\/person\/5da7dd09320bd4f392b710017ed5f8ad"},"headline":"Gobierno de la Ciudad pone en marcha el \u201cOperativo Todos Santos 2024\u201d","datePublished":"2024-10-31T13:03:53+00:00","mainEntityOfPage":{"@id":"https:\/\/www.aliadospuebla.com\/?p=97622"},"wordCount":671,"commentCount":0,"image":{"@id":"https:\/\/www.aliadospuebla.com\/?p=97622#primaryimage"},"thumbnailUrl":"https:\/\/www.aliadospuebla.com\/web2017\/wp-content\/uploads\/2024\/10\/1306.jpg","keywords":["Consejo Directivo del Organismo Operador del Servicio de Limpia","D\u00cdA DE MUERTOS","FRANCO RODRIGUEZ \u00c1LVAREZ","GOBIERNO DE LA CIUDAD","Operativo Todos Santos 2024","Pepe Chedraui Budib","protecci\u00f3n civil","turistas nacionales"],"articleSection":["Capital"],"inLanguage":"es","potentialAction":[{"@type":"CommentAction","name":"Comment","target":["https:\/\/www.aliadospuebla.com\/?p=97622#respond"]}]},{"@type":"WebPage","@id":"https:\/\/www.aliadospuebla.com\/?p=97622","url":"https:\/\/www.aliadospuebla.com\/?p=97622","name":"Gobierno de la Ciudad pone en marcha el \u201cOperativo Todos Santos 2024\u201d - AliadosPuebla","isPartOf":{"@id":"https:\/\/www.aliadospuebla.com\/#website"},"primaryImageOfPage":{"@id":"https:\/\/www.aliadospuebla.com\/?p=97622#primaryimage"},"image":{"@id":"https:\/\/www.aliadospuebla.com\/?p=97622#primaryimage"},"thumbnailUrl":"https:\/\/www.aliadospuebla.com\/web2017\/wp-content\/uploads\/2024\/10\/1306.jpg","datePublished":"2024-10-31T13:03:53+00:00","author":{"@id":"https:\/\/www.aliadospuebla.com\/#\/schema\/person\/5da7dd09320bd4f392b710017ed5f8ad"},"breadcrumb":{"@id":"https:\/\/www.aliadospuebla.com\/?p=97622#breadcrumb"},"inLanguage":"es","potentialAction":[{"@type":"ReadAction","target":["https:\/\/www.aliadospuebla.com\/?p=97622"]}]},{"@type":"ImageObject","inLanguage":"es","@id":"https:\/\/www.aliadospuebla.com\/?p=97622#primaryimage","url":"https:\/\/www.aliadospuebla.com\/web2017\/wp-content\/uploads\/2024\/10\/1306.jpg","contentUrl":"https:\/\/www.aliadospuebla.com\/web2017\/wp-content\/uploads\/2024\/10\/1306.jpg","width":600,"height":450},{"@type":"BreadcrumbList","@id":"https:\/\/www.aliadospuebla.com\/?p=97622#breadcrumb","itemListElement":[{"@type":"ListItem","position":1,"name":"Portada","item":"https:\/\/www.aliadospuebla.com\/"},{"@type":"ListItem","position":2,"name":"Gobierno de la Ciudad pone en marcha el \u201cOperativo Todos Santos 2024\u201d"}]},{"@type":"WebSite","@id":"https:\/\/www.aliadospuebla.com\/#website","url":"https:\/\/www.aliadospuebla.com\/","name":"AliadosPuebla","description":"La informaci\u00f3n en tus manos","potentialAction":[{"@type":"SearchAction","target":{"@type":"EntryPoint","urlTemplate":"https:\/\/www.aliadospuebla.com\/?s={search_term_string}"},"query-input":{"@type":"PropertyValueSpecification","valueRequired":true,"valueName":"search_term_string"}}],"inLanguage":"es"},{"@type":"Person","@id":"https:\/\/www.aliadospuebla.com\/#\/schema\/person\/5da7dd09320bd4f392b710017ed5f8ad","name":"Aliados17","image":{"@type":"ImageObject","inLanguage":"es","@id":"https:\/\/www.aliadospuebla.com\/web2017\/wp-content\/uploads\/2025\/03\/cropped-para-perfil-8-anos-1-96x96.jpg","url":"https:\/\/www.aliadospuebla.com\/web2017\/wp-content\/uploads\/2025\/03\/cropped-para-perfil-8-anos-1-96x96.jpg","contentUrl":"https:\/\/www.aliadospuebla.com\/web2017\/wp-content\/uploads\/2025\/03\/cropped-para-perfil-8-anos-1-96x96.jpg","caption":"Aliados17"},"sameAs":["https:\/\/www.aliados17.com","https:\/\/www.facebook.com\/Aliados17Pue","https:\/\/x.com\/AliadosPuebla"],"url":"https:\/\/www.aliadospuebla.com\/?author=2"}]}},"views":9,"_links":{"self":[{"href":"https:\/\/www.aliadospuebla.com\/index.php?rest_route=\/wp\/v2\/posts\/97622","targetHints":{"allow":["GET"]}}],"collection":[{"href":"https:\/\/www.aliadospuebla.com\/index.php?rest_route=\/wp\/v2\/posts"}],"about":[{"href":"https:\/\/www.aliadospuebla.com\/index.php?rest_route=\/wp\/v2\/types\/post"}],"author":[{"embeddable":true,"href":"https:\/\/www.aliadospuebla.com\/index.php?rest_route=\/wp\/v2\/users\/2"}],"replies":[{"embeddable":true,"href":"https:\/\/www.aliadospuebla.com\/index.php?rest_route=%2Fwp%2Fv2%2Fcomments&post=97622"}],"version-history":[{"count":1,"href":"https:\/\/www.aliadospuebla.com\/index.php?rest_route=\/wp\/v2\/posts\/97622\/revisions"}],"predecessor-version":[{"id":97624,"href":"https:\/\/www.aliadospuebla.com\/index.php?rest_route=\/wp\/v2\/posts\/97622\/revisions\/97624"}],"wp:featuredmedia":[{"embeddable":true,"href":"https:\/\/www.aliadospuebla.com\/index.php?rest_route=\/wp\/v2\/media\/97623"}],"wp:attachment":[{"href":"https:\/\/www.aliadospuebla.com\/index.php?rest_route=%2Fwp%2Fv2%2Fmedia&parent=97622"}],"wp:term":[{"taxonomy":"category","embeddable":true,"href":"https:\/\/www.aliadospuebla.com\/index.php?rest_route=%2Fwp%2Fv2%2Fcategories&post=97622"},{"taxonomy":"post_tag","embeddable":true,"href":"https:\/\/www.aliadospuebla.com\/index.php?rest_route=%2Fwp%2Fv2%2Ftags&post=97622"}],"curies":[{"name":"wp","href":"https:\/\/api.w.org\/{rel}","templated":true}]}}