{"id":97566,"date":"2024-10-29T21:47:53","date_gmt":"2024-10-30T03:47:53","guid":{"rendered":"https:\/\/www.aliados17.com\/?p=97566"},"modified":"2024-10-29T21:47:53","modified_gmt":"2024-10-30T03:47:53","slug":"realiza-gobierno-de-cholula-foros-de-prevencion-de-cancer-de-mama","status":"publish","type":"post","link":"https:\/\/www.aliadospuebla.com\/?p=97566","title":{"rendered":"Realiza Gobierno de Cholula foros de prevenci\u00f3n de C\u00e1ncer de Mama"},"content":{"rendered":"<h4>Mujeres y hombres cholultecas se dieron cita para atender este tema prioritario en cuestiones de salud<\/h4>\n<p>San Pedro Cholula, Pue.-. En el marco del d\u00eda mundial contra el C\u00e1ncer de Mama, la Regidur\u00eda de Salubridad y Asistencia P\u00fablica, presidida por Priscila Madrid Hern\u00e1ndez, en conjunto con el Ayuntamiento de San Pedro Cholula y su presidenta, Tonantzin Fern\u00e1ndez, realiz\u00f3 conferencias en torno al tema.<\/p>\n<p>Al tomar la palabra, Priscila Madrid inici\u00f3 citando a Schopenhauer, con la frase \u00abLa salud no lo es todo, pero sin ella todo lo dem\u00e1s es nada\u00bb, para luego exhortar a todas las mujeres a realizar exploraciones preventivas continuas y acudir al ginec\u00f3logo para detectar enfermedades como el C\u00e1ncer de manera oportuna y actuar a tiempo.<\/p>\n<p>Posterior a ello, se cont\u00f3 con la participaci\u00f3n de la ciudadana Rosy Flores, sobreviviente al C\u00e1ncer de Mama, quien comparti\u00f3 su experiencia y afirm\u00f3 que, con los cambios sociales, se les debe ense\u00f1ar a las mujeres a cuidar de s\u00ed mismas, m\u00e1s all\u00e1 de cuidar y priorizar a todos aquellos que la rodean.<\/p>\n<p>En su mensaje, la presidenta municipal coment\u00f3 que, para su administraci\u00f3n, el cuidado y la promoci\u00f3n de la salud es uno de los ejes fundamentales; por ello, anunci\u00f3 la creaci\u00f3n de la Secretar\u00eda de las Mujeres y coment\u00f3 que todas las dependencias tendr\u00e1n presupuesto activo para la atenci\u00f3n de las mujeres que laboren en ellas.<\/p>\n<p>Cabe mencionar que tambi\u00e9n se cont\u00f3 con la presencia de la diputada local, Nay Salvatori; y la Mtra. Lupita Fern\u00e1ndez, presidenta del Sistema Municipal DIF; as\u00ed como del doctor Javier Pedraza, experto en el tema, quienes tambi\u00e9n exhortaron a las mujeres a autoexplorarse.<\/p>\n<p>Finalmente, se realiz\u00f3 la donaci\u00f3n de implantes mamarios por parte de La Perfecta a una ciudadana que as\u00ed lo requer\u00eda y, posteriormente, se dio paso a las conferencias para concientizar a las y los cholultecas sobre este particular.<\/p>\n","protected":false},"excerpt":{"rendered":"<p>Mujeres y hombres cholultecas se dieron cita para atender este tema prioritario en cuestiones de salud San Pedro Cholula, Pue.-. En el marco del d\u00eda mundial contra el C\u00e1ncer de Mama, la Regidur\u00eda de Salubridad y Asistencia P\u00fablica, presidida por Priscila Madrid Hern\u00e1ndez, en conjunto con el Ayuntamiento de San Pedro Cholula y su presidenta, Tonantzin Fern\u00e1ndez, realiz\u00f3 conferencias en torno al tema. Al tomar la palabra, Priscila Madrid inici\u00f3 citando a Schopenhauer, con la frase \u00abLa salud no lo es todo, pero sin ella todo lo dem\u00e1s es nada\u00bb, para luego exhortar a todas las mujeres a realizar exploraciones preventivas continuas y acudir al ginec\u00f3logo para detectar enfermedades como el C\u00e1ncer de manera oportuna y actuar a tiempo. Posterior a ello, se cont\u00f3 con&hellip;<\/p>\n<p class=\"excerpt-more\"><a class=\"blog-excerpt button\" href=\"https:\/\/www.aliadospuebla.com\/?p=97566\">Leer m\u00e1s&#8230;<\/a><\/p>\n","protected":false},"author":2,"featured_media":97567,"comment_status":"open","ping_status":"open","sticky":false,"template":"","format":"standard","meta":{"_monsterinsights_skip_tracking":false,"footnotes":""},"categories":[4],"tags":[1374,25015,387,25016,7394],"class_list":["post-97566","post","type-post","status-publish","format-standard","has-post-thumbnail","hentry","category-municipios","tag-foros","tag-prevencion-de-cancer-de-mama","tag-san-pedro-cholula","tag-sobreviviente","tag-tonantzin-fernandez"],"yoast_head":"<!-- This site is optimized with the Yoast SEO plugin v28.4 - https:\/\/yoast.com\/product\/yoast-seo-wordpress\/ -->\n<title>Realiza Gobierno de Cholula foros de prevenci\u00f3n de C\u00e1ncer de Mama - AliadosPuebla<\/title>\n<meta name=\"robots\" content=\"index, follow, max-snippet:-1, max-image-preview:large, max-video-preview:-1\" \/>\n<link rel=\"canonical\" href=\"https:\/\/www.aliadospuebla.com\/?p=97566\" \/>\n<meta property=\"og:locale\" content=\"es_ES\" \/>\n<meta property=\"og:type\" content=\"article\" \/>\n<meta property=\"og:title\" content=\"Realiza Gobierno de Cholula foros de prevenci\u00f3n de C\u00e1ncer de Mama - AliadosPuebla\" \/>\n<meta property=\"og:description\" content=\"Mujeres y hombres cholultecas se dieron cita para atender este tema prioritario en cuestiones de salud San Pedro Cholula, Pue.-. En el marco del d\u00eda mundial contra el C\u00e1ncer de Mama, la Regidur\u00eda de Salubridad y Asistencia P\u00fablica, presidida por Priscila Madrid Hern\u00e1ndez, en conjunto con el Ayuntamiento de San Pedro Cholula y su presidenta, Tonantzin Fern\u00e1ndez, realiz\u00f3 conferencias en torno al tema. Al tomar la palabra, Priscila Madrid inici\u00f3 citando a Schopenhauer, con la frase \u00abLa salud no lo es todo, pero sin ella todo lo dem\u00e1s es nada\u00bb, para luego exhortar a todas las mujeres a realizar exploraciones preventivas continuas y acudir al ginec\u00f3logo para detectar enfermedades como el C\u00e1ncer de manera oportuna y actuar a tiempo. Posterior a ello, se cont\u00f3 con&hellip;Leer m\u00e1s...\" \/>\n<meta property=\"og:url\" content=\"https:\/\/www.aliadospuebla.com\/?p=97566\" \/>\n<meta property=\"og:site_name\" content=\"AliadosPuebla\" \/>\n<meta property=\"article:author\" content=\"https:\/\/www.facebook.com\/Aliados17Pue\" \/>\n<meta property=\"article:published_time\" content=\"2024-10-30T03:47:53+00:00\" \/>\n<meta property=\"og:image\" content=\"https:\/\/www.aliadospuebla.com\/web2017\/wp-content\/uploads\/2024\/10\/1293.jpg\" \/>\n\t<meta property=\"og:image:width\" content=\"600\" \/>\n\t<meta property=\"og:image:height\" content=\"450\" \/>\n\t<meta property=\"og:image:type\" content=\"image\/jpeg\" \/>\n<meta name=\"author\" content=\"Aliados17\" \/>\n<meta name=\"twitter:card\" content=\"summary_large_image\" \/>\n<meta name=\"twitter:creator\" content=\"@AliadosPuebla\" \/>\n<meta name=\"twitter:label1\" content=\"Escrito por\" \/>\n\t<meta name=\"twitter:data1\" content=\"Aliados17\" \/>\n\t<meta name=\"twitter:label2\" content=\"Tiempo de lectura\" \/>\n\t<meta name=\"twitter:data2\" content=\"2 minutos\" \/>\n<script type=\"application\/ld+json\" class=\"yoast-schema-graph\">{\"@context\":\"https:\\\/\\\/schema.org\",\"@graph\":[{\"@type\":\"Article\",\"@id\":\"https:\\\/\\\/www.aliadospuebla.com\\\/?p=97566#article\",\"isPartOf\":{\"@id\":\"https:\\\/\\\/www.aliadospuebla.com\\\/?p=97566\"},\"author\":{\"name\":\"Aliados17\",\"@id\":\"https:\\\/\\\/www.aliadospuebla.com\\\/#\\\/schema\\\/person\\\/5da7dd09320bd4f392b710017ed5f8ad\"},\"headline\":\"Realiza Gobierno de Cholula foros de prevenci\u00f3n de C\u00e1ncer de Mama\",\"datePublished\":\"2024-10-30T03:47:53+00:00\",\"mainEntityOfPage\":{\"@id\":\"https:\\\/\\\/www.aliadospuebla.com\\\/?p=97566\"},\"wordCount\":346,\"commentCount\":0,\"image\":{\"@id\":\"https:\\\/\\\/www.aliadospuebla.com\\\/?p=97566#primaryimage\"},\"thumbnailUrl\":\"https:\\\/\\\/www.aliadospuebla.com\\\/web2017\\\/wp-content\\\/uploads\\\/2024\\\/10\\\/1293.jpg\",\"keywords\":[\"FOROS\",\"prevenci\u00f3n de C\u00e1ncer de Mama\",\"SAN PEDRO CHOLULA\",\"sobreviviente\",\"TONANTZIN FERN\u00c1NDEZ\"],\"articleSection\":[\"Municipios\"],\"inLanguage\":\"es\",\"potentialAction\":[{\"@type\":\"CommentAction\",\"name\":\"Comment\",\"target\":[\"https:\\\/\\\/www.aliadospuebla.com\\\/?p=97566#respond\"]}]},{\"@type\":\"WebPage\",\"@id\":\"https:\\\/\\\/www.aliadospuebla.com\\\/?p=97566\",\"url\":\"https:\\\/\\\/www.aliadospuebla.com\\\/?p=97566\",\"name\":\"Realiza Gobierno de Cholula foros de prevenci\u00f3n de C\u00e1ncer de Mama - AliadosPuebla\",\"isPartOf\":{\"@id\":\"https:\\\/\\\/www.aliadospuebla.com\\\/#website\"},\"primaryImageOfPage\":{\"@id\":\"https:\\\/\\\/www.aliadospuebla.com\\\/?p=97566#primaryimage\"},\"image\":{\"@id\":\"https:\\\/\\\/www.aliadospuebla.com\\\/?p=97566#primaryimage\"},\"thumbnailUrl\":\"https:\\\/\\\/www.aliadospuebla.com\\\/web2017\\\/wp-content\\\/uploads\\\/2024\\\/10\\\/1293.jpg\",\"datePublished\":\"2024-10-30T03:47:53+00:00\",\"author\":{\"@id\":\"https:\\\/\\\/www.aliadospuebla.com\\\/#\\\/schema\\\/person\\\/5da7dd09320bd4f392b710017ed5f8ad\"},\"breadcrumb\":{\"@id\":\"https:\\\/\\\/www.aliadospuebla.com\\\/?p=97566#breadcrumb\"},\"inLanguage\":\"es\",\"potentialAction\":[{\"@type\":\"ReadAction\",\"target\":[\"https:\\\/\\\/www.aliadospuebla.com\\\/?p=97566\"]}]},{\"@type\":\"ImageObject\",\"inLanguage\":\"es\",\"@id\":\"https:\\\/\\\/www.aliadospuebla.com\\\/?p=97566#primaryimage\",\"url\":\"https:\\\/\\\/www.aliadospuebla.com\\\/web2017\\\/wp-content\\\/uploads\\\/2024\\\/10\\\/1293.jpg\",\"contentUrl\":\"https:\\\/\\\/www.aliadospuebla.com\\\/web2017\\\/wp-content\\\/uploads\\\/2024\\\/10\\\/1293.jpg\",\"width\":600,\"height\":450},{\"@type\":\"BreadcrumbList\",\"@id\":\"https:\\\/\\\/www.aliadospuebla.com\\\/?p=97566#breadcrumb\",\"itemListElement\":[{\"@type\":\"ListItem\",\"position\":1,\"name\":\"Portada\",\"item\":\"https:\\\/\\\/www.aliadospuebla.com\\\/\"},{\"@type\":\"ListItem\",\"position\":2,\"name\":\"Realiza Gobierno de Cholula foros de prevenci\u00f3n de C\u00e1ncer de Mama\"}]},{\"@type\":\"WebSite\",\"@id\":\"https:\\\/\\\/www.aliadospuebla.com\\\/#website\",\"url\":\"https:\\\/\\\/www.aliadospuebla.com\\\/\",\"name\":\"AliadosPuebla\",\"description\":\"La informaci\u00f3n en tus manos\",\"potentialAction\":[{\"@type\":\"SearchAction\",\"target\":{\"@type\":\"EntryPoint\",\"urlTemplate\":\"https:\\\/\\\/www.aliadospuebla.com\\\/?s={search_term_string}\"},\"query-input\":{\"@type\":\"PropertyValueSpecification\",\"valueRequired\":true,\"valueName\":\"search_term_string\"}}],\"inLanguage\":\"es\"},{\"@type\":\"Person\",\"@id\":\"https:\\\/\\\/www.aliadospuebla.com\\\/#\\\/schema\\\/person\\\/5da7dd09320bd4f392b710017ed5f8ad\",\"name\":\"Aliados17\",\"image\":{\"@type\":\"ImageObject\",\"inLanguage\":\"es\",\"@id\":\"https:\\\/\\\/www.aliadospuebla.com\\\/web2017\\\/wp-content\\\/uploads\\\/2025\\\/03\\\/cropped-para-perfil-8-anos-1-96x96.jpg\",\"url\":\"https:\\\/\\\/www.aliadospuebla.com\\\/web2017\\\/wp-content\\\/uploads\\\/2025\\\/03\\\/cropped-para-perfil-8-anos-1-96x96.jpg\",\"contentUrl\":\"https:\\\/\\\/www.aliadospuebla.com\\\/web2017\\\/wp-content\\\/uploads\\\/2025\\\/03\\\/cropped-para-perfil-8-anos-1-96x96.jpg\",\"caption\":\"Aliados17\"},\"sameAs\":[\"https:\\\/\\\/www.aliados17.com\",\"https:\\\/\\\/www.facebook.com\\\/Aliados17Pue\",\"https:\\\/\\\/x.com\\\/AliadosPuebla\"],\"url\":\"https:\\\/\\\/www.aliadospuebla.com\\\/?author=2\"}]}<\/script>\n<!-- \/ Yoast SEO plugin. -->","yoast_head_json":{"title":"Realiza Gobierno de Cholula foros de prevenci\u00f3n de C\u00e1ncer de Mama - AliadosPuebla","robots":{"index":"index","follow":"follow","max-snippet":"max-snippet:-1","max-image-preview":"max-image-preview:large","max-video-preview":"max-video-preview:-1"},"canonical":"https:\/\/www.aliadospuebla.com\/?p=97566","og_locale":"es_ES","og_type":"article","og_title":"Realiza Gobierno de Cholula foros de prevenci\u00f3n de C\u00e1ncer de Mama - AliadosPuebla","og_description":"Mujeres y hombres cholultecas se dieron cita para atender este tema prioritario en cuestiones de salud San Pedro Cholula, Pue.-. En el marco del d\u00eda mundial contra el C\u00e1ncer de Mama, la Regidur\u00eda de Salubridad y Asistencia P\u00fablica, presidida por Priscila Madrid Hern\u00e1ndez, en conjunto con el Ayuntamiento de San Pedro Cholula y su presidenta, Tonantzin Fern\u00e1ndez, realiz\u00f3 conferencias en torno al tema. Al tomar la palabra, Priscila Madrid inici\u00f3 citando a Schopenhauer, con la frase \u00abLa salud no lo es todo, pero sin ella todo lo dem\u00e1s es nada\u00bb, para luego exhortar a todas las mujeres a realizar exploraciones preventivas continuas y acudir al ginec\u00f3logo para detectar enfermedades como el C\u00e1ncer de manera oportuna y actuar a tiempo. Posterior a ello, se cont\u00f3 con&hellip;Leer m\u00e1s...","og_url":"https:\/\/www.aliadospuebla.com\/?p=97566","og_site_name":"AliadosPuebla","article_author":"https:\/\/www.facebook.com\/Aliados17Pue","article_published_time":"2024-10-30T03:47:53+00:00","og_image":[{"width":600,"height":450,"url":"https:\/\/www.aliadospuebla.com\/web2017\/wp-content\/uploads\/2024\/10\/1293.jpg","type":"image\/jpeg"}],"author":"Aliados17","twitter_card":"summary_large_image","twitter_creator":"@AliadosPuebla","twitter_misc":{"Escrito por":"Aliados17","Tiempo de lectura":"2 minutos"},"schema":{"@context":"https:\/\/schema.org","@graph":[{"@type":"Article","@id":"https:\/\/www.aliadospuebla.com\/?p=97566#article","isPartOf":{"@id":"https:\/\/www.aliadospuebla.com\/?p=97566"},"author":{"name":"Aliados17","@id":"https:\/\/www.aliadospuebla.com\/#\/schema\/person\/5da7dd09320bd4f392b710017ed5f8ad"},"headline":"Realiza Gobierno de Cholula foros de prevenci\u00f3n de C\u00e1ncer de Mama","datePublished":"2024-10-30T03:47:53+00:00","mainEntityOfPage":{"@id":"https:\/\/www.aliadospuebla.com\/?p=97566"},"wordCount":346,"commentCount":0,"image":{"@id":"https:\/\/www.aliadospuebla.com\/?p=97566#primaryimage"},"thumbnailUrl":"https:\/\/www.aliadospuebla.com\/web2017\/wp-content\/uploads\/2024\/10\/1293.jpg","keywords":["FOROS","prevenci\u00f3n de C\u00e1ncer de Mama","SAN PEDRO CHOLULA","sobreviviente","TONANTZIN FERN\u00c1NDEZ"],"articleSection":["Municipios"],"inLanguage":"es","potentialAction":[{"@type":"CommentAction","name":"Comment","target":["https:\/\/www.aliadospuebla.com\/?p=97566#respond"]}]},{"@type":"WebPage","@id":"https:\/\/www.aliadospuebla.com\/?p=97566","url":"https:\/\/www.aliadospuebla.com\/?p=97566","name":"Realiza Gobierno de Cholula foros de prevenci\u00f3n de C\u00e1ncer de Mama - AliadosPuebla","isPartOf":{"@id":"https:\/\/www.aliadospuebla.com\/#website"},"primaryImageOfPage":{"@id":"https:\/\/www.aliadospuebla.com\/?p=97566#primaryimage"},"image":{"@id":"https:\/\/www.aliadospuebla.com\/?p=97566#primaryimage"},"thumbnailUrl":"https:\/\/www.aliadospuebla.com\/web2017\/wp-content\/uploads\/2024\/10\/1293.jpg","datePublished":"2024-10-30T03:47:53+00:00","author":{"@id":"https:\/\/www.aliadospuebla.com\/#\/schema\/person\/5da7dd09320bd4f392b710017ed5f8ad"},"breadcrumb":{"@id":"https:\/\/www.aliadospuebla.com\/?p=97566#breadcrumb"},"inLanguage":"es","potentialAction":[{"@type":"ReadAction","target":["https:\/\/www.aliadospuebla.com\/?p=97566"]}]},{"@type":"ImageObject","inLanguage":"es","@id":"https:\/\/www.aliadospuebla.com\/?p=97566#primaryimage","url":"https:\/\/www.aliadospuebla.com\/web2017\/wp-content\/uploads\/2024\/10\/1293.jpg","contentUrl":"https:\/\/www.aliadospuebla.com\/web2017\/wp-content\/uploads\/2024\/10\/1293.jpg","width":600,"height":450},{"@type":"BreadcrumbList","@id":"https:\/\/www.aliadospuebla.com\/?p=97566#breadcrumb","itemListElement":[{"@type":"ListItem","position":1,"name":"Portada","item":"https:\/\/www.aliadospuebla.com\/"},{"@type":"ListItem","position":2,"name":"Realiza Gobierno de Cholula foros de prevenci\u00f3n de C\u00e1ncer de Mama"}]},{"@type":"WebSite","@id":"https:\/\/www.aliadospuebla.com\/#website","url":"https:\/\/www.aliadospuebla.com\/","name":"AliadosPuebla","description":"La informaci\u00f3n en tus manos","potentialAction":[{"@type":"SearchAction","target":{"@type":"EntryPoint","urlTemplate":"https:\/\/www.aliadospuebla.com\/?s={search_term_string}"},"query-input":{"@type":"PropertyValueSpecification","valueRequired":true,"valueName":"search_term_string"}}],"inLanguage":"es"},{"@type":"Person","@id":"https:\/\/www.aliadospuebla.com\/#\/schema\/person\/5da7dd09320bd4f392b710017ed5f8ad","name":"Aliados17","image":{"@type":"ImageObject","inLanguage":"es","@id":"https:\/\/www.aliadospuebla.com\/web2017\/wp-content\/uploads\/2025\/03\/cropped-para-perfil-8-anos-1-96x96.jpg","url":"https:\/\/www.aliadospuebla.com\/web2017\/wp-content\/uploads\/2025\/03\/cropped-para-perfil-8-anos-1-96x96.jpg","contentUrl":"https:\/\/www.aliadospuebla.com\/web2017\/wp-content\/uploads\/2025\/03\/cropped-para-perfil-8-anos-1-96x96.jpg","caption":"Aliados17"},"sameAs":["https:\/\/www.aliados17.com","https:\/\/www.facebook.com\/Aliados17Pue","https:\/\/x.com\/AliadosPuebla"],"url":"https:\/\/www.aliadospuebla.com\/?author=2"}]}},"views":12,"_links":{"self":[{"href":"https:\/\/www.aliadospuebla.com\/index.php?rest_route=\/wp\/v2\/posts\/97566","targetHints":{"allow":["GET"]}}],"collection":[{"href":"https:\/\/www.aliadospuebla.com\/index.php?rest_route=\/wp\/v2\/posts"}],"about":[{"href":"https:\/\/www.aliadospuebla.com\/index.php?rest_route=\/wp\/v2\/types\/post"}],"author":[{"embeddable":true,"href":"https:\/\/www.aliadospuebla.com\/index.php?rest_route=\/wp\/v2\/users\/2"}],"replies":[{"embeddable":true,"href":"https:\/\/www.aliadospuebla.com\/index.php?rest_route=%2Fwp%2Fv2%2Fcomments&post=97566"}],"version-history":[{"count":1,"href":"https:\/\/www.aliadospuebla.com\/index.php?rest_route=\/wp\/v2\/posts\/97566\/revisions"}],"predecessor-version":[{"id":97568,"href":"https:\/\/www.aliadospuebla.com\/index.php?rest_route=\/wp\/v2\/posts\/97566\/revisions\/97568"}],"wp:featuredmedia":[{"embeddable":true,"href":"https:\/\/www.aliadospuebla.com\/index.php?rest_route=\/wp\/v2\/media\/97567"}],"wp:attachment":[{"href":"https:\/\/www.aliadospuebla.com\/index.php?rest_route=%2Fwp%2Fv2%2Fmedia&parent=97566"}],"wp:term":[{"taxonomy":"category","embeddable":true,"href":"https:\/\/www.aliadospuebla.com\/index.php?rest_route=%2Fwp%2Fv2%2Fcategories&post=97566"},{"taxonomy":"post_tag","embeddable":true,"href":"https:\/\/www.aliadospuebla.com\/index.php?rest_route=%2Fwp%2Fv2%2Ftags&post=97566"}],"curies":[{"name":"wp","href":"https:\/\/api.w.org\/{rel}","templated":true}]}}