{"id":97543,"date":"2024-10-29T07:39:02","date_gmt":"2024-10-29T13:39:02","guid":{"rendered":"https:\/\/www.aliados17.com\/?p=97543"},"modified":"2024-10-29T07:39:02","modified_gmt":"2024-10-29T13:39:02","slug":"el-pri-voto-a-favor-de-los-programas-sociales-y-lucha-para-que-lleguen-a-mas-personas","status":"publish","type":"post","link":"https:\/\/www.aliadospuebla.com\/?p=97543","title":{"rendered":"El PRI VOT\u00d3 A FAVOR DE LOS PROGRAMAS SOCIALES Y LUCHA PARA QUE LLEGUEN A M\u00c1S PERSONAS"},"content":{"rendered":"<p>La dirigencia del Comit\u00e9 Directivo Estatal (CDE) del PRI, encabezada por el senador N\u00e9stor Camarillo Medina y la diputada Delfina Pozos Vergara, anunci\u00f3 que el Grupo Parlamentario del PRI en la C\u00e1mara de Diputados, vot\u00f3 a favor de diversos programas sociales que benefician a las y los mexicanos.<br \/>\nLos adultos mayores podr\u00e1n recibir pensi\u00f3n desde los 65 a\u00f1os, sin embargo, los legisladores del PRI buscar\u00e1n reducir la edad a los 60 a\u00f1os, asimismo, estuvieron a favor de otorgar una pensi\u00f3n y rehabilitaci\u00f3n a las personas con discapacidad, apoyos directos a campesinos y pescadores, as\u00ed como establecer precios de garant\u00eda para productos b\u00e1sicos alimentarios.<br \/>\nEl PRI cre\u00f3 hist\u00f3ricamente los programas sociales en el siglo XX, impulsando el desarrollo de condiciones de vida dignas para sectores sociales desfavorecidos, y en el actual proceso de evoluci\u00f3n, apoyar\u00e1 las pol\u00edticas p\u00fablicas que permitan a m\u00e1s mexicanas y mexicanos salir adelante, contando con salud, educaci\u00f3n y vivienda, as\u00ed como fomentando la inversi\u00f3n para que la econom\u00eda crezca.<br \/>\nEl partido reafirma su compromiso con la ciudadan\u00eda mexicana de seguir impulsado todo aquello que le beneficie.<\/p>\n","protected":false},"excerpt":{"rendered":"<p>La dirigencia del Comit\u00e9 Directivo Estatal (CDE) del PRI, encabezada por el senador N\u00e9stor Camarillo Medina y la diputada Delfina Pozos Vergara, anunci\u00f3 que el Grupo Parlamentario del PRI en la C\u00e1mara de Diputados, vot\u00f3 a favor de diversos programas sociales que benefician a las y los mexicanos. Los adultos mayores podr\u00e1n recibir pensi\u00f3n desde los 65 a\u00f1os, sin embargo, los legisladores del PRI buscar\u00e1n reducir la edad a los 60 a\u00f1os, asimismo, estuvieron a favor de otorgar una pensi\u00f3n y rehabilitaci\u00f3n a las personas con discapacidad, apoyos directos a campesinos y pescadores, as\u00ed como establecer precios de garant\u00eda para productos b\u00e1sicos alimentarios. El PRI cre\u00f3 hist\u00f3ricamente los programas sociales en el siglo XX, impulsando el desarrollo de condiciones de vida dignas para sectores sociales&hellip;<\/p>\n<p class=\"excerpt-more\"><a class=\"blog-excerpt button\" href=\"https:\/\/www.aliadospuebla.com\/?p=97543\">Leer m\u00e1s&#8230;<\/a><\/p>\n","protected":false},"author":2,"featured_media":97544,"comment_status":"open","ping_status":"open","sticky":false,"template":"","format":"standard","meta":{"_monsterinsights_skip_tracking":false,"footnotes":""},"categories":[6],"tags":[24998,1278,24999,12869],"class_list":["post-97543","post","type-post","status-publish","format-standard","has-post-thumbnail","hentry","category-politica","tag-a-favor-de-los-programas-sociales","tag-adultos-mayores","tag-legisladores-del-pri","tag-nestor-camarillo-medina"],"yoast_head":"<!-- This site is optimized with the Yoast SEO plugin v28.4 - https:\/\/yoast.com\/product\/yoast-seo-wordpress\/ -->\n<title>El PRI VOT\u00d3 A FAVOR DE LOS PROGRAMAS SOCIALES Y LUCHA PARA QUE LLEGUEN A M\u00c1S PERSONAS - AliadosPuebla<\/title>\n<meta name=\"robots\" content=\"index, follow, max-snippet:-1, max-image-preview:large, max-video-preview:-1\" \/>\n<link rel=\"canonical\" href=\"https:\/\/www.aliadospuebla.com\/?p=97543\" \/>\n<meta property=\"og:locale\" content=\"es_ES\" \/>\n<meta property=\"og:type\" content=\"article\" \/>\n<meta property=\"og:title\" content=\"El PRI VOT\u00d3 A FAVOR DE LOS PROGRAMAS SOCIALES Y LUCHA PARA QUE LLEGUEN A M\u00c1S PERSONAS - AliadosPuebla\" \/>\n<meta property=\"og:description\" content=\"La dirigencia del Comit\u00e9 Directivo Estatal (CDE) del PRI, encabezada por el senador N\u00e9stor Camarillo Medina y la diputada Delfina Pozos Vergara, anunci\u00f3 que el Grupo Parlamentario del PRI en la C\u00e1mara de Diputados, vot\u00f3 a favor de diversos programas sociales que benefician a las y los mexicanos. Los adultos mayores podr\u00e1n recibir pensi\u00f3n desde los 65 a\u00f1os, sin embargo, los legisladores del PRI buscar\u00e1n reducir la edad a los 60 a\u00f1os, asimismo, estuvieron a favor de otorgar una pensi\u00f3n y rehabilitaci\u00f3n a las personas con discapacidad, apoyos directos a campesinos y pescadores, as\u00ed como establecer precios de garant\u00eda para productos b\u00e1sicos alimentarios. El PRI cre\u00f3 hist\u00f3ricamente los programas sociales en el siglo XX, impulsando el desarrollo de condiciones de vida dignas para sectores sociales&hellip;Leer m\u00e1s...\" \/>\n<meta property=\"og:url\" content=\"https:\/\/www.aliadospuebla.com\/?p=97543\" \/>\n<meta property=\"og:site_name\" content=\"AliadosPuebla\" \/>\n<meta property=\"article:author\" content=\"https:\/\/www.facebook.com\/Aliados17Pue\" \/>\n<meta property=\"article:published_time\" content=\"2024-10-29T13:39:02+00:00\" \/>\n<meta property=\"og:image\" content=\"https:\/\/www.aliadospuebla.com\/web2017\/wp-content\/uploads\/2024\/10\/1287.jpg\" \/>\n\t<meta property=\"og:image:width\" content=\"600\" \/>\n\t<meta property=\"og:image:height\" content=\"450\" \/>\n\t<meta property=\"og:image:type\" content=\"image\/jpeg\" \/>\n<meta name=\"author\" content=\"Aliados17\" \/>\n<meta name=\"twitter:card\" content=\"summary_large_image\" \/>\n<meta name=\"twitter:creator\" content=\"@AliadosPuebla\" \/>\n<meta name=\"twitter:label1\" content=\"Escrito por\" \/>\n\t<meta name=\"twitter:data1\" content=\"Aliados17\" \/>\n\t<meta name=\"twitter:label2\" content=\"Tiempo de lectura\" \/>\n\t<meta name=\"twitter:data2\" content=\"1 minuto\" \/>\n<script type=\"application\/ld+json\" class=\"yoast-schema-graph\">{\"@context\":\"https:\\\/\\\/schema.org\",\"@graph\":[{\"@type\":\"Article\",\"@id\":\"https:\\\/\\\/www.aliadospuebla.com\\\/?p=97543#article\",\"isPartOf\":{\"@id\":\"https:\\\/\\\/www.aliadospuebla.com\\\/?p=97543\"},\"author\":{\"name\":\"Aliados17\",\"@id\":\"https:\\\/\\\/www.aliadospuebla.com\\\/#\\\/schema\\\/person\\\/5da7dd09320bd4f392b710017ed5f8ad\"},\"headline\":\"El PRI VOT\u00d3 A FAVOR DE LOS PROGRAMAS SOCIALES Y LUCHA PARA QUE LLEGUEN A M\u00c1S PERSONAS\",\"datePublished\":\"2024-10-29T13:39:02+00:00\",\"mainEntityOfPage\":{\"@id\":\"https:\\\/\\\/www.aliadospuebla.com\\\/?p=97543\"},\"wordCount\":215,\"commentCount\":0,\"image\":{\"@id\":\"https:\\\/\\\/www.aliadospuebla.com\\\/?p=97543#primaryimage\"},\"thumbnailUrl\":\"https:\\\/\\\/www.aliadospuebla.com\\\/web2017\\\/wp-content\\\/uploads\\\/2024\\\/10\\\/1287.jpg\",\"keywords\":[\"A FAVOR DE LOS PROGRAMAS SOCIALES\",\"ADULTOS MAYORES\",\"legisladores del PRI\",\"N\u00e9stor Camarillo Medina\"],\"articleSection\":[\"Pol\u00edtica\"],\"inLanguage\":\"es\",\"potentialAction\":[{\"@type\":\"CommentAction\",\"name\":\"Comment\",\"target\":[\"https:\\\/\\\/www.aliadospuebla.com\\\/?p=97543#respond\"]}]},{\"@type\":\"WebPage\",\"@id\":\"https:\\\/\\\/www.aliadospuebla.com\\\/?p=97543\",\"url\":\"https:\\\/\\\/www.aliadospuebla.com\\\/?p=97543\",\"name\":\"El PRI VOT\u00d3 A FAVOR DE LOS PROGRAMAS SOCIALES Y LUCHA PARA QUE LLEGUEN A M\u00c1S PERSONAS - AliadosPuebla\",\"isPartOf\":{\"@id\":\"https:\\\/\\\/www.aliadospuebla.com\\\/#website\"},\"primaryImageOfPage\":{\"@id\":\"https:\\\/\\\/www.aliadospuebla.com\\\/?p=97543#primaryimage\"},\"image\":{\"@id\":\"https:\\\/\\\/www.aliadospuebla.com\\\/?p=97543#primaryimage\"},\"thumbnailUrl\":\"https:\\\/\\\/www.aliadospuebla.com\\\/web2017\\\/wp-content\\\/uploads\\\/2024\\\/10\\\/1287.jpg\",\"datePublished\":\"2024-10-29T13:39:02+00:00\",\"author\":{\"@id\":\"https:\\\/\\\/www.aliadospuebla.com\\\/#\\\/schema\\\/person\\\/5da7dd09320bd4f392b710017ed5f8ad\"},\"breadcrumb\":{\"@id\":\"https:\\\/\\\/www.aliadospuebla.com\\\/?p=97543#breadcrumb\"},\"inLanguage\":\"es\",\"potentialAction\":[{\"@type\":\"ReadAction\",\"target\":[\"https:\\\/\\\/www.aliadospuebla.com\\\/?p=97543\"]}]},{\"@type\":\"ImageObject\",\"inLanguage\":\"es\",\"@id\":\"https:\\\/\\\/www.aliadospuebla.com\\\/?p=97543#primaryimage\",\"url\":\"https:\\\/\\\/www.aliadospuebla.com\\\/web2017\\\/wp-content\\\/uploads\\\/2024\\\/10\\\/1287.jpg\",\"contentUrl\":\"https:\\\/\\\/www.aliadospuebla.com\\\/web2017\\\/wp-content\\\/uploads\\\/2024\\\/10\\\/1287.jpg\",\"width\":600,\"height\":450},{\"@type\":\"BreadcrumbList\",\"@id\":\"https:\\\/\\\/www.aliadospuebla.com\\\/?p=97543#breadcrumb\",\"itemListElement\":[{\"@type\":\"ListItem\",\"position\":1,\"name\":\"Portada\",\"item\":\"https:\\\/\\\/www.aliadospuebla.com\\\/\"},{\"@type\":\"ListItem\",\"position\":2,\"name\":\"El PRI VOT\u00d3 A FAVOR DE LOS PROGRAMAS SOCIALES Y LUCHA PARA QUE LLEGUEN A M\u00c1S PERSONAS\"}]},{\"@type\":\"WebSite\",\"@id\":\"https:\\\/\\\/www.aliadospuebla.com\\\/#website\",\"url\":\"https:\\\/\\\/www.aliadospuebla.com\\\/\",\"name\":\"AliadosPuebla\",\"description\":\"La informaci\u00f3n en tus manos\",\"potentialAction\":[{\"@type\":\"SearchAction\",\"target\":{\"@type\":\"EntryPoint\",\"urlTemplate\":\"https:\\\/\\\/www.aliadospuebla.com\\\/?s={search_term_string}\"},\"query-input\":{\"@type\":\"PropertyValueSpecification\",\"valueRequired\":true,\"valueName\":\"search_term_string\"}}],\"inLanguage\":\"es\"},{\"@type\":\"Person\",\"@id\":\"https:\\\/\\\/www.aliadospuebla.com\\\/#\\\/schema\\\/person\\\/5da7dd09320bd4f392b710017ed5f8ad\",\"name\":\"Aliados17\",\"image\":{\"@type\":\"ImageObject\",\"inLanguage\":\"es\",\"@id\":\"https:\\\/\\\/www.aliadospuebla.com\\\/web2017\\\/wp-content\\\/uploads\\\/2025\\\/03\\\/cropped-para-perfil-8-anos-1-96x96.jpg\",\"url\":\"https:\\\/\\\/www.aliadospuebla.com\\\/web2017\\\/wp-content\\\/uploads\\\/2025\\\/03\\\/cropped-para-perfil-8-anos-1-96x96.jpg\",\"contentUrl\":\"https:\\\/\\\/www.aliadospuebla.com\\\/web2017\\\/wp-content\\\/uploads\\\/2025\\\/03\\\/cropped-para-perfil-8-anos-1-96x96.jpg\",\"caption\":\"Aliados17\"},\"sameAs\":[\"https:\\\/\\\/www.aliados17.com\",\"https:\\\/\\\/www.facebook.com\\\/Aliados17Pue\",\"https:\\\/\\\/x.com\\\/AliadosPuebla\"],\"url\":\"https:\\\/\\\/www.aliadospuebla.com\\\/?author=2\"}]}<\/script>\n<!-- \/ Yoast SEO plugin. -->","yoast_head_json":{"title":"El PRI VOT\u00d3 A FAVOR DE LOS PROGRAMAS SOCIALES Y LUCHA PARA QUE LLEGUEN A M\u00c1S PERSONAS - AliadosPuebla","robots":{"index":"index","follow":"follow","max-snippet":"max-snippet:-1","max-image-preview":"max-image-preview:large","max-video-preview":"max-video-preview:-1"},"canonical":"https:\/\/www.aliadospuebla.com\/?p=97543","og_locale":"es_ES","og_type":"article","og_title":"El PRI VOT\u00d3 A FAVOR DE LOS PROGRAMAS SOCIALES Y LUCHA PARA QUE LLEGUEN A M\u00c1S PERSONAS - AliadosPuebla","og_description":"La dirigencia del Comit\u00e9 Directivo Estatal (CDE) del PRI, encabezada por el senador N\u00e9stor Camarillo Medina y la diputada Delfina Pozos Vergara, anunci\u00f3 que el Grupo Parlamentario del PRI en la C\u00e1mara de Diputados, vot\u00f3 a favor de diversos programas sociales que benefician a las y los mexicanos. Los adultos mayores podr\u00e1n recibir pensi\u00f3n desde los 65 a\u00f1os, sin embargo, los legisladores del PRI buscar\u00e1n reducir la edad a los 60 a\u00f1os, asimismo, estuvieron a favor de otorgar una pensi\u00f3n y rehabilitaci\u00f3n a las personas con discapacidad, apoyos directos a campesinos y pescadores, as\u00ed como establecer precios de garant\u00eda para productos b\u00e1sicos alimentarios. El PRI cre\u00f3 hist\u00f3ricamente los programas sociales en el siglo XX, impulsando el desarrollo de condiciones de vida dignas para sectores sociales&hellip;Leer m\u00e1s...","og_url":"https:\/\/www.aliadospuebla.com\/?p=97543","og_site_name":"AliadosPuebla","article_author":"https:\/\/www.facebook.com\/Aliados17Pue","article_published_time":"2024-10-29T13:39:02+00:00","og_image":[{"width":600,"height":450,"url":"https:\/\/www.aliadospuebla.com\/web2017\/wp-content\/uploads\/2024\/10\/1287.jpg","type":"image\/jpeg"}],"author":"Aliados17","twitter_card":"summary_large_image","twitter_creator":"@AliadosPuebla","twitter_misc":{"Escrito por":"Aliados17","Tiempo de lectura":"1 minuto"},"schema":{"@context":"https:\/\/schema.org","@graph":[{"@type":"Article","@id":"https:\/\/www.aliadospuebla.com\/?p=97543#article","isPartOf":{"@id":"https:\/\/www.aliadospuebla.com\/?p=97543"},"author":{"name":"Aliados17","@id":"https:\/\/www.aliadospuebla.com\/#\/schema\/person\/5da7dd09320bd4f392b710017ed5f8ad"},"headline":"El PRI VOT\u00d3 A FAVOR DE LOS PROGRAMAS SOCIALES Y LUCHA PARA QUE LLEGUEN A M\u00c1S PERSONAS","datePublished":"2024-10-29T13:39:02+00:00","mainEntityOfPage":{"@id":"https:\/\/www.aliadospuebla.com\/?p=97543"},"wordCount":215,"commentCount":0,"image":{"@id":"https:\/\/www.aliadospuebla.com\/?p=97543#primaryimage"},"thumbnailUrl":"https:\/\/www.aliadospuebla.com\/web2017\/wp-content\/uploads\/2024\/10\/1287.jpg","keywords":["A FAVOR DE LOS PROGRAMAS SOCIALES","ADULTOS MAYORES","legisladores del PRI","N\u00e9stor Camarillo Medina"],"articleSection":["Pol\u00edtica"],"inLanguage":"es","potentialAction":[{"@type":"CommentAction","name":"Comment","target":["https:\/\/www.aliadospuebla.com\/?p=97543#respond"]}]},{"@type":"WebPage","@id":"https:\/\/www.aliadospuebla.com\/?p=97543","url":"https:\/\/www.aliadospuebla.com\/?p=97543","name":"El PRI VOT\u00d3 A FAVOR DE LOS PROGRAMAS SOCIALES Y LUCHA PARA QUE LLEGUEN A M\u00c1S PERSONAS - AliadosPuebla","isPartOf":{"@id":"https:\/\/www.aliadospuebla.com\/#website"},"primaryImageOfPage":{"@id":"https:\/\/www.aliadospuebla.com\/?p=97543#primaryimage"},"image":{"@id":"https:\/\/www.aliadospuebla.com\/?p=97543#primaryimage"},"thumbnailUrl":"https:\/\/www.aliadospuebla.com\/web2017\/wp-content\/uploads\/2024\/10\/1287.jpg","datePublished":"2024-10-29T13:39:02+00:00","author":{"@id":"https:\/\/www.aliadospuebla.com\/#\/schema\/person\/5da7dd09320bd4f392b710017ed5f8ad"},"breadcrumb":{"@id":"https:\/\/www.aliadospuebla.com\/?p=97543#breadcrumb"},"inLanguage":"es","potentialAction":[{"@type":"ReadAction","target":["https:\/\/www.aliadospuebla.com\/?p=97543"]}]},{"@type":"ImageObject","inLanguage":"es","@id":"https:\/\/www.aliadospuebla.com\/?p=97543#primaryimage","url":"https:\/\/www.aliadospuebla.com\/web2017\/wp-content\/uploads\/2024\/10\/1287.jpg","contentUrl":"https:\/\/www.aliadospuebla.com\/web2017\/wp-content\/uploads\/2024\/10\/1287.jpg","width":600,"height":450},{"@type":"BreadcrumbList","@id":"https:\/\/www.aliadospuebla.com\/?p=97543#breadcrumb","itemListElement":[{"@type":"ListItem","position":1,"name":"Portada","item":"https:\/\/www.aliadospuebla.com\/"},{"@type":"ListItem","position":2,"name":"El PRI VOT\u00d3 A FAVOR DE LOS PROGRAMAS SOCIALES Y LUCHA PARA QUE LLEGUEN A M\u00c1S PERSONAS"}]},{"@type":"WebSite","@id":"https:\/\/www.aliadospuebla.com\/#website","url":"https:\/\/www.aliadospuebla.com\/","name":"AliadosPuebla","description":"La informaci\u00f3n en tus manos","potentialAction":[{"@type":"SearchAction","target":{"@type":"EntryPoint","urlTemplate":"https:\/\/www.aliadospuebla.com\/?s={search_term_string}"},"query-input":{"@type":"PropertyValueSpecification","valueRequired":true,"valueName":"search_term_string"}}],"inLanguage":"es"},{"@type":"Person","@id":"https:\/\/www.aliadospuebla.com\/#\/schema\/person\/5da7dd09320bd4f392b710017ed5f8ad","name":"Aliados17","image":{"@type":"ImageObject","inLanguage":"es","@id":"https:\/\/www.aliadospuebla.com\/web2017\/wp-content\/uploads\/2025\/03\/cropped-para-perfil-8-anos-1-96x96.jpg","url":"https:\/\/www.aliadospuebla.com\/web2017\/wp-content\/uploads\/2025\/03\/cropped-para-perfil-8-anos-1-96x96.jpg","contentUrl":"https:\/\/www.aliadospuebla.com\/web2017\/wp-content\/uploads\/2025\/03\/cropped-para-perfil-8-anos-1-96x96.jpg","caption":"Aliados17"},"sameAs":["https:\/\/www.aliados17.com","https:\/\/www.facebook.com\/Aliados17Pue","https:\/\/x.com\/AliadosPuebla"],"url":"https:\/\/www.aliadospuebla.com\/?author=2"}]}},"views":10,"_links":{"self":[{"href":"https:\/\/www.aliadospuebla.com\/index.php?rest_route=\/wp\/v2\/posts\/97543","targetHints":{"allow":["GET"]}}],"collection":[{"href":"https:\/\/www.aliadospuebla.com\/index.php?rest_route=\/wp\/v2\/posts"}],"about":[{"href":"https:\/\/www.aliadospuebla.com\/index.php?rest_route=\/wp\/v2\/types\/post"}],"author":[{"embeddable":true,"href":"https:\/\/www.aliadospuebla.com\/index.php?rest_route=\/wp\/v2\/users\/2"}],"replies":[{"embeddable":true,"href":"https:\/\/www.aliadospuebla.com\/index.php?rest_route=%2Fwp%2Fv2%2Fcomments&post=97543"}],"version-history":[{"count":1,"href":"https:\/\/www.aliadospuebla.com\/index.php?rest_route=\/wp\/v2\/posts\/97543\/revisions"}],"predecessor-version":[{"id":97545,"href":"https:\/\/www.aliadospuebla.com\/index.php?rest_route=\/wp\/v2\/posts\/97543\/revisions\/97545"}],"wp:featuredmedia":[{"embeddable":true,"href":"https:\/\/www.aliadospuebla.com\/index.php?rest_route=\/wp\/v2\/media\/97544"}],"wp:attachment":[{"href":"https:\/\/www.aliadospuebla.com\/index.php?rest_route=%2Fwp%2Fv2%2Fmedia&parent=97543"}],"wp:term":[{"taxonomy":"category","embeddable":true,"href":"https:\/\/www.aliadospuebla.com\/index.php?rest_route=%2Fwp%2Fv2%2Fcategories&post=97543"},{"taxonomy":"post_tag","embeddable":true,"href":"https:\/\/www.aliadospuebla.com\/index.php?rest_route=%2Fwp%2Fv2%2Ftags&post=97543"}],"curies":[{"name":"wp","href":"https:\/\/api.w.org\/{rel}","templated":true}]}}