{"id":97525,"date":"2024-10-28T20:38:45","date_gmt":"2024-10-29T02:38:45","guid":{"rendered":"https:\/\/www.aliados17.com\/?p=97525"},"modified":"2024-10-28T20:38:45","modified_gmt":"2024-10-29T02:38:45","slug":"se-reune-gobierno-de-cholula-con-el-cluster-economico-cultural-y-turistico-de-cholula-a-c","status":"publish","type":"post","link":"https:\/\/www.aliadospuebla.com\/?p=97525","title":{"rendered":"Se re\u00fane Gobierno de Cholula con el Cluster Econ\u00f3mico Cultural y Tur\u00edstico de Cholula A.C"},"content":{"rendered":"<h4>La presidenta municipal afirm\u00f3 que su gobierno ser\u00e1 de puertas abiertas para todo aquel que ame a San Pedro Cholula<\/h4>\n<p>San Pedro Cholula, Puebla.- A fin de conocer proyectos que tengan como com\u00fan denominador<\/p>\n<p>la detonaci\u00f3n del turismo y la cultura en San Pedro Cholula, la presidenta municipal,<\/p>\n<p>Tonantzin Fern\u00e1ndez, se reuni\u00f3 con miembros del Cluster Econ\u00f3mico Cultural y Tur\u00edstico de Cholula A.C.<\/p>\n<p>Ra\u00fal Angulo, director del Cluster; Isauro L\u00f3pez, tesorero; as\u00ed como vocales,<\/p>\n<p>administrativos y aliados del mismo presentaron las protecciones que tienen para la regi\u00f3n de las Cholulas<\/p>\n<p>y en espec\u00edfico para San Pedro, dividi\u00e9ndolo en 4 puntos: Ciudad Mural, Ciudad Museo,<\/p>\n<p>Noches Prehisp\u00e1nicas y el Andador Peatonal Milenario.<\/p>\n<p>En respuesta, Tonantzin Fern\u00e1ndez afirm\u00f3 que uno de los principales retos<\/p>\n<p>de su administraci\u00f3n es la promoci\u00f3n de las tradiciones y culturas del municipio,<\/p>\n<p>a fin de atraer al turismo local, nacional e internacional y generar derrama econ\u00f3mica para las familias cholultecas.<\/p>\n<p>Asimismo, coment\u00f3 que el rescate de las tradiciones y espacios hist\u00f3ricos ubicados en el municipio ser\u00e1n ejes claves para lograr dicho cometido, aunado a la sinergia de este tipo de asociaciones con el Gobierno Municipal.<\/p>\n<p>Finalmente, agradeci\u00f3 este acercamiento y reafirm\u00f3 que su gobierno ser\u00e1 de puertas abiertas para todos aquellos que amen a San Pedro Cholula, por ello, asever\u00f3 que, en pr\u00f3ximas reuniones, se contar\u00e1 con su equipo de trabajo y el resto de los miembros del Cluster para analizar su pronta implementaci\u00f3n.<\/p>\n","protected":false},"excerpt":{"rendered":"<p>La presidenta municipal afirm\u00f3 que su gobierno ser\u00e1 de puertas abiertas para todo aquel que ame a San Pedro Cholula San Pedro Cholula, Puebla.- A fin de conocer proyectos que tengan como com\u00fan denominador la detonaci\u00f3n del turismo y la cultura en San Pedro Cholula, la presidenta municipal, Tonantzin Fern\u00e1ndez, se reuni\u00f3 con miembros del Cluster Econ\u00f3mico Cultural y Tur\u00edstico de Cholula A.C. Ra\u00fal Angulo, director del Cluster; Isauro L\u00f3pez, tesorero; as\u00ed como vocales, administrativos y aliados del mismo presentaron las protecciones que tienen para la regi\u00f3n de las Cholulas y en espec\u00edfico para San Pedro, dividi\u00e9ndolo en 4 puntos: Ciudad Mural, Ciudad Museo, Noches Prehisp\u00e1nicas y el Andador Peatonal Milenario. En respuesta, Tonantzin Fern\u00e1ndez afirm\u00f3 que uno de los principales retos de su administraci\u00f3n&hellip;<\/p>\n<p class=\"excerpt-more\"><a class=\"blog-excerpt button\" href=\"https:\/\/www.aliadospuebla.com\/?p=97525\">Leer m\u00e1s&#8230;<\/a><\/p>\n","protected":false},"author":2,"featured_media":97526,"comment_status":"open","ping_status":"open","sticky":false,"template":"","format":"standard","meta":{"_monsterinsights_skip_tracking":false,"footnotes":""},"categories":[4],"tags":[24985,14303,24986,387,7394],"class_list":["post-97525","post","type-post","status-publish","format-standard","has-post-thumbnail","hentry","category-municipios","tag-cluster-economico-cultural-y-turistico-de-cholula-a-c","tag-gobierno-de-cholula","tag-noches-prehispanicas","tag-san-pedro-cholula","tag-tonantzin-fernandez"],"yoast_head":"<!-- This site is optimized with the Yoast SEO plugin v28.4 - https:\/\/yoast.com\/product\/yoast-seo-wordpress\/ -->\n<title>Se re\u00fane Gobierno de Cholula con el Cluster Econ\u00f3mico Cultural y Tur\u00edstico de Cholula A.C - AliadosPuebla<\/title>\n<meta name=\"robots\" content=\"index, follow, max-snippet:-1, max-image-preview:large, max-video-preview:-1\" \/>\n<link rel=\"canonical\" href=\"https:\/\/www.aliadospuebla.com\/?p=97525\" \/>\n<meta property=\"og:locale\" content=\"es_ES\" \/>\n<meta property=\"og:type\" content=\"article\" \/>\n<meta property=\"og:title\" content=\"Se re\u00fane Gobierno de Cholula con el Cluster Econ\u00f3mico Cultural y Tur\u00edstico de Cholula A.C - AliadosPuebla\" \/>\n<meta property=\"og:description\" content=\"La presidenta municipal afirm\u00f3 que su gobierno ser\u00e1 de puertas abiertas para todo aquel que ame a San Pedro Cholula San Pedro Cholula, Puebla.- A fin de conocer proyectos que tengan como com\u00fan denominador la detonaci\u00f3n del turismo y la cultura en San Pedro Cholula, la presidenta municipal, Tonantzin Fern\u00e1ndez, se reuni\u00f3 con miembros del Cluster Econ\u00f3mico Cultural y Tur\u00edstico de Cholula A.C. Ra\u00fal Angulo, director del Cluster; Isauro L\u00f3pez, tesorero; as\u00ed como vocales, administrativos y aliados del mismo presentaron las protecciones que tienen para la regi\u00f3n de las Cholulas y en espec\u00edfico para San Pedro, dividi\u00e9ndolo en 4 puntos: Ciudad Mural, Ciudad Museo, Noches Prehisp\u00e1nicas y el Andador Peatonal Milenario. En respuesta, Tonantzin Fern\u00e1ndez afirm\u00f3 que uno de los principales retos de su administraci\u00f3n&hellip;Leer m\u00e1s...\" \/>\n<meta property=\"og:url\" content=\"https:\/\/www.aliadospuebla.com\/?p=97525\" \/>\n<meta property=\"og:site_name\" content=\"AliadosPuebla\" \/>\n<meta property=\"article:author\" content=\"https:\/\/www.facebook.com\/Aliados17Pue\" \/>\n<meta property=\"article:published_time\" content=\"2024-10-29T02:38:45+00:00\" \/>\n<meta property=\"og:image\" content=\"https:\/\/www.aliadospuebla.com\/web2017\/wp-content\/uploads\/2024\/10\/1281.jpg\" \/>\n\t<meta property=\"og:image:width\" content=\"600\" \/>\n\t<meta property=\"og:image:height\" content=\"450\" \/>\n\t<meta property=\"og:image:type\" content=\"image\/jpeg\" \/>\n<meta name=\"author\" content=\"Aliados17\" \/>\n<meta name=\"twitter:card\" content=\"summary_large_image\" \/>\n<meta name=\"twitter:creator\" content=\"@AliadosPuebla\" \/>\n<meta name=\"twitter:label1\" content=\"Escrito por\" \/>\n\t<meta name=\"twitter:data1\" content=\"Aliados17\" \/>\n\t<meta name=\"twitter:label2\" content=\"Tiempo de lectura\" \/>\n\t<meta name=\"twitter:data2\" content=\"2 minutos\" \/>\n<script type=\"application\/ld+json\" class=\"yoast-schema-graph\">{\"@context\":\"https:\\\/\\\/schema.org\",\"@graph\":[{\"@type\":\"Article\",\"@id\":\"https:\\\/\\\/www.aliadospuebla.com\\\/?p=97525#article\",\"isPartOf\":{\"@id\":\"https:\\\/\\\/www.aliadospuebla.com\\\/?p=97525\"},\"author\":{\"name\":\"Aliados17\",\"@id\":\"https:\\\/\\\/www.aliadospuebla.com\\\/#\\\/schema\\\/person\\\/5da7dd09320bd4f392b710017ed5f8ad\"},\"headline\":\"Se re\u00fane Gobierno de Cholula con el Cluster Econ\u00f3mico Cultural y Tur\u00edstico de Cholula A.C\",\"datePublished\":\"2024-10-29T02:38:45+00:00\",\"mainEntityOfPage\":{\"@id\":\"https:\\\/\\\/www.aliadospuebla.com\\\/?p=97525\"},\"wordCount\":276,\"commentCount\":0,\"image\":{\"@id\":\"https:\\\/\\\/www.aliadospuebla.com\\\/?p=97525#primaryimage\"},\"thumbnailUrl\":\"https:\\\/\\\/www.aliadospuebla.com\\\/web2017\\\/wp-content\\\/uploads\\\/2024\\\/10\\\/1281.jpg\",\"keywords\":[\"Cluster Econ\u00f3mico Cultural y Tur\u00edstico de Cholula A.C\",\"Gobierno de Cholula\",\"Noches Prehisp\u00e1nicas\",\"SAN PEDRO CHOLULA\",\"TONANTZIN FERN\u00c1NDEZ\"],\"articleSection\":[\"Municipios\"],\"inLanguage\":\"es\",\"potentialAction\":[{\"@type\":\"CommentAction\",\"name\":\"Comment\",\"target\":[\"https:\\\/\\\/www.aliadospuebla.com\\\/?p=97525#respond\"]}]},{\"@type\":\"WebPage\",\"@id\":\"https:\\\/\\\/www.aliadospuebla.com\\\/?p=97525\",\"url\":\"https:\\\/\\\/www.aliadospuebla.com\\\/?p=97525\",\"name\":\"Se re\u00fane Gobierno de Cholula con el Cluster Econ\u00f3mico Cultural y Tur\u00edstico de Cholula A.C - AliadosPuebla\",\"isPartOf\":{\"@id\":\"https:\\\/\\\/www.aliadospuebla.com\\\/#website\"},\"primaryImageOfPage\":{\"@id\":\"https:\\\/\\\/www.aliadospuebla.com\\\/?p=97525#primaryimage\"},\"image\":{\"@id\":\"https:\\\/\\\/www.aliadospuebla.com\\\/?p=97525#primaryimage\"},\"thumbnailUrl\":\"https:\\\/\\\/www.aliadospuebla.com\\\/web2017\\\/wp-content\\\/uploads\\\/2024\\\/10\\\/1281.jpg\",\"datePublished\":\"2024-10-29T02:38:45+00:00\",\"author\":{\"@id\":\"https:\\\/\\\/www.aliadospuebla.com\\\/#\\\/schema\\\/person\\\/5da7dd09320bd4f392b710017ed5f8ad\"},\"breadcrumb\":{\"@id\":\"https:\\\/\\\/www.aliadospuebla.com\\\/?p=97525#breadcrumb\"},\"inLanguage\":\"es\",\"potentialAction\":[{\"@type\":\"ReadAction\",\"target\":[\"https:\\\/\\\/www.aliadospuebla.com\\\/?p=97525\"]}]},{\"@type\":\"ImageObject\",\"inLanguage\":\"es\",\"@id\":\"https:\\\/\\\/www.aliadospuebla.com\\\/?p=97525#primaryimage\",\"url\":\"https:\\\/\\\/www.aliadospuebla.com\\\/web2017\\\/wp-content\\\/uploads\\\/2024\\\/10\\\/1281.jpg\",\"contentUrl\":\"https:\\\/\\\/www.aliadospuebla.com\\\/web2017\\\/wp-content\\\/uploads\\\/2024\\\/10\\\/1281.jpg\",\"width\":600,\"height\":450},{\"@type\":\"BreadcrumbList\",\"@id\":\"https:\\\/\\\/www.aliadospuebla.com\\\/?p=97525#breadcrumb\",\"itemListElement\":[{\"@type\":\"ListItem\",\"position\":1,\"name\":\"Portada\",\"item\":\"https:\\\/\\\/www.aliadospuebla.com\\\/\"},{\"@type\":\"ListItem\",\"position\":2,\"name\":\"Se re\u00fane Gobierno de Cholula con el Cluster Econ\u00f3mico Cultural y Tur\u00edstico de Cholula A.C\"}]},{\"@type\":\"WebSite\",\"@id\":\"https:\\\/\\\/www.aliadospuebla.com\\\/#website\",\"url\":\"https:\\\/\\\/www.aliadospuebla.com\\\/\",\"name\":\"AliadosPuebla\",\"description\":\"La informaci\u00f3n en tus manos\",\"potentialAction\":[{\"@type\":\"SearchAction\",\"target\":{\"@type\":\"EntryPoint\",\"urlTemplate\":\"https:\\\/\\\/www.aliadospuebla.com\\\/?s={search_term_string}\"},\"query-input\":{\"@type\":\"PropertyValueSpecification\",\"valueRequired\":true,\"valueName\":\"search_term_string\"}}],\"inLanguage\":\"es\"},{\"@type\":\"Person\",\"@id\":\"https:\\\/\\\/www.aliadospuebla.com\\\/#\\\/schema\\\/person\\\/5da7dd09320bd4f392b710017ed5f8ad\",\"name\":\"Aliados17\",\"image\":{\"@type\":\"ImageObject\",\"inLanguage\":\"es\",\"@id\":\"https:\\\/\\\/www.aliadospuebla.com\\\/web2017\\\/wp-content\\\/uploads\\\/2025\\\/03\\\/cropped-para-perfil-8-anos-1-96x96.jpg\",\"url\":\"https:\\\/\\\/www.aliadospuebla.com\\\/web2017\\\/wp-content\\\/uploads\\\/2025\\\/03\\\/cropped-para-perfil-8-anos-1-96x96.jpg\",\"contentUrl\":\"https:\\\/\\\/www.aliadospuebla.com\\\/web2017\\\/wp-content\\\/uploads\\\/2025\\\/03\\\/cropped-para-perfil-8-anos-1-96x96.jpg\",\"caption\":\"Aliados17\"},\"sameAs\":[\"https:\\\/\\\/www.aliados17.com\",\"https:\\\/\\\/www.facebook.com\\\/Aliados17Pue\",\"https:\\\/\\\/x.com\\\/AliadosPuebla\"],\"url\":\"https:\\\/\\\/www.aliadospuebla.com\\\/?author=2\"}]}<\/script>\n<!-- \/ Yoast SEO plugin. -->","yoast_head_json":{"title":"Se re\u00fane Gobierno de Cholula con el Cluster Econ\u00f3mico Cultural y Tur\u00edstico de Cholula A.C - AliadosPuebla","robots":{"index":"index","follow":"follow","max-snippet":"max-snippet:-1","max-image-preview":"max-image-preview:large","max-video-preview":"max-video-preview:-1"},"canonical":"https:\/\/www.aliadospuebla.com\/?p=97525","og_locale":"es_ES","og_type":"article","og_title":"Se re\u00fane Gobierno de Cholula con el Cluster Econ\u00f3mico Cultural y Tur\u00edstico de Cholula A.C - AliadosPuebla","og_description":"La presidenta municipal afirm\u00f3 que su gobierno ser\u00e1 de puertas abiertas para todo aquel que ame a San Pedro Cholula San Pedro Cholula, Puebla.- A fin de conocer proyectos que tengan como com\u00fan denominador la detonaci\u00f3n del turismo y la cultura en San Pedro Cholula, la presidenta municipal, Tonantzin Fern\u00e1ndez, se reuni\u00f3 con miembros del Cluster Econ\u00f3mico Cultural y Tur\u00edstico de Cholula A.C. Ra\u00fal Angulo, director del Cluster; Isauro L\u00f3pez, tesorero; as\u00ed como vocales, administrativos y aliados del mismo presentaron las protecciones que tienen para la regi\u00f3n de las Cholulas y en espec\u00edfico para San Pedro, dividi\u00e9ndolo en 4 puntos: Ciudad Mural, Ciudad Museo, Noches Prehisp\u00e1nicas y el Andador Peatonal Milenario. En respuesta, Tonantzin Fern\u00e1ndez afirm\u00f3 que uno de los principales retos de su administraci\u00f3n&hellip;Leer m\u00e1s...","og_url":"https:\/\/www.aliadospuebla.com\/?p=97525","og_site_name":"AliadosPuebla","article_author":"https:\/\/www.facebook.com\/Aliados17Pue","article_published_time":"2024-10-29T02:38:45+00:00","og_image":[{"width":600,"height":450,"url":"https:\/\/www.aliadospuebla.com\/web2017\/wp-content\/uploads\/2024\/10\/1281.jpg","type":"image\/jpeg"}],"author":"Aliados17","twitter_card":"summary_large_image","twitter_creator":"@AliadosPuebla","twitter_misc":{"Escrito por":"Aliados17","Tiempo de lectura":"2 minutos"},"schema":{"@context":"https:\/\/schema.org","@graph":[{"@type":"Article","@id":"https:\/\/www.aliadospuebla.com\/?p=97525#article","isPartOf":{"@id":"https:\/\/www.aliadospuebla.com\/?p=97525"},"author":{"name":"Aliados17","@id":"https:\/\/www.aliadospuebla.com\/#\/schema\/person\/5da7dd09320bd4f392b710017ed5f8ad"},"headline":"Se re\u00fane Gobierno de Cholula con el Cluster Econ\u00f3mico Cultural y Tur\u00edstico de Cholula A.C","datePublished":"2024-10-29T02:38:45+00:00","mainEntityOfPage":{"@id":"https:\/\/www.aliadospuebla.com\/?p=97525"},"wordCount":276,"commentCount":0,"image":{"@id":"https:\/\/www.aliadospuebla.com\/?p=97525#primaryimage"},"thumbnailUrl":"https:\/\/www.aliadospuebla.com\/web2017\/wp-content\/uploads\/2024\/10\/1281.jpg","keywords":["Cluster Econ\u00f3mico Cultural y Tur\u00edstico de Cholula A.C","Gobierno de Cholula","Noches Prehisp\u00e1nicas","SAN PEDRO CHOLULA","TONANTZIN FERN\u00c1NDEZ"],"articleSection":["Municipios"],"inLanguage":"es","potentialAction":[{"@type":"CommentAction","name":"Comment","target":["https:\/\/www.aliadospuebla.com\/?p=97525#respond"]}]},{"@type":"WebPage","@id":"https:\/\/www.aliadospuebla.com\/?p=97525","url":"https:\/\/www.aliadospuebla.com\/?p=97525","name":"Se re\u00fane Gobierno de Cholula con el Cluster Econ\u00f3mico Cultural y Tur\u00edstico de Cholula A.C - AliadosPuebla","isPartOf":{"@id":"https:\/\/www.aliadospuebla.com\/#website"},"primaryImageOfPage":{"@id":"https:\/\/www.aliadospuebla.com\/?p=97525#primaryimage"},"image":{"@id":"https:\/\/www.aliadospuebla.com\/?p=97525#primaryimage"},"thumbnailUrl":"https:\/\/www.aliadospuebla.com\/web2017\/wp-content\/uploads\/2024\/10\/1281.jpg","datePublished":"2024-10-29T02:38:45+00:00","author":{"@id":"https:\/\/www.aliadospuebla.com\/#\/schema\/person\/5da7dd09320bd4f392b710017ed5f8ad"},"breadcrumb":{"@id":"https:\/\/www.aliadospuebla.com\/?p=97525#breadcrumb"},"inLanguage":"es","potentialAction":[{"@type":"ReadAction","target":["https:\/\/www.aliadospuebla.com\/?p=97525"]}]},{"@type":"ImageObject","inLanguage":"es","@id":"https:\/\/www.aliadospuebla.com\/?p=97525#primaryimage","url":"https:\/\/www.aliadospuebla.com\/web2017\/wp-content\/uploads\/2024\/10\/1281.jpg","contentUrl":"https:\/\/www.aliadospuebla.com\/web2017\/wp-content\/uploads\/2024\/10\/1281.jpg","width":600,"height":450},{"@type":"BreadcrumbList","@id":"https:\/\/www.aliadospuebla.com\/?p=97525#breadcrumb","itemListElement":[{"@type":"ListItem","position":1,"name":"Portada","item":"https:\/\/www.aliadospuebla.com\/"},{"@type":"ListItem","position":2,"name":"Se re\u00fane Gobierno de Cholula con el Cluster Econ\u00f3mico Cultural y Tur\u00edstico de Cholula A.C"}]},{"@type":"WebSite","@id":"https:\/\/www.aliadospuebla.com\/#website","url":"https:\/\/www.aliadospuebla.com\/","name":"AliadosPuebla","description":"La informaci\u00f3n en tus manos","potentialAction":[{"@type":"SearchAction","target":{"@type":"EntryPoint","urlTemplate":"https:\/\/www.aliadospuebla.com\/?s={search_term_string}"},"query-input":{"@type":"PropertyValueSpecification","valueRequired":true,"valueName":"search_term_string"}}],"inLanguage":"es"},{"@type":"Person","@id":"https:\/\/www.aliadospuebla.com\/#\/schema\/person\/5da7dd09320bd4f392b710017ed5f8ad","name":"Aliados17","image":{"@type":"ImageObject","inLanguage":"es","@id":"https:\/\/www.aliadospuebla.com\/web2017\/wp-content\/uploads\/2025\/03\/cropped-para-perfil-8-anos-1-96x96.jpg","url":"https:\/\/www.aliadospuebla.com\/web2017\/wp-content\/uploads\/2025\/03\/cropped-para-perfil-8-anos-1-96x96.jpg","contentUrl":"https:\/\/www.aliadospuebla.com\/web2017\/wp-content\/uploads\/2025\/03\/cropped-para-perfil-8-anos-1-96x96.jpg","caption":"Aliados17"},"sameAs":["https:\/\/www.aliados17.com","https:\/\/www.facebook.com\/Aliados17Pue","https:\/\/x.com\/AliadosPuebla"],"url":"https:\/\/www.aliadospuebla.com\/?author=2"}]}},"views":6,"_links":{"self":[{"href":"https:\/\/www.aliadospuebla.com\/index.php?rest_route=\/wp\/v2\/posts\/97525","targetHints":{"allow":["GET"]}}],"collection":[{"href":"https:\/\/www.aliadospuebla.com\/index.php?rest_route=\/wp\/v2\/posts"}],"about":[{"href":"https:\/\/www.aliadospuebla.com\/index.php?rest_route=\/wp\/v2\/types\/post"}],"author":[{"embeddable":true,"href":"https:\/\/www.aliadospuebla.com\/index.php?rest_route=\/wp\/v2\/users\/2"}],"replies":[{"embeddable":true,"href":"https:\/\/www.aliadospuebla.com\/index.php?rest_route=%2Fwp%2Fv2%2Fcomments&post=97525"}],"version-history":[{"count":1,"href":"https:\/\/www.aliadospuebla.com\/index.php?rest_route=\/wp\/v2\/posts\/97525\/revisions"}],"predecessor-version":[{"id":97527,"href":"https:\/\/www.aliadospuebla.com\/index.php?rest_route=\/wp\/v2\/posts\/97525\/revisions\/97527"}],"wp:featuredmedia":[{"embeddable":true,"href":"https:\/\/www.aliadospuebla.com\/index.php?rest_route=\/wp\/v2\/media\/97526"}],"wp:attachment":[{"href":"https:\/\/www.aliadospuebla.com\/index.php?rest_route=%2Fwp%2Fv2%2Fmedia&parent=97525"}],"wp:term":[{"taxonomy":"category","embeddable":true,"href":"https:\/\/www.aliadospuebla.com\/index.php?rest_route=%2Fwp%2Fv2%2Fcategories&post=97525"},{"taxonomy":"post_tag","embeddable":true,"href":"https:\/\/www.aliadospuebla.com\/index.php?rest_route=%2Fwp%2Fv2%2Ftags&post=97525"}],"curies":[{"name":"wp","href":"https:\/\/api.w.org\/{rel}","templated":true}]}}