{"id":97445,"date":"2024-10-25T07:21:17","date_gmt":"2024-10-25T13:21:17","guid":{"rendered":"https:\/\/www.aliados17.com\/?p=97445"},"modified":"2024-10-25T07:21:17","modified_gmt":"2024-10-25T13:21:17","slug":"gobierno-de-armenta-impulsara-modelo-de-riqueza-comunitaria","status":"publish","type":"post","link":"https:\/\/www.aliadospuebla.com\/?p=97445","title":{"rendered":"Gobierno de Armenta impulsar\u00e1 modelo de riqueza comunitaria"},"content":{"rendered":"<h4>Se promover\u00e1n programas de capacitaci\u00f3n t\u00e9cnica y tecnol\u00f3gica a trav\u00e9s de la Secretar\u00eda de Econom\u00eda y Trabajo.<\/h4>\n<p>Puebla, Pue. El gobernador electo de Puebla, Alejandro Armenta,<\/p>\n<p>anunci\u00f3 que su pr\u00f3ximo gobierno tendr\u00e1 como uno de sus pilares fundamentales<\/p>\n<p>la promoci\u00f3n de una econom\u00eda circular e inclusiva, basada en la profesionalizaci\u00f3n laboral<\/p>\n<p>y el desarrollo de nuevas habilidades, fortaleciendo as\u00ed el empleo calificado.<\/p>\n<p>Afirm\u00f3 que la administraci\u00f3n que encabece impulsar\u00e1 programas de capacitaci\u00f3n t\u00e9cnica y tecnol\u00f3gica,<\/p>\n<p>en coordinaci\u00f3n con la Secretar\u00eda de Econom\u00eda y Trabajo, alineados con el modelo de pa\u00eds<\/p>\n<p>de la presidenta Claudia Sheinbaum, con el objetivo de mejorar la empleabilidad y la calidad de vida de las y los poblanos.<\/p>\n<p>Armenta destac\u00f3 la importancia de que los servidores p\u00fablicos que integrar\u00e1n su gobierno trabajen con un firme compromiso de servir a la ciudadan\u00eda, garantizando la transparencia en cada acci\u00f3n y asegurando que las pol\u00edticas p\u00fablicas respondan efectivamente a las necesidades de la poblaci\u00f3n. Para alcanzar estos objetivos, se seleccionar\u00e1n perfiles id\u00f3neos que contribuyan al desarrollo del estado.<\/p>\n<p>El pr\u00f3ximo mandatario subray\u00f3 que durante los 2,192 d\u00edas de su sexenio, cada minuto ser\u00e1 utilizado para construir una econom\u00eda m\u00e1s s\u00f3lida. Esto se lograr\u00e1 mediante el apoyo a los sectores productivos y la promoci\u00f3n de una econom\u00eda circular que beneficie a todas las familias poblanas, generando un crecimiento sostenible e inclusivo.<\/p>\n","protected":false},"excerpt":{"rendered":"<p>Se promover\u00e1n programas de capacitaci\u00f3n t\u00e9cnica y tecnol\u00f3gica a trav\u00e9s de la Secretar\u00eda de Econom\u00eda y Trabajo. Puebla, Pue. El gobernador electo de Puebla, Alejandro Armenta, anunci\u00f3 que su pr\u00f3ximo gobierno tendr\u00e1 como uno de sus pilares fundamentales la promoci\u00f3n de una econom\u00eda circular e inclusiva, basada en la profesionalizaci\u00f3n laboral y el desarrollo de nuevas habilidades, fortaleciendo as\u00ed el empleo calificado. Afirm\u00f3 que la administraci\u00f3n que encabece impulsar\u00e1 programas de capacitaci\u00f3n t\u00e9cnica y tecnol\u00f3gica, en coordinaci\u00f3n con la Secretar\u00eda de Econom\u00eda y Trabajo, alineados con el modelo de pa\u00eds de la presidenta Claudia Sheinbaum, con el objetivo de mejorar la empleabilidad y la calidad de vida de las y los poblanos. Armenta destac\u00f3 la importancia de que los servidores p\u00fablicos que integrar\u00e1n su gobierno&hellip;<\/p>\n<p class=\"excerpt-more\"><a class=\"blog-excerpt button\" href=\"https:\/\/www.aliadospuebla.com\/?p=97445\">Leer m\u00e1s&#8230;<\/a><\/p>\n","protected":false},"author":2,"featured_media":97446,"comment_status":"open","ping_status":"open","sticky":false,"template":"","format":"standard","meta":{"_monsterinsights_skip_tracking":false,"footnotes":""},"categories":[6],"tags":[4780,19918,24926,24925],"class_list":["post-97445","post","type-post","status-publish","format-standard","has-post-thumbnail","hentry","category-politica","tag-alejandro-armenta","tag-claudia-sheinbaum","tag-profesionalizacion-laboral","tag-riqueza-comunitaria"],"yoast_head":"<!-- This site is optimized with the Yoast SEO plugin v28.4 - https:\/\/yoast.com\/product\/yoast-seo-wordpress\/ -->\n<title>Gobierno de Armenta impulsar\u00e1 modelo de riqueza comunitaria - AliadosPuebla<\/title>\n<meta name=\"robots\" content=\"index, follow, max-snippet:-1, max-image-preview:large, max-video-preview:-1\" \/>\n<link rel=\"canonical\" href=\"https:\/\/www.aliadospuebla.com\/?p=97445\" \/>\n<meta property=\"og:locale\" content=\"es_ES\" \/>\n<meta property=\"og:type\" content=\"article\" \/>\n<meta property=\"og:title\" content=\"Gobierno de Armenta impulsar\u00e1 modelo de riqueza comunitaria - AliadosPuebla\" \/>\n<meta property=\"og:description\" content=\"Se promover\u00e1n programas de capacitaci\u00f3n t\u00e9cnica y tecnol\u00f3gica a trav\u00e9s de la Secretar\u00eda de Econom\u00eda y Trabajo. Puebla, Pue. El gobernador electo de Puebla, Alejandro Armenta, anunci\u00f3 que su pr\u00f3ximo gobierno tendr\u00e1 como uno de sus pilares fundamentales la promoci\u00f3n de una econom\u00eda circular e inclusiva, basada en la profesionalizaci\u00f3n laboral y el desarrollo de nuevas habilidades, fortaleciendo as\u00ed el empleo calificado. Afirm\u00f3 que la administraci\u00f3n que encabece impulsar\u00e1 programas de capacitaci\u00f3n t\u00e9cnica y tecnol\u00f3gica, en coordinaci\u00f3n con la Secretar\u00eda de Econom\u00eda y Trabajo, alineados con el modelo de pa\u00eds de la presidenta Claudia Sheinbaum, con el objetivo de mejorar la empleabilidad y la calidad de vida de las y los poblanos. Armenta destac\u00f3 la importancia de que los servidores p\u00fablicos que integrar\u00e1n su gobierno&hellip;Leer m\u00e1s...\" \/>\n<meta property=\"og:url\" content=\"https:\/\/www.aliadospuebla.com\/?p=97445\" \/>\n<meta property=\"og:site_name\" content=\"AliadosPuebla\" \/>\n<meta property=\"article:author\" content=\"https:\/\/www.facebook.com\/Aliados17Pue\" \/>\n<meta property=\"article:published_time\" content=\"2024-10-25T13:21:17+00:00\" \/>\n<meta property=\"og:image\" content=\"https:\/\/www.aliadospuebla.com\/web2017\/wp-content\/uploads\/2024\/10\/1257.jpg\" \/>\n\t<meta property=\"og:image:width\" content=\"600\" \/>\n\t<meta property=\"og:image:height\" content=\"450\" \/>\n\t<meta property=\"og:image:type\" content=\"image\/jpeg\" \/>\n<meta name=\"author\" content=\"Aliados17\" \/>\n<meta name=\"twitter:card\" content=\"summary_large_image\" \/>\n<meta name=\"twitter:creator\" content=\"@AliadosPuebla\" \/>\n<meta name=\"twitter:label1\" content=\"Escrito por\" \/>\n\t<meta name=\"twitter:data1\" content=\"Aliados17\" \/>\n\t<meta name=\"twitter:label2\" content=\"Tiempo de lectura\" \/>\n\t<meta name=\"twitter:data2\" content=\"2 minutos\" \/>\n<script type=\"application\/ld+json\" class=\"yoast-schema-graph\">{\"@context\":\"https:\\\/\\\/schema.org\",\"@graph\":[{\"@type\":\"Article\",\"@id\":\"https:\\\/\\\/www.aliadospuebla.com\\\/?p=97445#article\",\"isPartOf\":{\"@id\":\"https:\\\/\\\/www.aliadospuebla.com\\\/?p=97445\"},\"author\":{\"name\":\"Aliados17\",\"@id\":\"https:\\\/\\\/www.aliadospuebla.com\\\/#\\\/schema\\\/person\\\/5da7dd09320bd4f392b710017ed5f8ad\"},\"headline\":\"Gobierno de Armenta impulsar\u00e1 modelo de riqueza comunitaria\",\"datePublished\":\"2024-10-25T13:21:17+00:00\",\"mainEntityOfPage\":{\"@id\":\"https:\\\/\\\/www.aliadospuebla.com\\\/?p=97445\"},\"wordCount\":263,\"commentCount\":0,\"image\":{\"@id\":\"https:\\\/\\\/www.aliadospuebla.com\\\/?p=97445#primaryimage\"},\"thumbnailUrl\":\"https:\\\/\\\/www.aliadospuebla.com\\\/web2017\\\/wp-content\\\/uploads\\\/2024\\\/10\\\/1257.jpg\",\"keywords\":[\"ALEJANDRO ARMENTA\",\"Claudia Sheinbaum\",\"profesionalizaci\u00f3n laboral\",\"riqueza comunitaria\"],\"articleSection\":[\"Pol\u00edtica\"],\"inLanguage\":\"es\",\"potentialAction\":[{\"@type\":\"CommentAction\",\"name\":\"Comment\",\"target\":[\"https:\\\/\\\/www.aliadospuebla.com\\\/?p=97445#respond\"]}]},{\"@type\":\"WebPage\",\"@id\":\"https:\\\/\\\/www.aliadospuebla.com\\\/?p=97445\",\"url\":\"https:\\\/\\\/www.aliadospuebla.com\\\/?p=97445\",\"name\":\"Gobierno de Armenta impulsar\u00e1 modelo de riqueza comunitaria - AliadosPuebla\",\"isPartOf\":{\"@id\":\"https:\\\/\\\/www.aliadospuebla.com\\\/#website\"},\"primaryImageOfPage\":{\"@id\":\"https:\\\/\\\/www.aliadospuebla.com\\\/?p=97445#primaryimage\"},\"image\":{\"@id\":\"https:\\\/\\\/www.aliadospuebla.com\\\/?p=97445#primaryimage\"},\"thumbnailUrl\":\"https:\\\/\\\/www.aliadospuebla.com\\\/web2017\\\/wp-content\\\/uploads\\\/2024\\\/10\\\/1257.jpg\",\"datePublished\":\"2024-10-25T13:21:17+00:00\",\"author\":{\"@id\":\"https:\\\/\\\/www.aliadospuebla.com\\\/#\\\/schema\\\/person\\\/5da7dd09320bd4f392b710017ed5f8ad\"},\"breadcrumb\":{\"@id\":\"https:\\\/\\\/www.aliadospuebla.com\\\/?p=97445#breadcrumb\"},\"inLanguage\":\"es\",\"potentialAction\":[{\"@type\":\"ReadAction\",\"target\":[\"https:\\\/\\\/www.aliadospuebla.com\\\/?p=97445\"]}]},{\"@type\":\"ImageObject\",\"inLanguage\":\"es\",\"@id\":\"https:\\\/\\\/www.aliadospuebla.com\\\/?p=97445#primaryimage\",\"url\":\"https:\\\/\\\/www.aliadospuebla.com\\\/web2017\\\/wp-content\\\/uploads\\\/2024\\\/10\\\/1257.jpg\",\"contentUrl\":\"https:\\\/\\\/www.aliadospuebla.com\\\/web2017\\\/wp-content\\\/uploads\\\/2024\\\/10\\\/1257.jpg\",\"width\":600,\"height\":450},{\"@type\":\"BreadcrumbList\",\"@id\":\"https:\\\/\\\/www.aliadospuebla.com\\\/?p=97445#breadcrumb\",\"itemListElement\":[{\"@type\":\"ListItem\",\"position\":1,\"name\":\"Portada\",\"item\":\"https:\\\/\\\/www.aliadospuebla.com\\\/\"},{\"@type\":\"ListItem\",\"position\":2,\"name\":\"Gobierno de Armenta impulsar\u00e1 modelo de riqueza comunitaria\"}]},{\"@type\":\"WebSite\",\"@id\":\"https:\\\/\\\/www.aliadospuebla.com\\\/#website\",\"url\":\"https:\\\/\\\/www.aliadospuebla.com\\\/\",\"name\":\"AliadosPuebla\",\"description\":\"La informaci\u00f3n en tus manos\",\"potentialAction\":[{\"@type\":\"SearchAction\",\"target\":{\"@type\":\"EntryPoint\",\"urlTemplate\":\"https:\\\/\\\/www.aliadospuebla.com\\\/?s={search_term_string}\"},\"query-input\":{\"@type\":\"PropertyValueSpecification\",\"valueRequired\":true,\"valueName\":\"search_term_string\"}}],\"inLanguage\":\"es\"},{\"@type\":\"Person\",\"@id\":\"https:\\\/\\\/www.aliadospuebla.com\\\/#\\\/schema\\\/person\\\/5da7dd09320bd4f392b710017ed5f8ad\",\"name\":\"Aliados17\",\"image\":{\"@type\":\"ImageObject\",\"inLanguage\":\"es\",\"@id\":\"https:\\\/\\\/www.aliadospuebla.com\\\/web2017\\\/wp-content\\\/uploads\\\/2025\\\/03\\\/cropped-para-perfil-8-anos-1-96x96.jpg\",\"url\":\"https:\\\/\\\/www.aliadospuebla.com\\\/web2017\\\/wp-content\\\/uploads\\\/2025\\\/03\\\/cropped-para-perfil-8-anos-1-96x96.jpg\",\"contentUrl\":\"https:\\\/\\\/www.aliadospuebla.com\\\/web2017\\\/wp-content\\\/uploads\\\/2025\\\/03\\\/cropped-para-perfil-8-anos-1-96x96.jpg\",\"caption\":\"Aliados17\"},\"sameAs\":[\"https:\\\/\\\/www.aliados17.com\",\"https:\\\/\\\/www.facebook.com\\\/Aliados17Pue\",\"https:\\\/\\\/x.com\\\/AliadosPuebla\"],\"url\":\"https:\\\/\\\/www.aliadospuebla.com\\\/?author=2\"}]}<\/script>\n<!-- \/ Yoast SEO plugin. -->","yoast_head_json":{"title":"Gobierno de Armenta impulsar\u00e1 modelo de riqueza comunitaria - AliadosPuebla","robots":{"index":"index","follow":"follow","max-snippet":"max-snippet:-1","max-image-preview":"max-image-preview:large","max-video-preview":"max-video-preview:-1"},"canonical":"https:\/\/www.aliadospuebla.com\/?p=97445","og_locale":"es_ES","og_type":"article","og_title":"Gobierno de Armenta impulsar\u00e1 modelo de riqueza comunitaria - AliadosPuebla","og_description":"Se promover\u00e1n programas de capacitaci\u00f3n t\u00e9cnica y tecnol\u00f3gica a trav\u00e9s de la Secretar\u00eda de Econom\u00eda y Trabajo. Puebla, Pue. El gobernador electo de Puebla, Alejandro Armenta, anunci\u00f3 que su pr\u00f3ximo gobierno tendr\u00e1 como uno de sus pilares fundamentales la promoci\u00f3n de una econom\u00eda circular e inclusiva, basada en la profesionalizaci\u00f3n laboral y el desarrollo de nuevas habilidades, fortaleciendo as\u00ed el empleo calificado. Afirm\u00f3 que la administraci\u00f3n que encabece impulsar\u00e1 programas de capacitaci\u00f3n t\u00e9cnica y tecnol\u00f3gica, en coordinaci\u00f3n con la Secretar\u00eda de Econom\u00eda y Trabajo, alineados con el modelo de pa\u00eds de la presidenta Claudia Sheinbaum, con el objetivo de mejorar la empleabilidad y la calidad de vida de las y los poblanos. Armenta destac\u00f3 la importancia de que los servidores p\u00fablicos que integrar\u00e1n su gobierno&hellip;Leer m\u00e1s...","og_url":"https:\/\/www.aliadospuebla.com\/?p=97445","og_site_name":"AliadosPuebla","article_author":"https:\/\/www.facebook.com\/Aliados17Pue","article_published_time":"2024-10-25T13:21:17+00:00","og_image":[{"width":600,"height":450,"url":"https:\/\/www.aliadospuebla.com\/web2017\/wp-content\/uploads\/2024\/10\/1257.jpg","type":"image\/jpeg"}],"author":"Aliados17","twitter_card":"summary_large_image","twitter_creator":"@AliadosPuebla","twitter_misc":{"Escrito por":"Aliados17","Tiempo de lectura":"2 minutos"},"schema":{"@context":"https:\/\/schema.org","@graph":[{"@type":"Article","@id":"https:\/\/www.aliadospuebla.com\/?p=97445#article","isPartOf":{"@id":"https:\/\/www.aliadospuebla.com\/?p=97445"},"author":{"name":"Aliados17","@id":"https:\/\/www.aliadospuebla.com\/#\/schema\/person\/5da7dd09320bd4f392b710017ed5f8ad"},"headline":"Gobierno de Armenta impulsar\u00e1 modelo de riqueza comunitaria","datePublished":"2024-10-25T13:21:17+00:00","mainEntityOfPage":{"@id":"https:\/\/www.aliadospuebla.com\/?p=97445"},"wordCount":263,"commentCount":0,"image":{"@id":"https:\/\/www.aliadospuebla.com\/?p=97445#primaryimage"},"thumbnailUrl":"https:\/\/www.aliadospuebla.com\/web2017\/wp-content\/uploads\/2024\/10\/1257.jpg","keywords":["ALEJANDRO ARMENTA","Claudia Sheinbaum","profesionalizaci\u00f3n laboral","riqueza comunitaria"],"articleSection":["Pol\u00edtica"],"inLanguage":"es","potentialAction":[{"@type":"CommentAction","name":"Comment","target":["https:\/\/www.aliadospuebla.com\/?p=97445#respond"]}]},{"@type":"WebPage","@id":"https:\/\/www.aliadospuebla.com\/?p=97445","url":"https:\/\/www.aliadospuebla.com\/?p=97445","name":"Gobierno de Armenta impulsar\u00e1 modelo de riqueza comunitaria - AliadosPuebla","isPartOf":{"@id":"https:\/\/www.aliadospuebla.com\/#website"},"primaryImageOfPage":{"@id":"https:\/\/www.aliadospuebla.com\/?p=97445#primaryimage"},"image":{"@id":"https:\/\/www.aliadospuebla.com\/?p=97445#primaryimage"},"thumbnailUrl":"https:\/\/www.aliadospuebla.com\/web2017\/wp-content\/uploads\/2024\/10\/1257.jpg","datePublished":"2024-10-25T13:21:17+00:00","author":{"@id":"https:\/\/www.aliadospuebla.com\/#\/schema\/person\/5da7dd09320bd4f392b710017ed5f8ad"},"breadcrumb":{"@id":"https:\/\/www.aliadospuebla.com\/?p=97445#breadcrumb"},"inLanguage":"es","potentialAction":[{"@type":"ReadAction","target":["https:\/\/www.aliadospuebla.com\/?p=97445"]}]},{"@type":"ImageObject","inLanguage":"es","@id":"https:\/\/www.aliadospuebla.com\/?p=97445#primaryimage","url":"https:\/\/www.aliadospuebla.com\/web2017\/wp-content\/uploads\/2024\/10\/1257.jpg","contentUrl":"https:\/\/www.aliadospuebla.com\/web2017\/wp-content\/uploads\/2024\/10\/1257.jpg","width":600,"height":450},{"@type":"BreadcrumbList","@id":"https:\/\/www.aliadospuebla.com\/?p=97445#breadcrumb","itemListElement":[{"@type":"ListItem","position":1,"name":"Portada","item":"https:\/\/www.aliadospuebla.com\/"},{"@type":"ListItem","position":2,"name":"Gobierno de Armenta impulsar\u00e1 modelo de riqueza comunitaria"}]},{"@type":"WebSite","@id":"https:\/\/www.aliadospuebla.com\/#website","url":"https:\/\/www.aliadospuebla.com\/","name":"AliadosPuebla","description":"La informaci\u00f3n en tus manos","potentialAction":[{"@type":"SearchAction","target":{"@type":"EntryPoint","urlTemplate":"https:\/\/www.aliadospuebla.com\/?s={search_term_string}"},"query-input":{"@type":"PropertyValueSpecification","valueRequired":true,"valueName":"search_term_string"}}],"inLanguage":"es"},{"@type":"Person","@id":"https:\/\/www.aliadospuebla.com\/#\/schema\/person\/5da7dd09320bd4f392b710017ed5f8ad","name":"Aliados17","image":{"@type":"ImageObject","inLanguage":"es","@id":"https:\/\/www.aliadospuebla.com\/web2017\/wp-content\/uploads\/2025\/03\/cropped-para-perfil-8-anos-1-96x96.jpg","url":"https:\/\/www.aliadospuebla.com\/web2017\/wp-content\/uploads\/2025\/03\/cropped-para-perfil-8-anos-1-96x96.jpg","contentUrl":"https:\/\/www.aliadospuebla.com\/web2017\/wp-content\/uploads\/2025\/03\/cropped-para-perfil-8-anos-1-96x96.jpg","caption":"Aliados17"},"sameAs":["https:\/\/www.aliados17.com","https:\/\/www.facebook.com\/Aliados17Pue","https:\/\/x.com\/AliadosPuebla"],"url":"https:\/\/www.aliadospuebla.com\/?author=2"}]}},"views":10,"_links":{"self":[{"href":"https:\/\/www.aliadospuebla.com\/index.php?rest_route=\/wp\/v2\/posts\/97445","targetHints":{"allow":["GET"]}}],"collection":[{"href":"https:\/\/www.aliadospuebla.com\/index.php?rest_route=\/wp\/v2\/posts"}],"about":[{"href":"https:\/\/www.aliadospuebla.com\/index.php?rest_route=\/wp\/v2\/types\/post"}],"author":[{"embeddable":true,"href":"https:\/\/www.aliadospuebla.com\/index.php?rest_route=\/wp\/v2\/users\/2"}],"replies":[{"embeddable":true,"href":"https:\/\/www.aliadospuebla.com\/index.php?rest_route=%2Fwp%2Fv2%2Fcomments&post=97445"}],"version-history":[{"count":1,"href":"https:\/\/www.aliadospuebla.com\/index.php?rest_route=\/wp\/v2\/posts\/97445\/revisions"}],"predecessor-version":[{"id":97447,"href":"https:\/\/www.aliadospuebla.com\/index.php?rest_route=\/wp\/v2\/posts\/97445\/revisions\/97447"}],"wp:featuredmedia":[{"embeddable":true,"href":"https:\/\/www.aliadospuebla.com\/index.php?rest_route=\/wp\/v2\/media\/97446"}],"wp:attachment":[{"href":"https:\/\/www.aliadospuebla.com\/index.php?rest_route=%2Fwp%2Fv2%2Fmedia&parent=97445"}],"wp:term":[{"taxonomy":"category","embeddable":true,"href":"https:\/\/www.aliadospuebla.com\/index.php?rest_route=%2Fwp%2Fv2%2Fcategories&post=97445"},{"taxonomy":"post_tag","embeddable":true,"href":"https:\/\/www.aliadospuebla.com\/index.php?rest_route=%2Fwp%2Fv2%2Ftags&post=97445"}],"curies":[{"name":"wp","href":"https:\/\/api.w.org\/{rel}","templated":true}]}}