{"id":97298,"date":"2024-10-21T22:42:10","date_gmt":"2024-10-22T04:42:10","guid":{"rendered":"https:\/\/www.aliados17.com\/?p=97298"},"modified":"2024-10-21T22:42:10","modified_gmt":"2024-10-22T04:42:10","slug":"da-tonantzin-fernandez-banderazo-de-arranque-al-bacheton-2024","status":"publish","type":"post","link":"https:\/\/www.aliadospuebla.com\/?p=97298","title":{"rendered":"Da Tonantzin Fern\u00e1ndez banderazo de arranque al Bachet\u00f3n 2024"},"content":{"rendered":"<h4>En menos de un d\u00eda, a trav\u00e9s de WhatsApp se han recibido m\u00e1s de 200 reportes<\/h4>\n<p>San Pedro Cholula, Pue.- En el sexto d\u00eda de gobierno, el Ayuntamiento de San Pedro Cholula, presidido por Tonantzin Fern\u00e1ndez, dio arranque al programa \u00abBachet\u00f3n 2024\u00bb, con el que atender\u00e1 una de las principales necesidades y urgencias de las y los cholultecas.<\/p>\n<p>El banderazo de arranque se dio en la calle 12 Oriente, uno de los principales accesos al municipio, donde la presidenta municipal detall\u00f3 que, para su administraci\u00f3n, es importante dar pronta respuesta a los ciudadanos.<\/p>\n<p>Asimismo, inform\u00f3 que el horario para el programa de bacheo ser\u00e1 a partir de las 21:00 horas, esto, con la finalidad de no afectar el tr\u00e1nsito; as\u00ed tambi\u00e9n, coment\u00f3 que, tras el anuncio del programa, el n\u00famero de WhatsApp (2212383383) ha recibido m\u00e1s de 200 reportes de baches, los cuales se atender\u00e1n de manera paulatina.<\/p>\n<p>Cabe mencionar que, para el Bachet\u00f3n 2024, se utiliza una m\u00e1quina llamada Jet Patcher o M\u00e1quina de Bacheo a Presi\u00f3n, la cual, en menos de 10 minutos, tapa el bache, sin la necesidad de una m\u00e1quina aplanadora, lo cual reduce los tiempos, respecto al bacheo convencional.<\/p>\n<p>Finalmente, Tonantzin Fern\u00e1ndez exhort\u00f3 a los ciudadanos a continuar enviando sus reportes y reafirm\u00f3 su compromiso con iniciar la transformaci\u00f3n para todas y todos en San Pedro Cholula.<\/p>\n","protected":false},"excerpt":{"rendered":"<p>En menos de un d\u00eda, a trav\u00e9s de WhatsApp se han recibido m\u00e1s de 200 reportes San Pedro Cholula, Pue.- En el sexto d\u00eda de gobierno, el Ayuntamiento de San Pedro Cholula, presidido por Tonantzin Fern\u00e1ndez, dio arranque al programa \u00abBachet\u00f3n 2024\u00bb, con el que atender\u00e1 una de las principales necesidades y urgencias de las y los cholultecas. El banderazo de arranque se dio en la calle 12 Oriente, uno de los principales accesos al municipio, donde la presidenta municipal detall\u00f3 que, para su administraci\u00f3n, es importante dar pronta respuesta a los ciudadanos. Asimismo, inform\u00f3 que el horario para el programa de bacheo ser\u00e1 a partir de las 21:00 horas, esto, con la finalidad de no afectar el tr\u00e1nsito; as\u00ed tambi\u00e9n, coment\u00f3 que, tras el&hellip;<\/p>\n<p class=\"excerpt-more\"><a class=\"blog-excerpt button\" href=\"https:\/\/www.aliadospuebla.com\/?p=97298\">Leer m\u00e1s&#8230;<\/a><\/p>\n","protected":false},"author":2,"featured_media":97299,"comment_status":"open","ping_status":"open","sticky":false,"template":"","format":"standard","meta":{"_monsterinsights_skip_tracking":false,"footnotes":""},"categories":[4],"tags":[24810,24822,18367,387,7394],"class_list":["post-97298","post","type-post","status-publish","format-standard","has-post-thumbnail","hentry","category-municipios","tag-bacheton-2024","tag-banderazo-de-arranque","tag-reportes","tag-san-pedro-cholula","tag-tonantzin-fernandez"],"yoast_head":"<!-- This site is optimized with the Yoast SEO plugin v28.4 - https:\/\/yoast.com\/product\/yoast-seo-wordpress\/ -->\n<title>Da Tonantzin Fern\u00e1ndez banderazo de arranque al Bachet\u00f3n 2024 - AliadosPuebla<\/title>\n<meta name=\"robots\" content=\"index, follow, max-snippet:-1, max-image-preview:large, max-video-preview:-1\" \/>\n<link rel=\"canonical\" href=\"https:\/\/www.aliadospuebla.com\/?p=97298\" \/>\n<meta property=\"og:locale\" content=\"es_ES\" \/>\n<meta property=\"og:type\" content=\"article\" \/>\n<meta property=\"og:title\" content=\"Da Tonantzin Fern\u00e1ndez banderazo de arranque al Bachet\u00f3n 2024 - AliadosPuebla\" \/>\n<meta property=\"og:description\" content=\"En menos de un d\u00eda, a trav\u00e9s de WhatsApp se han recibido m\u00e1s de 200 reportes San Pedro Cholula, Pue.- En el sexto d\u00eda de gobierno, el Ayuntamiento de San Pedro Cholula, presidido por Tonantzin Fern\u00e1ndez, dio arranque al programa \u00abBachet\u00f3n 2024\u00bb, con el que atender\u00e1 una de las principales necesidades y urgencias de las y los cholultecas. El banderazo de arranque se dio en la calle 12 Oriente, uno de los principales accesos al municipio, donde la presidenta municipal detall\u00f3 que, para su administraci\u00f3n, es importante dar pronta respuesta a los ciudadanos. Asimismo, inform\u00f3 que el horario para el programa de bacheo ser\u00e1 a partir de las 21:00 horas, esto, con la finalidad de no afectar el tr\u00e1nsito; as\u00ed tambi\u00e9n, coment\u00f3 que, tras el&hellip;Leer m\u00e1s...\" \/>\n<meta property=\"og:url\" content=\"https:\/\/www.aliadospuebla.com\/?p=97298\" \/>\n<meta property=\"og:site_name\" content=\"AliadosPuebla\" \/>\n<meta property=\"article:author\" content=\"https:\/\/www.facebook.com\/Aliados17Pue\" \/>\n<meta property=\"article:published_time\" content=\"2024-10-22T04:42:10+00:00\" \/>\n<meta property=\"og:image\" content=\"https:\/\/www.aliadospuebla.com\/web2017\/wp-content\/uploads\/2024\/10\/1218.jpg\" \/>\n\t<meta property=\"og:image:width\" content=\"600\" \/>\n\t<meta property=\"og:image:height\" content=\"450\" \/>\n\t<meta property=\"og:image:type\" content=\"image\/jpeg\" \/>\n<meta name=\"author\" content=\"Aliados17\" \/>\n<meta name=\"twitter:card\" content=\"summary_large_image\" \/>\n<meta name=\"twitter:creator\" content=\"@AliadosPuebla\" \/>\n<meta name=\"twitter:label1\" content=\"Escrito por\" \/>\n\t<meta name=\"twitter:data1\" content=\"Aliados17\" \/>\n\t<meta name=\"twitter:label2\" content=\"Tiempo de lectura\" \/>\n\t<meta name=\"twitter:data2\" content=\"2 minutos\" \/>\n<script type=\"application\/ld+json\" class=\"yoast-schema-graph\">{\"@context\":\"https:\\\/\\\/schema.org\",\"@graph\":[{\"@type\":\"Article\",\"@id\":\"https:\\\/\\\/www.aliadospuebla.com\\\/?p=97298#article\",\"isPartOf\":{\"@id\":\"https:\\\/\\\/www.aliadospuebla.com\\\/?p=97298\"},\"author\":{\"name\":\"Aliados17\",\"@id\":\"https:\\\/\\\/www.aliadospuebla.com\\\/#\\\/schema\\\/person\\\/5da7dd09320bd4f392b710017ed5f8ad\"},\"headline\":\"Da Tonantzin Fern\u00e1ndez banderazo de arranque al Bachet\u00f3n 2024\",\"datePublished\":\"2024-10-22T04:42:10+00:00\",\"mainEntityOfPage\":{\"@id\":\"https:\\\/\\\/www.aliadospuebla.com\\\/?p=97298\"},\"wordCount\":244,\"commentCount\":0,\"image\":{\"@id\":\"https:\\\/\\\/www.aliadospuebla.com\\\/?p=97298#primaryimage\"},\"thumbnailUrl\":\"https:\\\/\\\/www.aliadospuebla.com\\\/web2017\\\/wp-content\\\/uploads\\\/2024\\\/10\\\/1218.jpg\",\"keywords\":[\"Bachet\u00f3n 2024\",\"banderazo de arranque\",\"reportes\",\"SAN PEDRO CHOLULA\",\"TONANTZIN FERN\u00c1NDEZ\"],\"articleSection\":[\"Municipios\"],\"inLanguage\":\"es\",\"potentialAction\":[{\"@type\":\"CommentAction\",\"name\":\"Comment\",\"target\":[\"https:\\\/\\\/www.aliadospuebla.com\\\/?p=97298#respond\"]}]},{\"@type\":\"WebPage\",\"@id\":\"https:\\\/\\\/www.aliadospuebla.com\\\/?p=97298\",\"url\":\"https:\\\/\\\/www.aliadospuebla.com\\\/?p=97298\",\"name\":\"Da Tonantzin Fern\u00e1ndez banderazo de arranque al Bachet\u00f3n 2024 - AliadosPuebla\",\"isPartOf\":{\"@id\":\"https:\\\/\\\/www.aliadospuebla.com\\\/#website\"},\"primaryImageOfPage\":{\"@id\":\"https:\\\/\\\/www.aliadospuebla.com\\\/?p=97298#primaryimage\"},\"image\":{\"@id\":\"https:\\\/\\\/www.aliadospuebla.com\\\/?p=97298#primaryimage\"},\"thumbnailUrl\":\"https:\\\/\\\/www.aliadospuebla.com\\\/web2017\\\/wp-content\\\/uploads\\\/2024\\\/10\\\/1218.jpg\",\"datePublished\":\"2024-10-22T04:42:10+00:00\",\"author\":{\"@id\":\"https:\\\/\\\/www.aliadospuebla.com\\\/#\\\/schema\\\/person\\\/5da7dd09320bd4f392b710017ed5f8ad\"},\"breadcrumb\":{\"@id\":\"https:\\\/\\\/www.aliadospuebla.com\\\/?p=97298#breadcrumb\"},\"inLanguage\":\"es\",\"potentialAction\":[{\"@type\":\"ReadAction\",\"target\":[\"https:\\\/\\\/www.aliadospuebla.com\\\/?p=97298\"]}]},{\"@type\":\"ImageObject\",\"inLanguage\":\"es\",\"@id\":\"https:\\\/\\\/www.aliadospuebla.com\\\/?p=97298#primaryimage\",\"url\":\"https:\\\/\\\/www.aliadospuebla.com\\\/web2017\\\/wp-content\\\/uploads\\\/2024\\\/10\\\/1218.jpg\",\"contentUrl\":\"https:\\\/\\\/www.aliadospuebla.com\\\/web2017\\\/wp-content\\\/uploads\\\/2024\\\/10\\\/1218.jpg\",\"width\":600,\"height\":450},{\"@type\":\"BreadcrumbList\",\"@id\":\"https:\\\/\\\/www.aliadospuebla.com\\\/?p=97298#breadcrumb\",\"itemListElement\":[{\"@type\":\"ListItem\",\"position\":1,\"name\":\"Portada\",\"item\":\"https:\\\/\\\/www.aliadospuebla.com\\\/\"},{\"@type\":\"ListItem\",\"position\":2,\"name\":\"Da Tonantzin Fern\u00e1ndez banderazo de arranque al Bachet\u00f3n 2024\"}]},{\"@type\":\"WebSite\",\"@id\":\"https:\\\/\\\/www.aliadospuebla.com\\\/#website\",\"url\":\"https:\\\/\\\/www.aliadospuebla.com\\\/\",\"name\":\"AliadosPuebla\",\"description\":\"La informaci\u00f3n en tus manos\",\"potentialAction\":[{\"@type\":\"SearchAction\",\"target\":{\"@type\":\"EntryPoint\",\"urlTemplate\":\"https:\\\/\\\/www.aliadospuebla.com\\\/?s={search_term_string}\"},\"query-input\":{\"@type\":\"PropertyValueSpecification\",\"valueRequired\":true,\"valueName\":\"search_term_string\"}}],\"inLanguage\":\"es\"},{\"@type\":\"Person\",\"@id\":\"https:\\\/\\\/www.aliadospuebla.com\\\/#\\\/schema\\\/person\\\/5da7dd09320bd4f392b710017ed5f8ad\",\"name\":\"Aliados17\",\"image\":{\"@type\":\"ImageObject\",\"inLanguage\":\"es\",\"@id\":\"https:\\\/\\\/www.aliadospuebla.com\\\/web2017\\\/wp-content\\\/uploads\\\/2025\\\/03\\\/cropped-para-perfil-8-anos-1-96x96.jpg\",\"url\":\"https:\\\/\\\/www.aliadospuebla.com\\\/web2017\\\/wp-content\\\/uploads\\\/2025\\\/03\\\/cropped-para-perfil-8-anos-1-96x96.jpg\",\"contentUrl\":\"https:\\\/\\\/www.aliadospuebla.com\\\/web2017\\\/wp-content\\\/uploads\\\/2025\\\/03\\\/cropped-para-perfil-8-anos-1-96x96.jpg\",\"caption\":\"Aliados17\"},\"sameAs\":[\"https:\\\/\\\/www.aliados17.com\",\"https:\\\/\\\/www.facebook.com\\\/Aliados17Pue\",\"https:\\\/\\\/x.com\\\/AliadosPuebla\"],\"url\":\"https:\\\/\\\/www.aliadospuebla.com\\\/?author=2\"}]}<\/script>\n<!-- \/ Yoast SEO plugin. -->","yoast_head_json":{"title":"Da Tonantzin Fern\u00e1ndez banderazo de arranque al Bachet\u00f3n 2024 - AliadosPuebla","robots":{"index":"index","follow":"follow","max-snippet":"max-snippet:-1","max-image-preview":"max-image-preview:large","max-video-preview":"max-video-preview:-1"},"canonical":"https:\/\/www.aliadospuebla.com\/?p=97298","og_locale":"es_ES","og_type":"article","og_title":"Da Tonantzin Fern\u00e1ndez banderazo de arranque al Bachet\u00f3n 2024 - AliadosPuebla","og_description":"En menos de un d\u00eda, a trav\u00e9s de WhatsApp se han recibido m\u00e1s de 200 reportes San Pedro Cholula, Pue.- En el sexto d\u00eda de gobierno, el Ayuntamiento de San Pedro Cholula, presidido por Tonantzin Fern\u00e1ndez, dio arranque al programa \u00abBachet\u00f3n 2024\u00bb, con el que atender\u00e1 una de las principales necesidades y urgencias de las y los cholultecas. El banderazo de arranque se dio en la calle 12 Oriente, uno de los principales accesos al municipio, donde la presidenta municipal detall\u00f3 que, para su administraci\u00f3n, es importante dar pronta respuesta a los ciudadanos. Asimismo, inform\u00f3 que el horario para el programa de bacheo ser\u00e1 a partir de las 21:00 horas, esto, con la finalidad de no afectar el tr\u00e1nsito; as\u00ed tambi\u00e9n, coment\u00f3 que, tras el&hellip;Leer m\u00e1s...","og_url":"https:\/\/www.aliadospuebla.com\/?p=97298","og_site_name":"AliadosPuebla","article_author":"https:\/\/www.facebook.com\/Aliados17Pue","article_published_time":"2024-10-22T04:42:10+00:00","og_image":[{"width":600,"height":450,"url":"https:\/\/www.aliadospuebla.com\/web2017\/wp-content\/uploads\/2024\/10\/1218.jpg","type":"image\/jpeg"}],"author":"Aliados17","twitter_card":"summary_large_image","twitter_creator":"@AliadosPuebla","twitter_misc":{"Escrito por":"Aliados17","Tiempo de lectura":"2 minutos"},"schema":{"@context":"https:\/\/schema.org","@graph":[{"@type":"Article","@id":"https:\/\/www.aliadospuebla.com\/?p=97298#article","isPartOf":{"@id":"https:\/\/www.aliadospuebla.com\/?p=97298"},"author":{"name":"Aliados17","@id":"https:\/\/www.aliadospuebla.com\/#\/schema\/person\/5da7dd09320bd4f392b710017ed5f8ad"},"headline":"Da Tonantzin Fern\u00e1ndez banderazo de arranque al Bachet\u00f3n 2024","datePublished":"2024-10-22T04:42:10+00:00","mainEntityOfPage":{"@id":"https:\/\/www.aliadospuebla.com\/?p=97298"},"wordCount":244,"commentCount":0,"image":{"@id":"https:\/\/www.aliadospuebla.com\/?p=97298#primaryimage"},"thumbnailUrl":"https:\/\/www.aliadospuebla.com\/web2017\/wp-content\/uploads\/2024\/10\/1218.jpg","keywords":["Bachet\u00f3n 2024","banderazo de arranque","reportes","SAN PEDRO CHOLULA","TONANTZIN FERN\u00c1NDEZ"],"articleSection":["Municipios"],"inLanguage":"es","potentialAction":[{"@type":"CommentAction","name":"Comment","target":["https:\/\/www.aliadospuebla.com\/?p=97298#respond"]}]},{"@type":"WebPage","@id":"https:\/\/www.aliadospuebla.com\/?p=97298","url":"https:\/\/www.aliadospuebla.com\/?p=97298","name":"Da Tonantzin Fern\u00e1ndez banderazo de arranque al Bachet\u00f3n 2024 - AliadosPuebla","isPartOf":{"@id":"https:\/\/www.aliadospuebla.com\/#website"},"primaryImageOfPage":{"@id":"https:\/\/www.aliadospuebla.com\/?p=97298#primaryimage"},"image":{"@id":"https:\/\/www.aliadospuebla.com\/?p=97298#primaryimage"},"thumbnailUrl":"https:\/\/www.aliadospuebla.com\/web2017\/wp-content\/uploads\/2024\/10\/1218.jpg","datePublished":"2024-10-22T04:42:10+00:00","author":{"@id":"https:\/\/www.aliadospuebla.com\/#\/schema\/person\/5da7dd09320bd4f392b710017ed5f8ad"},"breadcrumb":{"@id":"https:\/\/www.aliadospuebla.com\/?p=97298#breadcrumb"},"inLanguage":"es","potentialAction":[{"@type":"ReadAction","target":["https:\/\/www.aliadospuebla.com\/?p=97298"]}]},{"@type":"ImageObject","inLanguage":"es","@id":"https:\/\/www.aliadospuebla.com\/?p=97298#primaryimage","url":"https:\/\/www.aliadospuebla.com\/web2017\/wp-content\/uploads\/2024\/10\/1218.jpg","contentUrl":"https:\/\/www.aliadospuebla.com\/web2017\/wp-content\/uploads\/2024\/10\/1218.jpg","width":600,"height":450},{"@type":"BreadcrumbList","@id":"https:\/\/www.aliadospuebla.com\/?p=97298#breadcrumb","itemListElement":[{"@type":"ListItem","position":1,"name":"Portada","item":"https:\/\/www.aliadospuebla.com\/"},{"@type":"ListItem","position":2,"name":"Da Tonantzin Fern\u00e1ndez banderazo de arranque al Bachet\u00f3n 2024"}]},{"@type":"WebSite","@id":"https:\/\/www.aliadospuebla.com\/#website","url":"https:\/\/www.aliadospuebla.com\/","name":"AliadosPuebla","description":"La informaci\u00f3n en tus manos","potentialAction":[{"@type":"SearchAction","target":{"@type":"EntryPoint","urlTemplate":"https:\/\/www.aliadospuebla.com\/?s={search_term_string}"},"query-input":{"@type":"PropertyValueSpecification","valueRequired":true,"valueName":"search_term_string"}}],"inLanguage":"es"},{"@type":"Person","@id":"https:\/\/www.aliadospuebla.com\/#\/schema\/person\/5da7dd09320bd4f392b710017ed5f8ad","name":"Aliados17","image":{"@type":"ImageObject","inLanguage":"es","@id":"https:\/\/www.aliadospuebla.com\/web2017\/wp-content\/uploads\/2025\/03\/cropped-para-perfil-8-anos-1-96x96.jpg","url":"https:\/\/www.aliadospuebla.com\/web2017\/wp-content\/uploads\/2025\/03\/cropped-para-perfil-8-anos-1-96x96.jpg","contentUrl":"https:\/\/www.aliadospuebla.com\/web2017\/wp-content\/uploads\/2025\/03\/cropped-para-perfil-8-anos-1-96x96.jpg","caption":"Aliados17"},"sameAs":["https:\/\/www.aliados17.com","https:\/\/www.facebook.com\/Aliados17Pue","https:\/\/x.com\/AliadosPuebla"],"url":"https:\/\/www.aliadospuebla.com\/?author=2"}]}},"views":6,"_links":{"self":[{"href":"https:\/\/www.aliadospuebla.com\/index.php?rest_route=\/wp\/v2\/posts\/97298","targetHints":{"allow":["GET"]}}],"collection":[{"href":"https:\/\/www.aliadospuebla.com\/index.php?rest_route=\/wp\/v2\/posts"}],"about":[{"href":"https:\/\/www.aliadospuebla.com\/index.php?rest_route=\/wp\/v2\/types\/post"}],"author":[{"embeddable":true,"href":"https:\/\/www.aliadospuebla.com\/index.php?rest_route=\/wp\/v2\/users\/2"}],"replies":[{"embeddable":true,"href":"https:\/\/www.aliadospuebla.com\/index.php?rest_route=%2Fwp%2Fv2%2Fcomments&post=97298"}],"version-history":[{"count":1,"href":"https:\/\/www.aliadospuebla.com\/index.php?rest_route=\/wp\/v2\/posts\/97298\/revisions"}],"predecessor-version":[{"id":97300,"href":"https:\/\/www.aliadospuebla.com\/index.php?rest_route=\/wp\/v2\/posts\/97298\/revisions\/97300"}],"wp:featuredmedia":[{"embeddable":true,"href":"https:\/\/www.aliadospuebla.com\/index.php?rest_route=\/wp\/v2\/media\/97299"}],"wp:attachment":[{"href":"https:\/\/www.aliadospuebla.com\/index.php?rest_route=%2Fwp%2Fv2%2Fmedia&parent=97298"}],"wp:term":[{"taxonomy":"category","embeddable":true,"href":"https:\/\/www.aliadospuebla.com\/index.php?rest_route=%2Fwp%2Fv2%2Fcategories&post=97298"},{"taxonomy":"post_tag","embeddable":true,"href":"https:\/\/www.aliadospuebla.com\/index.php?rest_route=%2Fwp%2Fv2%2Ftags&post=97298"}],"curies":[{"name":"wp","href":"https:\/\/api.w.org\/{rel}","templated":true}]}}