{"id":97098,"date":"2024-10-14T19:06:03","date_gmt":"2024-10-15T01:06:03","guid":{"rendered":"https:\/\/www.aliados17.com\/?p=97098"},"modified":"2024-10-14T19:06:03","modified_gmt":"2024-10-15T01:06:03","slug":"cumple-gobierno-de-sergio-salomon-con-mejorar-movilidad-en-zona-metropolitana","status":"publish","type":"post","link":"https:\/\/www.aliadospuebla.com\/?p=97098","title":{"rendered":"CUMPLE GOBIERNO DE SERGIO SALOM\u00d3N CON  MEJORAR MOVILIDAD EN ZONA METROPOLITANA"},"content":{"rendered":"<h4><i><span style=\"font-weight: 400;\">El gobernador entreg\u00f3 el Paso Superior Vehicular de la Central de Abasto<\/span><\/i><\/h4>\n<p><i><span style=\"font-weight: 400;\">Adem\u00e1s, dio el banderazo para el inicio de la construcci\u00f3n del Distribuidor Vial Puebla-Tlaxcala\u00a0<\/span><\/i><\/p>\n<p><b>CIUDAD DE PUEBLA, Pue.-<\/b><span style=\"font-weight: 400;\"> El gobierno estatal ha cumplido con su compromiso de generar m\u00e1s progreso,<\/span><\/p>\n<p><span style=\"font-weight: 400;\"> as\u00ed como mejorar la movilidad en la zona metropolitana, expuso el gobernador Sergio Salom\u00f3n<\/span><\/p>\n<p><span style=\"font-weight: 400;\"> al entregar el Paso Superior Vehicular de la Central de Abasto y dar el banderazo<\/span><\/p>\n<p><span style=\"font-weight: 400;\"> para el inicio de la construcci\u00f3n del Distribuidor Vial Puebla-Tlaxcala.<\/span><\/p>\n<p>&nbsp;<\/p>\n<p><span style=\"font-weight: 400;\">En su mensaje, el titular del Ejecutivo coment\u00f3 que este tipo de proyectos son fundamentales<\/span><\/p>\n<p><span style=\"font-weight: 400;\"> porque no solamente favorecen al flujo vehicular sino tambi\u00e9n al comercio, <\/span><\/p>\n<p><span style=\"font-weight: 400;\">ya que, en un lugar como la Central de Abasto, es primordial que la mercanc\u00eda est\u00e9 en tiempo<\/span><\/p>\n<p><span style=\"font-weight: 400;\"> para que este sector de la poblaci\u00f3n no tenga p\u00e9rdidas.\u00a0<\/span><\/p>\n<p>&nbsp;<\/p>\n<h4><span style=\"font-weight: 400;\">Coment\u00f3 que parte de los objetivos del gobierno que encabeza es alcanzar la resiliencia urbana para consolidar la Agenda 2030 y asegurar el crecimiento ordenado del estado.<\/span><\/h4>\n<p>&nbsp;<\/p>\n<p><span style=\"font-weight: 400;\">Jes\u00fas Aquino Lim\u00f3n, subsecretario de Infraestructura, explic\u00f3 que el Paso Superior Vehicular resuelve la movilidad al oriente de la ciudad, ya que ahora est\u00e1n a la disposici\u00f3n de automovilistas tres carriles por sentido en una longitud de 1.5 kil\u00f3metros, lo que hace m\u00e1s eficiente la comunicaci\u00f3n con Tlaxcala y fortalece las relaciones comerciales.<\/span><\/p>\n<p>&nbsp;<\/p>\n<p><b>INICIA CONSTRUCCI\u00d3N DEL DISTRIBUIDOR VIAL PUEBLA-TLAXCALA<\/b><\/p>\n<p>&nbsp;<\/p>\n<p><span style=\"font-weight: 400;\">Como parte de la visi\u00f3n para permitir que las rutas comerciales sean m\u00e1s eficientes, el gobernador Sergio Salom\u00f3n dio el banderazo para el inicio de la construcci\u00f3n del Distribuidor Vial Puebla-Tlaxcala, acto en el que expuso que esta obra no s\u00f3lo favorecer\u00e1 el acceso a la autopista Puebla-Tlaxcala, sino tambi\u00e9n a las unidades habitacionales y fraccionamientos de los municipios de Coronango y Cuautlancingo.<\/span><\/p>\n<p>&nbsp;<\/p>\n<p><span style=\"font-weight: 400;\">Agreg\u00f3 que su gobierno dise\u00f1\u00f3 desde el a\u00f1o pasado una estrategia global de movilidad para mejorar los accesos hacia Puebla y ofrecer soluciones a los problemas de tr\u00e1nsito vehicular.\u00a0<\/span><\/p>\n","protected":false},"excerpt":{"rendered":"<p>El gobernador entreg\u00f3 el Paso Superior Vehicular de la Central de Abasto Adem\u00e1s, dio el banderazo para el inicio de la construcci\u00f3n del Distribuidor Vial Puebla-Tlaxcala\u00a0 CIUDAD DE PUEBLA, Pue.- El gobierno estatal ha cumplido con su compromiso de generar m\u00e1s progreso, as\u00ed como mejorar la movilidad en la zona metropolitana, expuso el gobernador Sergio Salom\u00f3n al entregar el Paso Superior Vehicular de la Central de Abasto y dar el banderazo para el inicio de la construcci\u00f3n del Distribuidor Vial Puebla-Tlaxcala. &nbsp; En su mensaje, el titular del Ejecutivo coment\u00f3 que este tipo de proyectos son fundamentales porque no solamente favorecen al flujo vehicular sino tambi\u00e9n al comercio, ya que, en un lugar como la Central de Abasto, es primordial que la mercanc\u00eda est\u00e9 en&hellip;<\/p>\n<p class=\"excerpt-more\"><a class=\"blog-excerpt button\" href=\"https:\/\/www.aliadospuebla.com\/?p=97098\">Leer m\u00e1s&#8230;<\/a><\/p>\n","protected":false},"author":2,"featured_media":97099,"comment_status":"open","ping_status":"open","sticky":false,"template":"","format":"standard","meta":{"_monsterinsights_skip_tracking":false,"footnotes":""},"categories":[61],"tags":[253,24672,24673,24671,4054],"class_list":["post-97098","post","type-post","status-publish","format-standard","has-post-thumbnail","hentry","category-gobierno","tag-coronango","tag-distribuidor-vial-puebla-tlaxcala","tag-estrategia-global-de-movilidad","tag-paso-superior-vehicular-de-la-central-de-abasto","tag-vialidad"],"yoast_head":"<!-- This site is optimized with the Yoast SEO plugin v28.4 - https:\/\/yoast.com\/product\/yoast-seo-wordpress\/ -->\n<title>CUMPLE GOBIERNO DE SERGIO SALOM\u00d3N CON MEJORAR MOVILIDAD EN ZONA METROPOLITANA - AliadosPuebla<\/title>\n<meta name=\"robots\" content=\"index, follow, max-snippet:-1, max-image-preview:large, max-video-preview:-1\" \/>\n<link rel=\"canonical\" href=\"https:\/\/www.aliadospuebla.com\/?p=97098\" \/>\n<meta property=\"og:locale\" content=\"es_ES\" \/>\n<meta property=\"og:type\" content=\"article\" \/>\n<meta property=\"og:title\" content=\"CUMPLE GOBIERNO DE SERGIO SALOM\u00d3N CON MEJORAR MOVILIDAD EN ZONA METROPOLITANA - AliadosPuebla\" \/>\n<meta property=\"og:description\" content=\"El gobernador entreg\u00f3 el Paso Superior Vehicular de la Central de Abasto Adem\u00e1s, dio el banderazo para el inicio de la construcci\u00f3n del Distribuidor Vial Puebla-Tlaxcala\u00a0 CIUDAD DE PUEBLA, Pue.- El gobierno estatal ha cumplido con su compromiso de generar m\u00e1s progreso, as\u00ed como mejorar la movilidad en la zona metropolitana, expuso el gobernador Sergio Salom\u00f3n al entregar el Paso Superior Vehicular de la Central de Abasto y dar el banderazo para el inicio de la construcci\u00f3n del Distribuidor Vial Puebla-Tlaxcala. &nbsp; En su mensaje, el titular del Ejecutivo coment\u00f3 que este tipo de proyectos son fundamentales porque no solamente favorecen al flujo vehicular sino tambi\u00e9n al comercio, ya que, en un lugar como la Central de Abasto, es primordial que la mercanc\u00eda est\u00e9 en&hellip;Leer m\u00e1s...\" \/>\n<meta property=\"og:url\" content=\"https:\/\/www.aliadospuebla.com\/?p=97098\" \/>\n<meta property=\"og:site_name\" content=\"AliadosPuebla\" \/>\n<meta property=\"article:author\" content=\"https:\/\/www.facebook.com\/Aliados17Pue\" \/>\n<meta property=\"article:published_time\" content=\"2024-10-15T01:06:03+00:00\" \/>\n<meta property=\"og:image\" content=\"https:\/\/www.aliadospuebla.com\/web2017\/wp-content\/uploads\/2024\/10\/1165.jpg\" \/>\n\t<meta property=\"og:image:width\" content=\"600\" \/>\n\t<meta property=\"og:image:height\" content=\"450\" \/>\n\t<meta property=\"og:image:type\" content=\"image\/jpeg\" \/>\n<meta name=\"author\" content=\"Aliados17\" \/>\n<meta name=\"twitter:card\" content=\"summary_large_image\" \/>\n<meta name=\"twitter:creator\" content=\"@AliadosPuebla\" \/>\n<meta name=\"twitter:label1\" content=\"Escrito por\" \/>\n\t<meta name=\"twitter:data1\" content=\"Aliados17\" \/>\n\t<meta name=\"twitter:label2\" content=\"Tiempo de lectura\" \/>\n\t<meta name=\"twitter:data2\" content=\"2 minutos\" \/>\n<script type=\"application\/ld+json\" class=\"yoast-schema-graph\">{\"@context\":\"https:\\\/\\\/schema.org\",\"@graph\":[{\"@type\":\"Article\",\"@id\":\"https:\\\/\\\/www.aliadospuebla.com\\\/?p=97098#article\",\"isPartOf\":{\"@id\":\"https:\\\/\\\/www.aliadospuebla.com\\\/?p=97098\"},\"author\":{\"name\":\"Aliados17\",\"@id\":\"https:\\\/\\\/www.aliadospuebla.com\\\/#\\\/schema\\\/person\\\/5da7dd09320bd4f392b710017ed5f8ad\"},\"headline\":\"CUMPLE GOBIERNO DE SERGIO SALOM\u00d3N CON MEJORAR MOVILIDAD EN ZONA METROPOLITANA\",\"datePublished\":\"2024-10-15T01:06:03+00:00\",\"mainEntityOfPage\":{\"@id\":\"https:\\\/\\\/www.aliadospuebla.com\\\/?p=97098\"},\"wordCount\":355,\"commentCount\":0,\"image\":{\"@id\":\"https:\\\/\\\/www.aliadospuebla.com\\\/?p=97098#primaryimage\"},\"thumbnailUrl\":\"https:\\\/\\\/www.aliadospuebla.com\\\/web2017\\\/wp-content\\\/uploads\\\/2024\\\/10\\\/1165.jpg\",\"keywords\":[\"Coronango\",\"Distribuidor Vial Puebla-Tlaxcala\",\"estrategia global de movilidad\",\"Paso Superior Vehicular de la Central de Abasto\",\"VIALIDAD\"],\"articleSection\":[\"Gobierno\"],\"inLanguage\":\"es\",\"potentialAction\":[{\"@type\":\"CommentAction\",\"name\":\"Comment\",\"target\":[\"https:\\\/\\\/www.aliadospuebla.com\\\/?p=97098#respond\"]}]},{\"@type\":\"WebPage\",\"@id\":\"https:\\\/\\\/www.aliadospuebla.com\\\/?p=97098\",\"url\":\"https:\\\/\\\/www.aliadospuebla.com\\\/?p=97098\",\"name\":\"CUMPLE GOBIERNO DE SERGIO SALOM\u00d3N CON MEJORAR MOVILIDAD EN ZONA METROPOLITANA - AliadosPuebla\",\"isPartOf\":{\"@id\":\"https:\\\/\\\/www.aliadospuebla.com\\\/#website\"},\"primaryImageOfPage\":{\"@id\":\"https:\\\/\\\/www.aliadospuebla.com\\\/?p=97098#primaryimage\"},\"image\":{\"@id\":\"https:\\\/\\\/www.aliadospuebla.com\\\/?p=97098#primaryimage\"},\"thumbnailUrl\":\"https:\\\/\\\/www.aliadospuebla.com\\\/web2017\\\/wp-content\\\/uploads\\\/2024\\\/10\\\/1165.jpg\",\"datePublished\":\"2024-10-15T01:06:03+00:00\",\"author\":{\"@id\":\"https:\\\/\\\/www.aliadospuebla.com\\\/#\\\/schema\\\/person\\\/5da7dd09320bd4f392b710017ed5f8ad\"},\"breadcrumb\":{\"@id\":\"https:\\\/\\\/www.aliadospuebla.com\\\/?p=97098#breadcrumb\"},\"inLanguage\":\"es\",\"potentialAction\":[{\"@type\":\"ReadAction\",\"target\":[\"https:\\\/\\\/www.aliadospuebla.com\\\/?p=97098\"]}]},{\"@type\":\"ImageObject\",\"inLanguage\":\"es\",\"@id\":\"https:\\\/\\\/www.aliadospuebla.com\\\/?p=97098#primaryimage\",\"url\":\"https:\\\/\\\/www.aliadospuebla.com\\\/web2017\\\/wp-content\\\/uploads\\\/2024\\\/10\\\/1165.jpg\",\"contentUrl\":\"https:\\\/\\\/www.aliadospuebla.com\\\/web2017\\\/wp-content\\\/uploads\\\/2024\\\/10\\\/1165.jpg\",\"width\":600,\"height\":450},{\"@type\":\"BreadcrumbList\",\"@id\":\"https:\\\/\\\/www.aliadospuebla.com\\\/?p=97098#breadcrumb\",\"itemListElement\":[{\"@type\":\"ListItem\",\"position\":1,\"name\":\"Portada\",\"item\":\"https:\\\/\\\/www.aliadospuebla.com\\\/\"},{\"@type\":\"ListItem\",\"position\":2,\"name\":\"CUMPLE GOBIERNO DE SERGIO SALOM\u00d3N CON MEJORAR MOVILIDAD EN ZONA METROPOLITANA\"}]},{\"@type\":\"WebSite\",\"@id\":\"https:\\\/\\\/www.aliadospuebla.com\\\/#website\",\"url\":\"https:\\\/\\\/www.aliadospuebla.com\\\/\",\"name\":\"AliadosPuebla\",\"description\":\"La informaci\u00f3n en tus manos\",\"potentialAction\":[{\"@type\":\"SearchAction\",\"target\":{\"@type\":\"EntryPoint\",\"urlTemplate\":\"https:\\\/\\\/www.aliadospuebla.com\\\/?s={search_term_string}\"},\"query-input\":{\"@type\":\"PropertyValueSpecification\",\"valueRequired\":true,\"valueName\":\"search_term_string\"}}],\"inLanguage\":\"es\"},{\"@type\":\"Person\",\"@id\":\"https:\\\/\\\/www.aliadospuebla.com\\\/#\\\/schema\\\/person\\\/5da7dd09320bd4f392b710017ed5f8ad\",\"name\":\"Aliados17\",\"image\":{\"@type\":\"ImageObject\",\"inLanguage\":\"es\",\"@id\":\"https:\\\/\\\/www.aliadospuebla.com\\\/web2017\\\/wp-content\\\/uploads\\\/2025\\\/03\\\/cropped-para-perfil-8-anos-1-96x96.jpg\",\"url\":\"https:\\\/\\\/www.aliadospuebla.com\\\/web2017\\\/wp-content\\\/uploads\\\/2025\\\/03\\\/cropped-para-perfil-8-anos-1-96x96.jpg\",\"contentUrl\":\"https:\\\/\\\/www.aliadospuebla.com\\\/web2017\\\/wp-content\\\/uploads\\\/2025\\\/03\\\/cropped-para-perfil-8-anos-1-96x96.jpg\",\"caption\":\"Aliados17\"},\"sameAs\":[\"https:\\\/\\\/www.aliados17.com\",\"https:\\\/\\\/www.facebook.com\\\/Aliados17Pue\",\"https:\\\/\\\/x.com\\\/AliadosPuebla\"],\"url\":\"https:\\\/\\\/www.aliadospuebla.com\\\/?author=2\"}]}<\/script>\n<!-- \/ Yoast SEO plugin. -->","yoast_head_json":{"title":"CUMPLE GOBIERNO DE SERGIO SALOM\u00d3N CON MEJORAR MOVILIDAD EN ZONA METROPOLITANA - AliadosPuebla","robots":{"index":"index","follow":"follow","max-snippet":"max-snippet:-1","max-image-preview":"max-image-preview:large","max-video-preview":"max-video-preview:-1"},"canonical":"https:\/\/www.aliadospuebla.com\/?p=97098","og_locale":"es_ES","og_type":"article","og_title":"CUMPLE GOBIERNO DE SERGIO SALOM\u00d3N CON MEJORAR MOVILIDAD EN ZONA METROPOLITANA - AliadosPuebla","og_description":"El gobernador entreg\u00f3 el Paso Superior Vehicular de la Central de Abasto Adem\u00e1s, dio el banderazo para el inicio de la construcci\u00f3n del Distribuidor Vial Puebla-Tlaxcala\u00a0 CIUDAD DE PUEBLA, Pue.- El gobierno estatal ha cumplido con su compromiso de generar m\u00e1s progreso, as\u00ed como mejorar la movilidad en la zona metropolitana, expuso el gobernador Sergio Salom\u00f3n al entregar el Paso Superior Vehicular de la Central de Abasto y dar el banderazo para el inicio de la construcci\u00f3n del Distribuidor Vial Puebla-Tlaxcala. &nbsp; En su mensaje, el titular del Ejecutivo coment\u00f3 que este tipo de proyectos son fundamentales porque no solamente favorecen al flujo vehicular sino tambi\u00e9n al comercio, ya que, en un lugar como la Central de Abasto, es primordial que la mercanc\u00eda est\u00e9 en&hellip;Leer m\u00e1s...","og_url":"https:\/\/www.aliadospuebla.com\/?p=97098","og_site_name":"AliadosPuebla","article_author":"https:\/\/www.facebook.com\/Aliados17Pue","article_published_time":"2024-10-15T01:06:03+00:00","og_image":[{"width":600,"height":450,"url":"https:\/\/www.aliadospuebla.com\/web2017\/wp-content\/uploads\/2024\/10\/1165.jpg","type":"image\/jpeg"}],"author":"Aliados17","twitter_card":"summary_large_image","twitter_creator":"@AliadosPuebla","twitter_misc":{"Escrito por":"Aliados17","Tiempo de lectura":"2 minutos"},"schema":{"@context":"https:\/\/schema.org","@graph":[{"@type":"Article","@id":"https:\/\/www.aliadospuebla.com\/?p=97098#article","isPartOf":{"@id":"https:\/\/www.aliadospuebla.com\/?p=97098"},"author":{"name":"Aliados17","@id":"https:\/\/www.aliadospuebla.com\/#\/schema\/person\/5da7dd09320bd4f392b710017ed5f8ad"},"headline":"CUMPLE GOBIERNO DE SERGIO SALOM\u00d3N CON MEJORAR MOVILIDAD EN ZONA METROPOLITANA","datePublished":"2024-10-15T01:06:03+00:00","mainEntityOfPage":{"@id":"https:\/\/www.aliadospuebla.com\/?p=97098"},"wordCount":355,"commentCount":0,"image":{"@id":"https:\/\/www.aliadospuebla.com\/?p=97098#primaryimage"},"thumbnailUrl":"https:\/\/www.aliadospuebla.com\/web2017\/wp-content\/uploads\/2024\/10\/1165.jpg","keywords":["Coronango","Distribuidor Vial Puebla-Tlaxcala","estrategia global de movilidad","Paso Superior Vehicular de la Central de Abasto","VIALIDAD"],"articleSection":["Gobierno"],"inLanguage":"es","potentialAction":[{"@type":"CommentAction","name":"Comment","target":["https:\/\/www.aliadospuebla.com\/?p=97098#respond"]}]},{"@type":"WebPage","@id":"https:\/\/www.aliadospuebla.com\/?p=97098","url":"https:\/\/www.aliadospuebla.com\/?p=97098","name":"CUMPLE GOBIERNO DE SERGIO SALOM\u00d3N CON MEJORAR MOVILIDAD EN ZONA METROPOLITANA - AliadosPuebla","isPartOf":{"@id":"https:\/\/www.aliadospuebla.com\/#website"},"primaryImageOfPage":{"@id":"https:\/\/www.aliadospuebla.com\/?p=97098#primaryimage"},"image":{"@id":"https:\/\/www.aliadospuebla.com\/?p=97098#primaryimage"},"thumbnailUrl":"https:\/\/www.aliadospuebla.com\/web2017\/wp-content\/uploads\/2024\/10\/1165.jpg","datePublished":"2024-10-15T01:06:03+00:00","author":{"@id":"https:\/\/www.aliadospuebla.com\/#\/schema\/person\/5da7dd09320bd4f392b710017ed5f8ad"},"breadcrumb":{"@id":"https:\/\/www.aliadospuebla.com\/?p=97098#breadcrumb"},"inLanguage":"es","potentialAction":[{"@type":"ReadAction","target":["https:\/\/www.aliadospuebla.com\/?p=97098"]}]},{"@type":"ImageObject","inLanguage":"es","@id":"https:\/\/www.aliadospuebla.com\/?p=97098#primaryimage","url":"https:\/\/www.aliadospuebla.com\/web2017\/wp-content\/uploads\/2024\/10\/1165.jpg","contentUrl":"https:\/\/www.aliadospuebla.com\/web2017\/wp-content\/uploads\/2024\/10\/1165.jpg","width":600,"height":450},{"@type":"BreadcrumbList","@id":"https:\/\/www.aliadospuebla.com\/?p=97098#breadcrumb","itemListElement":[{"@type":"ListItem","position":1,"name":"Portada","item":"https:\/\/www.aliadospuebla.com\/"},{"@type":"ListItem","position":2,"name":"CUMPLE GOBIERNO DE SERGIO SALOM\u00d3N CON MEJORAR MOVILIDAD EN ZONA METROPOLITANA"}]},{"@type":"WebSite","@id":"https:\/\/www.aliadospuebla.com\/#website","url":"https:\/\/www.aliadospuebla.com\/","name":"AliadosPuebla","description":"La informaci\u00f3n en tus manos","potentialAction":[{"@type":"SearchAction","target":{"@type":"EntryPoint","urlTemplate":"https:\/\/www.aliadospuebla.com\/?s={search_term_string}"},"query-input":{"@type":"PropertyValueSpecification","valueRequired":true,"valueName":"search_term_string"}}],"inLanguage":"es"},{"@type":"Person","@id":"https:\/\/www.aliadospuebla.com\/#\/schema\/person\/5da7dd09320bd4f392b710017ed5f8ad","name":"Aliados17","image":{"@type":"ImageObject","inLanguage":"es","@id":"https:\/\/www.aliadospuebla.com\/web2017\/wp-content\/uploads\/2025\/03\/cropped-para-perfil-8-anos-1-96x96.jpg","url":"https:\/\/www.aliadospuebla.com\/web2017\/wp-content\/uploads\/2025\/03\/cropped-para-perfil-8-anos-1-96x96.jpg","contentUrl":"https:\/\/www.aliadospuebla.com\/web2017\/wp-content\/uploads\/2025\/03\/cropped-para-perfil-8-anos-1-96x96.jpg","caption":"Aliados17"},"sameAs":["https:\/\/www.aliados17.com","https:\/\/www.facebook.com\/Aliados17Pue","https:\/\/x.com\/AliadosPuebla"],"url":"https:\/\/www.aliadospuebla.com\/?author=2"}]}},"views":8,"_links":{"self":[{"href":"https:\/\/www.aliadospuebla.com\/index.php?rest_route=\/wp\/v2\/posts\/97098","targetHints":{"allow":["GET"]}}],"collection":[{"href":"https:\/\/www.aliadospuebla.com\/index.php?rest_route=\/wp\/v2\/posts"}],"about":[{"href":"https:\/\/www.aliadospuebla.com\/index.php?rest_route=\/wp\/v2\/types\/post"}],"author":[{"embeddable":true,"href":"https:\/\/www.aliadospuebla.com\/index.php?rest_route=\/wp\/v2\/users\/2"}],"replies":[{"embeddable":true,"href":"https:\/\/www.aliadospuebla.com\/index.php?rest_route=%2Fwp%2Fv2%2Fcomments&post=97098"}],"version-history":[{"count":1,"href":"https:\/\/www.aliadospuebla.com\/index.php?rest_route=\/wp\/v2\/posts\/97098\/revisions"}],"predecessor-version":[{"id":97100,"href":"https:\/\/www.aliadospuebla.com\/index.php?rest_route=\/wp\/v2\/posts\/97098\/revisions\/97100"}],"wp:featuredmedia":[{"embeddable":true,"href":"https:\/\/www.aliadospuebla.com\/index.php?rest_route=\/wp\/v2\/media\/97099"}],"wp:attachment":[{"href":"https:\/\/www.aliadospuebla.com\/index.php?rest_route=%2Fwp%2Fv2%2Fmedia&parent=97098"}],"wp:term":[{"taxonomy":"category","embeddable":true,"href":"https:\/\/www.aliadospuebla.com\/index.php?rest_route=%2Fwp%2Fv2%2Fcategories&post=97098"},{"taxonomy":"post_tag","embeddable":true,"href":"https:\/\/www.aliadospuebla.com\/index.php?rest_route=%2Fwp%2Fv2%2Ftags&post=97098"}],"curies":[{"name":"wp","href":"https:\/\/api.w.org\/{rel}","templated":true}]}}