{"id":97062,"date":"2024-10-13T19:07:51","date_gmt":"2024-10-14T01:07:51","guid":{"rendered":"https:\/\/www.aliados17.com\/?p=97062"},"modified":"2024-10-13T19:07:51","modified_gmt":"2024-10-14T01:07:51","slug":"la-industrializacion-del-canamo-para-el-crecimiento-sostenible-y-el-cuidado-del-planeta-impulsa-alejandro-armenta","status":"publish","type":"post","link":"https:\/\/www.aliadospuebla.com\/?p=97062","title":{"rendered":"La industrializaci\u00f3n del C\u00e1\u00f1amo para el crecimiento sostenible y el cuidado del planeta impulsa Alejandro Armenta"},"content":{"rendered":"<p>A trav\u00e9s de la industrializaci\u00f3n del c\u00e1\u00f1amo, impulsada desde el Senado de la Rep\u00fablica con una iniciativa aprobada, se promover\u00e1 la creaci\u00f3n de la primera planta de procesamiento de alimento, materiales de construcci\u00f3n, combustible y producci\u00f3n de papel para el desarrollo sostenible en Puebla como parte de las acciones del pr\u00f3ximo gobierno estatal.<\/p>\n<p>En ese contexto, el gobernador electo Alejandro Armenta puntualiz\u00f3 que la producci\u00f3n del c\u00e1\u00f1amo se debe observar tambi\u00e9n como una alternativa de cuidado del planeta y de beneficios econ\u00f3micos para el productor del campo poblano poniendo al estado a la vanguardia, tras ejemplificar que \u201cuna hect\u00e1rea de C\u00e1\u00f1amo, puede generar hasta cinco veces m\u00e1s ingresos que cultivos tradicionales como frijol o ma\u00edz\u201d, acot\u00f3.<\/p>\n<p>Tambi\u00e9n destac\u00f3 que, la vinculaci\u00f3n de este producto contribuye a la recuperaci\u00f3n de recursos h\u00eddricos, como los r\u00edos Atoyac y Alseseca, cuya propuesta se alinea con los objetivos de sostenibilidad y cuidado del medio ambiente del gobierno federal y que permitir\u00e1 detonar una reactivaci\u00f3n del campo poblano con el uso de nuevas t\u00e9cnicas y herramientas.<\/p>\n<p>Estas acciones est\u00e1n concatenadas a los compromisos en materia de protecci\u00f3n y reforestaci\u00f3n de bosques y cuerpos de agua del proyecto de naci\u00f3n de la doctora Claudia Sheinbaum, presidenta de la Rep\u00fablica, quien adem\u00e1s, promueve la transformaci\u00f3n del campo en apoyo a los productores.<\/p>\n","protected":false},"excerpt":{"rendered":"<p>A trav\u00e9s de la industrializaci\u00f3n del c\u00e1\u00f1amo, impulsada desde el Senado de la Rep\u00fablica con una iniciativa aprobada, se promover\u00e1 la creaci\u00f3n de la primera planta de procesamiento de alimento, materiales de construcci\u00f3n, combustible y producci\u00f3n de papel para el desarrollo sostenible en Puebla como parte de las acciones del pr\u00f3ximo gobierno estatal. En ese contexto, el gobernador electo Alejandro Armenta puntualiz\u00f3 que la producci\u00f3n del c\u00e1\u00f1amo se debe observar tambi\u00e9n como una alternativa de cuidado del planeta y de beneficios econ\u00f3micos para el productor del campo poblano poniendo al estado a la vanguardia, tras ejemplificar que \u201cuna hect\u00e1rea de C\u00e1\u00f1amo, puede generar hasta cinco veces m\u00e1s ingresos que cultivos tradicionales como frijol o ma\u00edz\u201d, acot\u00f3. Tambi\u00e9n destac\u00f3 que, la vinculaci\u00f3n de este producto contribuye&hellip;<\/p>\n<p class=\"excerpt-more\"><a class=\"blog-excerpt button\" href=\"https:\/\/www.aliadospuebla.com\/?p=97062\">Leer m\u00e1s&#8230;<\/a><\/p>\n","protected":false},"author":2,"featured_media":97063,"comment_status":"open","ping_status":"open","sticky":false,"template":"","format":"standard","meta":{"_monsterinsights_skip_tracking":false,"footnotes":""},"categories":[6],"tags":[4780,165,23047,24630,24629,24632,24631,4136],"class_list":["post-97062","post","type-post","status-publish","format-standard","has-post-thumbnail","hentry","category-politica","tag-alejandro-armenta","tag-combustible","tag-crecimiento-sostenible","tag-cuidado-del-planeta","tag-industrializacion-del-canamo","tag-materiales-de-construccion","tag-planta-de-procesamiento-de-alimento","tag-senado-de-la-republica"],"yoast_head":"<!-- This site is optimized with the Yoast SEO plugin v28.4 - https:\/\/yoast.com\/product\/yoast-seo-wordpress\/ -->\n<title>La industrializaci\u00f3n del C\u00e1\u00f1amo para el crecimiento sostenible y el cuidado del planeta impulsa Alejandro Armenta - AliadosPuebla<\/title>\n<meta name=\"robots\" content=\"index, follow, max-snippet:-1, max-image-preview:large, max-video-preview:-1\" \/>\n<link rel=\"canonical\" href=\"https:\/\/www.aliadospuebla.com\/?p=97062\" \/>\n<meta property=\"og:locale\" content=\"es_ES\" \/>\n<meta property=\"og:type\" content=\"article\" \/>\n<meta property=\"og:title\" content=\"La industrializaci\u00f3n del C\u00e1\u00f1amo para el crecimiento sostenible y el cuidado del planeta impulsa Alejandro Armenta - AliadosPuebla\" \/>\n<meta property=\"og:description\" content=\"A trav\u00e9s de la industrializaci\u00f3n del c\u00e1\u00f1amo, impulsada desde el Senado de la Rep\u00fablica con una iniciativa aprobada, se promover\u00e1 la creaci\u00f3n de la primera planta de procesamiento de alimento, materiales de construcci\u00f3n, combustible y producci\u00f3n de papel para el desarrollo sostenible en Puebla como parte de las acciones del pr\u00f3ximo gobierno estatal. En ese contexto, el gobernador electo Alejandro Armenta puntualiz\u00f3 que la producci\u00f3n del c\u00e1\u00f1amo se debe observar tambi\u00e9n como una alternativa de cuidado del planeta y de beneficios econ\u00f3micos para el productor del campo poblano poniendo al estado a la vanguardia, tras ejemplificar que \u201cuna hect\u00e1rea de C\u00e1\u00f1amo, puede generar hasta cinco veces m\u00e1s ingresos que cultivos tradicionales como frijol o ma\u00edz\u201d, acot\u00f3. Tambi\u00e9n destac\u00f3 que, la vinculaci\u00f3n de este producto contribuye&hellip;Leer m\u00e1s...\" \/>\n<meta property=\"og:url\" content=\"https:\/\/www.aliadospuebla.com\/?p=97062\" \/>\n<meta property=\"og:site_name\" content=\"AliadosPuebla\" \/>\n<meta property=\"article:author\" content=\"https:\/\/www.facebook.com\/Aliados17Pue\" \/>\n<meta property=\"article:published_time\" content=\"2024-10-14T01:07:51+00:00\" \/>\n<meta property=\"og:image\" content=\"https:\/\/www.aliadospuebla.com\/web2017\/wp-content\/uploads\/2024\/10\/1154.jpg\" \/>\n\t<meta property=\"og:image:width\" content=\"600\" \/>\n\t<meta property=\"og:image:height\" content=\"450\" \/>\n\t<meta property=\"og:image:type\" content=\"image\/jpeg\" \/>\n<meta name=\"author\" content=\"Aliados17\" \/>\n<meta name=\"twitter:card\" content=\"summary_large_image\" \/>\n<meta name=\"twitter:creator\" content=\"@AliadosPuebla\" \/>\n<meta name=\"twitter:label1\" content=\"Escrito por\" \/>\n\t<meta name=\"twitter:data1\" content=\"Aliados17\" \/>\n\t<meta name=\"twitter:label2\" content=\"Tiempo de lectura\" \/>\n\t<meta name=\"twitter:data2\" content=\"2 minutos\" \/>\n<script type=\"application\/ld+json\" class=\"yoast-schema-graph\">{\"@context\":\"https:\\\/\\\/schema.org\",\"@graph\":[{\"@type\":\"Article\",\"@id\":\"https:\\\/\\\/www.aliadospuebla.com\\\/?p=97062#article\",\"isPartOf\":{\"@id\":\"https:\\\/\\\/www.aliadospuebla.com\\\/?p=97062\"},\"author\":{\"name\":\"Aliados17\",\"@id\":\"https:\\\/\\\/www.aliadospuebla.com\\\/#\\\/schema\\\/person\\\/5da7dd09320bd4f392b710017ed5f8ad\"},\"headline\":\"La industrializaci\u00f3n del C\u00e1\u00f1amo para el crecimiento sostenible y el cuidado del planeta impulsa Alejandro Armenta\",\"datePublished\":\"2024-10-14T01:07:51+00:00\",\"mainEntityOfPage\":{\"@id\":\"https:\\\/\\\/www.aliadospuebla.com\\\/?p=97062\"},\"wordCount\":263,\"commentCount\":0,\"image\":{\"@id\":\"https:\\\/\\\/www.aliadospuebla.com\\\/?p=97062#primaryimage\"},\"thumbnailUrl\":\"https:\\\/\\\/www.aliadospuebla.com\\\/web2017\\\/wp-content\\\/uploads\\\/2024\\\/10\\\/1154.jpg\",\"keywords\":[\"ALEJANDRO ARMENTA\",\"combustible\",\"crecimiento sostenible\",\"cuidado del planeta\",\"industrializaci\u00f3n del C\u00e1\u00f1amo\",\"materiales de construcci\u00f3n\",\"planta de procesamiento de alimento\",\"SENADO DE LA REP\u00daBLICA\"],\"articleSection\":[\"Pol\u00edtica\"],\"inLanguage\":\"es\",\"potentialAction\":[{\"@type\":\"CommentAction\",\"name\":\"Comment\",\"target\":[\"https:\\\/\\\/www.aliadospuebla.com\\\/?p=97062#respond\"]}]},{\"@type\":\"WebPage\",\"@id\":\"https:\\\/\\\/www.aliadospuebla.com\\\/?p=97062\",\"url\":\"https:\\\/\\\/www.aliadospuebla.com\\\/?p=97062\",\"name\":\"La industrializaci\u00f3n del C\u00e1\u00f1amo para el crecimiento sostenible y el cuidado del planeta impulsa Alejandro Armenta - AliadosPuebla\",\"isPartOf\":{\"@id\":\"https:\\\/\\\/www.aliadospuebla.com\\\/#website\"},\"primaryImageOfPage\":{\"@id\":\"https:\\\/\\\/www.aliadospuebla.com\\\/?p=97062#primaryimage\"},\"image\":{\"@id\":\"https:\\\/\\\/www.aliadospuebla.com\\\/?p=97062#primaryimage\"},\"thumbnailUrl\":\"https:\\\/\\\/www.aliadospuebla.com\\\/web2017\\\/wp-content\\\/uploads\\\/2024\\\/10\\\/1154.jpg\",\"datePublished\":\"2024-10-14T01:07:51+00:00\",\"author\":{\"@id\":\"https:\\\/\\\/www.aliadospuebla.com\\\/#\\\/schema\\\/person\\\/5da7dd09320bd4f392b710017ed5f8ad\"},\"breadcrumb\":{\"@id\":\"https:\\\/\\\/www.aliadospuebla.com\\\/?p=97062#breadcrumb\"},\"inLanguage\":\"es\",\"potentialAction\":[{\"@type\":\"ReadAction\",\"target\":[\"https:\\\/\\\/www.aliadospuebla.com\\\/?p=97062\"]}]},{\"@type\":\"ImageObject\",\"inLanguage\":\"es\",\"@id\":\"https:\\\/\\\/www.aliadospuebla.com\\\/?p=97062#primaryimage\",\"url\":\"https:\\\/\\\/www.aliadospuebla.com\\\/web2017\\\/wp-content\\\/uploads\\\/2024\\\/10\\\/1154.jpg\",\"contentUrl\":\"https:\\\/\\\/www.aliadospuebla.com\\\/web2017\\\/wp-content\\\/uploads\\\/2024\\\/10\\\/1154.jpg\",\"width\":600,\"height\":450},{\"@type\":\"BreadcrumbList\",\"@id\":\"https:\\\/\\\/www.aliadospuebla.com\\\/?p=97062#breadcrumb\",\"itemListElement\":[{\"@type\":\"ListItem\",\"position\":1,\"name\":\"Portada\",\"item\":\"https:\\\/\\\/www.aliadospuebla.com\\\/\"},{\"@type\":\"ListItem\",\"position\":2,\"name\":\"La industrializaci\u00f3n del C\u00e1\u00f1amo para el crecimiento sostenible y el cuidado del planeta impulsa Alejandro Armenta\"}]},{\"@type\":\"WebSite\",\"@id\":\"https:\\\/\\\/www.aliadospuebla.com\\\/#website\",\"url\":\"https:\\\/\\\/www.aliadospuebla.com\\\/\",\"name\":\"AliadosPuebla\",\"description\":\"La informaci\u00f3n en tus manos\",\"potentialAction\":[{\"@type\":\"SearchAction\",\"target\":{\"@type\":\"EntryPoint\",\"urlTemplate\":\"https:\\\/\\\/www.aliadospuebla.com\\\/?s={search_term_string}\"},\"query-input\":{\"@type\":\"PropertyValueSpecification\",\"valueRequired\":true,\"valueName\":\"search_term_string\"}}],\"inLanguage\":\"es\"},{\"@type\":\"Person\",\"@id\":\"https:\\\/\\\/www.aliadospuebla.com\\\/#\\\/schema\\\/person\\\/5da7dd09320bd4f392b710017ed5f8ad\",\"name\":\"Aliados17\",\"image\":{\"@type\":\"ImageObject\",\"inLanguage\":\"es\",\"@id\":\"https:\\\/\\\/www.aliadospuebla.com\\\/web2017\\\/wp-content\\\/uploads\\\/2025\\\/03\\\/cropped-para-perfil-8-anos-1-96x96.jpg\",\"url\":\"https:\\\/\\\/www.aliadospuebla.com\\\/web2017\\\/wp-content\\\/uploads\\\/2025\\\/03\\\/cropped-para-perfil-8-anos-1-96x96.jpg\",\"contentUrl\":\"https:\\\/\\\/www.aliadospuebla.com\\\/web2017\\\/wp-content\\\/uploads\\\/2025\\\/03\\\/cropped-para-perfil-8-anos-1-96x96.jpg\",\"caption\":\"Aliados17\"},\"sameAs\":[\"https:\\\/\\\/www.aliados17.com\",\"https:\\\/\\\/www.facebook.com\\\/Aliados17Pue\",\"https:\\\/\\\/x.com\\\/AliadosPuebla\"],\"url\":\"https:\\\/\\\/www.aliadospuebla.com\\\/?author=2\"}]}<\/script>\n<!-- \/ Yoast SEO plugin. -->","yoast_head_json":{"title":"La industrializaci\u00f3n del C\u00e1\u00f1amo para el crecimiento sostenible y el cuidado del planeta impulsa Alejandro Armenta - AliadosPuebla","robots":{"index":"index","follow":"follow","max-snippet":"max-snippet:-1","max-image-preview":"max-image-preview:large","max-video-preview":"max-video-preview:-1"},"canonical":"https:\/\/www.aliadospuebla.com\/?p=97062","og_locale":"es_ES","og_type":"article","og_title":"La industrializaci\u00f3n del C\u00e1\u00f1amo para el crecimiento sostenible y el cuidado del planeta impulsa Alejandro Armenta - AliadosPuebla","og_description":"A trav\u00e9s de la industrializaci\u00f3n del c\u00e1\u00f1amo, impulsada desde el Senado de la Rep\u00fablica con una iniciativa aprobada, se promover\u00e1 la creaci\u00f3n de la primera planta de procesamiento de alimento, materiales de construcci\u00f3n, combustible y producci\u00f3n de papel para el desarrollo sostenible en Puebla como parte de las acciones del pr\u00f3ximo gobierno estatal. En ese contexto, el gobernador electo Alejandro Armenta puntualiz\u00f3 que la producci\u00f3n del c\u00e1\u00f1amo se debe observar tambi\u00e9n como una alternativa de cuidado del planeta y de beneficios econ\u00f3micos para el productor del campo poblano poniendo al estado a la vanguardia, tras ejemplificar que \u201cuna hect\u00e1rea de C\u00e1\u00f1amo, puede generar hasta cinco veces m\u00e1s ingresos que cultivos tradicionales como frijol o ma\u00edz\u201d, acot\u00f3. Tambi\u00e9n destac\u00f3 que, la vinculaci\u00f3n de este producto contribuye&hellip;Leer m\u00e1s...","og_url":"https:\/\/www.aliadospuebla.com\/?p=97062","og_site_name":"AliadosPuebla","article_author":"https:\/\/www.facebook.com\/Aliados17Pue","article_published_time":"2024-10-14T01:07:51+00:00","og_image":[{"width":600,"height":450,"url":"https:\/\/www.aliadospuebla.com\/web2017\/wp-content\/uploads\/2024\/10\/1154.jpg","type":"image\/jpeg"}],"author":"Aliados17","twitter_card":"summary_large_image","twitter_creator":"@AliadosPuebla","twitter_misc":{"Escrito por":"Aliados17","Tiempo de lectura":"2 minutos"},"schema":{"@context":"https:\/\/schema.org","@graph":[{"@type":"Article","@id":"https:\/\/www.aliadospuebla.com\/?p=97062#article","isPartOf":{"@id":"https:\/\/www.aliadospuebla.com\/?p=97062"},"author":{"name":"Aliados17","@id":"https:\/\/www.aliadospuebla.com\/#\/schema\/person\/5da7dd09320bd4f392b710017ed5f8ad"},"headline":"La industrializaci\u00f3n del C\u00e1\u00f1amo para el crecimiento sostenible y el cuidado del planeta impulsa Alejandro Armenta","datePublished":"2024-10-14T01:07:51+00:00","mainEntityOfPage":{"@id":"https:\/\/www.aliadospuebla.com\/?p=97062"},"wordCount":263,"commentCount":0,"image":{"@id":"https:\/\/www.aliadospuebla.com\/?p=97062#primaryimage"},"thumbnailUrl":"https:\/\/www.aliadospuebla.com\/web2017\/wp-content\/uploads\/2024\/10\/1154.jpg","keywords":["ALEJANDRO ARMENTA","combustible","crecimiento sostenible","cuidado del planeta","industrializaci\u00f3n del C\u00e1\u00f1amo","materiales de construcci\u00f3n","planta de procesamiento de alimento","SENADO DE LA REP\u00daBLICA"],"articleSection":["Pol\u00edtica"],"inLanguage":"es","potentialAction":[{"@type":"CommentAction","name":"Comment","target":["https:\/\/www.aliadospuebla.com\/?p=97062#respond"]}]},{"@type":"WebPage","@id":"https:\/\/www.aliadospuebla.com\/?p=97062","url":"https:\/\/www.aliadospuebla.com\/?p=97062","name":"La industrializaci\u00f3n del C\u00e1\u00f1amo para el crecimiento sostenible y el cuidado del planeta impulsa Alejandro Armenta - AliadosPuebla","isPartOf":{"@id":"https:\/\/www.aliadospuebla.com\/#website"},"primaryImageOfPage":{"@id":"https:\/\/www.aliadospuebla.com\/?p=97062#primaryimage"},"image":{"@id":"https:\/\/www.aliadospuebla.com\/?p=97062#primaryimage"},"thumbnailUrl":"https:\/\/www.aliadospuebla.com\/web2017\/wp-content\/uploads\/2024\/10\/1154.jpg","datePublished":"2024-10-14T01:07:51+00:00","author":{"@id":"https:\/\/www.aliadospuebla.com\/#\/schema\/person\/5da7dd09320bd4f392b710017ed5f8ad"},"breadcrumb":{"@id":"https:\/\/www.aliadospuebla.com\/?p=97062#breadcrumb"},"inLanguage":"es","potentialAction":[{"@type":"ReadAction","target":["https:\/\/www.aliadospuebla.com\/?p=97062"]}]},{"@type":"ImageObject","inLanguage":"es","@id":"https:\/\/www.aliadospuebla.com\/?p=97062#primaryimage","url":"https:\/\/www.aliadospuebla.com\/web2017\/wp-content\/uploads\/2024\/10\/1154.jpg","contentUrl":"https:\/\/www.aliadospuebla.com\/web2017\/wp-content\/uploads\/2024\/10\/1154.jpg","width":600,"height":450},{"@type":"BreadcrumbList","@id":"https:\/\/www.aliadospuebla.com\/?p=97062#breadcrumb","itemListElement":[{"@type":"ListItem","position":1,"name":"Portada","item":"https:\/\/www.aliadospuebla.com\/"},{"@type":"ListItem","position":2,"name":"La industrializaci\u00f3n del C\u00e1\u00f1amo para el crecimiento sostenible y el cuidado del planeta impulsa Alejandro Armenta"}]},{"@type":"WebSite","@id":"https:\/\/www.aliadospuebla.com\/#website","url":"https:\/\/www.aliadospuebla.com\/","name":"AliadosPuebla","description":"La informaci\u00f3n en tus manos","potentialAction":[{"@type":"SearchAction","target":{"@type":"EntryPoint","urlTemplate":"https:\/\/www.aliadospuebla.com\/?s={search_term_string}"},"query-input":{"@type":"PropertyValueSpecification","valueRequired":true,"valueName":"search_term_string"}}],"inLanguage":"es"},{"@type":"Person","@id":"https:\/\/www.aliadospuebla.com\/#\/schema\/person\/5da7dd09320bd4f392b710017ed5f8ad","name":"Aliados17","image":{"@type":"ImageObject","inLanguage":"es","@id":"https:\/\/www.aliadospuebla.com\/web2017\/wp-content\/uploads\/2025\/03\/cropped-para-perfil-8-anos-1-96x96.jpg","url":"https:\/\/www.aliadospuebla.com\/web2017\/wp-content\/uploads\/2025\/03\/cropped-para-perfil-8-anos-1-96x96.jpg","contentUrl":"https:\/\/www.aliadospuebla.com\/web2017\/wp-content\/uploads\/2025\/03\/cropped-para-perfil-8-anos-1-96x96.jpg","caption":"Aliados17"},"sameAs":["https:\/\/www.aliados17.com","https:\/\/www.facebook.com\/Aliados17Pue","https:\/\/x.com\/AliadosPuebla"],"url":"https:\/\/www.aliadospuebla.com\/?author=2"}]}},"views":8,"_links":{"self":[{"href":"https:\/\/www.aliadospuebla.com\/index.php?rest_route=\/wp\/v2\/posts\/97062","targetHints":{"allow":["GET"]}}],"collection":[{"href":"https:\/\/www.aliadospuebla.com\/index.php?rest_route=\/wp\/v2\/posts"}],"about":[{"href":"https:\/\/www.aliadospuebla.com\/index.php?rest_route=\/wp\/v2\/types\/post"}],"author":[{"embeddable":true,"href":"https:\/\/www.aliadospuebla.com\/index.php?rest_route=\/wp\/v2\/users\/2"}],"replies":[{"embeddable":true,"href":"https:\/\/www.aliadospuebla.com\/index.php?rest_route=%2Fwp%2Fv2%2Fcomments&post=97062"}],"version-history":[{"count":1,"href":"https:\/\/www.aliadospuebla.com\/index.php?rest_route=\/wp\/v2\/posts\/97062\/revisions"}],"predecessor-version":[{"id":97064,"href":"https:\/\/www.aliadospuebla.com\/index.php?rest_route=\/wp\/v2\/posts\/97062\/revisions\/97064"}],"wp:featuredmedia":[{"embeddable":true,"href":"https:\/\/www.aliadospuebla.com\/index.php?rest_route=\/wp\/v2\/media\/97063"}],"wp:attachment":[{"href":"https:\/\/www.aliadospuebla.com\/index.php?rest_route=%2Fwp%2Fv2%2Fmedia&parent=97062"}],"wp:term":[{"taxonomy":"category","embeddable":true,"href":"https:\/\/www.aliadospuebla.com\/index.php?rest_route=%2Fwp%2Fv2%2Fcategories&post=97062"},{"taxonomy":"post_tag","embeddable":true,"href":"https:\/\/www.aliadospuebla.com\/index.php?rest_route=%2Fwp%2Fv2%2Ftags&post=97062"}],"curies":[{"name":"wp","href":"https:\/\/api.w.org\/{rel}","templated":true}]}}