{"id":97019,"date":"2024-10-10T17:42:21","date_gmt":"2024-10-10T23:42:21","guid":{"rendered":"https:\/\/www.aliados17.com\/?p=97019"},"modified":"2024-10-10T17:42:21","modified_gmt":"2024-10-10T23:42:21","slug":"ratifico-tribunal-electoral-federal-triunfo-de-armando-aguirre-en-coronango","status":"publish","type":"post","link":"https:\/\/www.aliadospuebla.com\/?p=97019","title":{"rendered":"Ratific\u00f3 Tribunal Electoral Federal triunfo de Armando Aguirre en Coronango"},"content":{"rendered":"<p>Por unanimidad, la Sala Regional del Tribunal Electoral del Poder<\/p>\n<p>de la Federaci\u00f3n (TEPJF) de la Ciudad de M\u00e9xico, ratific\u00f3 el triunfo de Armando Aguirre Amaro como presidente municipal de Coronango para el periodo 2024-2027.<\/p>\n<p>En ese sentido, los integrantes de la Sala Regional confirmaron la validez<\/p>\n<p>de la entrega de la constancia<\/p>\n<p>a la planilla ganadora postulada<\/p>\n<p>por el Partido del Trabajo (PT) y el Movimiento de Regeneraci\u00f3n Nacional (MORENA), encabezada por Armando Aguirre Amaro.<\/p>\n<p>Tras resolver el juicio SCM-JRC-251\/2024<\/p>\n<p>y acumulados, el pleno concluy\u00f3 que el tribunal local analiz\u00f3 indebidamente la causal de nulidad relativa a recepci\u00f3n de votaci\u00f3n por personas u \u00f3rganos distintos a los facultados por la norma.<\/p>\n<p>Desde su perspectiva, no cont\u00f3 con la totalidad de los listados nominales<\/p>\n<p>para el respectivo estudio, ni detall\u00f3<\/p>\n<p>la ubicaci\u00f3n de las personas impugnadas<\/p>\n<p>en dichos listados.<\/p>\n<p>Tambi\u00e9n se destac\u00f3 que el c\u00f3mputo<\/p>\n<p>que el Tribunal Electoral del Estado de Puebla tom\u00f3 en consideraci\u00f3n para la recomposici\u00f3n que realiz\u00f3, no coincide<\/p>\n<p>con el que asent\u00f3 en el acta de c\u00f3mputo municipal de la elecci\u00f3n.<\/p>\n<p>Cumpliendo con los tiempos establecidos<\/p>\n<p>y en total apego a la Ley, la Sala Regional consider\u00f3 solventadas las deficiencias de la sentencia impugnada y realiz\u00f3 la recomposici\u00f3n del c\u00f3mputo, advirtiendo<\/p>\n<p>que no hubo cambio en la planilla que result\u00f3 ganadora.<\/p>\n<p>\u201cPor lo tanto, la Sala Regional modific\u00f3 la resoluci\u00f3n impugnada respecto al c\u00f3mputo de la elecci\u00f3n y confirm\u00f3 la declaraci\u00f3n de validez y la entrega de la constancia a la planilla postulada por la coalici\u00f3n del Partido del Trabajo y MORENA, as\u00ed como la asignaci\u00f3n de regidur\u00edas por el principio de representaci\u00f3n proporcional\u201d, se\u00f1al\u00f3 la Sala en un comunicado.<\/p>\n","protected":false},"excerpt":{"rendered":"<p>Por unanimidad, la Sala Regional del Tribunal Electoral del Poder de la Federaci\u00f3n (TEPJF) de la Ciudad de M\u00e9xico, ratific\u00f3 el triunfo de Armando Aguirre Amaro como presidente municipal de Coronango para el periodo 2024-2027. En ese sentido, los integrantes de la Sala Regional confirmaron la validez de la entrega de la constancia a la planilla ganadora postulada por el Partido del Trabajo (PT) y el Movimiento de Regeneraci\u00f3n Nacional (MORENA), encabezada por Armando Aguirre Amaro. Tras resolver el juicio SCM-JRC-251\/2024 y acumulados, el pleno concluy\u00f3 que el tribunal local analiz\u00f3 indebidamente la causal de nulidad relativa a recepci\u00f3n de votaci\u00f3n por personas u \u00f3rganos distintos a los facultados por la norma. Desde su perspectiva, no cont\u00f3 con la totalidad de los listados nominales para&hellip;<\/p>\n<p class=\"excerpt-more\"><a class=\"blog-excerpt button\" href=\"https:\/\/www.aliadospuebla.com\/?p=97019\">Leer m\u00e1s&#8230;<\/a><\/p>\n","protected":false},"author":2,"featured_media":97020,"comment_status":"open","ping_status":"open","sticky":false,"template":"","format":"standard","meta":{"_monsterinsights_skip_tracking":false,"footnotes":""},"categories":[6],"tags":[24601,253,666,2551,24602,6132],"class_list":["post-97019","post","type-post","status-publish","format-standard","has-post-thumbnail","hentry","category-politica","tag-armando-aguirre-amaro","tag-coronango","tag-morena","tag-pt","tag-ratifico","tag-tepjf"],"yoast_head":"<!-- This site is optimized with the Yoast SEO plugin v28.4 - https:\/\/yoast.com\/product\/yoast-seo-wordpress\/ -->\n<title>Ratific\u00f3 Tribunal Electoral Federal triunfo de Armando Aguirre en Coronango - AliadosPuebla<\/title>\n<meta name=\"robots\" content=\"index, follow, max-snippet:-1, max-image-preview:large, max-video-preview:-1\" \/>\n<link rel=\"canonical\" href=\"https:\/\/www.aliadospuebla.com\/?p=97019\" \/>\n<meta property=\"og:locale\" content=\"es_ES\" \/>\n<meta property=\"og:type\" content=\"article\" \/>\n<meta property=\"og:title\" content=\"Ratific\u00f3 Tribunal Electoral Federal triunfo de Armando Aguirre en Coronango - AliadosPuebla\" \/>\n<meta property=\"og:description\" content=\"Por unanimidad, la Sala Regional del Tribunal Electoral del Poder de la Federaci\u00f3n (TEPJF) de la Ciudad de M\u00e9xico, ratific\u00f3 el triunfo de Armando Aguirre Amaro como presidente municipal de Coronango para el periodo 2024-2027. En ese sentido, los integrantes de la Sala Regional confirmaron la validez de la entrega de la constancia a la planilla ganadora postulada por el Partido del Trabajo (PT) y el Movimiento de Regeneraci\u00f3n Nacional (MORENA), encabezada por Armando Aguirre Amaro. Tras resolver el juicio SCM-JRC-251\/2024 y acumulados, el pleno concluy\u00f3 que el tribunal local analiz\u00f3 indebidamente la causal de nulidad relativa a recepci\u00f3n de votaci\u00f3n por personas u \u00f3rganos distintos a los facultados por la norma. Desde su perspectiva, no cont\u00f3 con la totalidad de los listados nominales para&hellip;Leer m\u00e1s...\" \/>\n<meta property=\"og:url\" content=\"https:\/\/www.aliadospuebla.com\/?p=97019\" \/>\n<meta property=\"og:site_name\" content=\"AliadosPuebla\" \/>\n<meta property=\"article:author\" content=\"https:\/\/www.facebook.com\/Aliados17Pue\" \/>\n<meta property=\"article:published_time\" content=\"2024-10-10T23:42:21+00:00\" \/>\n<meta property=\"og:image\" content=\"https:\/\/www.aliadospuebla.com\/web2017\/wp-content\/uploads\/2024\/10\/PSX_20241010_173608.jpg\" \/>\n\t<meta property=\"og:image:width\" content=\"600\" \/>\n\t<meta property=\"og:image:height\" content=\"450\" \/>\n\t<meta property=\"og:image:type\" content=\"image\/jpeg\" \/>\n<meta name=\"author\" content=\"Aliados17\" \/>\n<meta name=\"twitter:card\" content=\"summary_large_image\" \/>\n<meta name=\"twitter:creator\" content=\"@AliadosPuebla\" \/>\n<meta name=\"twitter:label1\" content=\"Escrito por\" \/>\n\t<meta name=\"twitter:data1\" content=\"Aliados17\" \/>\n\t<meta name=\"twitter:label2\" content=\"Tiempo de lectura\" \/>\n\t<meta name=\"twitter:data2\" content=\"2 minutos\" \/>\n<script type=\"application\/ld+json\" class=\"yoast-schema-graph\">{\"@context\":\"https:\\\/\\\/schema.org\",\"@graph\":[{\"@type\":\"Article\",\"@id\":\"https:\\\/\\\/www.aliadospuebla.com\\\/?p=97019#article\",\"isPartOf\":{\"@id\":\"https:\\\/\\\/www.aliadospuebla.com\\\/?p=97019\"},\"author\":{\"name\":\"Aliados17\",\"@id\":\"https:\\\/\\\/www.aliadospuebla.com\\\/#\\\/schema\\\/person\\\/5da7dd09320bd4f392b710017ed5f8ad\"},\"headline\":\"Ratific\u00f3 Tribunal Electoral Federal triunfo de Armando Aguirre en Coronango\",\"datePublished\":\"2024-10-10T23:42:21+00:00\",\"mainEntityOfPage\":{\"@id\":\"https:\\\/\\\/www.aliadospuebla.com\\\/?p=97019\"},\"wordCount\":308,\"commentCount\":0,\"image\":{\"@id\":\"https:\\\/\\\/www.aliadospuebla.com\\\/?p=97019#primaryimage\"},\"thumbnailUrl\":\"https:\\\/\\\/www.aliadospuebla.com\\\/web2017\\\/wp-content\\\/uploads\\\/2024\\\/10\\\/PSX_20241010_173608.jpg\",\"keywords\":[\"Armando Aguirre Amaro\",\"Coronango\",\"MORENA\",\"PT\",\"ratific\u00f3\",\"TEPJF\"],\"articleSection\":[\"Pol\u00edtica\"],\"inLanguage\":\"es\",\"potentialAction\":[{\"@type\":\"CommentAction\",\"name\":\"Comment\",\"target\":[\"https:\\\/\\\/www.aliadospuebla.com\\\/?p=97019#respond\"]}]},{\"@type\":\"WebPage\",\"@id\":\"https:\\\/\\\/www.aliadospuebla.com\\\/?p=97019\",\"url\":\"https:\\\/\\\/www.aliadospuebla.com\\\/?p=97019\",\"name\":\"Ratific\u00f3 Tribunal Electoral Federal triunfo de Armando Aguirre en Coronango - AliadosPuebla\",\"isPartOf\":{\"@id\":\"https:\\\/\\\/www.aliadospuebla.com\\\/#website\"},\"primaryImageOfPage\":{\"@id\":\"https:\\\/\\\/www.aliadospuebla.com\\\/?p=97019#primaryimage\"},\"image\":{\"@id\":\"https:\\\/\\\/www.aliadospuebla.com\\\/?p=97019#primaryimage\"},\"thumbnailUrl\":\"https:\\\/\\\/www.aliadospuebla.com\\\/web2017\\\/wp-content\\\/uploads\\\/2024\\\/10\\\/PSX_20241010_173608.jpg\",\"datePublished\":\"2024-10-10T23:42:21+00:00\",\"author\":{\"@id\":\"https:\\\/\\\/www.aliadospuebla.com\\\/#\\\/schema\\\/person\\\/5da7dd09320bd4f392b710017ed5f8ad\"},\"breadcrumb\":{\"@id\":\"https:\\\/\\\/www.aliadospuebla.com\\\/?p=97019#breadcrumb\"},\"inLanguage\":\"es\",\"potentialAction\":[{\"@type\":\"ReadAction\",\"target\":[\"https:\\\/\\\/www.aliadospuebla.com\\\/?p=97019\"]}]},{\"@type\":\"ImageObject\",\"inLanguage\":\"es\",\"@id\":\"https:\\\/\\\/www.aliadospuebla.com\\\/?p=97019#primaryimage\",\"url\":\"https:\\\/\\\/www.aliadospuebla.com\\\/web2017\\\/wp-content\\\/uploads\\\/2024\\\/10\\\/PSX_20241010_173608.jpg\",\"contentUrl\":\"https:\\\/\\\/www.aliadospuebla.com\\\/web2017\\\/wp-content\\\/uploads\\\/2024\\\/10\\\/PSX_20241010_173608.jpg\",\"width\":600,\"height\":450},{\"@type\":\"BreadcrumbList\",\"@id\":\"https:\\\/\\\/www.aliadospuebla.com\\\/?p=97019#breadcrumb\",\"itemListElement\":[{\"@type\":\"ListItem\",\"position\":1,\"name\":\"Portada\",\"item\":\"https:\\\/\\\/www.aliadospuebla.com\\\/\"},{\"@type\":\"ListItem\",\"position\":2,\"name\":\"Ratific\u00f3 Tribunal Electoral Federal triunfo de Armando Aguirre en Coronango\"}]},{\"@type\":\"WebSite\",\"@id\":\"https:\\\/\\\/www.aliadospuebla.com\\\/#website\",\"url\":\"https:\\\/\\\/www.aliadospuebla.com\\\/\",\"name\":\"AliadosPuebla\",\"description\":\"La informaci\u00f3n en tus manos\",\"potentialAction\":[{\"@type\":\"SearchAction\",\"target\":{\"@type\":\"EntryPoint\",\"urlTemplate\":\"https:\\\/\\\/www.aliadospuebla.com\\\/?s={search_term_string}\"},\"query-input\":{\"@type\":\"PropertyValueSpecification\",\"valueRequired\":true,\"valueName\":\"search_term_string\"}}],\"inLanguage\":\"es\"},{\"@type\":\"Person\",\"@id\":\"https:\\\/\\\/www.aliadospuebla.com\\\/#\\\/schema\\\/person\\\/5da7dd09320bd4f392b710017ed5f8ad\",\"name\":\"Aliados17\",\"image\":{\"@type\":\"ImageObject\",\"inLanguage\":\"es\",\"@id\":\"https:\\\/\\\/www.aliadospuebla.com\\\/web2017\\\/wp-content\\\/uploads\\\/2025\\\/03\\\/cropped-para-perfil-8-anos-1-96x96.jpg\",\"url\":\"https:\\\/\\\/www.aliadospuebla.com\\\/web2017\\\/wp-content\\\/uploads\\\/2025\\\/03\\\/cropped-para-perfil-8-anos-1-96x96.jpg\",\"contentUrl\":\"https:\\\/\\\/www.aliadospuebla.com\\\/web2017\\\/wp-content\\\/uploads\\\/2025\\\/03\\\/cropped-para-perfil-8-anos-1-96x96.jpg\",\"caption\":\"Aliados17\"},\"sameAs\":[\"https:\\\/\\\/www.aliados17.com\",\"https:\\\/\\\/www.facebook.com\\\/Aliados17Pue\",\"https:\\\/\\\/x.com\\\/AliadosPuebla\"],\"url\":\"https:\\\/\\\/www.aliadospuebla.com\\\/?author=2\"}]}<\/script>\n<!-- \/ Yoast SEO plugin. -->","yoast_head_json":{"title":"Ratific\u00f3 Tribunal Electoral Federal triunfo de Armando Aguirre en Coronango - AliadosPuebla","robots":{"index":"index","follow":"follow","max-snippet":"max-snippet:-1","max-image-preview":"max-image-preview:large","max-video-preview":"max-video-preview:-1"},"canonical":"https:\/\/www.aliadospuebla.com\/?p=97019","og_locale":"es_ES","og_type":"article","og_title":"Ratific\u00f3 Tribunal Electoral Federal triunfo de Armando Aguirre en Coronango - AliadosPuebla","og_description":"Por unanimidad, la Sala Regional del Tribunal Electoral del Poder de la Federaci\u00f3n (TEPJF) de la Ciudad de M\u00e9xico, ratific\u00f3 el triunfo de Armando Aguirre Amaro como presidente municipal de Coronango para el periodo 2024-2027. En ese sentido, los integrantes de la Sala Regional confirmaron la validez de la entrega de la constancia a la planilla ganadora postulada por el Partido del Trabajo (PT) y el Movimiento de Regeneraci\u00f3n Nacional (MORENA), encabezada por Armando Aguirre Amaro. Tras resolver el juicio SCM-JRC-251\/2024 y acumulados, el pleno concluy\u00f3 que el tribunal local analiz\u00f3 indebidamente la causal de nulidad relativa a recepci\u00f3n de votaci\u00f3n por personas u \u00f3rganos distintos a los facultados por la norma. Desde su perspectiva, no cont\u00f3 con la totalidad de los listados nominales para&hellip;Leer m\u00e1s...","og_url":"https:\/\/www.aliadospuebla.com\/?p=97019","og_site_name":"AliadosPuebla","article_author":"https:\/\/www.facebook.com\/Aliados17Pue","article_published_time":"2024-10-10T23:42:21+00:00","og_image":[{"width":600,"height":450,"url":"https:\/\/www.aliadospuebla.com\/web2017\/wp-content\/uploads\/2024\/10\/PSX_20241010_173608.jpg","type":"image\/jpeg"}],"author":"Aliados17","twitter_card":"summary_large_image","twitter_creator":"@AliadosPuebla","twitter_misc":{"Escrito por":"Aliados17","Tiempo de lectura":"2 minutos"},"schema":{"@context":"https:\/\/schema.org","@graph":[{"@type":"Article","@id":"https:\/\/www.aliadospuebla.com\/?p=97019#article","isPartOf":{"@id":"https:\/\/www.aliadospuebla.com\/?p=97019"},"author":{"name":"Aliados17","@id":"https:\/\/www.aliadospuebla.com\/#\/schema\/person\/5da7dd09320bd4f392b710017ed5f8ad"},"headline":"Ratific\u00f3 Tribunal Electoral Federal triunfo de Armando Aguirre en Coronango","datePublished":"2024-10-10T23:42:21+00:00","mainEntityOfPage":{"@id":"https:\/\/www.aliadospuebla.com\/?p=97019"},"wordCount":308,"commentCount":0,"image":{"@id":"https:\/\/www.aliadospuebla.com\/?p=97019#primaryimage"},"thumbnailUrl":"https:\/\/www.aliadospuebla.com\/web2017\/wp-content\/uploads\/2024\/10\/PSX_20241010_173608.jpg","keywords":["Armando Aguirre Amaro","Coronango","MORENA","PT","ratific\u00f3","TEPJF"],"articleSection":["Pol\u00edtica"],"inLanguage":"es","potentialAction":[{"@type":"CommentAction","name":"Comment","target":["https:\/\/www.aliadospuebla.com\/?p=97019#respond"]}]},{"@type":"WebPage","@id":"https:\/\/www.aliadospuebla.com\/?p=97019","url":"https:\/\/www.aliadospuebla.com\/?p=97019","name":"Ratific\u00f3 Tribunal Electoral Federal triunfo de Armando Aguirre en Coronango - AliadosPuebla","isPartOf":{"@id":"https:\/\/www.aliadospuebla.com\/#website"},"primaryImageOfPage":{"@id":"https:\/\/www.aliadospuebla.com\/?p=97019#primaryimage"},"image":{"@id":"https:\/\/www.aliadospuebla.com\/?p=97019#primaryimage"},"thumbnailUrl":"https:\/\/www.aliadospuebla.com\/web2017\/wp-content\/uploads\/2024\/10\/PSX_20241010_173608.jpg","datePublished":"2024-10-10T23:42:21+00:00","author":{"@id":"https:\/\/www.aliadospuebla.com\/#\/schema\/person\/5da7dd09320bd4f392b710017ed5f8ad"},"breadcrumb":{"@id":"https:\/\/www.aliadospuebla.com\/?p=97019#breadcrumb"},"inLanguage":"es","potentialAction":[{"@type":"ReadAction","target":["https:\/\/www.aliadospuebla.com\/?p=97019"]}]},{"@type":"ImageObject","inLanguage":"es","@id":"https:\/\/www.aliadospuebla.com\/?p=97019#primaryimage","url":"https:\/\/www.aliadospuebla.com\/web2017\/wp-content\/uploads\/2024\/10\/PSX_20241010_173608.jpg","contentUrl":"https:\/\/www.aliadospuebla.com\/web2017\/wp-content\/uploads\/2024\/10\/PSX_20241010_173608.jpg","width":600,"height":450},{"@type":"BreadcrumbList","@id":"https:\/\/www.aliadospuebla.com\/?p=97019#breadcrumb","itemListElement":[{"@type":"ListItem","position":1,"name":"Portada","item":"https:\/\/www.aliadospuebla.com\/"},{"@type":"ListItem","position":2,"name":"Ratific\u00f3 Tribunal Electoral Federal triunfo de Armando Aguirre en Coronango"}]},{"@type":"WebSite","@id":"https:\/\/www.aliadospuebla.com\/#website","url":"https:\/\/www.aliadospuebla.com\/","name":"AliadosPuebla","description":"La informaci\u00f3n en tus manos","potentialAction":[{"@type":"SearchAction","target":{"@type":"EntryPoint","urlTemplate":"https:\/\/www.aliadospuebla.com\/?s={search_term_string}"},"query-input":{"@type":"PropertyValueSpecification","valueRequired":true,"valueName":"search_term_string"}}],"inLanguage":"es"},{"@type":"Person","@id":"https:\/\/www.aliadospuebla.com\/#\/schema\/person\/5da7dd09320bd4f392b710017ed5f8ad","name":"Aliados17","image":{"@type":"ImageObject","inLanguage":"es","@id":"https:\/\/www.aliadospuebla.com\/web2017\/wp-content\/uploads\/2025\/03\/cropped-para-perfil-8-anos-1-96x96.jpg","url":"https:\/\/www.aliadospuebla.com\/web2017\/wp-content\/uploads\/2025\/03\/cropped-para-perfil-8-anos-1-96x96.jpg","contentUrl":"https:\/\/www.aliadospuebla.com\/web2017\/wp-content\/uploads\/2025\/03\/cropped-para-perfil-8-anos-1-96x96.jpg","caption":"Aliados17"},"sameAs":["https:\/\/www.aliados17.com","https:\/\/www.facebook.com\/Aliados17Pue","https:\/\/x.com\/AliadosPuebla"],"url":"https:\/\/www.aliadospuebla.com\/?author=2"}]}},"views":9,"_links":{"self":[{"href":"https:\/\/www.aliadospuebla.com\/index.php?rest_route=\/wp\/v2\/posts\/97019","targetHints":{"allow":["GET"]}}],"collection":[{"href":"https:\/\/www.aliadospuebla.com\/index.php?rest_route=\/wp\/v2\/posts"}],"about":[{"href":"https:\/\/www.aliadospuebla.com\/index.php?rest_route=\/wp\/v2\/types\/post"}],"author":[{"embeddable":true,"href":"https:\/\/www.aliadospuebla.com\/index.php?rest_route=\/wp\/v2\/users\/2"}],"replies":[{"embeddable":true,"href":"https:\/\/www.aliadospuebla.com\/index.php?rest_route=%2Fwp%2Fv2%2Fcomments&post=97019"}],"version-history":[{"count":1,"href":"https:\/\/www.aliadospuebla.com\/index.php?rest_route=\/wp\/v2\/posts\/97019\/revisions"}],"predecessor-version":[{"id":97021,"href":"https:\/\/www.aliadospuebla.com\/index.php?rest_route=\/wp\/v2\/posts\/97019\/revisions\/97021"}],"wp:featuredmedia":[{"embeddable":true,"href":"https:\/\/www.aliadospuebla.com\/index.php?rest_route=\/wp\/v2\/media\/97020"}],"wp:attachment":[{"href":"https:\/\/www.aliadospuebla.com\/index.php?rest_route=%2Fwp%2Fv2%2Fmedia&parent=97019"}],"wp:term":[{"taxonomy":"category","embeddable":true,"href":"https:\/\/www.aliadospuebla.com\/index.php?rest_route=%2Fwp%2Fv2%2Fcategories&post=97019"},{"taxonomy":"post_tag","embeddable":true,"href":"https:\/\/www.aliadospuebla.com\/index.php?rest_route=%2Fwp%2Fv2%2Ftags&post=97019"}],"curies":[{"name":"wp","href":"https:\/\/api.w.org\/{rel}","templated":true}]}}