{"id":97012,"date":"2024-10-10T07:22:30","date_gmt":"2024-10-10T13:22:30","guid":{"rendered":"https:\/\/www.aliados17.com\/?p=97012"},"modified":"2024-10-10T07:22:30","modified_gmt":"2024-10-10T13:22:30","slug":"puebla-como-el-epicentro-de-la-ciencia-de-datos-un-impulso-regional-hacia-el-futuro","status":"publish","type":"post","link":"https:\/\/www.aliadospuebla.com\/?p=97012","title":{"rendered":"Puebla como el epicentro de la Ciencia de Datos: Un impulso regional hacia el futuro"},"content":{"rendered":"<h4 style=\"font-weight: 400;\"><strong>Puebla est\u00e1 logrando posicionarse como un l\u00edder en la ciencia de datos, no solo a nivel acad\u00e9mico, sino tambi\u00e9n en la aplicaci\u00f3n pr\u00e1ctica para resolver problemas locales. El segundo Encuentro Nacional de Ciencia de Datos, a realizarse los d\u00edas 7 y 8 de noviembre en el Centro de Vinculaci\u00f3n UPAEP.<\/strong><\/h4>\n<p style=\"font-weight: 400;\">Puebla est\u00e1 consolid\u00e1ndose como un n\u00facleo central de la ciencia de datos en M\u00e9xico,<\/p>\n<p style=\"font-weight: 400;\">impulsada por instituciones acad\u00e9micas, empresas y organismos que han identificado su potencial<\/p>\n<p style=\"font-weight: 400;\">para transformar la sociedad y la econom\u00eda, enfatiz\u00f3 Sandra Murillo Cano,<\/p>\n<p style=\"font-weight: 400;\">Directora de la Facultad de Tecnolog\u00edas de Informaci\u00f3n y Ciencia de Datos de la UPAEP.<\/p>\n<p style=\"font-weight: 400;\">Habl\u00f3 sobre los esfuerzos conjuntos que se han llevado a cabo desde 2023<\/p>\n<p style=\"font-weight: 400;\">y que est\u00e1n posicionando a la regi\u00f3n como un \u00abepicentro\u00bb de este campo del conocimiento.<\/p>\n<p style=\"font-weight: 400;\">Sandra Murillo expres\u00f3 su entusiasmo por los avances logrados, destacando la importancia<\/p>\n<p style=\"font-weight: 400;\">de la colaboraci\u00f3n entre universidades, como la UPAEP, la Benem\u00e9rita Universidad Aut\u00f3noma de Puebla,<\/p>\n<p style=\"font-weight: 400;\">la UDLAP, entre otras, as\u00ed como las relaciones que se han establecido<\/p>\n<p style=\"font-weight: 400;\">con organismos como Coparmex y Canacintra. Estas alianzas, dijo,<\/p>\n<p style=\"font-weight: 400;\">han sido fundamentales para consolidar un comit\u00e9 s\u00f3lido que busca posicionar<\/p>\n<p style=\"font-weight: 400;\">a Puebla como un l\u00edder en la ciencia de datos.<\/p>\n<p style=\"font-weight: 400;\">\u201cDesde principios de 2023, hemos comenzado un camino que ha sido muy grato y fruct\u00edfero\u201d,<\/p>\n<p style=\"font-weight: 400;\">coment\u00f3 Murillo Cano al inicio de su intervenci\u00f3n, reconociendo los esfuerzos<\/p>\n<p style=\"font-weight: 400;\">que se han hecho por parte de diversas instituciones para explorar y aplicar la ciencia de datos<\/p>\n<p style=\"font-weight: 400;\">a diferentes niveles educativos, tanto en licenciatura como en posgrado.<\/p>\n<p>Este esfuerzo tambi\u00e9n incluye la integraci\u00f3n con el sector empresarial, lo cual es clave para asegurar que el conocimiento generado tenga un impacto directo en la sociedad.<\/p>\n<p style=\"font-weight: 400;\">Sandra Murillo subray\u00f3 que uno de los logros m\u00e1s importantes ha sido la creaci\u00f3n de un comit\u00e9<\/p>\n<p style=\"font-weight: 400;\">que busca promover la ciencia de datos en el territorio poblano, con una visi\u00f3n a largo plazo<\/p>\n<p style=\"font-weight: 400;\">que no solo beneficie a la regi\u00f3n, sino que tambi\u00e9n tenga un impacto a nivel nacional.<\/p>\n<p style=\"font-weight: 400;\">\u00abHemos identificado que Puebla tiene un alto potencial en convertirse en lo que nosotros llamamos<\/p>\n<p style=\"font-weight: 400;\">el epicentro de la ciencia de datos\u00bb, a\u00f1adi\u00f3.<\/p>\n<p style=\"font-weight: 400;\">Uno de los hitos importantes en este proceso fue el Primer Encuentro de Ciencia de Datos,<\/p>\n<p style=\"font-weight: 400;\">que tuvo lugar en noviembre de 2023.<\/p>\n<h4 style=\"font-weight: 400;\">Organizado por la BUAP como sede anfitriona, el encuentro reuni\u00f3 a acad\u00e9micos, empresarios y actores de la sociedad civil para explorar c\u00f3mo la ciencia de datos puede beneficiar a la comunidad.<\/h4>\n<p style=\"font-weight: 400;\">Durante dos d\u00edas, se llevaron a cabo charlas, talleres y mesas de trabajo<\/p>\n<p style=\"font-weight: 400;\">que ayudaron a identificar las oportunidades y desaf\u00edos que enfrenta esta disciplina emergente en la regi\u00f3n.<\/p>\n<p style=\"font-weight: 400;\">Este a\u00f1o, el comit\u00e9 responsable de estos esfuerzos busca compartir los aprendizajes obtenidos<\/p>\n<p style=\"font-weight: 400;\">y continuar el camino trazado en 2023. Entre los planes para 2024 se incluyen la realizaci\u00f3n<\/p>\n<p style=\"font-weight: 400;\">de un segundo encuentro de ciencia de datos, con la intenci\u00f3n de expandir su alcance<\/p>\n<p style=\"font-weight: 400;\">y participaci\u00f3n, involucrando a m\u00e1s universidades, empresas y organismos tanto a nivel local como regional.<\/p>\n<p style=\"font-weight: 400;\">Subray\u00f3 que este tipo de iniciativas no solo fortalecen la academia, sino que tambi\u00e9n contribuyen<\/p>\n<p style=\"font-weight: 400;\">al desarrollo de nuevas capacidades tecnol\u00f3gicas y cient\u00edficas en Puebla,<\/p>\n<p style=\"font-weight: 400;\">preparando a la regi\u00f3n para afrontar los retos del futuro.<\/p>\n<p style=\"font-weight: 400;\">\u201cLa ciencia de datos es un \u00e1rea del conocimiento que est\u00e1 siendo explorada ampliamente,<\/p>\n<p style=\"font-weight: 400;\">y nosotros queremos que Puebla sea un referente en este campo\u00bb, afirm\u00f3.<\/p>\n<p style=\"font-weight: 400;\">\u00abNosotros creemos en la aplicaci\u00f3n de la ciencia de datos para mejorar la sociedad,<\/p>\n<p style=\"font-weight: 400;\">y estamos comprometidos a seguir construyendo este camino\u00bb.<\/p>\n<h4 style=\"font-weight: 400;\">Puebla sigue avanzando como el punto clave para el desarrollo y aplicaci\u00f3n de la ciencia de datos en M\u00e9xico.<\/h4>\n<p style=\"font-weight: 400;\">En un esfuerzo conjunto entre universidades, empresas y organismos gubernamentales,<\/p>\n<p style=\"font-weight: 400;\">la regi\u00f3n busca aprovechar el potencial transformador de esta disciplina emergente,<\/p>\n<p style=\"font-weight: 400;\">refiri\u00f3 David Pinto Avenda\u00f1o, Director de la Direcci\u00f3n de Innovaci\u00f3n y Transferencia<\/p>\n<p style=\"font-weight: 400;\">del Conocimiento de la BUAP, al compartir los detalles del segundo Encuentro Nacional de Ciencia de Datos,<\/p>\n<p style=\"font-weight: 400;\">programado para noviembre de 2024.<\/p>\n<p style=\"font-weight: 400;\">David Pinto anunci\u00f3 los objetivos y actividades del segundo encuentro,<\/p>\n<p style=\"font-weight: 400;\">destacando la relevancia de la ciencia de datos en el contexto actual.<\/p>\n<h4 style=\"font-weight: 400;\">El objetivo de este encuentro es claro: impulsar el desarrollo y aplicaci\u00f3n de t\u00e9cnicas cient\u00edficas para abordar problemas de impacto social, uniendo a la academia, el sector empresarial y el gobierno.<\/h4>\n<p style=\"font-weight: 400;\">La sede de este evento, que se llevar\u00e1 a cabo los d\u00edas 7 y 8 de noviembre en el Centro de Vinculaci\u00f3n de la UPAEP, ser\u00e1 el escenario para una serie de conferencias magistrales, paneles de discusi\u00f3n y mesas redondas con expertos de diversos sectores. Pero uno de los aspectos m\u00e1s innovadores, seg\u00fan explic\u00f3 Pinto Avenda\u00f1o, ser\u00e1n los workshops demostrativos, donde los asistentes podr\u00e1n ver de primera mano c\u00f3mo se construyen aplicaciones de ciencia de datos, desde el inicio hasta su culminaci\u00f3n.<\/p>\n<p style=\"font-weight: 400;\">Esto no solo brindar\u00e1 a los participantes la oportunidad de interactuar con expertos, sino tambi\u00e9n de aprender de forma pr\u00e1ctica c\u00f3mo aplicar estos conocimientos, incluso sin tener un profundo dominio de la tecnolog\u00eda, asent\u00f3 David Pinto.<\/p>\n<p style=\"font-weight: 400;\">Pinto Avenda\u00f1o enfatiz\u00f3 que el objetivo final de este tipo de eventos es aumentar la conciencia sobre la importancia de la ciencia de datos en los diversos sectores productivos del pa\u00eds. \u00abNuestro prop\u00f3sito es fomentar la implementaci\u00f3n de la ciencia de datos para potenciar la productividad y la competitividad de las organizaciones, mejorar la calidad de vida de los ciudadanos y fortalecer la competitividad de M\u00e9xico en general\u00bb, a\u00f1adi\u00f3.<\/p>\n<p style=\"font-weight: 400;\">La ciencia de datos, un campo que combina matem\u00e1ticas, estad\u00edstica y tecnolog\u00eda para extraer conocimiento a partir de grandes cantidades de datos, se est\u00e1 convirtiendo en un pilar clave para la competitividad de cualquier pa\u00eds. Puebla, con su creciente ecosistema acad\u00e9mico y empresarial, est\u00e1 posicion\u00e1ndose como un referente en este \u00e1mbito, atrayendo a empresas y organismos interesados en aprovechar los beneficios de estas t\u00e9cnicas.<\/p>\n<p style=\"font-weight: 400;\">El segundo Encuentro Nacional de Ciencia de Datos busca ser el punto de convergencia donde acad\u00e9micos, empresarios y representantes gubernamentales exploren nuevas soluciones tecnol\u00f3gicas que no solo mejoren la eficiencia en sectores como la manufactura, salud, educaci\u00f3n y transporte, sino que tambi\u00e9n se traduzcan en beneficios concretos para la poblaci\u00f3n.<\/p>\n<p style=\"font-weight: 400;\">Puebla contin\u00faa posicion\u00e1ndose como un l\u00edder en el \u00e1mbito de la ciencia de datos en M\u00e9xico, gracias a la colaboraci\u00f3n entre instituciones educativas, organismos empresariales y gubernamentales, manifest\u00f3 Adri\u00e1n Rossano, Presidente del Comit\u00e9 de Innovaci\u00f3n en CANACINTRA Puebla, comparti\u00f3 su perspectiva sobre la importancia de esta iniciativa para la industria y la sociedad en general.<\/p>\n<p style=\"font-weight: 400;\">CANACINTRA, a trav\u00e9s de su Comit\u00e9 de Innovaci\u00f3n, ha trabajado en conjunto con universidades como la UPAEP y la BUAP para invitar a empresas transformadoras que ya est\u00e1n aplicando la ciencia de datos en sus procesos productivos. \u00abEste esfuerzo es muy grande, y las empresas tendr\u00e1n participaciones precisas para mostrar c\u00f3mo se est\u00e1n utilizando diferentes formas de manejo de datos hoy en d\u00eda\u00bb, coment\u00f3 Adri\u00e1n Rossano.<\/p>\n<p style=\"font-weight: 400;\">En la antesala del segundo Encuentro Nacional de Ciencia de Datos, Puebla refuerza su posici\u00f3n como un referente en la innovaci\u00f3n tecnol\u00f3gica a trav\u00e9s de la colaboraci\u00f3n entre universidades, industrias, gobierno y consultores independientes.<\/p>\n<p style=\"font-weight: 400;\">Mientras que Eugenio Yarce, asesor independiente, destac\u00f3 que el congreso est\u00e1 organizado en torno a tres ejes fundamentales que responden a los desaf\u00edos contempor\u00e1neos de la ciencia de datos. \u00abTenemos tres mesas que son las verticales que nos est\u00e1n moviendo en el Congreso\u00bb, explic\u00f3. Estas mesas abarcar\u00e1n los siguientes temas:<\/p>\n<p style=\"font-weight: 400;\">Manejo de grandes vol\u00famenes de datos: Uno de los retos m\u00e1s urgentes en la era digital es el manejo eficiente de datos masivos. Esta mesa abordar\u00e1 las estrategias y tecnolog\u00edas necesarias para gestionar grandes cantidades de informaci\u00f3n de manera eficiente, algo crucial para industrias, gobiernos y universidades.<\/p>\n<p style=\"font-weight: 400;\">Ciberseguridad: En un mundo donde los datos son cada vez m\u00e1s valiosos, la protecci\u00f3n de los mismos se vuelve indispensable. \u00abUna mesa va a abordar este tema, c\u00f3mo hacemos para resguardar los datos y c\u00f3mo trabajamos con ellos con precauci\u00f3n y cuidado\u00bb, coment\u00f3 Yarce. Este tema es de gran relevancia tanto para el sector p\u00fablico como para el privado, donde la confianza en el manejo de la informaci\u00f3n es clave.<\/p>\n<p style=\"font-weight: 400;\">\u00c9tica y gobernanza de los datos: Seg\u00fan Yarce, esta mesa ser\u00e1 la \u00abcereza del pastel\u00bb. El manejo \u00e9tico de los datos y la implementaci\u00f3n de un modelo claro de gobernanza dentro de las instituciones son aspectos cruciales para asegurar el uso responsable de la informaci\u00f3n. \u00abEl manejo de los datos tiene que cumplir ciertos criterios y par\u00e1metros \u00e9ticos\u00bb, afirm\u00f3, subrayando la necesidad de que toda organizaci\u00f3n que maneje datos cuente con un sistema de gobernanza adecuado.<\/p>\n<p style=\"font-weight: 400;\">Uno de los componentes m\u00e1s innovadores del congreso ser\u00e1 el \u00abDatat\u00f3n\u00bb, una competencia en la que equipos de estudiantes, guiados por docentes, aplicar\u00e1n t\u00e9cnicas de ciencia de datos para resolver problemas locales en el municipio de Puebla. Yarce explic\u00f3 que este esfuerzo surgi\u00f3 de una colaboraci\u00f3n entre el comit\u00e9 organizador del congreso y el gobierno municipal.<\/p>\n<p style=\"font-weight: 400;\">El Centro Hist\u00f3rico de Puebla: Como una de las principales preocupaciones de la ciudad, el patrimonio del centro hist\u00f3rico ser\u00e1 objeto de an\u00e1lisis para entender mejor su conservaci\u00f3n y su relaci\u00f3n con los residentes y visitantes, agreg\u00f3.<\/p>\n<p style=\"font-weight: 400;\">Turismo en el Centro Hist\u00f3rico: El impacto del turismo en esta zona ser\u00e1 examinado, buscando soluciones innovadoras que fortalezcan el sector y mejoren la experiencia de los visitantes.<\/p>\n<p style=\"font-weight: 400;\">Vocaciones productivas en las juntas auxiliares: Aqu\u00ed se explorar\u00e1 el potencial de desarrollo econ\u00f3mico de las juntas auxiliares de Puebla, buscando identificar oportunidades para impulsar actividades productivas sostenibles.<\/p>\n<p style=\"font-weight: 400;\">Actualmente, 18 equipos, cada uno compuesto por tres estudiantes y un docente, est\u00e1n trabajando en estos proyectos. Los resultados ser\u00e1n presentados el 8 de noviembre ante un comit\u00e9 evaluador en el marco del congreso. \u00abEste tipo de iniciativas nos llevar\u00e1 a tener no solo mesas y conferencias, sino tambi\u00e9n un trabajo espec\u00edfico y tangible que conecta la academia con la realidad social\u00bb, asegur\u00f3 Eugenio Yarce.<\/p>\n<p style=\"font-weight: 400;\">La ciudad de Puebla est\u00e1 logrando posicionarse como un l\u00edder en la ciencia de datos, no solo a nivel acad\u00e9mico, sino tambi\u00e9n en la aplicaci\u00f3n pr\u00e1ctica para resolver problemas locales. El segundo Encuentro Nacional de Ciencia de Datos, a realizarse los d\u00edas 7 y 8 de noviembre, en el Centro de Vinculaci\u00f3n UPAEP, ser\u00e1 un hito en este camino, consolidando la colaboraci\u00f3n entre los sectores educativo, industrial y gubernamental, con un impacto tangible en la sociedad.<\/p>\n<p style=\"font-weight: 400;\">Por su parte, Jorge Cerna Cort\u00e9s, Subdirector de la Direcci\u00f3n de Innovaci\u00f3n y Transferencia<\/p>\n<p style=\"font-weight: 400;\">del Conocimiento de la BUAP, subray\u00f3 la importancia de la colaboraci\u00f3n interinstitucional<\/p>\n<p style=\"font-weight: 400;\">y el protagonismo de los estudiantes en el Segundo Encuentro Nacional de Ciencia de Datos.<\/p>\n<p style=\"font-weight: 400;\">Durante su intervenci\u00f3n, Cerna destac\u00f3 que este esfuerzo conjunto no solo beneficia<\/p>\n<p style=\"font-weight: 400;\">a las universidades e industrias participantes, sino tambi\u00e9n a la sociedad en general,<\/p>\n<p style=\"font-weight: 400;\">demostrando que la ciencia de datos es un motor de transformaci\u00f3n.<\/p>\n<p style=\"font-weight: 400;\">Cerna Cort\u00e9s se\u00f1al\u00f3 que el a\u00f1o pasado se convocaron alrededor de 450 estudiantes,<\/p>\n<p style=\"font-weight: 400;\">y esperamos que este a\u00f1o se mantenga esa cifra. La convocatoria ha sido un \u00e9xito,<\/p>\n<p style=\"font-weight: 400;\">en gran parte, gracias a la colaboraci\u00f3n de diversas universidades y a la relevancia<\/p>\n<p style=\"font-weight: 400;\">que la ciencia de datos ha ganado en el \u00e1mbito acad\u00e9mico y profesional.<\/p>\n<h4 style=\"font-weight: 400;\">Para reconocer el esfuerzo de los estudiantes, Jorge Cerna anunci\u00f3 la implementaci\u00f3n de varios premios que ser\u00e1n otorgados a los mejores proyectos del Datat\u00f3n. Estos premios tienen como objetivo incentivar la creatividad, la innovaci\u00f3n y el enfoque en soluciones de alto impacto en el \u00e1mbito de la ciencia de datos.<\/h4>\n<p style=\"font-weight: 400;\">Premio de Excelencia en Ciencia de Datos:<\/p>\n<p style=\"font-weight: 400;\">Este galard\u00f3n reconocer\u00e1 al equipo con la mejor soluci\u00f3n global presentada durante el encuentro.<\/p>\n<p style=\"font-weight: 400;\">Se valorar\u00e1 no solo la calidad t\u00e9cnica del proyecto, sino tambi\u00e9n su aplicabilidad y relevancia para resolver problemas reales.<\/p>\n<p style=\"font-weight: 400;\">Premio de Innovaci\u00f3n y Alto Impacto:<\/p>\n<p style=\"font-weight: 400;\">Dirigido al equipo que logre desarrollar una soluci\u00f3n innovadora con un gran potencial de impacto.<\/p>\n<p style=\"font-weight: 400;\">\u00abEs sumamente importante que los datos hablen, y que lo hagan de una manera<\/p>\n<p style=\"font-weight: 400;\">que pueda transformar la realidad\u00bb, destac\u00f3 Cerna. Este premio subraya el valor<\/p>\n<p style=\"font-weight: 400;\">de las ideas disruptivas en el campo de la ciencia de datos.<\/p>\n<p style=\"font-weight: 400;\">Premio Talento Emergente en Ciencia de Datos:<\/p>\n<p style=\"font-weight: 400;\">Finalmente, se otorgar\u00e1 un reconocimiento al equipo que demuestre un gran potencial<\/p>\n<p style=\"font-weight: 400;\">y creatividad en su proyecto. Este premio busca destacar el talento emergente<\/p>\n<p style=\"font-weight: 400;\">en el \u00e1mbito de la ciencia de datos y fomentar el desarrollo de nuevas capacidades entre los j\u00f3venes.<\/p>\n<p style=\"font-weight: 400;\">La premiaci\u00f3n y el reconocimiento a los proyectos m\u00e1s destacados no solo impulsar\u00e1n a los estudiantes<\/p>\n<p style=\"font-weight: 400;\">a seguir innovando, sino que tambi\u00e9n contribuir\u00e1n a posicionar a Puebla<\/p>\n<p style=\"font-weight: 400;\">como un epicentro de la ciencia de datos en M\u00e9xico, donde la academia,<\/p>\n<p style=\"font-weight: 400;\">la industria y el gobierno trabajan de la mano para aprovechar el poder de la informaci\u00f3n.<\/p>\n","protected":false},"excerpt":{"rendered":"<p>Puebla est\u00e1 logrando posicionarse como un l\u00edder en la ciencia de datos, no solo a nivel acad\u00e9mico, sino tambi\u00e9n en la aplicaci\u00f3n pr\u00e1ctica para resolver problemas locales. El segundo Encuentro Nacional de Ciencia de Datos, a realizarse los d\u00edas 7 y 8 de noviembre en el Centro de Vinculaci\u00f3n UPAEP. Puebla est\u00e1 consolid\u00e1ndose como un n\u00facleo central de la ciencia de datos en M\u00e9xico, impulsada por instituciones acad\u00e9micas, empresas y organismos que han identificado su potencial para transformar la sociedad y la econom\u00eda, enfatiz\u00f3 Sandra Murillo Cano, Directora de la Facultad de Tecnolog\u00edas de Informaci\u00f3n y Ciencia de Datos de la UPAEP. Habl\u00f3 sobre los esfuerzos conjuntos que se han llevado a cabo desde 2023 y que est\u00e1n posicionando a la regi\u00f3n como un \u00abepicentro\u00bb&hellip;<\/p>\n<p class=\"excerpt-more\"><a class=\"blog-excerpt button\" href=\"https:\/\/www.aliadospuebla.com\/?p=97012\">Leer m\u00e1s&#8230;<\/a><\/p>\n","protected":false},"author":2,"featured_media":97013,"comment_status":"open","ping_status":"open","sticky":false,"template":"","format":"standard","meta":{"_monsterinsights_skip_tracking":false,"footnotes":""},"categories":[5],"tags":[653,24598,24599,24600,27],"class_list":["post-97012","post","type-post","status-publish","format-standard","has-post-thumbnail","hentry","category-universidades","tag-buap","tag-epicentro-de-la-ciencia-de-datos","tag-impulso-regional","tag-primer-encuentro-de-ciencia-de-datos","tag-upaep"],"yoast_head":"<!-- This site is optimized with the Yoast SEO plugin v28.4 - https:\/\/yoast.com\/product\/yoast-seo-wordpress\/ -->\n<title>Puebla como el epicentro de la Ciencia de Datos: Un impulso regional hacia el futuro - AliadosPuebla<\/title>\n<meta name=\"robots\" content=\"index, follow, max-snippet:-1, max-image-preview:large, max-video-preview:-1\" \/>\n<link rel=\"canonical\" href=\"https:\/\/www.aliadospuebla.com\/?p=97012\" \/>\n<meta property=\"og:locale\" content=\"es_ES\" \/>\n<meta property=\"og:type\" content=\"article\" \/>\n<meta property=\"og:title\" content=\"Puebla como el epicentro de la Ciencia de Datos: Un impulso regional hacia el futuro - AliadosPuebla\" \/>\n<meta property=\"og:description\" content=\"Puebla est\u00e1 logrando posicionarse como un l\u00edder en la ciencia de datos, no solo a nivel acad\u00e9mico, sino tambi\u00e9n en la aplicaci\u00f3n pr\u00e1ctica para resolver problemas locales. El segundo Encuentro Nacional de Ciencia de Datos, a realizarse los d\u00edas 7 y 8 de noviembre en el Centro de Vinculaci\u00f3n UPAEP. Puebla est\u00e1 consolid\u00e1ndose como un n\u00facleo central de la ciencia de datos en M\u00e9xico, impulsada por instituciones acad\u00e9micas, empresas y organismos que han identificado su potencial para transformar la sociedad y la econom\u00eda, enfatiz\u00f3 Sandra Murillo Cano, Directora de la Facultad de Tecnolog\u00edas de Informaci\u00f3n y Ciencia de Datos de la UPAEP. Habl\u00f3 sobre los esfuerzos conjuntos que se han llevado a cabo desde 2023 y que est\u00e1n posicionando a la regi\u00f3n como un \u00abepicentro\u00bb&hellip;Leer m\u00e1s...\" \/>\n<meta property=\"og:url\" content=\"https:\/\/www.aliadospuebla.com\/?p=97012\" \/>\n<meta property=\"og:site_name\" content=\"AliadosPuebla\" \/>\n<meta property=\"article:author\" content=\"https:\/\/www.facebook.com\/Aliados17Pue\" \/>\n<meta property=\"article:published_time\" content=\"2024-10-10T13:22:30+00:00\" \/>\n<meta property=\"og:image\" content=\"https:\/\/www.aliadospuebla.com\/web2017\/wp-content\/uploads\/2024\/10\/1143.jpg\" \/>\n\t<meta property=\"og:image:width\" content=\"600\" \/>\n\t<meta property=\"og:image:height\" content=\"450\" \/>\n\t<meta property=\"og:image:type\" content=\"image\/jpeg\" \/>\n<meta name=\"author\" content=\"Aliados17\" \/>\n<meta name=\"twitter:card\" content=\"summary_large_image\" \/>\n<meta name=\"twitter:creator\" content=\"@AliadosPuebla\" \/>\n<meta name=\"twitter:label1\" content=\"Escrito por\" \/>\n\t<meta name=\"twitter:data1\" content=\"Aliados17\" \/>\n\t<meta name=\"twitter:label2\" content=\"Tiempo de lectura\" \/>\n\t<meta name=\"twitter:data2\" content=\"10 minutos\" \/>\n<script type=\"application\/ld+json\" class=\"yoast-schema-graph\">{\"@context\":\"https:\\\/\\\/schema.org\",\"@graph\":[{\"@type\":\"Article\",\"@id\":\"https:\\\/\\\/www.aliadospuebla.com\\\/?p=97012#article\",\"isPartOf\":{\"@id\":\"https:\\\/\\\/www.aliadospuebla.com\\\/?p=97012\"},\"author\":{\"name\":\"Aliados17\",\"@id\":\"https:\\\/\\\/www.aliadospuebla.com\\\/#\\\/schema\\\/person\\\/5da7dd09320bd4f392b710017ed5f8ad\"},\"headline\":\"Puebla como el epicentro de la Ciencia de Datos: Un impulso regional hacia el futuro\",\"datePublished\":\"2024-10-10T13:22:30+00:00\",\"mainEntityOfPage\":{\"@id\":\"https:\\\/\\\/www.aliadospuebla.com\\\/?p=97012\"},\"wordCount\":2260,\"commentCount\":0,\"image\":{\"@id\":\"https:\\\/\\\/www.aliadospuebla.com\\\/?p=97012#primaryimage\"},\"thumbnailUrl\":\"https:\\\/\\\/www.aliadospuebla.com\\\/web2017\\\/wp-content\\\/uploads\\\/2024\\\/10\\\/1143.jpg\",\"keywords\":[\"BUAP\",\"epicentro de la Ciencia de Datos\",\"impulso regional\",\"Primer Encuentro de Ciencia de Datos\",\"UPAEP\"],\"articleSection\":[\"Universidades\"],\"inLanguage\":\"es\",\"potentialAction\":[{\"@type\":\"CommentAction\",\"name\":\"Comment\",\"target\":[\"https:\\\/\\\/www.aliadospuebla.com\\\/?p=97012#respond\"]}]},{\"@type\":\"WebPage\",\"@id\":\"https:\\\/\\\/www.aliadospuebla.com\\\/?p=97012\",\"url\":\"https:\\\/\\\/www.aliadospuebla.com\\\/?p=97012\",\"name\":\"Puebla como el epicentro de la Ciencia de Datos: Un impulso regional hacia el futuro - AliadosPuebla\",\"isPartOf\":{\"@id\":\"https:\\\/\\\/www.aliadospuebla.com\\\/#website\"},\"primaryImageOfPage\":{\"@id\":\"https:\\\/\\\/www.aliadospuebla.com\\\/?p=97012#primaryimage\"},\"image\":{\"@id\":\"https:\\\/\\\/www.aliadospuebla.com\\\/?p=97012#primaryimage\"},\"thumbnailUrl\":\"https:\\\/\\\/www.aliadospuebla.com\\\/web2017\\\/wp-content\\\/uploads\\\/2024\\\/10\\\/1143.jpg\",\"datePublished\":\"2024-10-10T13:22:30+00:00\",\"author\":{\"@id\":\"https:\\\/\\\/www.aliadospuebla.com\\\/#\\\/schema\\\/person\\\/5da7dd09320bd4f392b710017ed5f8ad\"},\"breadcrumb\":{\"@id\":\"https:\\\/\\\/www.aliadospuebla.com\\\/?p=97012#breadcrumb\"},\"inLanguage\":\"es\",\"potentialAction\":[{\"@type\":\"ReadAction\",\"target\":[\"https:\\\/\\\/www.aliadospuebla.com\\\/?p=97012\"]}]},{\"@type\":\"ImageObject\",\"inLanguage\":\"es\",\"@id\":\"https:\\\/\\\/www.aliadospuebla.com\\\/?p=97012#primaryimage\",\"url\":\"https:\\\/\\\/www.aliadospuebla.com\\\/web2017\\\/wp-content\\\/uploads\\\/2024\\\/10\\\/1143.jpg\",\"contentUrl\":\"https:\\\/\\\/www.aliadospuebla.com\\\/web2017\\\/wp-content\\\/uploads\\\/2024\\\/10\\\/1143.jpg\",\"width\":600,\"height\":450},{\"@type\":\"BreadcrumbList\",\"@id\":\"https:\\\/\\\/www.aliadospuebla.com\\\/?p=97012#breadcrumb\",\"itemListElement\":[{\"@type\":\"ListItem\",\"position\":1,\"name\":\"Portada\",\"item\":\"https:\\\/\\\/www.aliadospuebla.com\\\/\"},{\"@type\":\"ListItem\",\"position\":2,\"name\":\"Puebla como el epicentro de la Ciencia de Datos: Un impulso regional hacia el futuro\"}]},{\"@type\":\"WebSite\",\"@id\":\"https:\\\/\\\/www.aliadospuebla.com\\\/#website\",\"url\":\"https:\\\/\\\/www.aliadospuebla.com\\\/\",\"name\":\"AliadosPuebla\",\"description\":\"La informaci\u00f3n en tus manos\",\"potentialAction\":[{\"@type\":\"SearchAction\",\"target\":{\"@type\":\"EntryPoint\",\"urlTemplate\":\"https:\\\/\\\/www.aliadospuebla.com\\\/?s={search_term_string}\"},\"query-input\":{\"@type\":\"PropertyValueSpecification\",\"valueRequired\":true,\"valueName\":\"search_term_string\"}}],\"inLanguage\":\"es\"},{\"@type\":\"Person\",\"@id\":\"https:\\\/\\\/www.aliadospuebla.com\\\/#\\\/schema\\\/person\\\/5da7dd09320bd4f392b710017ed5f8ad\",\"name\":\"Aliados17\",\"image\":{\"@type\":\"ImageObject\",\"inLanguage\":\"es\",\"@id\":\"https:\\\/\\\/www.aliadospuebla.com\\\/web2017\\\/wp-content\\\/uploads\\\/2025\\\/03\\\/cropped-para-perfil-8-anos-1-96x96.jpg\",\"url\":\"https:\\\/\\\/www.aliadospuebla.com\\\/web2017\\\/wp-content\\\/uploads\\\/2025\\\/03\\\/cropped-para-perfil-8-anos-1-96x96.jpg\",\"contentUrl\":\"https:\\\/\\\/www.aliadospuebla.com\\\/web2017\\\/wp-content\\\/uploads\\\/2025\\\/03\\\/cropped-para-perfil-8-anos-1-96x96.jpg\",\"caption\":\"Aliados17\"},\"sameAs\":[\"https:\\\/\\\/www.aliados17.com\",\"https:\\\/\\\/www.facebook.com\\\/Aliados17Pue\",\"https:\\\/\\\/x.com\\\/AliadosPuebla\"],\"url\":\"https:\\\/\\\/www.aliadospuebla.com\\\/?author=2\"}]}<\/script>\n<!-- \/ Yoast SEO plugin. -->","yoast_head_json":{"title":"Puebla como el epicentro de la Ciencia de Datos: Un impulso regional hacia el futuro - AliadosPuebla","robots":{"index":"index","follow":"follow","max-snippet":"max-snippet:-1","max-image-preview":"max-image-preview:large","max-video-preview":"max-video-preview:-1"},"canonical":"https:\/\/www.aliadospuebla.com\/?p=97012","og_locale":"es_ES","og_type":"article","og_title":"Puebla como el epicentro de la Ciencia de Datos: Un impulso regional hacia el futuro - AliadosPuebla","og_description":"Puebla est\u00e1 logrando posicionarse como un l\u00edder en la ciencia de datos, no solo a nivel acad\u00e9mico, sino tambi\u00e9n en la aplicaci\u00f3n pr\u00e1ctica para resolver problemas locales. El segundo Encuentro Nacional de Ciencia de Datos, a realizarse los d\u00edas 7 y 8 de noviembre en el Centro de Vinculaci\u00f3n UPAEP. Puebla est\u00e1 consolid\u00e1ndose como un n\u00facleo central de la ciencia de datos en M\u00e9xico, impulsada por instituciones acad\u00e9micas, empresas y organismos que han identificado su potencial para transformar la sociedad y la econom\u00eda, enfatiz\u00f3 Sandra Murillo Cano, Directora de la Facultad de Tecnolog\u00edas de Informaci\u00f3n y Ciencia de Datos de la UPAEP. Habl\u00f3 sobre los esfuerzos conjuntos que se han llevado a cabo desde 2023 y que est\u00e1n posicionando a la regi\u00f3n como un \u00abepicentro\u00bb&hellip;Leer m\u00e1s...","og_url":"https:\/\/www.aliadospuebla.com\/?p=97012","og_site_name":"AliadosPuebla","article_author":"https:\/\/www.facebook.com\/Aliados17Pue","article_published_time":"2024-10-10T13:22:30+00:00","og_image":[{"width":600,"height":450,"url":"https:\/\/www.aliadospuebla.com\/web2017\/wp-content\/uploads\/2024\/10\/1143.jpg","type":"image\/jpeg"}],"author":"Aliados17","twitter_card":"summary_large_image","twitter_creator":"@AliadosPuebla","twitter_misc":{"Escrito por":"Aliados17","Tiempo de lectura":"10 minutos"},"schema":{"@context":"https:\/\/schema.org","@graph":[{"@type":"Article","@id":"https:\/\/www.aliadospuebla.com\/?p=97012#article","isPartOf":{"@id":"https:\/\/www.aliadospuebla.com\/?p=97012"},"author":{"name":"Aliados17","@id":"https:\/\/www.aliadospuebla.com\/#\/schema\/person\/5da7dd09320bd4f392b710017ed5f8ad"},"headline":"Puebla como el epicentro de la Ciencia de Datos: Un impulso regional hacia el futuro","datePublished":"2024-10-10T13:22:30+00:00","mainEntityOfPage":{"@id":"https:\/\/www.aliadospuebla.com\/?p=97012"},"wordCount":2260,"commentCount":0,"image":{"@id":"https:\/\/www.aliadospuebla.com\/?p=97012#primaryimage"},"thumbnailUrl":"https:\/\/www.aliadospuebla.com\/web2017\/wp-content\/uploads\/2024\/10\/1143.jpg","keywords":["BUAP","epicentro de la Ciencia de Datos","impulso regional","Primer Encuentro de Ciencia de Datos","UPAEP"],"articleSection":["Universidades"],"inLanguage":"es","potentialAction":[{"@type":"CommentAction","name":"Comment","target":["https:\/\/www.aliadospuebla.com\/?p=97012#respond"]}]},{"@type":"WebPage","@id":"https:\/\/www.aliadospuebla.com\/?p=97012","url":"https:\/\/www.aliadospuebla.com\/?p=97012","name":"Puebla como el epicentro de la Ciencia de Datos: Un impulso regional hacia el futuro - AliadosPuebla","isPartOf":{"@id":"https:\/\/www.aliadospuebla.com\/#website"},"primaryImageOfPage":{"@id":"https:\/\/www.aliadospuebla.com\/?p=97012#primaryimage"},"image":{"@id":"https:\/\/www.aliadospuebla.com\/?p=97012#primaryimage"},"thumbnailUrl":"https:\/\/www.aliadospuebla.com\/web2017\/wp-content\/uploads\/2024\/10\/1143.jpg","datePublished":"2024-10-10T13:22:30+00:00","author":{"@id":"https:\/\/www.aliadospuebla.com\/#\/schema\/person\/5da7dd09320bd4f392b710017ed5f8ad"},"breadcrumb":{"@id":"https:\/\/www.aliadospuebla.com\/?p=97012#breadcrumb"},"inLanguage":"es","potentialAction":[{"@type":"ReadAction","target":["https:\/\/www.aliadospuebla.com\/?p=97012"]}]},{"@type":"ImageObject","inLanguage":"es","@id":"https:\/\/www.aliadospuebla.com\/?p=97012#primaryimage","url":"https:\/\/www.aliadospuebla.com\/web2017\/wp-content\/uploads\/2024\/10\/1143.jpg","contentUrl":"https:\/\/www.aliadospuebla.com\/web2017\/wp-content\/uploads\/2024\/10\/1143.jpg","width":600,"height":450},{"@type":"BreadcrumbList","@id":"https:\/\/www.aliadospuebla.com\/?p=97012#breadcrumb","itemListElement":[{"@type":"ListItem","position":1,"name":"Portada","item":"https:\/\/www.aliadospuebla.com\/"},{"@type":"ListItem","position":2,"name":"Puebla como el epicentro de la Ciencia de Datos: Un impulso regional hacia el futuro"}]},{"@type":"WebSite","@id":"https:\/\/www.aliadospuebla.com\/#website","url":"https:\/\/www.aliadospuebla.com\/","name":"AliadosPuebla","description":"La informaci\u00f3n en tus manos","potentialAction":[{"@type":"SearchAction","target":{"@type":"EntryPoint","urlTemplate":"https:\/\/www.aliadospuebla.com\/?s={search_term_string}"},"query-input":{"@type":"PropertyValueSpecification","valueRequired":true,"valueName":"search_term_string"}}],"inLanguage":"es"},{"@type":"Person","@id":"https:\/\/www.aliadospuebla.com\/#\/schema\/person\/5da7dd09320bd4f392b710017ed5f8ad","name":"Aliados17","image":{"@type":"ImageObject","inLanguage":"es","@id":"https:\/\/www.aliadospuebla.com\/web2017\/wp-content\/uploads\/2025\/03\/cropped-para-perfil-8-anos-1-96x96.jpg","url":"https:\/\/www.aliadospuebla.com\/web2017\/wp-content\/uploads\/2025\/03\/cropped-para-perfil-8-anos-1-96x96.jpg","contentUrl":"https:\/\/www.aliadospuebla.com\/web2017\/wp-content\/uploads\/2025\/03\/cropped-para-perfil-8-anos-1-96x96.jpg","caption":"Aliados17"},"sameAs":["https:\/\/www.aliados17.com","https:\/\/www.facebook.com\/Aliados17Pue","https:\/\/x.com\/AliadosPuebla"],"url":"https:\/\/www.aliadospuebla.com\/?author=2"}]}},"views":5,"_links":{"self":[{"href":"https:\/\/www.aliadospuebla.com\/index.php?rest_route=\/wp\/v2\/posts\/97012","targetHints":{"allow":["GET"]}}],"collection":[{"href":"https:\/\/www.aliadospuebla.com\/index.php?rest_route=\/wp\/v2\/posts"}],"about":[{"href":"https:\/\/www.aliadospuebla.com\/index.php?rest_route=\/wp\/v2\/types\/post"}],"author":[{"embeddable":true,"href":"https:\/\/www.aliadospuebla.com\/index.php?rest_route=\/wp\/v2\/users\/2"}],"replies":[{"embeddable":true,"href":"https:\/\/www.aliadospuebla.com\/index.php?rest_route=%2Fwp%2Fv2%2Fcomments&post=97012"}],"version-history":[{"count":1,"href":"https:\/\/www.aliadospuebla.com\/index.php?rest_route=\/wp\/v2\/posts\/97012\/revisions"}],"predecessor-version":[{"id":97014,"href":"https:\/\/www.aliadospuebla.com\/index.php?rest_route=\/wp\/v2\/posts\/97012\/revisions\/97014"}],"wp:featuredmedia":[{"embeddable":true,"href":"https:\/\/www.aliadospuebla.com\/index.php?rest_route=\/wp\/v2\/media\/97013"}],"wp:attachment":[{"href":"https:\/\/www.aliadospuebla.com\/index.php?rest_route=%2Fwp%2Fv2%2Fmedia&parent=97012"}],"wp:term":[{"taxonomy":"category","embeddable":true,"href":"https:\/\/www.aliadospuebla.com\/index.php?rest_route=%2Fwp%2Fv2%2Fcategories&post=97012"},{"taxonomy":"post_tag","embeddable":true,"href":"https:\/\/www.aliadospuebla.com\/index.php?rest_route=%2Fwp%2Fv2%2Ftags&post=97012"}],"curies":[{"name":"wp","href":"https:\/\/api.w.org\/{rel}","templated":true}]}}