{"id":96982,"date":"2024-10-09T09:30:28","date_gmt":"2024-10-09T15:30:28","guid":{"rendered":"https:\/\/www.aliados17.com\/?p=96982"},"modified":"2024-10-09T09:30:28","modified_gmt":"2024-10-09T15:30:28","slug":"lalo-bajo-a-adan-y-subio-a-mojarro","status":"publish","type":"post","link":"https:\/\/www.aliadospuebla.com\/?p=96982","title":{"rendered":"Lalo baj\u00f3 a Ad\u00e1n y subi\u00f3 a Mojarro"},"content":{"rendered":"<h4>El grupo perdedor del PAN hizo un giro en su estrategia por continuar manejando las posiciones y prerrogativas.<\/h4>\n<p>Lalo decidi\u00f3 \u201cbajar\u201d a Ad\u00e1n Dom\u00ednguez, para \u201csubir\u201d a Felipe Mojarro.<br \/>\nA pesar de su pincelada morenovallista, el panista de Tehuac\u00e1n sustituy\u00f3 al alcalde de Puebla, como propuesta del Grupo de Lalo para sustituir a Augusta D\u00edaz de Rivera, en la presidencia estatal de Acci\u00f3n Nacional.<br \/>\nOtra opci\u00f3n que se analiz\u00f3 fue la de Paco Mota, de Amozoc.<br \/>\nPero no despeg\u00f3.<br \/>\nY tampoco Ad\u00e1n.<br \/>\nSi su gesti\u00f3n durar\u00e1 un d\u00eda m\u00e1s, entonces superar\u00eda a la de MORENA como la peor en el ejercicio del gobierno municipal.<br \/>\nO bueno, ah\u00ed la llevan los dos.<br \/>\nLa noticia es que el presidente municipal suplente de Eduardo Rivera en la capital poblana, Ad\u00e1n Dom\u00ednguez fue, digamos, \u201celiminado del grupo\u201d.<br \/>\nPunto.<br \/>\nHe dicho.<br \/>\n\u2026<\/p>\n<p>El Verde, \u201cpeluse\u00f3\u201d a Tonantzin<\/p>\n<p>Una vez m\u00e1s:<br \/>\nEsto no estuviera pasando de no ser por (culpa) del Partido Verde.<br \/>\nEl triunfo electoral de Tonantzin Fern\u00e1ndez en San Pedro Cholula est\u00e1 consumado.<br \/>\nSin embargo, los recursos de impugnaci\u00f3n no cesan hasta que la Sala Superior del Tribunal Federal Electoral dicte sentencia.<br \/>\nHay que recordar que el Partido Verde abandon\u00f3 a Tonantzin, al negarse a sumarse a la coalici\u00f3n de la 4T con MORENA y PT.<br \/>\nDigamos que \u201cla peluse\u00f3\u201d.<br \/>\nTonantzin no tiene que cobrar venganza, s\u00f3lo aplicar una de Moreno Valle:<br \/>\nLos que estuvieron con el Partido Verde, que los atienda el Partido Verde.<br \/>\nLos que estuvieron con Tonantzin, que los atienda Tonantzin.<br \/>\nPunto.<br \/>\nHe escrito.<br \/>\n\u2026<\/p>\n<p>Ni Obama<br \/>\nSergio Salom\u00f3n C\u00e9spedes Peregrina es oficialmente el Director General del Instituto Nacional de Migraci\u00f3n. Bueno, una vez que termine su gesti\u00f3n como gobernador de Puebla. Diputado, alcalde, diputado, gobernador y ahora director en el gobierno de la Rep\u00fablica \u00a1Uf! La neta, ni Obama.<br \/>\n\u2026<\/p>\n<p>El Verdugo<br \/>\nLos da\u00f1os econ\u00f3micos al Ayuntamiento de Puebla no afectan a Pepe Chedraui, afectan a toda la ciudad. Es irresponsable dejar un gobierno municipal envuelto en inseguridad p\u00fablica, sin claridad en las finanzas, endeudado y otros tantos males. El Verdugo dice: El precio de la incompetencia.<br \/>\n.\u2026<\/p>\n<p>De Buena Fuente, no es la mejor columna pol\u00edtica, pero tiene\u2026 a los mejores lectores.<br \/>\ncmaciaspalma@yahoo.com.mx<br \/>\n@cmaciaspalma<br \/>\nFB: Carlos Macias Palma<\/p>\n","protected":false},"excerpt":{"rendered":"<p>El grupo perdedor del PAN hizo un giro en su estrategia por continuar manejando las posiciones y prerrogativas. Lalo decidi\u00f3 \u201cbajar\u201d a Ad\u00e1n Dom\u00ednguez, para \u201csubir\u201d a Felipe Mojarro. A pesar de su pincelada morenovallista, el panista de Tehuac\u00e1n sustituy\u00f3 al alcalde de Puebla, como propuesta del Grupo de Lalo para sustituir a Augusta D\u00edaz de Rivera, en la presidencia estatal de Acci\u00f3n Nacional. Otra opci\u00f3n que se analiz\u00f3 fue la de Paco Mota, de Amozoc. Pero no despeg\u00f3. Y tampoco Ad\u00e1n. Si su gesti\u00f3n durar\u00e1 un d\u00eda m\u00e1s, entonces superar\u00eda a la de MORENA como la peor en el ejercicio del gobierno municipal. O bueno, ah\u00ed la llevan los dos. La noticia es que el presidente municipal suplente de Eduardo Rivera en la capital&hellip;<\/p>\n<p class=\"excerpt-more\"><a class=\"blog-excerpt button\" href=\"https:\/\/www.aliadospuebla.com\/?p=96982\">Leer m\u00e1s&#8230;<\/a><\/p>\n","protected":false},"author":2,"featured_media":96983,"comment_status":"open","ping_status":"open","sticky":false,"template":"","format":"standard","meta":{"_monsterinsights_skip_tracking":false,"footnotes":""},"categories":[9],"tags":[17131,24576,20612,387,10666,7394],"class_list":["post-96982","post","type-post","status-publish","format-standard","has-post-thumbnail","hentry","category-columnas","tag-adan-dominguez","tag-felipe-mojarro","tag-pepe-chedraui","tag-san-pedro-cholula","tag-sergio-salomon-cespedes-peregrina","tag-tonantzin-fernandez"],"yoast_head":"<!-- This site is optimized with the Yoast SEO plugin v28.4 - https:\/\/yoast.com\/product\/yoast-seo-wordpress\/ -->\n<title>Lalo baj\u00f3 a Ad\u00e1n y subi\u00f3 a Mojarro - AliadosPuebla<\/title>\n<meta name=\"robots\" content=\"index, follow, max-snippet:-1, max-image-preview:large, max-video-preview:-1\" \/>\n<link rel=\"canonical\" href=\"https:\/\/www.aliadospuebla.com\/?p=96982\" \/>\n<meta property=\"og:locale\" content=\"es_ES\" \/>\n<meta property=\"og:type\" content=\"article\" \/>\n<meta property=\"og:title\" content=\"Lalo baj\u00f3 a Ad\u00e1n y subi\u00f3 a Mojarro - AliadosPuebla\" \/>\n<meta property=\"og:description\" content=\"El grupo perdedor del PAN hizo un giro en su estrategia por continuar manejando las posiciones y prerrogativas. Lalo decidi\u00f3 \u201cbajar\u201d a Ad\u00e1n Dom\u00ednguez, para \u201csubir\u201d a Felipe Mojarro. A pesar de su pincelada morenovallista, el panista de Tehuac\u00e1n sustituy\u00f3 al alcalde de Puebla, como propuesta del Grupo de Lalo para sustituir a Augusta D\u00edaz de Rivera, en la presidencia estatal de Acci\u00f3n Nacional. Otra opci\u00f3n que se analiz\u00f3 fue la de Paco Mota, de Amozoc. Pero no despeg\u00f3. Y tampoco Ad\u00e1n. Si su gesti\u00f3n durar\u00e1 un d\u00eda m\u00e1s, entonces superar\u00eda a la de MORENA como la peor en el ejercicio del gobierno municipal. O bueno, ah\u00ed la llevan los dos. La noticia es que el presidente municipal suplente de Eduardo Rivera en la capital&hellip;Leer m\u00e1s...\" \/>\n<meta property=\"og:url\" content=\"https:\/\/www.aliadospuebla.com\/?p=96982\" \/>\n<meta property=\"og:site_name\" content=\"AliadosPuebla\" \/>\n<meta property=\"article:author\" content=\"https:\/\/www.facebook.com\/Aliados17Pue\" \/>\n<meta property=\"article:published_time\" content=\"2024-10-09T15:30:28+00:00\" \/>\n<meta property=\"og:image\" content=\"https:\/\/www.aliadospuebla.com\/web2017\/wp-content\/uploads\/2024\/10\/1134.jpg\" \/>\n\t<meta property=\"og:image:width\" content=\"600\" \/>\n\t<meta property=\"og:image:height\" content=\"450\" \/>\n\t<meta property=\"og:image:type\" content=\"image\/jpeg\" \/>\n<meta name=\"author\" content=\"Aliados17\" \/>\n<meta name=\"twitter:card\" content=\"summary_large_image\" \/>\n<meta name=\"twitter:creator\" content=\"@AliadosPuebla\" \/>\n<meta name=\"twitter:label1\" content=\"Escrito por\" \/>\n\t<meta name=\"twitter:data1\" content=\"Aliados17\" \/>\n\t<meta name=\"twitter:label2\" content=\"Tiempo de lectura\" \/>\n\t<meta name=\"twitter:data2\" content=\"2 minutos\" \/>\n<script type=\"application\/ld+json\" class=\"yoast-schema-graph\">{\"@context\":\"https:\\\/\\\/schema.org\",\"@graph\":[{\"@type\":\"Article\",\"@id\":\"https:\\\/\\\/www.aliadospuebla.com\\\/?p=96982#article\",\"isPartOf\":{\"@id\":\"https:\\\/\\\/www.aliadospuebla.com\\\/?p=96982\"},\"author\":{\"name\":\"Aliados17\",\"@id\":\"https:\\\/\\\/www.aliadospuebla.com\\\/#\\\/schema\\\/person\\\/5da7dd09320bd4f392b710017ed5f8ad\"},\"headline\":\"Lalo baj\u00f3 a Ad\u00e1n y subi\u00f3 a Mojarro\",\"datePublished\":\"2024-10-09T15:30:28+00:00\",\"mainEntityOfPage\":{\"@id\":\"https:\\\/\\\/www.aliadospuebla.com\\\/?p=96982\"},\"wordCount\":404,\"commentCount\":0,\"image\":{\"@id\":\"https:\\\/\\\/www.aliadospuebla.com\\\/?p=96982#primaryimage\"},\"thumbnailUrl\":\"https:\\\/\\\/www.aliadospuebla.com\\\/web2017\\\/wp-content\\\/uploads\\\/2024\\\/10\\\/1134.jpg\",\"keywords\":[\"Ad\u00e1n Dom\u00ednguez\",\"Felipe Mojarro\",\"Pepe Chedraui\",\"SAN PEDRO CHOLULA\",\"Sergio Salom\u00f3n C\u00e9spedes Peregrina\",\"TONANTZIN FERN\u00c1NDEZ\"],\"articleSection\":[\"Columnas\"],\"inLanguage\":\"es\",\"potentialAction\":[{\"@type\":\"CommentAction\",\"name\":\"Comment\",\"target\":[\"https:\\\/\\\/www.aliadospuebla.com\\\/?p=96982#respond\"]}]},{\"@type\":\"WebPage\",\"@id\":\"https:\\\/\\\/www.aliadospuebla.com\\\/?p=96982\",\"url\":\"https:\\\/\\\/www.aliadospuebla.com\\\/?p=96982\",\"name\":\"Lalo baj\u00f3 a Ad\u00e1n y subi\u00f3 a Mojarro - AliadosPuebla\",\"isPartOf\":{\"@id\":\"https:\\\/\\\/www.aliadospuebla.com\\\/#website\"},\"primaryImageOfPage\":{\"@id\":\"https:\\\/\\\/www.aliadospuebla.com\\\/?p=96982#primaryimage\"},\"image\":{\"@id\":\"https:\\\/\\\/www.aliadospuebla.com\\\/?p=96982#primaryimage\"},\"thumbnailUrl\":\"https:\\\/\\\/www.aliadospuebla.com\\\/web2017\\\/wp-content\\\/uploads\\\/2024\\\/10\\\/1134.jpg\",\"datePublished\":\"2024-10-09T15:30:28+00:00\",\"author\":{\"@id\":\"https:\\\/\\\/www.aliadospuebla.com\\\/#\\\/schema\\\/person\\\/5da7dd09320bd4f392b710017ed5f8ad\"},\"breadcrumb\":{\"@id\":\"https:\\\/\\\/www.aliadospuebla.com\\\/?p=96982#breadcrumb\"},\"inLanguage\":\"es\",\"potentialAction\":[{\"@type\":\"ReadAction\",\"target\":[\"https:\\\/\\\/www.aliadospuebla.com\\\/?p=96982\"]}]},{\"@type\":\"ImageObject\",\"inLanguage\":\"es\",\"@id\":\"https:\\\/\\\/www.aliadospuebla.com\\\/?p=96982#primaryimage\",\"url\":\"https:\\\/\\\/www.aliadospuebla.com\\\/web2017\\\/wp-content\\\/uploads\\\/2024\\\/10\\\/1134.jpg\",\"contentUrl\":\"https:\\\/\\\/www.aliadospuebla.com\\\/web2017\\\/wp-content\\\/uploads\\\/2024\\\/10\\\/1134.jpg\",\"width\":600,\"height\":450},{\"@type\":\"BreadcrumbList\",\"@id\":\"https:\\\/\\\/www.aliadospuebla.com\\\/?p=96982#breadcrumb\",\"itemListElement\":[{\"@type\":\"ListItem\",\"position\":1,\"name\":\"Portada\",\"item\":\"https:\\\/\\\/www.aliadospuebla.com\\\/\"},{\"@type\":\"ListItem\",\"position\":2,\"name\":\"Lalo baj\u00f3 a Ad\u00e1n y subi\u00f3 a Mojarro\"}]},{\"@type\":\"WebSite\",\"@id\":\"https:\\\/\\\/www.aliadospuebla.com\\\/#website\",\"url\":\"https:\\\/\\\/www.aliadospuebla.com\\\/\",\"name\":\"AliadosPuebla\",\"description\":\"La informaci\u00f3n en tus manos\",\"potentialAction\":[{\"@type\":\"SearchAction\",\"target\":{\"@type\":\"EntryPoint\",\"urlTemplate\":\"https:\\\/\\\/www.aliadospuebla.com\\\/?s={search_term_string}\"},\"query-input\":{\"@type\":\"PropertyValueSpecification\",\"valueRequired\":true,\"valueName\":\"search_term_string\"}}],\"inLanguage\":\"es\"},{\"@type\":\"Person\",\"@id\":\"https:\\\/\\\/www.aliadospuebla.com\\\/#\\\/schema\\\/person\\\/5da7dd09320bd4f392b710017ed5f8ad\",\"name\":\"Aliados17\",\"image\":{\"@type\":\"ImageObject\",\"inLanguage\":\"es\",\"@id\":\"https:\\\/\\\/www.aliadospuebla.com\\\/web2017\\\/wp-content\\\/uploads\\\/2025\\\/03\\\/cropped-para-perfil-8-anos-1-96x96.jpg\",\"url\":\"https:\\\/\\\/www.aliadospuebla.com\\\/web2017\\\/wp-content\\\/uploads\\\/2025\\\/03\\\/cropped-para-perfil-8-anos-1-96x96.jpg\",\"contentUrl\":\"https:\\\/\\\/www.aliadospuebla.com\\\/web2017\\\/wp-content\\\/uploads\\\/2025\\\/03\\\/cropped-para-perfil-8-anos-1-96x96.jpg\",\"caption\":\"Aliados17\"},\"sameAs\":[\"https:\\\/\\\/www.aliados17.com\",\"https:\\\/\\\/www.facebook.com\\\/Aliados17Pue\",\"https:\\\/\\\/x.com\\\/AliadosPuebla\"],\"url\":\"https:\\\/\\\/www.aliadospuebla.com\\\/?author=2\"}]}<\/script>\n<!-- \/ Yoast SEO plugin. -->","yoast_head_json":{"title":"Lalo baj\u00f3 a Ad\u00e1n y subi\u00f3 a Mojarro - AliadosPuebla","robots":{"index":"index","follow":"follow","max-snippet":"max-snippet:-1","max-image-preview":"max-image-preview:large","max-video-preview":"max-video-preview:-1"},"canonical":"https:\/\/www.aliadospuebla.com\/?p=96982","og_locale":"es_ES","og_type":"article","og_title":"Lalo baj\u00f3 a Ad\u00e1n y subi\u00f3 a Mojarro - AliadosPuebla","og_description":"El grupo perdedor del PAN hizo un giro en su estrategia por continuar manejando las posiciones y prerrogativas. Lalo decidi\u00f3 \u201cbajar\u201d a Ad\u00e1n Dom\u00ednguez, para \u201csubir\u201d a Felipe Mojarro. A pesar de su pincelada morenovallista, el panista de Tehuac\u00e1n sustituy\u00f3 al alcalde de Puebla, como propuesta del Grupo de Lalo para sustituir a Augusta D\u00edaz de Rivera, en la presidencia estatal de Acci\u00f3n Nacional. Otra opci\u00f3n que se analiz\u00f3 fue la de Paco Mota, de Amozoc. Pero no despeg\u00f3. Y tampoco Ad\u00e1n. Si su gesti\u00f3n durar\u00e1 un d\u00eda m\u00e1s, entonces superar\u00eda a la de MORENA como la peor en el ejercicio del gobierno municipal. O bueno, ah\u00ed la llevan los dos. La noticia es que el presidente municipal suplente de Eduardo Rivera en la capital&hellip;Leer m\u00e1s...","og_url":"https:\/\/www.aliadospuebla.com\/?p=96982","og_site_name":"AliadosPuebla","article_author":"https:\/\/www.facebook.com\/Aliados17Pue","article_published_time":"2024-10-09T15:30:28+00:00","og_image":[{"width":600,"height":450,"url":"https:\/\/www.aliadospuebla.com\/web2017\/wp-content\/uploads\/2024\/10\/1134.jpg","type":"image\/jpeg"}],"author":"Aliados17","twitter_card":"summary_large_image","twitter_creator":"@AliadosPuebla","twitter_misc":{"Escrito por":"Aliados17","Tiempo de lectura":"2 minutos"},"schema":{"@context":"https:\/\/schema.org","@graph":[{"@type":"Article","@id":"https:\/\/www.aliadospuebla.com\/?p=96982#article","isPartOf":{"@id":"https:\/\/www.aliadospuebla.com\/?p=96982"},"author":{"name":"Aliados17","@id":"https:\/\/www.aliadospuebla.com\/#\/schema\/person\/5da7dd09320bd4f392b710017ed5f8ad"},"headline":"Lalo baj\u00f3 a Ad\u00e1n y subi\u00f3 a Mojarro","datePublished":"2024-10-09T15:30:28+00:00","mainEntityOfPage":{"@id":"https:\/\/www.aliadospuebla.com\/?p=96982"},"wordCount":404,"commentCount":0,"image":{"@id":"https:\/\/www.aliadospuebla.com\/?p=96982#primaryimage"},"thumbnailUrl":"https:\/\/www.aliadospuebla.com\/web2017\/wp-content\/uploads\/2024\/10\/1134.jpg","keywords":["Ad\u00e1n Dom\u00ednguez","Felipe Mojarro","Pepe Chedraui","SAN PEDRO CHOLULA","Sergio Salom\u00f3n C\u00e9spedes Peregrina","TONANTZIN FERN\u00c1NDEZ"],"articleSection":["Columnas"],"inLanguage":"es","potentialAction":[{"@type":"CommentAction","name":"Comment","target":["https:\/\/www.aliadospuebla.com\/?p=96982#respond"]}]},{"@type":"WebPage","@id":"https:\/\/www.aliadospuebla.com\/?p=96982","url":"https:\/\/www.aliadospuebla.com\/?p=96982","name":"Lalo baj\u00f3 a Ad\u00e1n y subi\u00f3 a Mojarro - AliadosPuebla","isPartOf":{"@id":"https:\/\/www.aliadospuebla.com\/#website"},"primaryImageOfPage":{"@id":"https:\/\/www.aliadospuebla.com\/?p=96982#primaryimage"},"image":{"@id":"https:\/\/www.aliadospuebla.com\/?p=96982#primaryimage"},"thumbnailUrl":"https:\/\/www.aliadospuebla.com\/web2017\/wp-content\/uploads\/2024\/10\/1134.jpg","datePublished":"2024-10-09T15:30:28+00:00","author":{"@id":"https:\/\/www.aliadospuebla.com\/#\/schema\/person\/5da7dd09320bd4f392b710017ed5f8ad"},"breadcrumb":{"@id":"https:\/\/www.aliadospuebla.com\/?p=96982#breadcrumb"},"inLanguage":"es","potentialAction":[{"@type":"ReadAction","target":["https:\/\/www.aliadospuebla.com\/?p=96982"]}]},{"@type":"ImageObject","inLanguage":"es","@id":"https:\/\/www.aliadospuebla.com\/?p=96982#primaryimage","url":"https:\/\/www.aliadospuebla.com\/web2017\/wp-content\/uploads\/2024\/10\/1134.jpg","contentUrl":"https:\/\/www.aliadospuebla.com\/web2017\/wp-content\/uploads\/2024\/10\/1134.jpg","width":600,"height":450},{"@type":"BreadcrumbList","@id":"https:\/\/www.aliadospuebla.com\/?p=96982#breadcrumb","itemListElement":[{"@type":"ListItem","position":1,"name":"Portada","item":"https:\/\/www.aliadospuebla.com\/"},{"@type":"ListItem","position":2,"name":"Lalo baj\u00f3 a Ad\u00e1n y subi\u00f3 a Mojarro"}]},{"@type":"WebSite","@id":"https:\/\/www.aliadospuebla.com\/#website","url":"https:\/\/www.aliadospuebla.com\/","name":"AliadosPuebla","description":"La informaci\u00f3n en tus manos","potentialAction":[{"@type":"SearchAction","target":{"@type":"EntryPoint","urlTemplate":"https:\/\/www.aliadospuebla.com\/?s={search_term_string}"},"query-input":{"@type":"PropertyValueSpecification","valueRequired":true,"valueName":"search_term_string"}}],"inLanguage":"es"},{"@type":"Person","@id":"https:\/\/www.aliadospuebla.com\/#\/schema\/person\/5da7dd09320bd4f392b710017ed5f8ad","name":"Aliados17","image":{"@type":"ImageObject","inLanguage":"es","@id":"https:\/\/www.aliadospuebla.com\/web2017\/wp-content\/uploads\/2025\/03\/cropped-para-perfil-8-anos-1-96x96.jpg","url":"https:\/\/www.aliadospuebla.com\/web2017\/wp-content\/uploads\/2025\/03\/cropped-para-perfil-8-anos-1-96x96.jpg","contentUrl":"https:\/\/www.aliadospuebla.com\/web2017\/wp-content\/uploads\/2025\/03\/cropped-para-perfil-8-anos-1-96x96.jpg","caption":"Aliados17"},"sameAs":["https:\/\/www.aliados17.com","https:\/\/www.facebook.com\/Aliados17Pue","https:\/\/x.com\/AliadosPuebla"],"url":"https:\/\/www.aliadospuebla.com\/?author=2"}]}},"views":6,"_links":{"self":[{"href":"https:\/\/www.aliadospuebla.com\/index.php?rest_route=\/wp\/v2\/posts\/96982","targetHints":{"allow":["GET"]}}],"collection":[{"href":"https:\/\/www.aliadospuebla.com\/index.php?rest_route=\/wp\/v2\/posts"}],"about":[{"href":"https:\/\/www.aliadospuebla.com\/index.php?rest_route=\/wp\/v2\/types\/post"}],"author":[{"embeddable":true,"href":"https:\/\/www.aliadospuebla.com\/index.php?rest_route=\/wp\/v2\/users\/2"}],"replies":[{"embeddable":true,"href":"https:\/\/www.aliadospuebla.com\/index.php?rest_route=%2Fwp%2Fv2%2Fcomments&post=96982"}],"version-history":[{"count":1,"href":"https:\/\/www.aliadospuebla.com\/index.php?rest_route=\/wp\/v2\/posts\/96982\/revisions"}],"predecessor-version":[{"id":96984,"href":"https:\/\/www.aliadospuebla.com\/index.php?rest_route=\/wp\/v2\/posts\/96982\/revisions\/96984"}],"wp:featuredmedia":[{"embeddable":true,"href":"https:\/\/www.aliadospuebla.com\/index.php?rest_route=\/wp\/v2\/media\/96983"}],"wp:attachment":[{"href":"https:\/\/www.aliadospuebla.com\/index.php?rest_route=%2Fwp%2Fv2%2Fmedia&parent=96982"}],"wp:term":[{"taxonomy":"category","embeddable":true,"href":"https:\/\/www.aliadospuebla.com\/index.php?rest_route=%2Fwp%2Fv2%2Fcategories&post=96982"},{"taxonomy":"post_tag","embeddable":true,"href":"https:\/\/www.aliadospuebla.com\/index.php?rest_route=%2Fwp%2Fv2%2Ftags&post=96982"}],"curies":[{"name":"wp","href":"https:\/\/api.w.org\/{rel}","templated":true}]}}