{"id":96962,"date":"2024-10-08T17:08:20","date_gmt":"2024-10-08T23:08:20","guid":{"rendered":"https:\/\/www.aliados17.com\/?p=96962"},"modified":"2024-10-08T17:08:20","modified_gmt":"2024-10-08T23:08:20","slug":"justicia-y-defensoria-social-hasta-el-ultimo-rincon-del-estado-armenta","status":"publish","type":"post","link":"https:\/\/www.aliadospuebla.com\/?p=96962","title":{"rendered":"Justicia y defensor\u00eda social hasta el \u00faltimo rinc\u00f3n del Estado: Armenta"},"content":{"rendered":"<h4>Designa a Rufo Ju\u00e1rez como titular de la Procuradur\u00eda del Ciudadano, adscrita a la Secretar\u00eda de Gobernaci\u00f3n.<\/h4>\n<p>Puebla, Puebla. El gobernador electo Alejandro Armenta incorpor\u00f3 al pr\u00f3ximo gabinete a Rufo Ju\u00e1rez Pe\u00f1uela como Procurador del Ciudadano \u00abporque el compromiso es fortalecer el esquema de gestor\u00eda y justicia en cada rinc\u00f3n de nuestro estado, porque primero es el Pueblo\u00bb enfatiz\u00f3 el pr\u00f3ximo mandatario poblano.<\/p>\n<p>Rufo Ju\u00e1rez Pe\u00f1uela, originario de Atoyatempan, es un hombre conciliador que durante cerca de 5 d\u00e9cadas ha recorrido el estado acerc\u00e1ndose a los diversos grupos sociales con la tarea siempre de conciliar y ser un puente de comunicaci\u00f3n gubernamental.<\/p>\n<p>Es un destacado pol\u00edtico de carrera que finc\u00f3 su trayectoria con Don Guillermo Jim\u00e9nez Morales y fue director de Gobierno con Don Manuel Bartlett Diaz.<\/p>\n<p>Abogado de profesi\u00f3n con maestr\u00eda en Ciencias de la Convivencia Humana y Participaci\u00f3n Ciudadana, tendr\u00e1 la encomienda de fortalecer las agencias subalternas para que la justicia, la conciliaci\u00f3n y la gestor\u00eda sean las herramientas del estado de derecho en toda la entidad; adem\u00e1s de organizar y articular a los profesionales del derecho en materia de defensor\u00eda social.<\/p>\n","protected":false},"excerpt":{"rendered":"<p>Designa a Rufo Ju\u00e1rez como titular de la Procuradur\u00eda del Ciudadano, adscrita a la Secretar\u00eda de Gobernaci\u00f3n. Puebla, Puebla. El gobernador electo Alejandro Armenta incorpor\u00f3 al pr\u00f3ximo gabinete a Rufo Ju\u00e1rez Pe\u00f1uela como Procurador del Ciudadano \u00abporque el compromiso es fortalecer el esquema de gestor\u00eda y justicia en cada rinc\u00f3n de nuestro estado, porque primero es el Pueblo\u00bb enfatiz\u00f3 el pr\u00f3ximo mandatario poblano. Rufo Ju\u00e1rez Pe\u00f1uela, originario de Atoyatempan, es un hombre conciliador que durante cerca de 5 d\u00e9cadas ha recorrido el estado acerc\u00e1ndose a los diversos grupos sociales con la tarea siempre de conciliar y ser un puente de comunicaci\u00f3n gubernamental. Es un destacado pol\u00edtico de carrera que finc\u00f3 su trayectoria con Don Guillermo Jim\u00e9nez Morales y fue director de Gobierno con Don Manuel&hellip;<\/p>\n<p class=\"excerpt-more\"><a class=\"blog-excerpt button\" href=\"https:\/\/www.aliadospuebla.com\/?p=96962\">Leer m\u00e1s&#8230;<\/a><\/p>\n","protected":false},"author":2,"featured_media":96963,"comment_status":"open","ping_status":"open","sticky":false,"template":"","format":"standard","meta":{"_monsterinsights_skip_tracking":false,"footnotes":""},"categories":[6],"tags":[4780,24562,24561,24563,24564],"class_list":["post-96962","post","type-post","status-publish","format-standard","has-post-thumbnail","hentry","category-politica","tag-alejandro-armenta","tag-conciliador","tag-gestoria-y-justicia","tag-procuraduria-del-ciudadano","tag-rufo-juarez-penuela"],"yoast_head":"<!-- This site is optimized with the Yoast SEO plugin v28.4 - https:\/\/yoast.com\/product\/yoast-seo-wordpress\/ -->\n<title>Justicia y defensor\u00eda social hasta el \u00faltimo rinc\u00f3n del Estado: Armenta - AliadosPuebla<\/title>\n<meta name=\"robots\" content=\"index, follow, max-snippet:-1, max-image-preview:large, max-video-preview:-1\" \/>\n<link rel=\"canonical\" href=\"https:\/\/www.aliadospuebla.com\/?p=96962\" \/>\n<meta property=\"og:locale\" content=\"es_ES\" \/>\n<meta property=\"og:type\" content=\"article\" \/>\n<meta property=\"og:title\" content=\"Justicia y defensor\u00eda social hasta el \u00faltimo rinc\u00f3n del Estado: Armenta - AliadosPuebla\" \/>\n<meta property=\"og:description\" content=\"Designa a Rufo Ju\u00e1rez como titular de la Procuradur\u00eda del Ciudadano, adscrita a la Secretar\u00eda de Gobernaci\u00f3n. Puebla, Puebla. El gobernador electo Alejandro Armenta incorpor\u00f3 al pr\u00f3ximo gabinete a Rufo Ju\u00e1rez Pe\u00f1uela como Procurador del Ciudadano \u00abporque el compromiso es fortalecer el esquema de gestor\u00eda y justicia en cada rinc\u00f3n de nuestro estado, porque primero es el Pueblo\u00bb enfatiz\u00f3 el pr\u00f3ximo mandatario poblano. Rufo Ju\u00e1rez Pe\u00f1uela, originario de Atoyatempan, es un hombre conciliador que durante cerca de 5 d\u00e9cadas ha recorrido el estado acerc\u00e1ndose a los diversos grupos sociales con la tarea siempre de conciliar y ser un puente de comunicaci\u00f3n gubernamental. Es un destacado pol\u00edtico de carrera que finc\u00f3 su trayectoria con Don Guillermo Jim\u00e9nez Morales y fue director de Gobierno con Don Manuel&hellip;Leer m\u00e1s...\" \/>\n<meta property=\"og:url\" content=\"https:\/\/www.aliadospuebla.com\/?p=96962\" \/>\n<meta property=\"og:site_name\" content=\"AliadosPuebla\" \/>\n<meta property=\"article:author\" content=\"https:\/\/www.facebook.com\/Aliados17Pue\" \/>\n<meta property=\"article:published_time\" content=\"2024-10-08T23:08:20+00:00\" \/>\n<meta property=\"og:image\" content=\"https:\/\/www.aliadospuebla.com\/web2017\/wp-content\/uploads\/2024\/10\/1128.jpg\" \/>\n\t<meta property=\"og:image:width\" content=\"600\" \/>\n\t<meta property=\"og:image:height\" content=\"450\" \/>\n\t<meta property=\"og:image:type\" content=\"image\/jpeg\" \/>\n<meta name=\"author\" content=\"Aliados17\" \/>\n<meta name=\"twitter:card\" content=\"summary_large_image\" \/>\n<meta name=\"twitter:creator\" content=\"@AliadosPuebla\" \/>\n<meta name=\"twitter:label1\" content=\"Escrito por\" \/>\n\t<meta name=\"twitter:data1\" content=\"Aliados17\" \/>\n\t<meta name=\"twitter:label2\" content=\"Tiempo de lectura\" \/>\n\t<meta name=\"twitter:data2\" content=\"1 minuto\" \/>\n<script type=\"application\/ld+json\" class=\"yoast-schema-graph\">{\"@context\":\"https:\\\/\\\/schema.org\",\"@graph\":[{\"@type\":\"Article\",\"@id\":\"https:\\\/\\\/www.aliadospuebla.com\\\/?p=96962#article\",\"isPartOf\":{\"@id\":\"https:\\\/\\\/www.aliadospuebla.com\\\/?p=96962\"},\"author\":{\"name\":\"Aliados17\",\"@id\":\"https:\\\/\\\/www.aliadospuebla.com\\\/#\\\/schema\\\/person\\\/5da7dd09320bd4f392b710017ed5f8ad\"},\"headline\":\"Justicia y defensor\u00eda social hasta el \u00faltimo rinc\u00f3n del Estado: Armenta\",\"datePublished\":\"2024-10-08T23:08:20+00:00\",\"mainEntityOfPage\":{\"@id\":\"https:\\\/\\\/www.aliadospuebla.com\\\/?p=96962\"},\"wordCount\":220,\"commentCount\":0,\"image\":{\"@id\":\"https:\\\/\\\/www.aliadospuebla.com\\\/?p=96962#primaryimage\"},\"thumbnailUrl\":\"https:\\\/\\\/www.aliadospuebla.com\\\/web2017\\\/wp-content\\\/uploads\\\/2024\\\/10\\\/1128.jpg\",\"keywords\":[\"ALEJANDRO ARMENTA\",\"conciliador\",\"gestor\u00eda y justicia\",\"Procuradur\u00eda del Ciudadano\",\"Rufo Ju\u00e1rez Pe\u00f1uela\"],\"articleSection\":[\"Pol\u00edtica\"],\"inLanguage\":\"es\",\"potentialAction\":[{\"@type\":\"CommentAction\",\"name\":\"Comment\",\"target\":[\"https:\\\/\\\/www.aliadospuebla.com\\\/?p=96962#respond\"]}]},{\"@type\":\"WebPage\",\"@id\":\"https:\\\/\\\/www.aliadospuebla.com\\\/?p=96962\",\"url\":\"https:\\\/\\\/www.aliadospuebla.com\\\/?p=96962\",\"name\":\"Justicia y defensor\u00eda social hasta el \u00faltimo rinc\u00f3n del Estado: Armenta - AliadosPuebla\",\"isPartOf\":{\"@id\":\"https:\\\/\\\/www.aliadospuebla.com\\\/#website\"},\"primaryImageOfPage\":{\"@id\":\"https:\\\/\\\/www.aliadospuebla.com\\\/?p=96962#primaryimage\"},\"image\":{\"@id\":\"https:\\\/\\\/www.aliadospuebla.com\\\/?p=96962#primaryimage\"},\"thumbnailUrl\":\"https:\\\/\\\/www.aliadospuebla.com\\\/web2017\\\/wp-content\\\/uploads\\\/2024\\\/10\\\/1128.jpg\",\"datePublished\":\"2024-10-08T23:08:20+00:00\",\"author\":{\"@id\":\"https:\\\/\\\/www.aliadospuebla.com\\\/#\\\/schema\\\/person\\\/5da7dd09320bd4f392b710017ed5f8ad\"},\"breadcrumb\":{\"@id\":\"https:\\\/\\\/www.aliadospuebla.com\\\/?p=96962#breadcrumb\"},\"inLanguage\":\"es\",\"potentialAction\":[{\"@type\":\"ReadAction\",\"target\":[\"https:\\\/\\\/www.aliadospuebla.com\\\/?p=96962\"]}]},{\"@type\":\"ImageObject\",\"inLanguage\":\"es\",\"@id\":\"https:\\\/\\\/www.aliadospuebla.com\\\/?p=96962#primaryimage\",\"url\":\"https:\\\/\\\/www.aliadospuebla.com\\\/web2017\\\/wp-content\\\/uploads\\\/2024\\\/10\\\/1128.jpg\",\"contentUrl\":\"https:\\\/\\\/www.aliadospuebla.com\\\/web2017\\\/wp-content\\\/uploads\\\/2024\\\/10\\\/1128.jpg\",\"width\":600,\"height\":450},{\"@type\":\"BreadcrumbList\",\"@id\":\"https:\\\/\\\/www.aliadospuebla.com\\\/?p=96962#breadcrumb\",\"itemListElement\":[{\"@type\":\"ListItem\",\"position\":1,\"name\":\"Portada\",\"item\":\"https:\\\/\\\/www.aliadospuebla.com\\\/\"},{\"@type\":\"ListItem\",\"position\":2,\"name\":\"Justicia y defensor\u00eda social hasta el \u00faltimo rinc\u00f3n del Estado: Armenta\"}]},{\"@type\":\"WebSite\",\"@id\":\"https:\\\/\\\/www.aliadospuebla.com\\\/#website\",\"url\":\"https:\\\/\\\/www.aliadospuebla.com\\\/\",\"name\":\"AliadosPuebla\",\"description\":\"La informaci\u00f3n en tus manos\",\"potentialAction\":[{\"@type\":\"SearchAction\",\"target\":{\"@type\":\"EntryPoint\",\"urlTemplate\":\"https:\\\/\\\/www.aliadospuebla.com\\\/?s={search_term_string}\"},\"query-input\":{\"@type\":\"PropertyValueSpecification\",\"valueRequired\":true,\"valueName\":\"search_term_string\"}}],\"inLanguage\":\"es\"},{\"@type\":\"Person\",\"@id\":\"https:\\\/\\\/www.aliadospuebla.com\\\/#\\\/schema\\\/person\\\/5da7dd09320bd4f392b710017ed5f8ad\",\"name\":\"Aliados17\",\"image\":{\"@type\":\"ImageObject\",\"inLanguage\":\"es\",\"@id\":\"https:\\\/\\\/www.aliadospuebla.com\\\/web2017\\\/wp-content\\\/uploads\\\/2025\\\/03\\\/cropped-para-perfil-8-anos-1-96x96.jpg\",\"url\":\"https:\\\/\\\/www.aliadospuebla.com\\\/web2017\\\/wp-content\\\/uploads\\\/2025\\\/03\\\/cropped-para-perfil-8-anos-1-96x96.jpg\",\"contentUrl\":\"https:\\\/\\\/www.aliadospuebla.com\\\/web2017\\\/wp-content\\\/uploads\\\/2025\\\/03\\\/cropped-para-perfil-8-anos-1-96x96.jpg\",\"caption\":\"Aliados17\"},\"sameAs\":[\"https:\\\/\\\/www.aliados17.com\",\"https:\\\/\\\/www.facebook.com\\\/Aliados17Pue\",\"https:\\\/\\\/x.com\\\/AliadosPuebla\"],\"url\":\"https:\\\/\\\/www.aliadospuebla.com\\\/?author=2\"}]}<\/script>\n<!-- \/ Yoast SEO plugin. -->","yoast_head_json":{"title":"Justicia y defensor\u00eda social hasta el \u00faltimo rinc\u00f3n del Estado: Armenta - AliadosPuebla","robots":{"index":"index","follow":"follow","max-snippet":"max-snippet:-1","max-image-preview":"max-image-preview:large","max-video-preview":"max-video-preview:-1"},"canonical":"https:\/\/www.aliadospuebla.com\/?p=96962","og_locale":"es_ES","og_type":"article","og_title":"Justicia y defensor\u00eda social hasta el \u00faltimo rinc\u00f3n del Estado: Armenta - AliadosPuebla","og_description":"Designa a Rufo Ju\u00e1rez como titular de la Procuradur\u00eda del Ciudadano, adscrita a la Secretar\u00eda de Gobernaci\u00f3n. Puebla, Puebla. El gobernador electo Alejandro Armenta incorpor\u00f3 al pr\u00f3ximo gabinete a Rufo Ju\u00e1rez Pe\u00f1uela como Procurador del Ciudadano \u00abporque el compromiso es fortalecer el esquema de gestor\u00eda y justicia en cada rinc\u00f3n de nuestro estado, porque primero es el Pueblo\u00bb enfatiz\u00f3 el pr\u00f3ximo mandatario poblano. Rufo Ju\u00e1rez Pe\u00f1uela, originario de Atoyatempan, es un hombre conciliador que durante cerca de 5 d\u00e9cadas ha recorrido el estado acerc\u00e1ndose a los diversos grupos sociales con la tarea siempre de conciliar y ser un puente de comunicaci\u00f3n gubernamental. Es un destacado pol\u00edtico de carrera que finc\u00f3 su trayectoria con Don Guillermo Jim\u00e9nez Morales y fue director de Gobierno con Don Manuel&hellip;Leer m\u00e1s...","og_url":"https:\/\/www.aliadospuebla.com\/?p=96962","og_site_name":"AliadosPuebla","article_author":"https:\/\/www.facebook.com\/Aliados17Pue","article_published_time":"2024-10-08T23:08:20+00:00","og_image":[{"width":600,"height":450,"url":"https:\/\/www.aliadospuebla.com\/web2017\/wp-content\/uploads\/2024\/10\/1128.jpg","type":"image\/jpeg"}],"author":"Aliados17","twitter_card":"summary_large_image","twitter_creator":"@AliadosPuebla","twitter_misc":{"Escrito por":"Aliados17","Tiempo de lectura":"1 minuto"},"schema":{"@context":"https:\/\/schema.org","@graph":[{"@type":"Article","@id":"https:\/\/www.aliadospuebla.com\/?p=96962#article","isPartOf":{"@id":"https:\/\/www.aliadospuebla.com\/?p=96962"},"author":{"name":"Aliados17","@id":"https:\/\/www.aliadospuebla.com\/#\/schema\/person\/5da7dd09320bd4f392b710017ed5f8ad"},"headline":"Justicia y defensor\u00eda social hasta el \u00faltimo rinc\u00f3n del Estado: Armenta","datePublished":"2024-10-08T23:08:20+00:00","mainEntityOfPage":{"@id":"https:\/\/www.aliadospuebla.com\/?p=96962"},"wordCount":220,"commentCount":0,"image":{"@id":"https:\/\/www.aliadospuebla.com\/?p=96962#primaryimage"},"thumbnailUrl":"https:\/\/www.aliadospuebla.com\/web2017\/wp-content\/uploads\/2024\/10\/1128.jpg","keywords":["ALEJANDRO ARMENTA","conciliador","gestor\u00eda y justicia","Procuradur\u00eda del Ciudadano","Rufo Ju\u00e1rez Pe\u00f1uela"],"articleSection":["Pol\u00edtica"],"inLanguage":"es","potentialAction":[{"@type":"CommentAction","name":"Comment","target":["https:\/\/www.aliadospuebla.com\/?p=96962#respond"]}]},{"@type":"WebPage","@id":"https:\/\/www.aliadospuebla.com\/?p=96962","url":"https:\/\/www.aliadospuebla.com\/?p=96962","name":"Justicia y defensor\u00eda social hasta el \u00faltimo rinc\u00f3n del Estado: Armenta - AliadosPuebla","isPartOf":{"@id":"https:\/\/www.aliadospuebla.com\/#website"},"primaryImageOfPage":{"@id":"https:\/\/www.aliadospuebla.com\/?p=96962#primaryimage"},"image":{"@id":"https:\/\/www.aliadospuebla.com\/?p=96962#primaryimage"},"thumbnailUrl":"https:\/\/www.aliadospuebla.com\/web2017\/wp-content\/uploads\/2024\/10\/1128.jpg","datePublished":"2024-10-08T23:08:20+00:00","author":{"@id":"https:\/\/www.aliadospuebla.com\/#\/schema\/person\/5da7dd09320bd4f392b710017ed5f8ad"},"breadcrumb":{"@id":"https:\/\/www.aliadospuebla.com\/?p=96962#breadcrumb"},"inLanguage":"es","potentialAction":[{"@type":"ReadAction","target":["https:\/\/www.aliadospuebla.com\/?p=96962"]}]},{"@type":"ImageObject","inLanguage":"es","@id":"https:\/\/www.aliadospuebla.com\/?p=96962#primaryimage","url":"https:\/\/www.aliadospuebla.com\/web2017\/wp-content\/uploads\/2024\/10\/1128.jpg","contentUrl":"https:\/\/www.aliadospuebla.com\/web2017\/wp-content\/uploads\/2024\/10\/1128.jpg","width":600,"height":450},{"@type":"BreadcrumbList","@id":"https:\/\/www.aliadospuebla.com\/?p=96962#breadcrumb","itemListElement":[{"@type":"ListItem","position":1,"name":"Portada","item":"https:\/\/www.aliadospuebla.com\/"},{"@type":"ListItem","position":2,"name":"Justicia y defensor\u00eda social hasta el \u00faltimo rinc\u00f3n del Estado: Armenta"}]},{"@type":"WebSite","@id":"https:\/\/www.aliadospuebla.com\/#website","url":"https:\/\/www.aliadospuebla.com\/","name":"AliadosPuebla","description":"La informaci\u00f3n en tus manos","potentialAction":[{"@type":"SearchAction","target":{"@type":"EntryPoint","urlTemplate":"https:\/\/www.aliadospuebla.com\/?s={search_term_string}"},"query-input":{"@type":"PropertyValueSpecification","valueRequired":true,"valueName":"search_term_string"}}],"inLanguage":"es"},{"@type":"Person","@id":"https:\/\/www.aliadospuebla.com\/#\/schema\/person\/5da7dd09320bd4f392b710017ed5f8ad","name":"Aliados17","image":{"@type":"ImageObject","inLanguage":"es","@id":"https:\/\/www.aliadospuebla.com\/web2017\/wp-content\/uploads\/2025\/03\/cropped-para-perfil-8-anos-1-96x96.jpg","url":"https:\/\/www.aliadospuebla.com\/web2017\/wp-content\/uploads\/2025\/03\/cropped-para-perfil-8-anos-1-96x96.jpg","contentUrl":"https:\/\/www.aliadospuebla.com\/web2017\/wp-content\/uploads\/2025\/03\/cropped-para-perfil-8-anos-1-96x96.jpg","caption":"Aliados17"},"sameAs":["https:\/\/www.aliados17.com","https:\/\/www.facebook.com\/Aliados17Pue","https:\/\/x.com\/AliadosPuebla"],"url":"https:\/\/www.aliadospuebla.com\/?author=2"}]}},"views":14,"_links":{"self":[{"href":"https:\/\/www.aliadospuebla.com\/index.php?rest_route=\/wp\/v2\/posts\/96962","targetHints":{"allow":["GET"]}}],"collection":[{"href":"https:\/\/www.aliadospuebla.com\/index.php?rest_route=\/wp\/v2\/posts"}],"about":[{"href":"https:\/\/www.aliadospuebla.com\/index.php?rest_route=\/wp\/v2\/types\/post"}],"author":[{"embeddable":true,"href":"https:\/\/www.aliadospuebla.com\/index.php?rest_route=\/wp\/v2\/users\/2"}],"replies":[{"embeddable":true,"href":"https:\/\/www.aliadospuebla.com\/index.php?rest_route=%2Fwp%2Fv2%2Fcomments&post=96962"}],"version-history":[{"count":1,"href":"https:\/\/www.aliadospuebla.com\/index.php?rest_route=\/wp\/v2\/posts\/96962\/revisions"}],"predecessor-version":[{"id":96964,"href":"https:\/\/www.aliadospuebla.com\/index.php?rest_route=\/wp\/v2\/posts\/96962\/revisions\/96964"}],"wp:featuredmedia":[{"embeddable":true,"href":"https:\/\/www.aliadospuebla.com\/index.php?rest_route=\/wp\/v2\/media\/96963"}],"wp:attachment":[{"href":"https:\/\/www.aliadospuebla.com\/index.php?rest_route=%2Fwp%2Fv2%2Fmedia&parent=96962"}],"wp:term":[{"taxonomy":"category","embeddable":true,"href":"https:\/\/www.aliadospuebla.com\/index.php?rest_route=%2Fwp%2Fv2%2Fcategories&post=96962"},{"taxonomy":"post_tag","embeddable":true,"href":"https:\/\/www.aliadospuebla.com\/index.php?rest_route=%2Fwp%2Fv2%2Ftags&post=96962"}],"curies":[{"name":"wp","href":"https:\/\/api.w.org\/{rel}","templated":true}]}}