{"id":96896,"date":"2024-10-05T11:14:01","date_gmt":"2024-10-05T17:14:01","guid":{"rendered":"https:\/\/www.aliados17.com\/?p=96896"},"modified":"2024-10-05T11:14:01","modified_gmt":"2024-10-05T17:14:01","slug":"con-mujeres-sensibles-como-la-presidenta-y-la-jefa-de-gobierno-mexico-tendra-una-etapa-de-progreso-y-consolidacion-armenta","status":"publish","type":"post","link":"https:\/\/www.aliadospuebla.com\/?p=96896","title":{"rendered":"Con mujeres sensibles como la presidenta y la jefa de gobierno, M\u00e9xico tendr\u00e1 una etapa de progreso y consolidaci\u00f3n: Armenta"},"content":{"rendered":"<h4>Presente el gobernador electo en la toma de protesta de la Jefa de Gobierno de la Ciudad de M\u00e9xico, Clara Brugada.<\/h4>\n<p>Ciudad de M\u00e9xico. \u201cLa presidenta Claudia Sheinbaum y la nueva jefa de gobierno de la Ciudad de M\u00e9xico, Clara Brugada, son mujeres con gran sensibilidad y encabezar\u00e1n una etapa de progreso y consolidaci\u00f3n para el pa\u00eds.<\/p>\n<p>Van a hacer una gran obra a favor de todos los mexicanos porque la capital es la caja de resonancia de toda la naci\u00f3n\u00bb, afirm\u00f3 el gobernador electo, Alejandro Armenta al asistir a la toma de protesta de la Jefa de Gobierno de la Ciudad de M\u00e9xico.<\/p>\n<p>Destac\u00f3 la importancia de las acciones conjuntas entre ambos gobiernos para generar un impacto positivo en todo el pa\u00eds. Durante una entrevista con medios de comunicaci\u00f3n, Armenta subray\u00f3 que la colaboraci\u00f3n entre Puebla y la capital ser\u00e1 clave para el desarrollo de proyectos estrat\u00e9gicos en \u00e1reas como seguridad, electromovilidad, tecnolog\u00eda, educaci\u00f3n y salud, aline\u00e1ndose con las directrices del gobierno federal encabezado por Claudia Sheinbaum, presidenta de M\u00e9xico.<\/p>\n<p>El gobernador electo asegur\u00f3 que su administraci\u00f3n trabajar\u00e1 estrechamente con el nuevo gobierno capitalino para blindar las zonas lim\u00edtrofes entre Puebla y la Ciudad de M\u00e9xico, garantizando as\u00ed la seguridad y el bienestar de las y los ciudadanos que transitan y habitan ambas regiones. \u00abEstamos bajo la l\u00ednea de la doctora Claudia Sheinbaum, todo alineado a lo que tiene para el pa\u00eds. Puebla y la Ciudad de M\u00e9xico se fortalecer\u00e1n gracias a esta visi\u00f3n compartida\u00bb, se\u00f1al\u00f3.<\/p>\n<p>Ante medios de comunicaci\u00f3n, el gobernador electo destac\u00f3 la importancia de los proyectos que se impulsar\u00e1n conjuntamente con el gobierno de la Ciudad de M\u00e9xico. \u00abCon la doctora Claudia Sheinbaum y Clara Brugada, nos va a ir muy bien. Es una etapa de consolidaci\u00f3n y de progreso para la Ciudad de M\u00e9xico y, por ende, para todos los poblanos que aqu\u00ed residen y que vienen de visita\u201d.<\/p>\n","protected":false},"excerpt":{"rendered":"<p>Presente el gobernador electo en la toma de protesta de la Jefa de Gobierno de la Ciudad de M\u00e9xico, Clara Brugada. Ciudad de M\u00e9xico. \u201cLa presidenta Claudia Sheinbaum y la nueva jefa de gobierno de la Ciudad de M\u00e9xico, Clara Brugada, son mujeres con gran sensibilidad y encabezar\u00e1n una etapa de progreso y consolidaci\u00f3n para el pa\u00eds. Van a hacer una gran obra a favor de todos los mexicanos porque la capital es la caja de resonancia de toda la naci\u00f3n\u00bb, afirm\u00f3 el gobernador electo, Alejandro Armenta al asistir a la toma de protesta de la Jefa de Gobierno de la Ciudad de M\u00e9xico. Destac\u00f3 la importancia de las acciones conjuntas entre ambos gobiernos para generar un impacto positivo en todo el pa\u00eds. Durante una&hellip;<\/p>\n<p class=\"excerpt-more\"><a class=\"blog-excerpt button\" href=\"https:\/\/www.aliadospuebla.com\/?p=96896\">Leer m\u00e1s&#8230;<\/a><\/p>\n","protected":false},"author":2,"featured_media":96897,"comment_status":"open","ping_status":"open","sticky":false,"template":"","format":"standard","meta":{"_monsterinsights_skip_tracking":false,"footnotes":""},"categories":[6],"tags":[4780,23358,24510,64,20212,24512,20,17,24511],"class_list":["post-96896","post","type-post","status-publish","format-standard","has-post-thumbnail","hentry","category-politica","tag-alejandro-armenta","tag-clara-brugada","tag-consolidacion-para-el-pais","tag-educacion","tag-electromovilidad","tag-mujeres-sensibles","tag-seguridad","tag-tecnologia","tag-vision-compartida"],"yoast_head":"<!-- This site is optimized with the Yoast SEO plugin v28.4 - https:\/\/yoast.com\/product\/yoast-seo-wordpress\/ -->\n<title>Con mujeres sensibles como la presidenta y la jefa de gobierno, M\u00e9xico tendr\u00e1 una etapa de progreso y consolidaci\u00f3n: Armenta - AliadosPuebla<\/title>\n<meta name=\"robots\" content=\"index, follow, max-snippet:-1, max-image-preview:large, max-video-preview:-1\" \/>\n<link rel=\"canonical\" href=\"https:\/\/www.aliadospuebla.com\/?p=96896\" \/>\n<meta property=\"og:locale\" content=\"es_ES\" \/>\n<meta property=\"og:type\" content=\"article\" \/>\n<meta property=\"og:title\" content=\"Con mujeres sensibles como la presidenta y la jefa de gobierno, M\u00e9xico tendr\u00e1 una etapa de progreso y consolidaci\u00f3n: Armenta - AliadosPuebla\" \/>\n<meta property=\"og:description\" content=\"Presente el gobernador electo en la toma de protesta de la Jefa de Gobierno de la Ciudad de M\u00e9xico, Clara Brugada. Ciudad de M\u00e9xico. \u201cLa presidenta Claudia Sheinbaum y la nueva jefa de gobierno de la Ciudad de M\u00e9xico, Clara Brugada, son mujeres con gran sensibilidad y encabezar\u00e1n una etapa de progreso y consolidaci\u00f3n para el pa\u00eds. Van a hacer una gran obra a favor de todos los mexicanos porque la capital es la caja de resonancia de toda la naci\u00f3n\u00bb, afirm\u00f3 el gobernador electo, Alejandro Armenta al asistir a la toma de protesta de la Jefa de Gobierno de la Ciudad de M\u00e9xico. Destac\u00f3 la importancia de las acciones conjuntas entre ambos gobiernos para generar un impacto positivo en todo el pa\u00eds. Durante una&hellip;Leer m\u00e1s...\" \/>\n<meta property=\"og:url\" content=\"https:\/\/www.aliadospuebla.com\/?p=96896\" \/>\n<meta property=\"og:site_name\" content=\"AliadosPuebla\" \/>\n<meta property=\"article:author\" content=\"https:\/\/www.facebook.com\/Aliados17Pue\" \/>\n<meta property=\"article:published_time\" content=\"2024-10-05T17:14:01+00:00\" \/>\n<meta property=\"og:image\" content=\"https:\/\/www.aliadospuebla.com\/web2017\/wp-content\/uploads\/2024\/10\/1108.jpg\" \/>\n\t<meta property=\"og:image:width\" content=\"600\" \/>\n\t<meta property=\"og:image:height\" content=\"450\" \/>\n\t<meta property=\"og:image:type\" content=\"image\/jpeg\" \/>\n<meta name=\"author\" content=\"Aliados17\" \/>\n<meta name=\"twitter:card\" content=\"summary_large_image\" \/>\n<meta name=\"twitter:creator\" content=\"@AliadosPuebla\" \/>\n<meta name=\"twitter:label1\" content=\"Escrito por\" \/>\n\t<meta name=\"twitter:data1\" content=\"Aliados17\" \/>\n\t<meta name=\"twitter:label2\" content=\"Tiempo de lectura\" \/>\n\t<meta name=\"twitter:data2\" content=\"2 minutos\" \/>\n<script type=\"application\/ld+json\" class=\"yoast-schema-graph\">{\"@context\":\"https:\\\/\\\/schema.org\",\"@graph\":[{\"@type\":\"Article\",\"@id\":\"https:\\\/\\\/www.aliadospuebla.com\\\/?p=96896#article\",\"isPartOf\":{\"@id\":\"https:\\\/\\\/www.aliadospuebla.com\\\/?p=96896\"},\"author\":{\"name\":\"Aliados17\",\"@id\":\"https:\\\/\\\/www.aliadospuebla.com\\\/#\\\/schema\\\/person\\\/5da7dd09320bd4f392b710017ed5f8ad\"},\"headline\":\"Con mujeres sensibles como la presidenta y la jefa de gobierno, M\u00e9xico tendr\u00e1 una etapa de progreso y consolidaci\u00f3n: Armenta\",\"datePublished\":\"2024-10-05T17:14:01+00:00\",\"mainEntityOfPage\":{\"@id\":\"https:\\\/\\\/www.aliadospuebla.com\\\/?p=96896\"},\"wordCount\":366,\"commentCount\":0,\"image\":{\"@id\":\"https:\\\/\\\/www.aliadospuebla.com\\\/?p=96896#primaryimage\"},\"thumbnailUrl\":\"https:\\\/\\\/www.aliadospuebla.com\\\/web2017\\\/wp-content\\\/uploads\\\/2024\\\/10\\\/1108.jpg\",\"keywords\":[\"ALEJANDRO ARMENTA\",\"Clara Brugada\",\"consolidaci\u00f3n para el pa\u00eds\",\"Educaci\u00f3n\",\"electromovilidad\",\"mujeres sensibles\",\"Seguridad\",\"tecnologia\",\"visi\u00f3n compartida\"],\"articleSection\":[\"Pol\u00edtica\"],\"inLanguage\":\"es\",\"potentialAction\":[{\"@type\":\"CommentAction\",\"name\":\"Comment\",\"target\":[\"https:\\\/\\\/www.aliadospuebla.com\\\/?p=96896#respond\"]}]},{\"@type\":\"WebPage\",\"@id\":\"https:\\\/\\\/www.aliadospuebla.com\\\/?p=96896\",\"url\":\"https:\\\/\\\/www.aliadospuebla.com\\\/?p=96896\",\"name\":\"Con mujeres sensibles como la presidenta y la jefa de gobierno, M\u00e9xico tendr\u00e1 una etapa de progreso y consolidaci\u00f3n: Armenta - AliadosPuebla\",\"isPartOf\":{\"@id\":\"https:\\\/\\\/www.aliadospuebla.com\\\/#website\"},\"primaryImageOfPage\":{\"@id\":\"https:\\\/\\\/www.aliadospuebla.com\\\/?p=96896#primaryimage\"},\"image\":{\"@id\":\"https:\\\/\\\/www.aliadospuebla.com\\\/?p=96896#primaryimage\"},\"thumbnailUrl\":\"https:\\\/\\\/www.aliadospuebla.com\\\/web2017\\\/wp-content\\\/uploads\\\/2024\\\/10\\\/1108.jpg\",\"datePublished\":\"2024-10-05T17:14:01+00:00\",\"author\":{\"@id\":\"https:\\\/\\\/www.aliadospuebla.com\\\/#\\\/schema\\\/person\\\/5da7dd09320bd4f392b710017ed5f8ad\"},\"breadcrumb\":{\"@id\":\"https:\\\/\\\/www.aliadospuebla.com\\\/?p=96896#breadcrumb\"},\"inLanguage\":\"es\",\"potentialAction\":[{\"@type\":\"ReadAction\",\"target\":[\"https:\\\/\\\/www.aliadospuebla.com\\\/?p=96896\"]}]},{\"@type\":\"ImageObject\",\"inLanguage\":\"es\",\"@id\":\"https:\\\/\\\/www.aliadospuebla.com\\\/?p=96896#primaryimage\",\"url\":\"https:\\\/\\\/www.aliadospuebla.com\\\/web2017\\\/wp-content\\\/uploads\\\/2024\\\/10\\\/1108.jpg\",\"contentUrl\":\"https:\\\/\\\/www.aliadospuebla.com\\\/web2017\\\/wp-content\\\/uploads\\\/2024\\\/10\\\/1108.jpg\",\"width\":600,\"height\":450},{\"@type\":\"BreadcrumbList\",\"@id\":\"https:\\\/\\\/www.aliadospuebla.com\\\/?p=96896#breadcrumb\",\"itemListElement\":[{\"@type\":\"ListItem\",\"position\":1,\"name\":\"Portada\",\"item\":\"https:\\\/\\\/www.aliadospuebla.com\\\/\"},{\"@type\":\"ListItem\",\"position\":2,\"name\":\"Con mujeres sensibles como la presidenta y la jefa de gobierno, M\u00e9xico tendr\u00e1 una etapa de progreso y consolidaci\u00f3n: Armenta\"}]},{\"@type\":\"WebSite\",\"@id\":\"https:\\\/\\\/www.aliadospuebla.com\\\/#website\",\"url\":\"https:\\\/\\\/www.aliadospuebla.com\\\/\",\"name\":\"AliadosPuebla\",\"description\":\"La informaci\u00f3n en tus manos\",\"potentialAction\":[{\"@type\":\"SearchAction\",\"target\":{\"@type\":\"EntryPoint\",\"urlTemplate\":\"https:\\\/\\\/www.aliadospuebla.com\\\/?s={search_term_string}\"},\"query-input\":{\"@type\":\"PropertyValueSpecification\",\"valueRequired\":true,\"valueName\":\"search_term_string\"}}],\"inLanguage\":\"es\"},{\"@type\":\"Person\",\"@id\":\"https:\\\/\\\/www.aliadospuebla.com\\\/#\\\/schema\\\/person\\\/5da7dd09320bd4f392b710017ed5f8ad\",\"name\":\"Aliados17\",\"image\":{\"@type\":\"ImageObject\",\"inLanguage\":\"es\",\"@id\":\"https:\\\/\\\/www.aliadospuebla.com\\\/web2017\\\/wp-content\\\/uploads\\\/2025\\\/03\\\/cropped-para-perfil-8-anos-1-96x96.jpg\",\"url\":\"https:\\\/\\\/www.aliadospuebla.com\\\/web2017\\\/wp-content\\\/uploads\\\/2025\\\/03\\\/cropped-para-perfil-8-anos-1-96x96.jpg\",\"contentUrl\":\"https:\\\/\\\/www.aliadospuebla.com\\\/web2017\\\/wp-content\\\/uploads\\\/2025\\\/03\\\/cropped-para-perfil-8-anos-1-96x96.jpg\",\"caption\":\"Aliados17\"},\"sameAs\":[\"https:\\\/\\\/www.aliados17.com\",\"https:\\\/\\\/www.facebook.com\\\/Aliados17Pue\",\"https:\\\/\\\/x.com\\\/AliadosPuebla\"],\"url\":\"https:\\\/\\\/www.aliadospuebla.com\\\/?author=2\"}]}<\/script>\n<!-- \/ Yoast SEO plugin. -->","yoast_head_json":{"title":"Con mujeres sensibles como la presidenta y la jefa de gobierno, M\u00e9xico tendr\u00e1 una etapa de progreso y consolidaci\u00f3n: Armenta - AliadosPuebla","robots":{"index":"index","follow":"follow","max-snippet":"max-snippet:-1","max-image-preview":"max-image-preview:large","max-video-preview":"max-video-preview:-1"},"canonical":"https:\/\/www.aliadospuebla.com\/?p=96896","og_locale":"es_ES","og_type":"article","og_title":"Con mujeres sensibles como la presidenta y la jefa de gobierno, M\u00e9xico tendr\u00e1 una etapa de progreso y consolidaci\u00f3n: Armenta - AliadosPuebla","og_description":"Presente el gobernador electo en la toma de protesta de la Jefa de Gobierno de la Ciudad de M\u00e9xico, Clara Brugada. Ciudad de M\u00e9xico. \u201cLa presidenta Claudia Sheinbaum y la nueva jefa de gobierno de la Ciudad de M\u00e9xico, Clara Brugada, son mujeres con gran sensibilidad y encabezar\u00e1n una etapa de progreso y consolidaci\u00f3n para el pa\u00eds. Van a hacer una gran obra a favor de todos los mexicanos porque la capital es la caja de resonancia de toda la naci\u00f3n\u00bb, afirm\u00f3 el gobernador electo, Alejandro Armenta al asistir a la toma de protesta de la Jefa de Gobierno de la Ciudad de M\u00e9xico. Destac\u00f3 la importancia de las acciones conjuntas entre ambos gobiernos para generar un impacto positivo en todo el pa\u00eds. Durante una&hellip;Leer m\u00e1s...","og_url":"https:\/\/www.aliadospuebla.com\/?p=96896","og_site_name":"AliadosPuebla","article_author":"https:\/\/www.facebook.com\/Aliados17Pue","article_published_time":"2024-10-05T17:14:01+00:00","og_image":[{"width":600,"height":450,"url":"https:\/\/www.aliadospuebla.com\/web2017\/wp-content\/uploads\/2024\/10\/1108.jpg","type":"image\/jpeg"}],"author":"Aliados17","twitter_card":"summary_large_image","twitter_creator":"@AliadosPuebla","twitter_misc":{"Escrito por":"Aliados17","Tiempo de lectura":"2 minutos"},"schema":{"@context":"https:\/\/schema.org","@graph":[{"@type":"Article","@id":"https:\/\/www.aliadospuebla.com\/?p=96896#article","isPartOf":{"@id":"https:\/\/www.aliadospuebla.com\/?p=96896"},"author":{"name":"Aliados17","@id":"https:\/\/www.aliadospuebla.com\/#\/schema\/person\/5da7dd09320bd4f392b710017ed5f8ad"},"headline":"Con mujeres sensibles como la presidenta y la jefa de gobierno, M\u00e9xico tendr\u00e1 una etapa de progreso y consolidaci\u00f3n: Armenta","datePublished":"2024-10-05T17:14:01+00:00","mainEntityOfPage":{"@id":"https:\/\/www.aliadospuebla.com\/?p=96896"},"wordCount":366,"commentCount":0,"image":{"@id":"https:\/\/www.aliadospuebla.com\/?p=96896#primaryimage"},"thumbnailUrl":"https:\/\/www.aliadospuebla.com\/web2017\/wp-content\/uploads\/2024\/10\/1108.jpg","keywords":["ALEJANDRO ARMENTA","Clara Brugada","consolidaci\u00f3n para el pa\u00eds","Educaci\u00f3n","electromovilidad","mujeres sensibles","Seguridad","tecnologia","visi\u00f3n compartida"],"articleSection":["Pol\u00edtica"],"inLanguage":"es","potentialAction":[{"@type":"CommentAction","name":"Comment","target":["https:\/\/www.aliadospuebla.com\/?p=96896#respond"]}]},{"@type":"WebPage","@id":"https:\/\/www.aliadospuebla.com\/?p=96896","url":"https:\/\/www.aliadospuebla.com\/?p=96896","name":"Con mujeres sensibles como la presidenta y la jefa de gobierno, M\u00e9xico tendr\u00e1 una etapa de progreso y consolidaci\u00f3n: Armenta - AliadosPuebla","isPartOf":{"@id":"https:\/\/www.aliadospuebla.com\/#website"},"primaryImageOfPage":{"@id":"https:\/\/www.aliadospuebla.com\/?p=96896#primaryimage"},"image":{"@id":"https:\/\/www.aliadospuebla.com\/?p=96896#primaryimage"},"thumbnailUrl":"https:\/\/www.aliadospuebla.com\/web2017\/wp-content\/uploads\/2024\/10\/1108.jpg","datePublished":"2024-10-05T17:14:01+00:00","author":{"@id":"https:\/\/www.aliadospuebla.com\/#\/schema\/person\/5da7dd09320bd4f392b710017ed5f8ad"},"breadcrumb":{"@id":"https:\/\/www.aliadospuebla.com\/?p=96896#breadcrumb"},"inLanguage":"es","potentialAction":[{"@type":"ReadAction","target":["https:\/\/www.aliadospuebla.com\/?p=96896"]}]},{"@type":"ImageObject","inLanguage":"es","@id":"https:\/\/www.aliadospuebla.com\/?p=96896#primaryimage","url":"https:\/\/www.aliadospuebla.com\/web2017\/wp-content\/uploads\/2024\/10\/1108.jpg","contentUrl":"https:\/\/www.aliadospuebla.com\/web2017\/wp-content\/uploads\/2024\/10\/1108.jpg","width":600,"height":450},{"@type":"BreadcrumbList","@id":"https:\/\/www.aliadospuebla.com\/?p=96896#breadcrumb","itemListElement":[{"@type":"ListItem","position":1,"name":"Portada","item":"https:\/\/www.aliadospuebla.com\/"},{"@type":"ListItem","position":2,"name":"Con mujeres sensibles como la presidenta y la jefa de gobierno, M\u00e9xico tendr\u00e1 una etapa de progreso y consolidaci\u00f3n: Armenta"}]},{"@type":"WebSite","@id":"https:\/\/www.aliadospuebla.com\/#website","url":"https:\/\/www.aliadospuebla.com\/","name":"AliadosPuebla","description":"La informaci\u00f3n en tus manos","potentialAction":[{"@type":"SearchAction","target":{"@type":"EntryPoint","urlTemplate":"https:\/\/www.aliadospuebla.com\/?s={search_term_string}"},"query-input":{"@type":"PropertyValueSpecification","valueRequired":true,"valueName":"search_term_string"}}],"inLanguage":"es"},{"@type":"Person","@id":"https:\/\/www.aliadospuebla.com\/#\/schema\/person\/5da7dd09320bd4f392b710017ed5f8ad","name":"Aliados17","image":{"@type":"ImageObject","inLanguage":"es","@id":"https:\/\/www.aliadospuebla.com\/web2017\/wp-content\/uploads\/2025\/03\/cropped-para-perfil-8-anos-1-96x96.jpg","url":"https:\/\/www.aliadospuebla.com\/web2017\/wp-content\/uploads\/2025\/03\/cropped-para-perfil-8-anos-1-96x96.jpg","contentUrl":"https:\/\/www.aliadospuebla.com\/web2017\/wp-content\/uploads\/2025\/03\/cropped-para-perfil-8-anos-1-96x96.jpg","caption":"Aliados17"},"sameAs":["https:\/\/www.aliados17.com","https:\/\/www.facebook.com\/Aliados17Pue","https:\/\/x.com\/AliadosPuebla"],"url":"https:\/\/www.aliadospuebla.com\/?author=2"}]}},"views":10,"_links":{"self":[{"href":"https:\/\/www.aliadospuebla.com\/index.php?rest_route=\/wp\/v2\/posts\/96896","targetHints":{"allow":["GET"]}}],"collection":[{"href":"https:\/\/www.aliadospuebla.com\/index.php?rest_route=\/wp\/v2\/posts"}],"about":[{"href":"https:\/\/www.aliadospuebla.com\/index.php?rest_route=\/wp\/v2\/types\/post"}],"author":[{"embeddable":true,"href":"https:\/\/www.aliadospuebla.com\/index.php?rest_route=\/wp\/v2\/users\/2"}],"replies":[{"embeddable":true,"href":"https:\/\/www.aliadospuebla.com\/index.php?rest_route=%2Fwp%2Fv2%2Fcomments&post=96896"}],"version-history":[{"count":1,"href":"https:\/\/www.aliadospuebla.com\/index.php?rest_route=\/wp\/v2\/posts\/96896\/revisions"}],"predecessor-version":[{"id":96898,"href":"https:\/\/www.aliadospuebla.com\/index.php?rest_route=\/wp\/v2\/posts\/96896\/revisions\/96898"}],"wp:featuredmedia":[{"embeddable":true,"href":"https:\/\/www.aliadospuebla.com\/index.php?rest_route=\/wp\/v2\/media\/96897"}],"wp:attachment":[{"href":"https:\/\/www.aliadospuebla.com\/index.php?rest_route=%2Fwp%2Fv2%2Fmedia&parent=96896"}],"wp:term":[{"taxonomy":"category","embeddable":true,"href":"https:\/\/www.aliadospuebla.com\/index.php?rest_route=%2Fwp%2Fv2%2Fcategories&post=96896"},{"taxonomy":"post_tag","embeddable":true,"href":"https:\/\/www.aliadospuebla.com\/index.php?rest_route=%2Fwp%2Fv2%2Ftags&post=96896"}],"curies":[{"name":"wp","href":"https:\/\/api.w.org\/{rel}","templated":true}]}}