{"id":96851,"date":"2024-10-03T21:34:40","date_gmt":"2024-10-04T03:34:40","guid":{"rendered":"https:\/\/www.aliados17.com\/?p=96851"},"modified":"2024-10-03T21:34:40","modified_gmt":"2024-10-04T03:34:40","slug":"el-pri-estara-a-favor-de-lo-que-construya-para-mexico-nestor-camarillo","status":"publish","type":"post","link":"https:\/\/www.aliadospuebla.com\/?p=96851","title":{"rendered":"EL PRI ESTAR\u00c1 A FAVOR DE LO QUE CONSTRUYA PARA M\u00c9XICO: N\u00c9STOR CAMARILLO"},"content":{"rendered":"<p>El PRI est\u00e1 dispuesto a trabajar, escuchar, dialogar y construir todo aquello que beneficie a M\u00e9xico, coment\u00f3 el senador N\u00e9stor Camarillo Medina durante la instalaci\u00f3n este d\u00eda de las Comisiones de Gobernaci\u00f3n, y de Anticorrupci\u00f3n y Transparencia en el Senado de la Rep\u00fablica.<br \/>\nDestac\u00f3 que es momento de ocuparse por el pa\u00eds en temas fundamentales como son el combate a la inseguridad, corrupci\u00f3n y el acceso a la informaci\u00f3n.<br \/>\n\u201cEn la autocr\u00edtica necesaria y constructiva es que todos tenemos responsabilidad y nadie ha podido detener la inseguridad desde hace varios a\u00f1os.<\/p>\n<p>Lejos de culpar al gobierno actual que va entrando o al gobierno que acaba de terminar, o a los gobiernos del PRI o a los del PAN, creo que es momento de ponernos todos a trabajar\u201d, sostuvo.<br \/>\nEn el marco de la Sesi\u00f3n Ordinaria de este d\u00eda, N\u00e9stor Camarillo Medina particip\u00f3 en tribuna para hablar de los acontecimientos de 1968 en los que destac\u00f3 que como joven acompa\u00f1ar\u00e1 las luchas de las y los mexicanos que buscan un M\u00e9xico mejor, e hizo un llamado a la congruencia, ya que no se pueden condenar hechos del pasado cuando se ha permitido la militarizaci\u00f3n del pa\u00eds, que arroj\u00f3 sus primeras v\u00edctimas migrantes en Chiapas esta misma semana por la falta de capacitaci\u00f3n.<\/p>\n","protected":false},"excerpt":{"rendered":"<p>El PRI est\u00e1 dispuesto a trabajar, escuchar, dialogar y construir todo aquello que beneficie a M\u00e9xico, coment\u00f3 el senador N\u00e9stor Camarillo Medina durante la instalaci\u00f3n este d\u00eda de las Comisiones de Gobernaci\u00f3n, y de Anticorrupci\u00f3n y Transparencia en el Senado de la Rep\u00fablica. Destac\u00f3 que es momento de ocuparse por el pa\u00eds en temas fundamentales como son el combate a la inseguridad, corrupci\u00f3n y el acceso a la informaci\u00f3n. \u201cEn la autocr\u00edtica necesaria y constructiva es que todos tenemos responsabilidad y nadie ha podido detener la inseguridad desde hace varios a\u00f1os. Lejos de culpar al gobierno actual que va entrando o al gobierno que acaba de terminar, o a los gobiernos del PRI o a los del PAN, creo que es momento de ponernos todos&hellip;<\/p>\n<p class=\"excerpt-more\"><a class=\"blog-excerpt button\" href=\"https:\/\/www.aliadospuebla.com\/?p=96851\">Leer m\u00e1s&#8230;<\/a><\/p>\n","protected":false},"author":2,"featured_media":96852,"comment_status":"open","ping_status":"open","sticky":false,"template":"","format":"standard","meta":{"_monsterinsights_skip_tracking":false,"footnotes":""},"categories":[6],"tags":[24468,24467,334,45,4136,24466],"class_list":["post-96851","post","type-post","status-publish","format-standard","has-post-thumbnail","hentry","category-politica","tag-dialogar","tag-escuchar","tag-nestor-camarillo","tag-pri","tag-senado-de-la-republica","tag-trabajar"],"yoast_head":"<!-- This site is optimized with the Yoast SEO plugin v28.4 - https:\/\/yoast.com\/product\/yoast-seo-wordpress\/ -->\n<title>EL PRI ESTAR\u00c1 A FAVOR DE LO QUE CONSTRUYA PARA M\u00c9XICO: N\u00c9STOR CAMARILLO - AliadosPuebla<\/title>\n<meta name=\"robots\" content=\"index, follow, max-snippet:-1, max-image-preview:large, max-video-preview:-1\" \/>\n<link rel=\"canonical\" href=\"https:\/\/www.aliadospuebla.com\/?p=96851\" \/>\n<meta property=\"og:locale\" content=\"es_ES\" \/>\n<meta property=\"og:type\" content=\"article\" \/>\n<meta property=\"og:title\" content=\"EL PRI ESTAR\u00c1 A FAVOR DE LO QUE CONSTRUYA PARA M\u00c9XICO: N\u00c9STOR CAMARILLO - AliadosPuebla\" \/>\n<meta property=\"og:description\" content=\"El PRI est\u00e1 dispuesto a trabajar, escuchar, dialogar y construir todo aquello que beneficie a M\u00e9xico, coment\u00f3 el senador N\u00e9stor Camarillo Medina durante la instalaci\u00f3n este d\u00eda de las Comisiones de Gobernaci\u00f3n, y de Anticorrupci\u00f3n y Transparencia en el Senado de la Rep\u00fablica. Destac\u00f3 que es momento de ocuparse por el pa\u00eds en temas fundamentales como son el combate a la inseguridad, corrupci\u00f3n y el acceso a la informaci\u00f3n. \u201cEn la autocr\u00edtica necesaria y constructiva es que todos tenemos responsabilidad y nadie ha podido detener la inseguridad desde hace varios a\u00f1os. Lejos de culpar al gobierno actual que va entrando o al gobierno que acaba de terminar, o a los gobiernos del PRI o a los del PAN, creo que es momento de ponernos todos&hellip;Leer m\u00e1s...\" \/>\n<meta property=\"og:url\" content=\"https:\/\/www.aliadospuebla.com\/?p=96851\" \/>\n<meta property=\"og:site_name\" content=\"AliadosPuebla\" \/>\n<meta property=\"article:author\" content=\"https:\/\/www.facebook.com\/Aliados17Pue\" \/>\n<meta property=\"article:published_time\" content=\"2024-10-04T03:34:40+00:00\" \/>\n<meta property=\"og:image\" content=\"https:\/\/www.aliadospuebla.com\/web2017\/wp-content\/uploads\/2024\/10\/1095.jpg\" \/>\n\t<meta property=\"og:image:width\" content=\"600\" \/>\n\t<meta property=\"og:image:height\" content=\"450\" \/>\n\t<meta property=\"og:image:type\" content=\"image\/jpeg\" \/>\n<meta name=\"author\" content=\"Aliados17\" \/>\n<meta name=\"twitter:card\" content=\"summary_large_image\" \/>\n<meta name=\"twitter:creator\" content=\"@AliadosPuebla\" \/>\n<meta name=\"twitter:label1\" content=\"Escrito por\" \/>\n\t<meta name=\"twitter:data1\" content=\"Aliados17\" \/>\n\t<meta name=\"twitter:label2\" content=\"Tiempo de lectura\" \/>\n\t<meta name=\"twitter:data2\" content=\"2 minutos\" \/>\n<script type=\"application\/ld+json\" class=\"yoast-schema-graph\">{\"@context\":\"https:\\\/\\\/schema.org\",\"@graph\":[{\"@type\":\"Article\",\"@id\":\"https:\\\/\\\/www.aliadospuebla.com\\\/?p=96851#article\",\"isPartOf\":{\"@id\":\"https:\\\/\\\/www.aliadospuebla.com\\\/?p=96851\"},\"author\":{\"name\":\"Aliados17\",\"@id\":\"https:\\\/\\\/www.aliadospuebla.com\\\/#\\\/schema\\\/person\\\/5da7dd09320bd4f392b710017ed5f8ad\"},\"headline\":\"EL PRI ESTAR\u00c1 A FAVOR DE LO QUE CONSTRUYA PARA M\u00c9XICO: N\u00c9STOR CAMARILLO\",\"datePublished\":\"2024-10-04T03:34:40+00:00\",\"mainEntityOfPage\":{\"@id\":\"https:\\\/\\\/www.aliadospuebla.com\\\/?p=96851\"},\"wordCount\":246,\"commentCount\":0,\"image\":{\"@id\":\"https:\\\/\\\/www.aliadospuebla.com\\\/?p=96851#primaryimage\"},\"thumbnailUrl\":\"https:\\\/\\\/www.aliadospuebla.com\\\/web2017\\\/wp-content\\\/uploads\\\/2024\\\/10\\\/1095.jpg\",\"keywords\":[\"dialogar\",\"escuchar\",\"NESTOR CAMARILLO\",\"PRI\",\"SENADO DE LA REP\u00daBLICA\",\"trabajar\"],\"articleSection\":[\"Pol\u00edtica\"],\"inLanguage\":\"es\",\"potentialAction\":[{\"@type\":\"CommentAction\",\"name\":\"Comment\",\"target\":[\"https:\\\/\\\/www.aliadospuebla.com\\\/?p=96851#respond\"]}]},{\"@type\":\"WebPage\",\"@id\":\"https:\\\/\\\/www.aliadospuebla.com\\\/?p=96851\",\"url\":\"https:\\\/\\\/www.aliadospuebla.com\\\/?p=96851\",\"name\":\"EL PRI ESTAR\u00c1 A FAVOR DE LO QUE CONSTRUYA PARA M\u00c9XICO: N\u00c9STOR CAMARILLO - AliadosPuebla\",\"isPartOf\":{\"@id\":\"https:\\\/\\\/www.aliadospuebla.com\\\/#website\"},\"primaryImageOfPage\":{\"@id\":\"https:\\\/\\\/www.aliadospuebla.com\\\/?p=96851#primaryimage\"},\"image\":{\"@id\":\"https:\\\/\\\/www.aliadospuebla.com\\\/?p=96851#primaryimage\"},\"thumbnailUrl\":\"https:\\\/\\\/www.aliadospuebla.com\\\/web2017\\\/wp-content\\\/uploads\\\/2024\\\/10\\\/1095.jpg\",\"datePublished\":\"2024-10-04T03:34:40+00:00\",\"author\":{\"@id\":\"https:\\\/\\\/www.aliadospuebla.com\\\/#\\\/schema\\\/person\\\/5da7dd09320bd4f392b710017ed5f8ad\"},\"breadcrumb\":{\"@id\":\"https:\\\/\\\/www.aliadospuebla.com\\\/?p=96851#breadcrumb\"},\"inLanguage\":\"es\",\"potentialAction\":[{\"@type\":\"ReadAction\",\"target\":[\"https:\\\/\\\/www.aliadospuebla.com\\\/?p=96851\"]}]},{\"@type\":\"ImageObject\",\"inLanguage\":\"es\",\"@id\":\"https:\\\/\\\/www.aliadospuebla.com\\\/?p=96851#primaryimage\",\"url\":\"https:\\\/\\\/www.aliadospuebla.com\\\/web2017\\\/wp-content\\\/uploads\\\/2024\\\/10\\\/1095.jpg\",\"contentUrl\":\"https:\\\/\\\/www.aliadospuebla.com\\\/web2017\\\/wp-content\\\/uploads\\\/2024\\\/10\\\/1095.jpg\",\"width\":600,\"height\":450},{\"@type\":\"BreadcrumbList\",\"@id\":\"https:\\\/\\\/www.aliadospuebla.com\\\/?p=96851#breadcrumb\",\"itemListElement\":[{\"@type\":\"ListItem\",\"position\":1,\"name\":\"Portada\",\"item\":\"https:\\\/\\\/www.aliadospuebla.com\\\/\"},{\"@type\":\"ListItem\",\"position\":2,\"name\":\"EL PRI ESTAR\u00c1 A FAVOR DE LO QUE CONSTRUYA PARA M\u00c9XICO: N\u00c9STOR CAMARILLO\"}]},{\"@type\":\"WebSite\",\"@id\":\"https:\\\/\\\/www.aliadospuebla.com\\\/#website\",\"url\":\"https:\\\/\\\/www.aliadospuebla.com\\\/\",\"name\":\"AliadosPuebla\",\"description\":\"La informaci\u00f3n en tus manos\",\"potentialAction\":[{\"@type\":\"SearchAction\",\"target\":{\"@type\":\"EntryPoint\",\"urlTemplate\":\"https:\\\/\\\/www.aliadospuebla.com\\\/?s={search_term_string}\"},\"query-input\":{\"@type\":\"PropertyValueSpecification\",\"valueRequired\":true,\"valueName\":\"search_term_string\"}}],\"inLanguage\":\"es\"},{\"@type\":\"Person\",\"@id\":\"https:\\\/\\\/www.aliadospuebla.com\\\/#\\\/schema\\\/person\\\/5da7dd09320bd4f392b710017ed5f8ad\",\"name\":\"Aliados17\",\"image\":{\"@type\":\"ImageObject\",\"inLanguage\":\"es\",\"@id\":\"https:\\\/\\\/www.aliadospuebla.com\\\/web2017\\\/wp-content\\\/uploads\\\/2025\\\/03\\\/cropped-para-perfil-8-anos-1-96x96.jpg\",\"url\":\"https:\\\/\\\/www.aliadospuebla.com\\\/web2017\\\/wp-content\\\/uploads\\\/2025\\\/03\\\/cropped-para-perfil-8-anos-1-96x96.jpg\",\"contentUrl\":\"https:\\\/\\\/www.aliadospuebla.com\\\/web2017\\\/wp-content\\\/uploads\\\/2025\\\/03\\\/cropped-para-perfil-8-anos-1-96x96.jpg\",\"caption\":\"Aliados17\"},\"sameAs\":[\"https:\\\/\\\/www.aliados17.com\",\"https:\\\/\\\/www.facebook.com\\\/Aliados17Pue\",\"https:\\\/\\\/x.com\\\/AliadosPuebla\"],\"url\":\"https:\\\/\\\/www.aliadospuebla.com\\\/?author=2\"}]}<\/script>\n<!-- \/ Yoast SEO plugin. -->","yoast_head_json":{"title":"EL PRI ESTAR\u00c1 A FAVOR DE LO QUE CONSTRUYA PARA M\u00c9XICO: N\u00c9STOR CAMARILLO - AliadosPuebla","robots":{"index":"index","follow":"follow","max-snippet":"max-snippet:-1","max-image-preview":"max-image-preview:large","max-video-preview":"max-video-preview:-1"},"canonical":"https:\/\/www.aliadospuebla.com\/?p=96851","og_locale":"es_ES","og_type":"article","og_title":"EL PRI ESTAR\u00c1 A FAVOR DE LO QUE CONSTRUYA PARA M\u00c9XICO: N\u00c9STOR CAMARILLO - AliadosPuebla","og_description":"El PRI est\u00e1 dispuesto a trabajar, escuchar, dialogar y construir todo aquello que beneficie a M\u00e9xico, coment\u00f3 el senador N\u00e9stor Camarillo Medina durante la instalaci\u00f3n este d\u00eda de las Comisiones de Gobernaci\u00f3n, y de Anticorrupci\u00f3n y Transparencia en el Senado de la Rep\u00fablica. Destac\u00f3 que es momento de ocuparse por el pa\u00eds en temas fundamentales como son el combate a la inseguridad, corrupci\u00f3n y el acceso a la informaci\u00f3n. \u201cEn la autocr\u00edtica necesaria y constructiva es que todos tenemos responsabilidad y nadie ha podido detener la inseguridad desde hace varios a\u00f1os. Lejos de culpar al gobierno actual que va entrando o al gobierno que acaba de terminar, o a los gobiernos del PRI o a los del PAN, creo que es momento de ponernos todos&hellip;Leer m\u00e1s...","og_url":"https:\/\/www.aliadospuebla.com\/?p=96851","og_site_name":"AliadosPuebla","article_author":"https:\/\/www.facebook.com\/Aliados17Pue","article_published_time":"2024-10-04T03:34:40+00:00","og_image":[{"width":600,"height":450,"url":"https:\/\/www.aliadospuebla.com\/web2017\/wp-content\/uploads\/2024\/10\/1095.jpg","type":"image\/jpeg"}],"author":"Aliados17","twitter_card":"summary_large_image","twitter_creator":"@AliadosPuebla","twitter_misc":{"Escrito por":"Aliados17","Tiempo de lectura":"2 minutos"},"schema":{"@context":"https:\/\/schema.org","@graph":[{"@type":"Article","@id":"https:\/\/www.aliadospuebla.com\/?p=96851#article","isPartOf":{"@id":"https:\/\/www.aliadospuebla.com\/?p=96851"},"author":{"name":"Aliados17","@id":"https:\/\/www.aliadospuebla.com\/#\/schema\/person\/5da7dd09320bd4f392b710017ed5f8ad"},"headline":"EL PRI ESTAR\u00c1 A FAVOR DE LO QUE CONSTRUYA PARA M\u00c9XICO: N\u00c9STOR CAMARILLO","datePublished":"2024-10-04T03:34:40+00:00","mainEntityOfPage":{"@id":"https:\/\/www.aliadospuebla.com\/?p=96851"},"wordCount":246,"commentCount":0,"image":{"@id":"https:\/\/www.aliadospuebla.com\/?p=96851#primaryimage"},"thumbnailUrl":"https:\/\/www.aliadospuebla.com\/web2017\/wp-content\/uploads\/2024\/10\/1095.jpg","keywords":["dialogar","escuchar","NESTOR CAMARILLO","PRI","SENADO DE LA REP\u00daBLICA","trabajar"],"articleSection":["Pol\u00edtica"],"inLanguage":"es","potentialAction":[{"@type":"CommentAction","name":"Comment","target":["https:\/\/www.aliadospuebla.com\/?p=96851#respond"]}]},{"@type":"WebPage","@id":"https:\/\/www.aliadospuebla.com\/?p=96851","url":"https:\/\/www.aliadospuebla.com\/?p=96851","name":"EL PRI ESTAR\u00c1 A FAVOR DE LO QUE CONSTRUYA PARA M\u00c9XICO: N\u00c9STOR CAMARILLO - AliadosPuebla","isPartOf":{"@id":"https:\/\/www.aliadospuebla.com\/#website"},"primaryImageOfPage":{"@id":"https:\/\/www.aliadospuebla.com\/?p=96851#primaryimage"},"image":{"@id":"https:\/\/www.aliadospuebla.com\/?p=96851#primaryimage"},"thumbnailUrl":"https:\/\/www.aliadospuebla.com\/web2017\/wp-content\/uploads\/2024\/10\/1095.jpg","datePublished":"2024-10-04T03:34:40+00:00","author":{"@id":"https:\/\/www.aliadospuebla.com\/#\/schema\/person\/5da7dd09320bd4f392b710017ed5f8ad"},"breadcrumb":{"@id":"https:\/\/www.aliadospuebla.com\/?p=96851#breadcrumb"},"inLanguage":"es","potentialAction":[{"@type":"ReadAction","target":["https:\/\/www.aliadospuebla.com\/?p=96851"]}]},{"@type":"ImageObject","inLanguage":"es","@id":"https:\/\/www.aliadospuebla.com\/?p=96851#primaryimage","url":"https:\/\/www.aliadospuebla.com\/web2017\/wp-content\/uploads\/2024\/10\/1095.jpg","contentUrl":"https:\/\/www.aliadospuebla.com\/web2017\/wp-content\/uploads\/2024\/10\/1095.jpg","width":600,"height":450},{"@type":"BreadcrumbList","@id":"https:\/\/www.aliadospuebla.com\/?p=96851#breadcrumb","itemListElement":[{"@type":"ListItem","position":1,"name":"Portada","item":"https:\/\/www.aliadospuebla.com\/"},{"@type":"ListItem","position":2,"name":"EL PRI ESTAR\u00c1 A FAVOR DE LO QUE CONSTRUYA PARA M\u00c9XICO: N\u00c9STOR CAMARILLO"}]},{"@type":"WebSite","@id":"https:\/\/www.aliadospuebla.com\/#website","url":"https:\/\/www.aliadospuebla.com\/","name":"AliadosPuebla","description":"La informaci\u00f3n en tus manos","potentialAction":[{"@type":"SearchAction","target":{"@type":"EntryPoint","urlTemplate":"https:\/\/www.aliadospuebla.com\/?s={search_term_string}"},"query-input":{"@type":"PropertyValueSpecification","valueRequired":true,"valueName":"search_term_string"}}],"inLanguage":"es"},{"@type":"Person","@id":"https:\/\/www.aliadospuebla.com\/#\/schema\/person\/5da7dd09320bd4f392b710017ed5f8ad","name":"Aliados17","image":{"@type":"ImageObject","inLanguage":"es","@id":"https:\/\/www.aliadospuebla.com\/web2017\/wp-content\/uploads\/2025\/03\/cropped-para-perfil-8-anos-1-96x96.jpg","url":"https:\/\/www.aliadospuebla.com\/web2017\/wp-content\/uploads\/2025\/03\/cropped-para-perfil-8-anos-1-96x96.jpg","contentUrl":"https:\/\/www.aliadospuebla.com\/web2017\/wp-content\/uploads\/2025\/03\/cropped-para-perfil-8-anos-1-96x96.jpg","caption":"Aliados17"},"sameAs":["https:\/\/www.aliados17.com","https:\/\/www.facebook.com\/Aliados17Pue","https:\/\/x.com\/AliadosPuebla"],"url":"https:\/\/www.aliadospuebla.com\/?author=2"}]}},"views":11,"_links":{"self":[{"href":"https:\/\/www.aliadospuebla.com\/index.php?rest_route=\/wp\/v2\/posts\/96851","targetHints":{"allow":["GET"]}}],"collection":[{"href":"https:\/\/www.aliadospuebla.com\/index.php?rest_route=\/wp\/v2\/posts"}],"about":[{"href":"https:\/\/www.aliadospuebla.com\/index.php?rest_route=\/wp\/v2\/types\/post"}],"author":[{"embeddable":true,"href":"https:\/\/www.aliadospuebla.com\/index.php?rest_route=\/wp\/v2\/users\/2"}],"replies":[{"embeddable":true,"href":"https:\/\/www.aliadospuebla.com\/index.php?rest_route=%2Fwp%2Fv2%2Fcomments&post=96851"}],"version-history":[{"count":1,"href":"https:\/\/www.aliadospuebla.com\/index.php?rest_route=\/wp\/v2\/posts\/96851\/revisions"}],"predecessor-version":[{"id":96853,"href":"https:\/\/www.aliadospuebla.com\/index.php?rest_route=\/wp\/v2\/posts\/96851\/revisions\/96853"}],"wp:featuredmedia":[{"embeddable":true,"href":"https:\/\/www.aliadospuebla.com\/index.php?rest_route=\/wp\/v2\/media\/96852"}],"wp:attachment":[{"href":"https:\/\/www.aliadospuebla.com\/index.php?rest_route=%2Fwp%2Fv2%2Fmedia&parent=96851"}],"wp:term":[{"taxonomy":"category","embeddable":true,"href":"https:\/\/www.aliadospuebla.com\/index.php?rest_route=%2Fwp%2Fv2%2Fcategories&post=96851"},{"taxonomy":"post_tag","embeddable":true,"href":"https:\/\/www.aliadospuebla.com\/index.php?rest_route=%2Fwp%2Fv2%2Ftags&post=96851"}],"curies":[{"name":"wp","href":"https:\/\/api.w.org\/{rel}","templated":true}]}}