{"id":96631,"date":"2024-09-24T15:54:47","date_gmt":"2024-09-24T21:54:47","guid":{"rendered":"https:\/\/www.aliados17.com\/?p=96631"},"modified":"2024-09-24T15:54:47","modified_gmt":"2024-09-24T21:54:47","slug":"presenta-ayuntamiento-de-puebla-campana-para-reducir-el-uso-de-plasticos","status":"publish","type":"post","link":"https:\/\/www.aliadospuebla.com\/?p=96631","title":{"rendered":"PRESENTA AYUNTAMIENTO DE PUEBLA CAMPA\u00d1A PARA REDUCIR EL USO DE PL\u00c1STICOS"},"content":{"rendered":"<p>El Ayuntamiento de Puebla &#8211;que preside Ad\u00e1n Dom\u00ednguez S\u00e1nchez&#8211; present\u00f3 la campa\u00f1a \u201c+ Vida, &#8211; Pl\u00e1stico\u201d; una estrategia de sensibilizaci\u00f3n que busca concientizar a la ciudadan\u00eda &#8211;en especial al sector comercial&#8211; para reducir el uso de bolsas de pl\u00e1stico y desechables.<\/p>\n<p>A trav\u00e9s de esta estrategia, la Secretar\u00eda de Gesti\u00f3n y Desarrollo Urbano, difundir\u00e1 la importancia de erradicar el uso de productos pl\u00e1sticos de un solo uso, en cumplimiento al art\u00edculo 40 Bis de la Ley para la Prevenci\u00f3n y Gesti\u00f3n Integral de los Residuos S\u00f3lidos Urbanos de Manejo Especial para el Estado de Puebla.<\/p>\n<p>En su fase inicial, esta campa\u00f1a estar\u00e1 centrada en socializar los efectos negativos del uso de bolsas de pl\u00e1stico y desechables, a la vez de fomentar pr\u00e1cticas m\u00e1s sostenibles que protejan al medio ambiente y as\u00ed ofrecer alternativas de productos reutilizables en actividades comerciales.<\/p>\n<p>\u201c+ Vida, &#8211; Pl\u00e1stico\u201d tambi\u00e9n contempla una segunda y tercera fase de acercamiento y seguimiento, para supervisar el cumplimiento a la normativa en la materia en el mediano y largo plazo.<\/p>\n","protected":false},"excerpt":{"rendered":"<p>El Ayuntamiento de Puebla &#8211;que preside Ad\u00e1n Dom\u00ednguez S\u00e1nchez&#8211; present\u00f3 la campa\u00f1a \u201c+ Vida, &#8211; Pl\u00e1stico\u201d; una estrategia de sensibilizaci\u00f3n que busca concientizar a la ciudadan\u00eda &#8211;en especial al sector comercial&#8211; para reducir el uso de bolsas de pl\u00e1stico y desechables. A trav\u00e9s de esta estrategia, la Secretar\u00eda de Gesti\u00f3n y Desarrollo Urbano, difundir\u00e1 la importancia de erradicar el uso de productos pl\u00e1sticos de un solo uso, en cumplimiento al art\u00edculo 40 Bis de la Ley para la Prevenci\u00f3n y Gesti\u00f3n Integral de los Residuos S\u00f3lidos Urbanos de Manejo Especial para el Estado de Puebla. En su fase inicial, esta campa\u00f1a estar\u00e1 centrada en socializar los efectos negativos del uso de bolsas de pl\u00e1stico y desechables, a la vez de fomentar pr\u00e1cticas m\u00e1s sostenibles que&hellip;<\/p>\n<p class=\"excerpt-more\"><a class=\"blog-excerpt button\" href=\"https:\/\/www.aliadospuebla.com\/?p=96631\">Leer m\u00e1s&#8230;<\/a><\/p>\n","protected":false},"author":2,"featured_media":96632,"comment_status":"open","ping_status":"open","sticky":false,"template":"","format":"standard","meta":{"_monsterinsights_skip_tracking":false,"footnotes":""},"categories":[62],"tags":[24318,24320,584,24319,24127],"class_list":["post-96631","post","type-post","status-publish","format-standard","has-post-thumbnail","hentry","category-capital","tag-campana-para-reducir-el-uso-de-plasticos","tag-ley-para-la-prevencion-y-gestion-integral-de-los-residuos-solidos-urbanos-de-manejo-especial-para-el-estado-de-puebla","tag-medio-ambiente","tag-reducir-el-uso-de-bolsas-de-plastico","tag-secretaria-de-gestion-y-desarrollo-urbano"],"yoast_head":"<!-- This site is optimized with the Yoast SEO plugin v28.4 - https:\/\/yoast.com\/product\/yoast-seo-wordpress\/ -->\n<title>PRESENTA AYUNTAMIENTO DE PUEBLA CAMPA\u00d1A PARA REDUCIR EL USO DE PL\u00c1STICOS - AliadosPuebla<\/title>\n<meta name=\"robots\" content=\"index, follow, max-snippet:-1, max-image-preview:large, max-video-preview:-1\" \/>\n<link rel=\"canonical\" href=\"https:\/\/www.aliadospuebla.com\/?p=96631\" \/>\n<meta property=\"og:locale\" content=\"es_ES\" \/>\n<meta property=\"og:type\" content=\"article\" \/>\n<meta property=\"og:title\" content=\"PRESENTA AYUNTAMIENTO DE PUEBLA CAMPA\u00d1A PARA REDUCIR EL USO DE PL\u00c1STICOS - AliadosPuebla\" \/>\n<meta property=\"og:description\" content=\"El Ayuntamiento de Puebla &#8211;que preside Ad\u00e1n Dom\u00ednguez S\u00e1nchez&#8211; present\u00f3 la campa\u00f1a \u201c+ Vida, &#8211; Pl\u00e1stico\u201d; una estrategia de sensibilizaci\u00f3n que busca concientizar a la ciudadan\u00eda &#8211;en especial al sector comercial&#8211; para reducir el uso de bolsas de pl\u00e1stico y desechables. A trav\u00e9s de esta estrategia, la Secretar\u00eda de Gesti\u00f3n y Desarrollo Urbano, difundir\u00e1 la importancia de erradicar el uso de productos pl\u00e1sticos de un solo uso, en cumplimiento al art\u00edculo 40 Bis de la Ley para la Prevenci\u00f3n y Gesti\u00f3n Integral de los Residuos S\u00f3lidos Urbanos de Manejo Especial para el Estado de Puebla. En su fase inicial, esta campa\u00f1a estar\u00e1 centrada en socializar los efectos negativos del uso de bolsas de pl\u00e1stico y desechables, a la vez de fomentar pr\u00e1cticas m\u00e1s sostenibles que&hellip;Leer m\u00e1s...\" \/>\n<meta property=\"og:url\" content=\"https:\/\/www.aliadospuebla.com\/?p=96631\" \/>\n<meta property=\"og:site_name\" content=\"AliadosPuebla\" \/>\n<meta property=\"article:author\" content=\"https:\/\/www.facebook.com\/Aliados17Pue\" \/>\n<meta property=\"article:published_time\" content=\"2024-09-24T21:54:47+00:00\" \/>\n<meta property=\"og:image\" content=\"https:\/\/www.aliadospuebla.com\/web2017\/wp-content\/uploads\/2024\/09\/1032.jpg\" \/>\n\t<meta property=\"og:image:width\" content=\"600\" \/>\n\t<meta property=\"og:image:height\" content=\"450\" \/>\n\t<meta property=\"og:image:type\" content=\"image\/jpeg\" \/>\n<meta name=\"author\" content=\"Aliados17\" \/>\n<meta name=\"twitter:card\" content=\"summary_large_image\" \/>\n<meta name=\"twitter:creator\" content=\"@AliadosPuebla\" \/>\n<meta name=\"twitter:label1\" content=\"Escrito por\" \/>\n\t<meta name=\"twitter:data1\" content=\"Aliados17\" \/>\n\t<meta name=\"twitter:label2\" content=\"Tiempo de lectura\" \/>\n\t<meta name=\"twitter:data2\" content=\"1 minuto\" \/>\n<script type=\"application\/ld+json\" class=\"yoast-schema-graph\">{\"@context\":\"https:\\\/\\\/schema.org\",\"@graph\":[{\"@type\":\"Article\",\"@id\":\"https:\\\/\\\/www.aliadospuebla.com\\\/?p=96631#article\",\"isPartOf\":{\"@id\":\"https:\\\/\\\/www.aliadospuebla.com\\\/?p=96631\"},\"author\":{\"name\":\"Aliados17\",\"@id\":\"https:\\\/\\\/www.aliadospuebla.com\\\/#\\\/schema\\\/person\\\/5da7dd09320bd4f392b710017ed5f8ad\"},\"headline\":\"PRESENTA AYUNTAMIENTO DE PUEBLA CAMPA\u00d1A PARA REDUCIR EL USO DE PL\u00c1STICOS\",\"datePublished\":\"2024-09-24T21:54:47+00:00\",\"mainEntityOfPage\":{\"@id\":\"https:\\\/\\\/www.aliadospuebla.com\\\/?p=96631\"},\"wordCount\":202,\"commentCount\":0,\"image\":{\"@id\":\"https:\\\/\\\/www.aliadospuebla.com\\\/?p=96631#primaryimage\"},\"thumbnailUrl\":\"https:\\\/\\\/www.aliadospuebla.com\\\/web2017\\\/wp-content\\\/uploads\\\/2024\\\/09\\\/1032.jpg\",\"keywords\":[\"CAMPA\u00d1A PARA REDUCIR EL USO DE PL\u00c1STICOS\",\"Ley para la Prevenci\u00f3n y Gesti\u00f3n Integral de los Residuos S\u00f3lidos Urbanos de Manejo Especial para el Estado de Puebla\",\"MEDIO AMBIENTE\",\"reducir el uso de bolsas de pl\u00e1stico\",\"Secretar\u00eda de Gesti\u00f3n y Desarrollo Urbano\"],\"articleSection\":[\"Capital\"],\"inLanguage\":\"es\",\"potentialAction\":[{\"@type\":\"CommentAction\",\"name\":\"Comment\",\"target\":[\"https:\\\/\\\/www.aliadospuebla.com\\\/?p=96631#respond\"]}]},{\"@type\":\"WebPage\",\"@id\":\"https:\\\/\\\/www.aliadospuebla.com\\\/?p=96631\",\"url\":\"https:\\\/\\\/www.aliadospuebla.com\\\/?p=96631\",\"name\":\"PRESENTA AYUNTAMIENTO DE PUEBLA CAMPA\u00d1A PARA REDUCIR EL USO DE PL\u00c1STICOS - AliadosPuebla\",\"isPartOf\":{\"@id\":\"https:\\\/\\\/www.aliadospuebla.com\\\/#website\"},\"primaryImageOfPage\":{\"@id\":\"https:\\\/\\\/www.aliadospuebla.com\\\/?p=96631#primaryimage\"},\"image\":{\"@id\":\"https:\\\/\\\/www.aliadospuebla.com\\\/?p=96631#primaryimage\"},\"thumbnailUrl\":\"https:\\\/\\\/www.aliadospuebla.com\\\/web2017\\\/wp-content\\\/uploads\\\/2024\\\/09\\\/1032.jpg\",\"datePublished\":\"2024-09-24T21:54:47+00:00\",\"author\":{\"@id\":\"https:\\\/\\\/www.aliadospuebla.com\\\/#\\\/schema\\\/person\\\/5da7dd09320bd4f392b710017ed5f8ad\"},\"breadcrumb\":{\"@id\":\"https:\\\/\\\/www.aliadospuebla.com\\\/?p=96631#breadcrumb\"},\"inLanguage\":\"es\",\"potentialAction\":[{\"@type\":\"ReadAction\",\"target\":[\"https:\\\/\\\/www.aliadospuebla.com\\\/?p=96631\"]}]},{\"@type\":\"ImageObject\",\"inLanguage\":\"es\",\"@id\":\"https:\\\/\\\/www.aliadospuebla.com\\\/?p=96631#primaryimage\",\"url\":\"https:\\\/\\\/www.aliadospuebla.com\\\/web2017\\\/wp-content\\\/uploads\\\/2024\\\/09\\\/1032.jpg\",\"contentUrl\":\"https:\\\/\\\/www.aliadospuebla.com\\\/web2017\\\/wp-content\\\/uploads\\\/2024\\\/09\\\/1032.jpg\",\"width\":600,\"height\":450},{\"@type\":\"BreadcrumbList\",\"@id\":\"https:\\\/\\\/www.aliadospuebla.com\\\/?p=96631#breadcrumb\",\"itemListElement\":[{\"@type\":\"ListItem\",\"position\":1,\"name\":\"Portada\",\"item\":\"https:\\\/\\\/www.aliadospuebla.com\\\/\"},{\"@type\":\"ListItem\",\"position\":2,\"name\":\"PRESENTA AYUNTAMIENTO DE PUEBLA CAMPA\u00d1A PARA REDUCIR EL USO DE PL\u00c1STICOS\"}]},{\"@type\":\"WebSite\",\"@id\":\"https:\\\/\\\/www.aliadospuebla.com\\\/#website\",\"url\":\"https:\\\/\\\/www.aliadospuebla.com\\\/\",\"name\":\"AliadosPuebla\",\"description\":\"La informaci\u00f3n en tus manos\",\"potentialAction\":[{\"@type\":\"SearchAction\",\"target\":{\"@type\":\"EntryPoint\",\"urlTemplate\":\"https:\\\/\\\/www.aliadospuebla.com\\\/?s={search_term_string}\"},\"query-input\":{\"@type\":\"PropertyValueSpecification\",\"valueRequired\":true,\"valueName\":\"search_term_string\"}}],\"inLanguage\":\"es\"},{\"@type\":\"Person\",\"@id\":\"https:\\\/\\\/www.aliadospuebla.com\\\/#\\\/schema\\\/person\\\/5da7dd09320bd4f392b710017ed5f8ad\",\"name\":\"Aliados17\",\"image\":{\"@type\":\"ImageObject\",\"inLanguage\":\"es\",\"@id\":\"https:\\\/\\\/www.aliadospuebla.com\\\/web2017\\\/wp-content\\\/uploads\\\/2025\\\/03\\\/cropped-para-perfil-8-anos-1-96x96.jpg\",\"url\":\"https:\\\/\\\/www.aliadospuebla.com\\\/web2017\\\/wp-content\\\/uploads\\\/2025\\\/03\\\/cropped-para-perfil-8-anos-1-96x96.jpg\",\"contentUrl\":\"https:\\\/\\\/www.aliadospuebla.com\\\/web2017\\\/wp-content\\\/uploads\\\/2025\\\/03\\\/cropped-para-perfil-8-anos-1-96x96.jpg\",\"caption\":\"Aliados17\"},\"sameAs\":[\"https:\\\/\\\/www.aliados17.com\",\"https:\\\/\\\/www.facebook.com\\\/Aliados17Pue\",\"https:\\\/\\\/x.com\\\/AliadosPuebla\"],\"url\":\"https:\\\/\\\/www.aliadospuebla.com\\\/?author=2\"}]}<\/script>\n<!-- \/ Yoast SEO plugin. -->","yoast_head_json":{"title":"PRESENTA AYUNTAMIENTO DE PUEBLA CAMPA\u00d1A PARA REDUCIR EL USO DE PL\u00c1STICOS - AliadosPuebla","robots":{"index":"index","follow":"follow","max-snippet":"max-snippet:-1","max-image-preview":"max-image-preview:large","max-video-preview":"max-video-preview:-1"},"canonical":"https:\/\/www.aliadospuebla.com\/?p=96631","og_locale":"es_ES","og_type":"article","og_title":"PRESENTA AYUNTAMIENTO DE PUEBLA CAMPA\u00d1A PARA REDUCIR EL USO DE PL\u00c1STICOS - AliadosPuebla","og_description":"El Ayuntamiento de Puebla &#8211;que preside Ad\u00e1n Dom\u00ednguez S\u00e1nchez&#8211; present\u00f3 la campa\u00f1a \u201c+ Vida, &#8211; Pl\u00e1stico\u201d; una estrategia de sensibilizaci\u00f3n que busca concientizar a la ciudadan\u00eda &#8211;en especial al sector comercial&#8211; para reducir el uso de bolsas de pl\u00e1stico y desechables. A trav\u00e9s de esta estrategia, la Secretar\u00eda de Gesti\u00f3n y Desarrollo Urbano, difundir\u00e1 la importancia de erradicar el uso de productos pl\u00e1sticos de un solo uso, en cumplimiento al art\u00edculo 40 Bis de la Ley para la Prevenci\u00f3n y Gesti\u00f3n Integral de los Residuos S\u00f3lidos Urbanos de Manejo Especial para el Estado de Puebla. En su fase inicial, esta campa\u00f1a estar\u00e1 centrada en socializar los efectos negativos del uso de bolsas de pl\u00e1stico y desechables, a la vez de fomentar pr\u00e1cticas m\u00e1s sostenibles que&hellip;Leer m\u00e1s...","og_url":"https:\/\/www.aliadospuebla.com\/?p=96631","og_site_name":"AliadosPuebla","article_author":"https:\/\/www.facebook.com\/Aliados17Pue","article_published_time":"2024-09-24T21:54:47+00:00","og_image":[{"width":600,"height":450,"url":"https:\/\/www.aliadospuebla.com\/web2017\/wp-content\/uploads\/2024\/09\/1032.jpg","type":"image\/jpeg"}],"author":"Aliados17","twitter_card":"summary_large_image","twitter_creator":"@AliadosPuebla","twitter_misc":{"Escrito por":"Aliados17","Tiempo de lectura":"1 minuto"},"schema":{"@context":"https:\/\/schema.org","@graph":[{"@type":"Article","@id":"https:\/\/www.aliadospuebla.com\/?p=96631#article","isPartOf":{"@id":"https:\/\/www.aliadospuebla.com\/?p=96631"},"author":{"name":"Aliados17","@id":"https:\/\/www.aliadospuebla.com\/#\/schema\/person\/5da7dd09320bd4f392b710017ed5f8ad"},"headline":"PRESENTA AYUNTAMIENTO DE PUEBLA CAMPA\u00d1A PARA REDUCIR EL USO DE PL\u00c1STICOS","datePublished":"2024-09-24T21:54:47+00:00","mainEntityOfPage":{"@id":"https:\/\/www.aliadospuebla.com\/?p=96631"},"wordCount":202,"commentCount":0,"image":{"@id":"https:\/\/www.aliadospuebla.com\/?p=96631#primaryimage"},"thumbnailUrl":"https:\/\/www.aliadospuebla.com\/web2017\/wp-content\/uploads\/2024\/09\/1032.jpg","keywords":["CAMPA\u00d1A PARA REDUCIR EL USO DE PL\u00c1STICOS","Ley para la Prevenci\u00f3n y Gesti\u00f3n Integral de los Residuos S\u00f3lidos Urbanos de Manejo Especial para el Estado de Puebla","MEDIO AMBIENTE","reducir el uso de bolsas de pl\u00e1stico","Secretar\u00eda de Gesti\u00f3n y Desarrollo Urbano"],"articleSection":["Capital"],"inLanguage":"es","potentialAction":[{"@type":"CommentAction","name":"Comment","target":["https:\/\/www.aliadospuebla.com\/?p=96631#respond"]}]},{"@type":"WebPage","@id":"https:\/\/www.aliadospuebla.com\/?p=96631","url":"https:\/\/www.aliadospuebla.com\/?p=96631","name":"PRESENTA AYUNTAMIENTO DE PUEBLA CAMPA\u00d1A PARA REDUCIR EL USO DE PL\u00c1STICOS - AliadosPuebla","isPartOf":{"@id":"https:\/\/www.aliadospuebla.com\/#website"},"primaryImageOfPage":{"@id":"https:\/\/www.aliadospuebla.com\/?p=96631#primaryimage"},"image":{"@id":"https:\/\/www.aliadospuebla.com\/?p=96631#primaryimage"},"thumbnailUrl":"https:\/\/www.aliadospuebla.com\/web2017\/wp-content\/uploads\/2024\/09\/1032.jpg","datePublished":"2024-09-24T21:54:47+00:00","author":{"@id":"https:\/\/www.aliadospuebla.com\/#\/schema\/person\/5da7dd09320bd4f392b710017ed5f8ad"},"breadcrumb":{"@id":"https:\/\/www.aliadospuebla.com\/?p=96631#breadcrumb"},"inLanguage":"es","potentialAction":[{"@type":"ReadAction","target":["https:\/\/www.aliadospuebla.com\/?p=96631"]}]},{"@type":"ImageObject","inLanguage":"es","@id":"https:\/\/www.aliadospuebla.com\/?p=96631#primaryimage","url":"https:\/\/www.aliadospuebla.com\/web2017\/wp-content\/uploads\/2024\/09\/1032.jpg","contentUrl":"https:\/\/www.aliadospuebla.com\/web2017\/wp-content\/uploads\/2024\/09\/1032.jpg","width":600,"height":450},{"@type":"BreadcrumbList","@id":"https:\/\/www.aliadospuebla.com\/?p=96631#breadcrumb","itemListElement":[{"@type":"ListItem","position":1,"name":"Portada","item":"https:\/\/www.aliadospuebla.com\/"},{"@type":"ListItem","position":2,"name":"PRESENTA AYUNTAMIENTO DE PUEBLA CAMPA\u00d1A PARA REDUCIR EL USO DE PL\u00c1STICOS"}]},{"@type":"WebSite","@id":"https:\/\/www.aliadospuebla.com\/#website","url":"https:\/\/www.aliadospuebla.com\/","name":"AliadosPuebla","description":"La informaci\u00f3n en tus manos","potentialAction":[{"@type":"SearchAction","target":{"@type":"EntryPoint","urlTemplate":"https:\/\/www.aliadospuebla.com\/?s={search_term_string}"},"query-input":{"@type":"PropertyValueSpecification","valueRequired":true,"valueName":"search_term_string"}}],"inLanguage":"es"},{"@type":"Person","@id":"https:\/\/www.aliadospuebla.com\/#\/schema\/person\/5da7dd09320bd4f392b710017ed5f8ad","name":"Aliados17","image":{"@type":"ImageObject","inLanguage":"es","@id":"https:\/\/www.aliadospuebla.com\/web2017\/wp-content\/uploads\/2025\/03\/cropped-para-perfil-8-anos-1-96x96.jpg","url":"https:\/\/www.aliadospuebla.com\/web2017\/wp-content\/uploads\/2025\/03\/cropped-para-perfil-8-anos-1-96x96.jpg","contentUrl":"https:\/\/www.aliadospuebla.com\/web2017\/wp-content\/uploads\/2025\/03\/cropped-para-perfil-8-anos-1-96x96.jpg","caption":"Aliados17"},"sameAs":["https:\/\/www.aliados17.com","https:\/\/www.facebook.com\/Aliados17Pue","https:\/\/x.com\/AliadosPuebla"],"url":"https:\/\/www.aliadospuebla.com\/?author=2"}]}},"views":7,"_links":{"self":[{"href":"https:\/\/www.aliadospuebla.com\/index.php?rest_route=\/wp\/v2\/posts\/96631","targetHints":{"allow":["GET"]}}],"collection":[{"href":"https:\/\/www.aliadospuebla.com\/index.php?rest_route=\/wp\/v2\/posts"}],"about":[{"href":"https:\/\/www.aliadospuebla.com\/index.php?rest_route=\/wp\/v2\/types\/post"}],"author":[{"embeddable":true,"href":"https:\/\/www.aliadospuebla.com\/index.php?rest_route=\/wp\/v2\/users\/2"}],"replies":[{"embeddable":true,"href":"https:\/\/www.aliadospuebla.com\/index.php?rest_route=%2Fwp%2Fv2%2Fcomments&post=96631"}],"version-history":[{"count":1,"href":"https:\/\/www.aliadospuebla.com\/index.php?rest_route=\/wp\/v2\/posts\/96631\/revisions"}],"predecessor-version":[{"id":96633,"href":"https:\/\/www.aliadospuebla.com\/index.php?rest_route=\/wp\/v2\/posts\/96631\/revisions\/96633"}],"wp:featuredmedia":[{"embeddable":true,"href":"https:\/\/www.aliadospuebla.com\/index.php?rest_route=\/wp\/v2\/media\/96632"}],"wp:attachment":[{"href":"https:\/\/www.aliadospuebla.com\/index.php?rest_route=%2Fwp%2Fv2%2Fmedia&parent=96631"}],"wp:term":[{"taxonomy":"category","embeddable":true,"href":"https:\/\/www.aliadospuebla.com\/index.php?rest_route=%2Fwp%2Fv2%2Fcategories&post=96631"},{"taxonomy":"post_tag","embeddable":true,"href":"https:\/\/www.aliadospuebla.com\/index.php?rest_route=%2Fwp%2Fv2%2Ftags&post=96631"}],"curies":[{"name":"wp","href":"https:\/\/api.w.org\/{rel}","templated":true}]}}