{"id":96413,"date":"2024-09-16T13:42:43","date_gmt":"2024-09-16T19:42:43","guid":{"rendered":"https:\/\/www.aliados17.com\/?p=96413"},"modified":"2024-09-16T13:42:43","modified_gmt":"2024-09-16T19:42:43","slug":"encabeza-paola-angon-grito-de-independencia-en-san-pedro-cholula","status":"publish","type":"post","link":"https:\/\/www.aliadospuebla.com\/?p=96413","title":{"rendered":"ENCABEZA PAOLA ANGON GRITO DE INDEPENDENCIA EN SAN PEDRO CHOLULA"},"content":{"rendered":"<h4>M\u00e1s de 12 mil asistentes disfrutaron del concierto del cantante Yahir<\/h4>\n<p>San Pedro Cholula, Puebla.- En una noche cargada de fervor patrio, la presidenta municipal Paola Angon Silva encabez\u00f3 la ceremonia del Grito de Independencia en la Plaza de la Concordia, ante m\u00e1s de 12 mil cholultecas que se dieron cita para conmemorar el CCXIV aniversario del inicio de la Independencia de M\u00e9xico.<\/p>\n<p>Ondeando la bandera nacional y acompa\u00f1ada por sus hijas e integrantes del cuerpo de Regidores, servidores p\u00fablicos y ciudadanos, Angon Silva realiz\u00f3 la tradicional arenga con el emotivo \u00ab\u00a1Viva M\u00e9xico! \u00a1Viva Puebla! \u00a1Viva San Pedro Cholula!\u00bb, elevando al m\u00e1ximo el \u00e1nimo de los asistentes.<\/p>\n<p>La ceremonia estuvo enmarcada por un espectacular despliegue de fuegos artificiales y m\u00fasica tradicional mexicana, que llenaron el cielo de luces y color.<\/p>\n<p>Al t\u00e9rmino de la ceremonia, la Plaza de la Concordia se convirti\u00f3 en el escenario principal del Foro Art\u00edstico de la Feria, donde el cantante Yahir ofreci\u00f3 un concierto que hizo vibrar a la audiencia.<\/p>\n<p>Durante el festejo de la Independencia de M\u00e9xico, se llev\u00f3 a cabo un despliegue del operativo de seguridad, coordinado por la Secretar\u00eda de Seguridad Ciudadana (SSC), Protecci\u00f3n Civil y Guardia Ciudadana, para garantizar el orden y la tranquilidad de los asistentes, logrando un saldo blanco durante la celebraci\u00f3n.<\/p>\n<p>Con esta emotivo festejo, el Gobierno de San Pedro Cholula reafirma su compromiso de mantener vivas las tradiciones e historia que nos unen y dan identidad como mexicanos.<\/p>\n","protected":false},"excerpt":{"rendered":"<p>M\u00e1s de 12 mil asistentes disfrutaron del concierto del cantante Yahir San Pedro Cholula, Puebla.- En una noche cargada de fervor patrio, la presidenta municipal Paola Angon Silva encabez\u00f3 la ceremonia del Grito de Independencia en la Plaza de la Concordia, ante m\u00e1s de 12 mil cholultecas que se dieron cita para conmemorar el CCXIV aniversario del inicio de la Independencia de M\u00e9xico. Ondeando la bandera nacional y acompa\u00f1ada por sus hijas e integrantes del cuerpo de Regidores, servidores p\u00fablicos y ciudadanos, Angon Silva realiz\u00f3 la tradicional arenga con el emotivo \u00ab\u00a1Viva M\u00e9xico! \u00a1Viva Puebla! \u00a1Viva San Pedro Cholula!\u00bb, elevando al m\u00e1ximo el \u00e1nimo de los asistentes. La ceremonia estuvo enmarcada por un espectacular despliegue de fuegos artificiales y m\u00fasica tradicional mexicana, que llenaron el&hellip;<\/p>\n<p class=\"excerpt-more\"><a class=\"blog-excerpt button\" href=\"https:\/\/www.aliadospuebla.com\/?p=96413\">Leer m\u00e1s&#8230;<\/a><\/p>\n","protected":false},"author":2,"featured_media":96414,"comment_status":"open","ping_status":"open","sticky":false,"template":"","format":"standard","meta":{"_monsterinsights_skip_tracking":false,"footnotes":""},"categories":[4],"tags":[24158,24159,1708,15797,8071,387],"class_list":["post-96413","post","type-post","status-publish","format-standard","has-post-thumbnail","hentry","category-municipios","tag-ccxiv-aniversario-del-inicio-de-la-independencia-de-mexico","tag-foro-artistico-de-la-feria","tag-grito-de-independencia","tag-paola-angon","tag-plaza-de-la-concordia","tag-san-pedro-cholula"],"yoast_head":"<!-- This site is optimized with the Yoast SEO plugin v28.4 - https:\/\/yoast.com\/product\/yoast-seo-wordpress\/ -->\n<title>ENCABEZA PAOLA ANGON GRITO DE INDEPENDENCIA EN SAN PEDRO CHOLULA - AliadosPuebla<\/title>\n<meta name=\"robots\" content=\"index, follow, max-snippet:-1, max-image-preview:large, max-video-preview:-1\" \/>\n<link rel=\"canonical\" href=\"https:\/\/www.aliadospuebla.com\/?p=96413\" \/>\n<meta property=\"og:locale\" content=\"es_ES\" \/>\n<meta property=\"og:type\" content=\"article\" \/>\n<meta property=\"og:title\" content=\"ENCABEZA PAOLA ANGON GRITO DE INDEPENDENCIA EN SAN PEDRO CHOLULA - AliadosPuebla\" \/>\n<meta property=\"og:description\" content=\"M\u00e1s de 12 mil asistentes disfrutaron del concierto del cantante Yahir San Pedro Cholula, Puebla.- En una noche cargada de fervor patrio, la presidenta municipal Paola Angon Silva encabez\u00f3 la ceremonia del Grito de Independencia en la Plaza de la Concordia, ante m\u00e1s de 12 mil cholultecas que se dieron cita para conmemorar el CCXIV aniversario del inicio de la Independencia de M\u00e9xico. Ondeando la bandera nacional y acompa\u00f1ada por sus hijas e integrantes del cuerpo de Regidores, servidores p\u00fablicos y ciudadanos, Angon Silva realiz\u00f3 la tradicional arenga con el emotivo \u00ab\u00a1Viva M\u00e9xico! \u00a1Viva Puebla! \u00a1Viva San Pedro Cholula!\u00bb, elevando al m\u00e1ximo el \u00e1nimo de los asistentes. La ceremonia estuvo enmarcada por un espectacular despliegue de fuegos artificiales y m\u00fasica tradicional mexicana, que llenaron el&hellip;Leer m\u00e1s...\" \/>\n<meta property=\"og:url\" content=\"https:\/\/www.aliadospuebla.com\/?p=96413\" \/>\n<meta property=\"og:site_name\" content=\"AliadosPuebla\" \/>\n<meta property=\"article:author\" content=\"https:\/\/www.facebook.com\/Aliados17Pue\" \/>\n<meta property=\"article:published_time\" content=\"2024-09-16T19:42:43+00:00\" \/>\n<meta property=\"og:image\" content=\"https:\/\/www.aliadospuebla.com\/web2017\/wp-content\/uploads\/2024\/09\/978.jpg\" \/>\n\t<meta property=\"og:image:width\" content=\"600\" \/>\n\t<meta property=\"og:image:height\" content=\"450\" \/>\n\t<meta property=\"og:image:type\" content=\"image\/jpeg\" \/>\n<meta name=\"author\" content=\"Aliados17\" \/>\n<meta name=\"twitter:card\" content=\"summary_large_image\" \/>\n<meta name=\"twitter:creator\" content=\"@AliadosPuebla\" \/>\n<meta name=\"twitter:label1\" content=\"Escrito por\" \/>\n\t<meta name=\"twitter:data1\" content=\"Aliados17\" \/>\n\t<meta name=\"twitter:label2\" content=\"Tiempo de lectura\" \/>\n\t<meta name=\"twitter:data2\" content=\"2 minutos\" \/>\n<script type=\"application\/ld+json\" class=\"yoast-schema-graph\">{\"@context\":\"https:\\\/\\\/schema.org\",\"@graph\":[{\"@type\":\"Article\",\"@id\":\"https:\\\/\\\/www.aliadospuebla.com\\\/?p=96413#article\",\"isPartOf\":{\"@id\":\"https:\\\/\\\/www.aliadospuebla.com\\\/?p=96413\"},\"author\":{\"name\":\"Aliados17\",\"@id\":\"https:\\\/\\\/www.aliadospuebla.com\\\/#\\\/schema\\\/person\\\/5da7dd09320bd4f392b710017ed5f8ad\"},\"headline\":\"ENCABEZA PAOLA ANGON GRITO DE INDEPENDENCIA EN SAN PEDRO CHOLULA\",\"datePublished\":\"2024-09-16T19:42:43+00:00\",\"mainEntityOfPage\":{\"@id\":\"https:\\\/\\\/www.aliadospuebla.com\\\/?p=96413\"},\"wordCount\":264,\"commentCount\":0,\"image\":{\"@id\":\"https:\\\/\\\/www.aliadospuebla.com\\\/?p=96413#primaryimage\"},\"thumbnailUrl\":\"https:\\\/\\\/www.aliadospuebla.com\\\/web2017\\\/wp-content\\\/uploads\\\/2024\\\/09\\\/978.jpg\",\"keywords\":[\"CCXIV aniversario del inicio de la Independencia de M\u00e9xico\",\"Foro Art\u00edstico de la Feria\",\"GRITO DE INDEPENDENCIA\",\"PAOLA ANGON\",\"PLAZA DE LA CONCORDIA\",\"SAN PEDRO CHOLULA\"],\"articleSection\":[\"Municipios\"],\"inLanguage\":\"es\",\"potentialAction\":[{\"@type\":\"CommentAction\",\"name\":\"Comment\",\"target\":[\"https:\\\/\\\/www.aliadospuebla.com\\\/?p=96413#respond\"]}]},{\"@type\":\"WebPage\",\"@id\":\"https:\\\/\\\/www.aliadospuebla.com\\\/?p=96413\",\"url\":\"https:\\\/\\\/www.aliadospuebla.com\\\/?p=96413\",\"name\":\"ENCABEZA PAOLA ANGON GRITO DE INDEPENDENCIA EN SAN PEDRO CHOLULA - AliadosPuebla\",\"isPartOf\":{\"@id\":\"https:\\\/\\\/www.aliadospuebla.com\\\/#website\"},\"primaryImageOfPage\":{\"@id\":\"https:\\\/\\\/www.aliadospuebla.com\\\/?p=96413#primaryimage\"},\"image\":{\"@id\":\"https:\\\/\\\/www.aliadospuebla.com\\\/?p=96413#primaryimage\"},\"thumbnailUrl\":\"https:\\\/\\\/www.aliadospuebla.com\\\/web2017\\\/wp-content\\\/uploads\\\/2024\\\/09\\\/978.jpg\",\"datePublished\":\"2024-09-16T19:42:43+00:00\",\"author\":{\"@id\":\"https:\\\/\\\/www.aliadospuebla.com\\\/#\\\/schema\\\/person\\\/5da7dd09320bd4f392b710017ed5f8ad\"},\"breadcrumb\":{\"@id\":\"https:\\\/\\\/www.aliadospuebla.com\\\/?p=96413#breadcrumb\"},\"inLanguage\":\"es\",\"potentialAction\":[{\"@type\":\"ReadAction\",\"target\":[\"https:\\\/\\\/www.aliadospuebla.com\\\/?p=96413\"]}]},{\"@type\":\"ImageObject\",\"inLanguage\":\"es\",\"@id\":\"https:\\\/\\\/www.aliadospuebla.com\\\/?p=96413#primaryimage\",\"url\":\"https:\\\/\\\/www.aliadospuebla.com\\\/web2017\\\/wp-content\\\/uploads\\\/2024\\\/09\\\/978.jpg\",\"contentUrl\":\"https:\\\/\\\/www.aliadospuebla.com\\\/web2017\\\/wp-content\\\/uploads\\\/2024\\\/09\\\/978.jpg\",\"width\":600,\"height\":450},{\"@type\":\"BreadcrumbList\",\"@id\":\"https:\\\/\\\/www.aliadospuebla.com\\\/?p=96413#breadcrumb\",\"itemListElement\":[{\"@type\":\"ListItem\",\"position\":1,\"name\":\"Portada\",\"item\":\"https:\\\/\\\/www.aliadospuebla.com\\\/\"},{\"@type\":\"ListItem\",\"position\":2,\"name\":\"ENCABEZA PAOLA ANGON GRITO DE INDEPENDENCIA EN SAN PEDRO CHOLULA\"}]},{\"@type\":\"WebSite\",\"@id\":\"https:\\\/\\\/www.aliadospuebla.com\\\/#website\",\"url\":\"https:\\\/\\\/www.aliadospuebla.com\\\/\",\"name\":\"AliadosPuebla\",\"description\":\"La informaci\u00f3n en tus manos\",\"potentialAction\":[{\"@type\":\"SearchAction\",\"target\":{\"@type\":\"EntryPoint\",\"urlTemplate\":\"https:\\\/\\\/www.aliadospuebla.com\\\/?s={search_term_string}\"},\"query-input\":{\"@type\":\"PropertyValueSpecification\",\"valueRequired\":true,\"valueName\":\"search_term_string\"}}],\"inLanguage\":\"es\"},{\"@type\":\"Person\",\"@id\":\"https:\\\/\\\/www.aliadospuebla.com\\\/#\\\/schema\\\/person\\\/5da7dd09320bd4f392b710017ed5f8ad\",\"name\":\"Aliados17\",\"image\":{\"@type\":\"ImageObject\",\"inLanguage\":\"es\",\"@id\":\"https:\\\/\\\/www.aliadospuebla.com\\\/web2017\\\/wp-content\\\/uploads\\\/2025\\\/03\\\/cropped-para-perfil-8-anos-1-96x96.jpg\",\"url\":\"https:\\\/\\\/www.aliadospuebla.com\\\/web2017\\\/wp-content\\\/uploads\\\/2025\\\/03\\\/cropped-para-perfil-8-anos-1-96x96.jpg\",\"contentUrl\":\"https:\\\/\\\/www.aliadospuebla.com\\\/web2017\\\/wp-content\\\/uploads\\\/2025\\\/03\\\/cropped-para-perfil-8-anos-1-96x96.jpg\",\"caption\":\"Aliados17\"},\"sameAs\":[\"https:\\\/\\\/www.aliados17.com\",\"https:\\\/\\\/www.facebook.com\\\/Aliados17Pue\",\"https:\\\/\\\/x.com\\\/AliadosPuebla\"],\"url\":\"https:\\\/\\\/www.aliadospuebla.com\\\/?author=2\"}]}<\/script>\n<!-- \/ Yoast SEO plugin. -->","yoast_head_json":{"title":"ENCABEZA PAOLA ANGON GRITO DE INDEPENDENCIA EN SAN PEDRO CHOLULA - AliadosPuebla","robots":{"index":"index","follow":"follow","max-snippet":"max-snippet:-1","max-image-preview":"max-image-preview:large","max-video-preview":"max-video-preview:-1"},"canonical":"https:\/\/www.aliadospuebla.com\/?p=96413","og_locale":"es_ES","og_type":"article","og_title":"ENCABEZA PAOLA ANGON GRITO DE INDEPENDENCIA EN SAN PEDRO CHOLULA - AliadosPuebla","og_description":"M\u00e1s de 12 mil asistentes disfrutaron del concierto del cantante Yahir San Pedro Cholula, Puebla.- En una noche cargada de fervor patrio, la presidenta municipal Paola Angon Silva encabez\u00f3 la ceremonia del Grito de Independencia en la Plaza de la Concordia, ante m\u00e1s de 12 mil cholultecas que se dieron cita para conmemorar el CCXIV aniversario del inicio de la Independencia de M\u00e9xico. Ondeando la bandera nacional y acompa\u00f1ada por sus hijas e integrantes del cuerpo de Regidores, servidores p\u00fablicos y ciudadanos, Angon Silva realiz\u00f3 la tradicional arenga con el emotivo \u00ab\u00a1Viva M\u00e9xico! \u00a1Viva Puebla! \u00a1Viva San Pedro Cholula!\u00bb, elevando al m\u00e1ximo el \u00e1nimo de los asistentes. La ceremonia estuvo enmarcada por un espectacular despliegue de fuegos artificiales y m\u00fasica tradicional mexicana, que llenaron el&hellip;Leer m\u00e1s...","og_url":"https:\/\/www.aliadospuebla.com\/?p=96413","og_site_name":"AliadosPuebla","article_author":"https:\/\/www.facebook.com\/Aliados17Pue","article_published_time":"2024-09-16T19:42:43+00:00","og_image":[{"width":600,"height":450,"url":"https:\/\/www.aliadospuebla.com\/web2017\/wp-content\/uploads\/2024\/09\/978.jpg","type":"image\/jpeg"}],"author":"Aliados17","twitter_card":"summary_large_image","twitter_creator":"@AliadosPuebla","twitter_misc":{"Escrito por":"Aliados17","Tiempo de lectura":"2 minutos"},"schema":{"@context":"https:\/\/schema.org","@graph":[{"@type":"Article","@id":"https:\/\/www.aliadospuebla.com\/?p=96413#article","isPartOf":{"@id":"https:\/\/www.aliadospuebla.com\/?p=96413"},"author":{"name":"Aliados17","@id":"https:\/\/www.aliadospuebla.com\/#\/schema\/person\/5da7dd09320bd4f392b710017ed5f8ad"},"headline":"ENCABEZA PAOLA ANGON GRITO DE INDEPENDENCIA EN SAN PEDRO CHOLULA","datePublished":"2024-09-16T19:42:43+00:00","mainEntityOfPage":{"@id":"https:\/\/www.aliadospuebla.com\/?p=96413"},"wordCount":264,"commentCount":0,"image":{"@id":"https:\/\/www.aliadospuebla.com\/?p=96413#primaryimage"},"thumbnailUrl":"https:\/\/www.aliadospuebla.com\/web2017\/wp-content\/uploads\/2024\/09\/978.jpg","keywords":["CCXIV aniversario del inicio de la Independencia de M\u00e9xico","Foro Art\u00edstico de la Feria","GRITO DE INDEPENDENCIA","PAOLA ANGON","PLAZA DE LA CONCORDIA","SAN PEDRO CHOLULA"],"articleSection":["Municipios"],"inLanguage":"es","potentialAction":[{"@type":"CommentAction","name":"Comment","target":["https:\/\/www.aliadospuebla.com\/?p=96413#respond"]}]},{"@type":"WebPage","@id":"https:\/\/www.aliadospuebla.com\/?p=96413","url":"https:\/\/www.aliadospuebla.com\/?p=96413","name":"ENCABEZA PAOLA ANGON GRITO DE INDEPENDENCIA EN SAN PEDRO CHOLULA - AliadosPuebla","isPartOf":{"@id":"https:\/\/www.aliadospuebla.com\/#website"},"primaryImageOfPage":{"@id":"https:\/\/www.aliadospuebla.com\/?p=96413#primaryimage"},"image":{"@id":"https:\/\/www.aliadospuebla.com\/?p=96413#primaryimage"},"thumbnailUrl":"https:\/\/www.aliadospuebla.com\/web2017\/wp-content\/uploads\/2024\/09\/978.jpg","datePublished":"2024-09-16T19:42:43+00:00","author":{"@id":"https:\/\/www.aliadospuebla.com\/#\/schema\/person\/5da7dd09320bd4f392b710017ed5f8ad"},"breadcrumb":{"@id":"https:\/\/www.aliadospuebla.com\/?p=96413#breadcrumb"},"inLanguage":"es","potentialAction":[{"@type":"ReadAction","target":["https:\/\/www.aliadospuebla.com\/?p=96413"]}]},{"@type":"ImageObject","inLanguage":"es","@id":"https:\/\/www.aliadospuebla.com\/?p=96413#primaryimage","url":"https:\/\/www.aliadospuebla.com\/web2017\/wp-content\/uploads\/2024\/09\/978.jpg","contentUrl":"https:\/\/www.aliadospuebla.com\/web2017\/wp-content\/uploads\/2024\/09\/978.jpg","width":600,"height":450},{"@type":"BreadcrumbList","@id":"https:\/\/www.aliadospuebla.com\/?p=96413#breadcrumb","itemListElement":[{"@type":"ListItem","position":1,"name":"Portada","item":"https:\/\/www.aliadospuebla.com\/"},{"@type":"ListItem","position":2,"name":"ENCABEZA PAOLA ANGON GRITO DE INDEPENDENCIA EN SAN PEDRO CHOLULA"}]},{"@type":"WebSite","@id":"https:\/\/www.aliadospuebla.com\/#website","url":"https:\/\/www.aliadospuebla.com\/","name":"AliadosPuebla","description":"La informaci\u00f3n en tus manos","potentialAction":[{"@type":"SearchAction","target":{"@type":"EntryPoint","urlTemplate":"https:\/\/www.aliadospuebla.com\/?s={search_term_string}"},"query-input":{"@type":"PropertyValueSpecification","valueRequired":true,"valueName":"search_term_string"}}],"inLanguage":"es"},{"@type":"Person","@id":"https:\/\/www.aliadospuebla.com\/#\/schema\/person\/5da7dd09320bd4f392b710017ed5f8ad","name":"Aliados17","image":{"@type":"ImageObject","inLanguage":"es","@id":"https:\/\/www.aliadospuebla.com\/web2017\/wp-content\/uploads\/2025\/03\/cropped-para-perfil-8-anos-1-96x96.jpg","url":"https:\/\/www.aliadospuebla.com\/web2017\/wp-content\/uploads\/2025\/03\/cropped-para-perfil-8-anos-1-96x96.jpg","contentUrl":"https:\/\/www.aliadospuebla.com\/web2017\/wp-content\/uploads\/2025\/03\/cropped-para-perfil-8-anos-1-96x96.jpg","caption":"Aliados17"},"sameAs":["https:\/\/www.aliados17.com","https:\/\/www.facebook.com\/Aliados17Pue","https:\/\/x.com\/AliadosPuebla"],"url":"https:\/\/www.aliadospuebla.com\/?author=2"}]}},"views":8,"_links":{"self":[{"href":"https:\/\/www.aliadospuebla.com\/index.php?rest_route=\/wp\/v2\/posts\/96413","targetHints":{"allow":["GET"]}}],"collection":[{"href":"https:\/\/www.aliadospuebla.com\/index.php?rest_route=\/wp\/v2\/posts"}],"about":[{"href":"https:\/\/www.aliadospuebla.com\/index.php?rest_route=\/wp\/v2\/types\/post"}],"author":[{"embeddable":true,"href":"https:\/\/www.aliadospuebla.com\/index.php?rest_route=\/wp\/v2\/users\/2"}],"replies":[{"embeddable":true,"href":"https:\/\/www.aliadospuebla.com\/index.php?rest_route=%2Fwp%2Fv2%2Fcomments&post=96413"}],"version-history":[{"count":1,"href":"https:\/\/www.aliadospuebla.com\/index.php?rest_route=\/wp\/v2\/posts\/96413\/revisions"}],"predecessor-version":[{"id":96415,"href":"https:\/\/www.aliadospuebla.com\/index.php?rest_route=\/wp\/v2\/posts\/96413\/revisions\/96415"}],"wp:featuredmedia":[{"embeddable":true,"href":"https:\/\/www.aliadospuebla.com\/index.php?rest_route=\/wp\/v2\/media\/96414"}],"wp:attachment":[{"href":"https:\/\/www.aliadospuebla.com\/index.php?rest_route=%2Fwp%2Fv2%2Fmedia&parent=96413"}],"wp:term":[{"taxonomy":"category","embeddable":true,"href":"https:\/\/www.aliadospuebla.com\/index.php?rest_route=%2Fwp%2Fv2%2Fcategories&post=96413"},{"taxonomy":"post_tag","embeddable":true,"href":"https:\/\/www.aliadospuebla.com\/index.php?rest_route=%2Fwp%2Fv2%2Ftags&post=96413"}],"curies":[{"name":"wp","href":"https:\/\/api.w.org\/{rel}","templated":true}]}}