{"id":96284,"date":"2024-09-11T18:24:00","date_gmt":"2024-09-12T00:24:00","guid":{"rendered":"https:\/\/www.aliados17.com\/?p=96284"},"modified":"2024-09-11T18:24:00","modified_gmt":"2024-09-12T00:24:00","slug":"ayuntamiento-de-puebla-realizara-operativo-por-celebracion-de-fiestas-patrias","status":"publish","type":"post","link":"https:\/\/www.aliadospuebla.com\/?p=96284","title":{"rendered":"AYUNTAMIENTO DE PUEBLA REALIZAR\u00c1 OPERATIVO POR CELEBRACI\u00d3N DE FIESTAS PATRIAS"},"content":{"rendered":"<h4>Con el objetivo de mantener el orden, la seguridad y la tranquilidad en las celebraciones de las Fiestas Patrias en la capital poblana, el Ayuntamiento de Puebla, mantendr\u00e1 vigilancia y brindar\u00e1 apoyo a la ciudadan\u00eda a trav\u00e9s de la Secretar\u00eda de Seguridad Ciudadana, Protecci\u00f3n Civil, Gobernaci\u00f3n Municipal y el Organismo Operador del Servicio de Limpia.<\/h4>\n<p>El operativo ser\u00e1 encabezado por la Secretar\u00eda de Seguridad Ciudadana (SSC),<\/p>\n<p>el cual contar\u00e1 con la participaci\u00f3n de mil 300 elementos de las 10 Zonas Operativas,<\/p>\n<p>Grupos Especiales y de la Direcci\u00f3n de Control de Tr\u00e1nsito,<\/p>\n<p>mismos que vigilar\u00e1n las calles del primer cuadro de la ciudad, as\u00ed como las colonias,<\/p>\n<p>barrios y las 17 juntas auxiliares.<\/p>\n<p>Asimismo, con la intenci\u00f3n de mantener espacios de sana convivencia, se instalar\u00e1n 12 arcos de seguridad<\/p>\n<p>en calles de acceso al Z\u00f3calo de la ciudad, as\u00ed como en Palacio Municipal.<\/p>\n<p>En el caso de la Secretar\u00eda de Gobernaci\u00f3n Municipal, se dispondr\u00e1 de 150 elementos de V\u00eda P\u00fablica<\/p>\n<p>y 15 de Concertaci\u00f3n de Espacios P\u00fablicos, quienes supervisar\u00e1n el corredor gastron\u00f3mico<\/p>\n<p>que se instalar\u00e1 los pr\u00f3ximos 14 y 15 de septiembre sobre Avenida Reforma &#8211;de la 3 a la 9 Norte-Sur&#8211;<\/p>\n<p>donde se colocar\u00e1n alrededor de 300 comerciantes para la venta de antojitos y art\u00edculos de temporada.<\/p>\n<p>Cabe se\u00f1alar que, la instalaci\u00f3n de los comerciantes ser\u00e1 a partir de las 22:00 horas<\/p>\n<p>del 13 de septiembre y la zona quedar\u00e1 despejada a las 03:00 horas de la madrugada del 16 de septiembre;<\/p>\n<p>asimismo, SEGOM realizar\u00e1 recorridos especiales para inhibir la venta de alcohol en v\u00eda p\u00fablica,<\/p>\n<p>mercados municipales y juntas auxiliares.<\/p>\n<p>De igual forma, el Organismo Operador del Servicio de Limpia (OOSL), llevar\u00e1 a cabo<\/p>\n<p>labores en el Z\u00f3calo y Centro Hist\u00f3rico, con el apoyo de 100 trabajadoras y trabajadores,<\/p>\n<p>as\u00ed como 10 inspectores en turno matutino, vespertino y nocturno, acompa\u00f1ados de siete veh\u00edculos,<\/p>\n<p>para efectuar trabajos de barrido manual, vaciado de botes papeleros y recolecci\u00f3n de residuos s\u00f3lidos urbanos.<\/p>\n<h4>Al terminar la vendimia tradicional del 15 de septiembre, se iniciar\u00e1 el lavado de calles para dejar el espacio en \u00f3ptimas condiciones.<\/h4>\n<p>Durante el desfile Conmemorativo de la Independencia de M\u00e9xico, el OOSL dispondr\u00e1 de cuadrillas de trabajo as\u00ed como dos barredoras mec\u00e1nicas, con la finalidad de que las calles se mantengan limpias tras el paso del contingente por las vialidades de la ciudad.<\/p>\n<p>Es importante mencionar que, por motivo de la fiesta mexicana del 15 de septiembre, para ingresar a la plancha del Z\u00f3calo, queda prohibido el uso de objetos punzocortantes, armas de fuego, pirotecnia, cinturones con hebilla, botellas, bebidas embriagantes, sombrillas, bates, aerosoles, apuntadores l\u00e1ser y confeti.<\/p>\n<p>Se recomienda las personas tomar v\u00edas alternas ya que durante el 14 y 15 de septiembre, habr\u00e1 cierres viales en Avenida Reforma y Juan de Palafox y Mendoza (de la 11 Norte-Sur a la 2 Norte-Sur) y en la 2 Oriente esquina 2 norte; para el desfile c\u00edvico del 16 de septiembre se realizar\u00e1n cierres conforme al paso de los contingentes, mismos que iniciar\u00e1n su recorrido en Avenida Reforma y calle 5 de mayo, continuar\u00e1 por Juan de Palafox y Mendoza hasta el bulevar 5 mayo y finalizar\u00e1 en la 25 Oriente.<\/p>\n","protected":false},"excerpt":{"rendered":"<p>Con el objetivo de mantener el orden, la seguridad y la tranquilidad en las celebraciones de las Fiestas Patrias en la capital poblana, el Ayuntamiento de Puebla, mantendr\u00e1 vigilancia y brindar\u00e1 apoyo a la ciudadan\u00eda a trav\u00e9s de la Secretar\u00eda de Seguridad Ciudadana, Protecci\u00f3n Civil, Gobernaci\u00f3n Municipal y el Organismo Operador del Servicio de Limpia. El operativo ser\u00e1 encabezado por la Secretar\u00eda de Seguridad Ciudadana (SSC), el cual contar\u00e1 con la participaci\u00f3n de mil 300 elementos de las 10 Zonas Operativas, Grupos Especiales y de la Direcci\u00f3n de Control de Tr\u00e1nsito, mismos que vigilar\u00e1n las calles del primer cuadro de la ciudad, as\u00ed como las colonias, barrios y las 17 juntas auxiliares. Asimismo, con la intenci\u00f3n de mantener espacios de sana convivencia, se instalar\u00e1n 12&hellip;<\/p>\n<p class=\"excerpt-more\"><a class=\"blog-excerpt button\" href=\"https:\/\/www.aliadospuebla.com\/?p=96284\">Leer m\u00e1s&#8230;<\/a><\/p>\n","protected":false},"author":2,"featured_media":96285,"comment_status":"open","ping_status":"open","sticky":false,"template":"","format":"standard","meta":{"_monsterinsights_skip_tracking":false,"footnotes":""},"categories":[62],"tags":[24063,24062,24061,10180],"class_list":["post-96284","post","type-post","status-publish","format-standard","has-post-thumbnail","hentry","category-capital","tag-arcos-de-seguridad","tag-corredor-gastronomico","tag-operativo-por-celebracion-de-fiestas-patrias","tag-ssc"],"yoast_head":"<!-- This site is optimized with the Yoast SEO plugin v28.3 - https:\/\/yoast.com\/product\/yoast-seo-wordpress\/ -->\n<title>AYUNTAMIENTO DE PUEBLA REALIZAR\u00c1 OPERATIVO POR CELEBRACI\u00d3N DE FIESTAS PATRIAS - AliadosPuebla<\/title>\n<meta name=\"robots\" content=\"index, follow, max-snippet:-1, max-image-preview:large, max-video-preview:-1\" \/>\n<link rel=\"canonical\" href=\"https:\/\/www.aliadospuebla.com\/?p=96284\" \/>\n<meta property=\"og:locale\" content=\"es_ES\" \/>\n<meta property=\"og:type\" content=\"article\" \/>\n<meta property=\"og:title\" content=\"AYUNTAMIENTO DE PUEBLA REALIZAR\u00c1 OPERATIVO POR CELEBRACI\u00d3N DE FIESTAS PATRIAS - AliadosPuebla\" \/>\n<meta property=\"og:description\" content=\"Con el objetivo de mantener el orden, la seguridad y la tranquilidad en las celebraciones de las Fiestas Patrias en la capital poblana, el Ayuntamiento de Puebla, mantendr\u00e1 vigilancia y brindar\u00e1 apoyo a la ciudadan\u00eda a trav\u00e9s de la Secretar\u00eda de Seguridad Ciudadana, Protecci\u00f3n Civil, Gobernaci\u00f3n Municipal y el Organismo Operador del Servicio de Limpia. El operativo ser\u00e1 encabezado por la Secretar\u00eda de Seguridad Ciudadana (SSC), el cual contar\u00e1 con la participaci\u00f3n de mil 300 elementos de las 10 Zonas Operativas, Grupos Especiales y de la Direcci\u00f3n de Control de Tr\u00e1nsito, mismos que vigilar\u00e1n las calles del primer cuadro de la ciudad, as\u00ed como las colonias, barrios y las 17 juntas auxiliares. Asimismo, con la intenci\u00f3n de mantener espacios de sana convivencia, se instalar\u00e1n 12&hellip;Leer m\u00e1s...\" \/>\n<meta property=\"og:url\" content=\"https:\/\/www.aliadospuebla.com\/?p=96284\" \/>\n<meta property=\"og:site_name\" content=\"AliadosPuebla\" \/>\n<meta property=\"article:author\" content=\"https:\/\/www.facebook.com\/Aliados17Pue\" \/>\n<meta property=\"article:published_time\" content=\"2024-09-12T00:24:00+00:00\" \/>\n<meta property=\"og:image\" content=\"https:\/\/www.aliadospuebla.com\/web2017\/wp-content\/uploads\/2024\/09\/939.jpg\" \/>\n\t<meta property=\"og:image:width\" content=\"600\" \/>\n\t<meta property=\"og:image:height\" content=\"450\" \/>\n\t<meta property=\"og:image:type\" content=\"image\/jpeg\" \/>\n<meta name=\"author\" content=\"Aliados17\" \/>\n<meta name=\"twitter:card\" content=\"summary_large_image\" \/>\n<meta name=\"twitter:creator\" content=\"@AliadosPuebla\" \/>\n<meta name=\"twitter:label1\" content=\"Escrito por\" \/>\n\t<meta name=\"twitter:data1\" content=\"Aliados17\" \/>\n\t<meta name=\"twitter:label2\" content=\"Tiempo de lectura\" \/>\n\t<meta name=\"twitter:data2\" content=\"3 minutos\" \/>\n<script type=\"application\/ld+json\" class=\"yoast-schema-graph\">{\"@context\":\"https:\\\/\\\/schema.org\",\"@graph\":[{\"@type\":\"Article\",\"@id\":\"https:\\\/\\\/www.aliadospuebla.com\\\/?p=96284#article\",\"isPartOf\":{\"@id\":\"https:\\\/\\\/www.aliadospuebla.com\\\/?p=96284\"},\"author\":{\"name\":\"Aliados17\",\"@id\":\"https:\\\/\\\/www.aliadospuebla.com\\\/#\\\/schema\\\/person\\\/5da7dd09320bd4f392b710017ed5f8ad\"},\"headline\":\"AYUNTAMIENTO DE PUEBLA REALIZAR\u00c1 OPERATIVO POR CELEBRACI\u00d3N DE FIESTAS PATRIAS\",\"datePublished\":\"2024-09-12T00:24:00+00:00\",\"mainEntityOfPage\":{\"@id\":\"https:\\\/\\\/www.aliadospuebla.com\\\/?p=96284\"},\"wordCount\":545,\"commentCount\":0,\"image\":{\"@id\":\"https:\\\/\\\/www.aliadospuebla.com\\\/?p=96284#primaryimage\"},\"thumbnailUrl\":\"https:\\\/\\\/www.aliadospuebla.com\\\/web2017\\\/wp-content\\\/uploads\\\/2024\\\/09\\\/939.jpg\",\"keywords\":[\"arcos de seguridad\",\"corredor gastron\u00f3mico\",\"OPERATIVO POR CELEBRACI\u00d3N DE FIESTAS PATRIAS\",\"SSC\"],\"articleSection\":[\"Capital\"],\"inLanguage\":\"es\",\"potentialAction\":[{\"@type\":\"CommentAction\",\"name\":\"Comment\",\"target\":[\"https:\\\/\\\/www.aliadospuebla.com\\\/?p=96284#respond\"]}]},{\"@type\":\"WebPage\",\"@id\":\"https:\\\/\\\/www.aliadospuebla.com\\\/?p=96284\",\"url\":\"https:\\\/\\\/www.aliadospuebla.com\\\/?p=96284\",\"name\":\"AYUNTAMIENTO DE PUEBLA REALIZAR\u00c1 OPERATIVO POR CELEBRACI\u00d3N DE FIESTAS PATRIAS - AliadosPuebla\",\"isPartOf\":{\"@id\":\"https:\\\/\\\/www.aliadospuebla.com\\\/#website\"},\"primaryImageOfPage\":{\"@id\":\"https:\\\/\\\/www.aliadospuebla.com\\\/?p=96284#primaryimage\"},\"image\":{\"@id\":\"https:\\\/\\\/www.aliadospuebla.com\\\/?p=96284#primaryimage\"},\"thumbnailUrl\":\"https:\\\/\\\/www.aliadospuebla.com\\\/web2017\\\/wp-content\\\/uploads\\\/2024\\\/09\\\/939.jpg\",\"datePublished\":\"2024-09-12T00:24:00+00:00\",\"author\":{\"@id\":\"https:\\\/\\\/www.aliadospuebla.com\\\/#\\\/schema\\\/person\\\/5da7dd09320bd4f392b710017ed5f8ad\"},\"breadcrumb\":{\"@id\":\"https:\\\/\\\/www.aliadospuebla.com\\\/?p=96284#breadcrumb\"},\"inLanguage\":\"es\",\"potentialAction\":[{\"@type\":\"ReadAction\",\"target\":[\"https:\\\/\\\/www.aliadospuebla.com\\\/?p=96284\"]}]},{\"@type\":\"ImageObject\",\"inLanguage\":\"es\",\"@id\":\"https:\\\/\\\/www.aliadospuebla.com\\\/?p=96284#primaryimage\",\"url\":\"https:\\\/\\\/www.aliadospuebla.com\\\/web2017\\\/wp-content\\\/uploads\\\/2024\\\/09\\\/939.jpg\",\"contentUrl\":\"https:\\\/\\\/www.aliadospuebla.com\\\/web2017\\\/wp-content\\\/uploads\\\/2024\\\/09\\\/939.jpg\",\"width\":600,\"height\":450},{\"@type\":\"BreadcrumbList\",\"@id\":\"https:\\\/\\\/www.aliadospuebla.com\\\/?p=96284#breadcrumb\",\"itemListElement\":[{\"@type\":\"ListItem\",\"position\":1,\"name\":\"Portada\",\"item\":\"https:\\\/\\\/www.aliadospuebla.com\\\/\"},{\"@type\":\"ListItem\",\"position\":2,\"name\":\"AYUNTAMIENTO DE PUEBLA REALIZAR\u00c1 OPERATIVO POR CELEBRACI\u00d3N DE FIESTAS PATRIAS\"}]},{\"@type\":\"WebSite\",\"@id\":\"https:\\\/\\\/www.aliadospuebla.com\\\/#website\",\"url\":\"https:\\\/\\\/www.aliadospuebla.com\\\/\",\"name\":\"AliadosPuebla\",\"description\":\"La informaci\u00f3n en tus manos\",\"potentialAction\":[{\"@type\":\"SearchAction\",\"target\":{\"@type\":\"EntryPoint\",\"urlTemplate\":\"https:\\\/\\\/www.aliadospuebla.com\\\/?s={search_term_string}\"},\"query-input\":{\"@type\":\"PropertyValueSpecification\",\"valueRequired\":true,\"valueName\":\"search_term_string\"}}],\"inLanguage\":\"es\"},{\"@type\":\"Person\",\"@id\":\"https:\\\/\\\/www.aliadospuebla.com\\\/#\\\/schema\\\/person\\\/5da7dd09320bd4f392b710017ed5f8ad\",\"name\":\"Aliados17\",\"image\":{\"@type\":\"ImageObject\",\"inLanguage\":\"es\",\"@id\":\"https:\\\/\\\/www.aliadospuebla.com\\\/web2017\\\/wp-content\\\/uploads\\\/2025\\\/03\\\/cropped-para-perfil-8-anos-1-96x96.jpg\",\"url\":\"https:\\\/\\\/www.aliadospuebla.com\\\/web2017\\\/wp-content\\\/uploads\\\/2025\\\/03\\\/cropped-para-perfil-8-anos-1-96x96.jpg\",\"contentUrl\":\"https:\\\/\\\/www.aliadospuebla.com\\\/web2017\\\/wp-content\\\/uploads\\\/2025\\\/03\\\/cropped-para-perfil-8-anos-1-96x96.jpg\",\"caption\":\"Aliados17\"},\"sameAs\":[\"https:\\\/\\\/www.aliados17.com\",\"https:\\\/\\\/www.facebook.com\\\/Aliados17Pue\",\"https:\\\/\\\/x.com\\\/AliadosPuebla\"],\"url\":\"https:\\\/\\\/www.aliadospuebla.com\\\/?author=2\"}]}<\/script>\n<!-- \/ Yoast SEO plugin. -->","yoast_head_json":{"title":"AYUNTAMIENTO DE PUEBLA REALIZAR\u00c1 OPERATIVO POR CELEBRACI\u00d3N DE FIESTAS PATRIAS - AliadosPuebla","robots":{"index":"index","follow":"follow","max-snippet":"max-snippet:-1","max-image-preview":"max-image-preview:large","max-video-preview":"max-video-preview:-1"},"canonical":"https:\/\/www.aliadospuebla.com\/?p=96284","og_locale":"es_ES","og_type":"article","og_title":"AYUNTAMIENTO DE PUEBLA REALIZAR\u00c1 OPERATIVO POR CELEBRACI\u00d3N DE FIESTAS PATRIAS - AliadosPuebla","og_description":"Con el objetivo de mantener el orden, la seguridad y la tranquilidad en las celebraciones de las Fiestas Patrias en la capital poblana, el Ayuntamiento de Puebla, mantendr\u00e1 vigilancia y brindar\u00e1 apoyo a la ciudadan\u00eda a trav\u00e9s de la Secretar\u00eda de Seguridad Ciudadana, Protecci\u00f3n Civil, Gobernaci\u00f3n Municipal y el Organismo Operador del Servicio de Limpia. El operativo ser\u00e1 encabezado por la Secretar\u00eda de Seguridad Ciudadana (SSC), el cual contar\u00e1 con la participaci\u00f3n de mil 300 elementos de las 10 Zonas Operativas, Grupos Especiales y de la Direcci\u00f3n de Control de Tr\u00e1nsito, mismos que vigilar\u00e1n las calles del primer cuadro de la ciudad, as\u00ed como las colonias, barrios y las 17 juntas auxiliares. Asimismo, con la intenci\u00f3n de mantener espacios de sana convivencia, se instalar\u00e1n 12&hellip;Leer m\u00e1s...","og_url":"https:\/\/www.aliadospuebla.com\/?p=96284","og_site_name":"AliadosPuebla","article_author":"https:\/\/www.facebook.com\/Aliados17Pue","article_published_time":"2024-09-12T00:24:00+00:00","og_image":[{"width":600,"height":450,"url":"https:\/\/www.aliadospuebla.com\/web2017\/wp-content\/uploads\/2024\/09\/939.jpg","type":"image\/jpeg"}],"author":"Aliados17","twitter_card":"summary_large_image","twitter_creator":"@AliadosPuebla","twitter_misc":{"Escrito por":"Aliados17","Tiempo de lectura":"3 minutos"},"schema":{"@context":"https:\/\/schema.org","@graph":[{"@type":"Article","@id":"https:\/\/www.aliadospuebla.com\/?p=96284#article","isPartOf":{"@id":"https:\/\/www.aliadospuebla.com\/?p=96284"},"author":{"name":"Aliados17","@id":"https:\/\/www.aliadospuebla.com\/#\/schema\/person\/5da7dd09320bd4f392b710017ed5f8ad"},"headline":"AYUNTAMIENTO DE PUEBLA REALIZAR\u00c1 OPERATIVO POR CELEBRACI\u00d3N DE FIESTAS PATRIAS","datePublished":"2024-09-12T00:24:00+00:00","mainEntityOfPage":{"@id":"https:\/\/www.aliadospuebla.com\/?p=96284"},"wordCount":545,"commentCount":0,"image":{"@id":"https:\/\/www.aliadospuebla.com\/?p=96284#primaryimage"},"thumbnailUrl":"https:\/\/www.aliadospuebla.com\/web2017\/wp-content\/uploads\/2024\/09\/939.jpg","keywords":["arcos de seguridad","corredor gastron\u00f3mico","OPERATIVO POR CELEBRACI\u00d3N DE FIESTAS PATRIAS","SSC"],"articleSection":["Capital"],"inLanguage":"es","potentialAction":[{"@type":"CommentAction","name":"Comment","target":["https:\/\/www.aliadospuebla.com\/?p=96284#respond"]}]},{"@type":"WebPage","@id":"https:\/\/www.aliadospuebla.com\/?p=96284","url":"https:\/\/www.aliadospuebla.com\/?p=96284","name":"AYUNTAMIENTO DE PUEBLA REALIZAR\u00c1 OPERATIVO POR CELEBRACI\u00d3N DE FIESTAS PATRIAS - AliadosPuebla","isPartOf":{"@id":"https:\/\/www.aliadospuebla.com\/#website"},"primaryImageOfPage":{"@id":"https:\/\/www.aliadospuebla.com\/?p=96284#primaryimage"},"image":{"@id":"https:\/\/www.aliadospuebla.com\/?p=96284#primaryimage"},"thumbnailUrl":"https:\/\/www.aliadospuebla.com\/web2017\/wp-content\/uploads\/2024\/09\/939.jpg","datePublished":"2024-09-12T00:24:00+00:00","author":{"@id":"https:\/\/www.aliadospuebla.com\/#\/schema\/person\/5da7dd09320bd4f392b710017ed5f8ad"},"breadcrumb":{"@id":"https:\/\/www.aliadospuebla.com\/?p=96284#breadcrumb"},"inLanguage":"es","potentialAction":[{"@type":"ReadAction","target":["https:\/\/www.aliadospuebla.com\/?p=96284"]}]},{"@type":"ImageObject","inLanguage":"es","@id":"https:\/\/www.aliadospuebla.com\/?p=96284#primaryimage","url":"https:\/\/www.aliadospuebla.com\/web2017\/wp-content\/uploads\/2024\/09\/939.jpg","contentUrl":"https:\/\/www.aliadospuebla.com\/web2017\/wp-content\/uploads\/2024\/09\/939.jpg","width":600,"height":450},{"@type":"BreadcrumbList","@id":"https:\/\/www.aliadospuebla.com\/?p=96284#breadcrumb","itemListElement":[{"@type":"ListItem","position":1,"name":"Portada","item":"https:\/\/www.aliadospuebla.com\/"},{"@type":"ListItem","position":2,"name":"AYUNTAMIENTO DE PUEBLA REALIZAR\u00c1 OPERATIVO POR CELEBRACI\u00d3N DE FIESTAS PATRIAS"}]},{"@type":"WebSite","@id":"https:\/\/www.aliadospuebla.com\/#website","url":"https:\/\/www.aliadospuebla.com\/","name":"AliadosPuebla","description":"La informaci\u00f3n en tus manos","potentialAction":[{"@type":"SearchAction","target":{"@type":"EntryPoint","urlTemplate":"https:\/\/www.aliadospuebla.com\/?s={search_term_string}"},"query-input":{"@type":"PropertyValueSpecification","valueRequired":true,"valueName":"search_term_string"}}],"inLanguage":"es"},{"@type":"Person","@id":"https:\/\/www.aliadospuebla.com\/#\/schema\/person\/5da7dd09320bd4f392b710017ed5f8ad","name":"Aliados17","image":{"@type":"ImageObject","inLanguage":"es","@id":"https:\/\/www.aliadospuebla.com\/web2017\/wp-content\/uploads\/2025\/03\/cropped-para-perfil-8-anos-1-96x96.jpg","url":"https:\/\/www.aliadospuebla.com\/web2017\/wp-content\/uploads\/2025\/03\/cropped-para-perfil-8-anos-1-96x96.jpg","contentUrl":"https:\/\/www.aliadospuebla.com\/web2017\/wp-content\/uploads\/2025\/03\/cropped-para-perfil-8-anos-1-96x96.jpg","caption":"Aliados17"},"sameAs":["https:\/\/www.aliados17.com","https:\/\/www.facebook.com\/Aliados17Pue","https:\/\/x.com\/AliadosPuebla"],"url":"https:\/\/www.aliadospuebla.com\/?author=2"}]}},"views":8,"_links":{"self":[{"href":"https:\/\/www.aliadospuebla.com\/index.php?rest_route=\/wp\/v2\/posts\/96284","targetHints":{"allow":["GET"]}}],"collection":[{"href":"https:\/\/www.aliadospuebla.com\/index.php?rest_route=\/wp\/v2\/posts"}],"about":[{"href":"https:\/\/www.aliadospuebla.com\/index.php?rest_route=\/wp\/v2\/types\/post"}],"author":[{"embeddable":true,"href":"https:\/\/www.aliadospuebla.com\/index.php?rest_route=\/wp\/v2\/users\/2"}],"replies":[{"embeddable":true,"href":"https:\/\/www.aliadospuebla.com\/index.php?rest_route=%2Fwp%2Fv2%2Fcomments&post=96284"}],"version-history":[{"count":1,"href":"https:\/\/www.aliadospuebla.com\/index.php?rest_route=\/wp\/v2\/posts\/96284\/revisions"}],"predecessor-version":[{"id":96286,"href":"https:\/\/www.aliadospuebla.com\/index.php?rest_route=\/wp\/v2\/posts\/96284\/revisions\/96286"}],"wp:featuredmedia":[{"embeddable":true,"href":"https:\/\/www.aliadospuebla.com\/index.php?rest_route=\/wp\/v2\/media\/96285"}],"wp:attachment":[{"href":"https:\/\/www.aliadospuebla.com\/index.php?rest_route=%2Fwp%2Fv2%2Fmedia&parent=96284"}],"wp:term":[{"taxonomy":"category","embeddable":true,"href":"https:\/\/www.aliadospuebla.com\/index.php?rest_route=%2Fwp%2Fv2%2Fcategories&post=96284"},{"taxonomy":"post_tag","embeddable":true,"href":"https:\/\/www.aliadospuebla.com\/index.php?rest_route=%2Fwp%2Fv2%2Ftags&post=96284"}],"curies":[{"name":"wp","href":"https:\/\/api.w.org\/{rel}","templated":true}]}}