{"id":96230,"date":"2024-09-10T11:04:42","date_gmt":"2024-09-10T17:04:42","guid":{"rendered":"https:\/\/www.aliados17.com\/?p=96230"},"modified":"2024-09-10T11:04:42","modified_gmt":"2024-09-10T17:04:42","slug":"anuncia-buap-su-espectaculo-mexico-sinfonico-2024","status":"publish","type":"post","link":"https:\/\/www.aliadospuebla.com\/?p=96230","title":{"rendered":"Anuncia BUAP su espect\u00e1culo \u201cM\u00e9xico Sinf\u00f3nico\u201d 2024"},"content":{"rendered":"<ul>\n<li class=\"rtejustify\">\n<h4><strong>A celebrarse el 13 de septiembre con Kika Edgar como invitada especial<\/strong><\/h4>\n<\/li>\n<\/ul>\n<p class=\"rtejustify\">Con m\u00e1s de 200 artistas en escena de las cinco compa\u00f1\u00edas del Complejo Cultural Universitario (CCU),<\/p>\n<p class=\"rtejustify\">adem\u00e1s de la presentaci\u00f3n del Mariachi Nacional y la voz de Kika Edgar, para iluminar el escenario,<\/p>\n<p class=\"rtejustify\">la BUAP celebrar\u00e1 su tradicional concierto \u201cM\u00e9xico Sinf\u00f3nico\u201d 2024 en el auditorio de este recinto,<\/p>\n<p class=\"rtejustify\">el viernes 13 de septiembre.<\/p>\n<p class=\"rtejustify\">Este espect\u00e1culo de gran formato, lleno de m\u00fasica, color y patriotismo,<\/p>\n<p class=\"rtejustify\">tendr\u00e1 este a\u00f1o como invitada especial a la artista Kika Edgar, quien estar\u00e1 presente<\/p>\n<p class=\"rtejustify\">con el Mariachi Nacional, adem\u00e1s de la gala de las cinco compa\u00f1\u00edas del CCU:<\/p>\n<p class=\"rtejustify\">el Coro Universitario, la Orquesta Sinf\u00f3nica y las compa\u00f1\u00edas de Danza Contempor\u00e1nea,<\/p>\n<p class=\"rtejustify\">de Teatro y el Ballet Folkl\u00f3rico.<\/p>\n<p class=\"rtejustify\">Durante la presentaci\u00f3n de esta edici\u00f3n \u2500programada a las 19:00 horas y cuyos boletos<\/p>\n<p class=\"rtejustify\">ya se encuentran a la venta en las taquillas del auditorio del CCU y en superboletos\u2500,<\/p>\n<p class=\"rtejustify\">la directora de la Orquesta Sinf\u00f3nica, Lizzi Ceniceros, se\u00f1al\u00f3 que se eligi\u00f3<\/p>\n<p class=\"rtejustify\">un repertorio de m\u00fasica mexicana contempor\u00e1nea, de int\u00e9rpretes como Jos\u00e9 Alfredo Jim\u00e9nez, Juan Gabriel y Jos\u00e9 Jos\u00e9.<\/p>\n<p class=\"rtejustify\">\u201cEn esta ocasi\u00f3n tratamos de traer a ese M\u00e9xico que nos acompa\u00f1a en las tristezas y alegr\u00edas; por eso hicimos los arreglos con el mariachi y con la Orquesta Sinf\u00f3nica para la maestra Kika Edgar.<\/p>\n<p class=\"rtejustify\">Estamos seguros que esta nueva edici\u00f3n de M\u00e9xico Sinf\u00f3nico, que rinde homenaje a tres grandes int\u00e9rpretes, nos har\u00e1 vibrar nuevamente\u201d.<\/p>\n<p class=\"rtejustify\">Por su parte, la maestra Elena Santos, directora del Ballet Folkl\u00f3rico, indic\u00f3 que este espect\u00e1culo responde a la funci\u00f3n que cumple la universidad de promover y difundir la cultura, con una gala multicompa\u00f1\u00edas de gran calidad, pero a precios accesibles, que van de 100 a 600 pesos.<\/p>\n<p class=\"rtejustify\">Tambi\u00e9n estuvieron presentes el maestro Antonio de la Rosa, director del Coro Universitario; las doctoras Paty Estay, titular de la compa\u00f1\u00eda de Danza Contempor\u00e1nea, y Mayho Moreno, directora de la Compa\u00f1\u00eda de Teatro; adem\u00e1s, el maestro Issac G\u00f3mez Cruz, del Mariachi Nacional, la directora del CCU, Betzabeth D\u00edaz S\u00e1nchez, y el vicerrector de Extensi\u00f3n y Difusi\u00f3n de la Cultura, Jos\u00e9 Carlos Bernal Su\u00e1rez.<\/p>\n<p class=\"rtejustify\">Finalmente, la actriz y cantante Kika Edgar agradeci\u00f3 la invitaci\u00f3n de la BUAP, pues asegur\u00f3 que con este concierto se tendr\u00e1 la oportunidad de vivir nuestra cultura y ra\u00edces, adem\u00e1s de llenar el alma y los corazones al p\u00fablico.<\/p>\n","protected":false},"excerpt":{"rendered":"<p>A celebrarse el 13 de septiembre con Kika Edgar como invitada especial Con m\u00e1s de 200 artistas en escena de las cinco compa\u00f1\u00edas del Complejo Cultural Universitario (CCU), adem\u00e1s de la presentaci\u00f3n del Mariachi Nacional y la voz de Kika Edgar, para iluminar el escenario, la BUAP celebrar\u00e1 su tradicional concierto \u201cM\u00e9xico Sinf\u00f3nico\u201d 2024 en el auditorio de este recinto, el viernes 13 de septiembre. Este espect\u00e1culo de gran formato, lleno de m\u00fasica, color y patriotismo, tendr\u00e1 este a\u00f1o como invitada especial a la artista Kika Edgar, quien estar\u00e1 presente con el Mariachi Nacional, adem\u00e1s de la gala de las cinco compa\u00f1\u00edas del CCU: el Coro Universitario, la Orquesta Sinf\u00f3nica y las compa\u00f1\u00edas de Danza Contempor\u00e1nea, de Teatro y el Ballet Folkl\u00f3rico. Durante la presentaci\u00f3n&hellip;<\/p>\n<p class=\"excerpt-more\"><a class=\"blog-excerpt button\" href=\"https:\/\/www.aliadospuebla.com\/?p=96230\">Leer m\u00e1s&#8230;<\/a><\/p>\n","protected":false},"author":2,"featured_media":96231,"comment_status":"open","ping_status":"open","sticky":false,"template":"","format":"standard","meta":{"_monsterinsights_skip_tracking":false,"footnotes":""},"categories":[5],"tags":[653,2746,24025,24024,16417,24026],"class_list":["post-96230","post","type-post","status-publish","format-standard","has-post-thumbnail","hentry","category-universidades","tag-buap","tag-ccu-buap","tag-kika-edgar","tag-mexico-sinfonico","tag-patriotismo","tag-promover-y-difundir-la-cultura"],"yoast_head":"<!-- This site is optimized with the Yoast SEO plugin v28.4 - https:\/\/yoast.com\/product\/yoast-seo-wordpress\/ -->\n<title>Anuncia BUAP su espect\u00e1culo \u201cM\u00e9xico Sinf\u00f3nico\u201d 2024 - AliadosPuebla<\/title>\n<meta name=\"robots\" content=\"index, follow, max-snippet:-1, max-image-preview:large, max-video-preview:-1\" \/>\n<link rel=\"canonical\" href=\"https:\/\/www.aliadospuebla.com\/?p=96230\" \/>\n<meta property=\"og:locale\" content=\"es_ES\" \/>\n<meta property=\"og:type\" content=\"article\" \/>\n<meta property=\"og:title\" content=\"Anuncia BUAP su espect\u00e1culo \u201cM\u00e9xico Sinf\u00f3nico\u201d 2024 - AliadosPuebla\" \/>\n<meta property=\"og:description\" content=\"A celebrarse el 13 de septiembre con Kika Edgar como invitada especial Con m\u00e1s de 200 artistas en escena de las cinco compa\u00f1\u00edas del Complejo Cultural Universitario (CCU), adem\u00e1s de la presentaci\u00f3n del Mariachi Nacional y la voz de Kika Edgar, para iluminar el escenario, la BUAP celebrar\u00e1 su tradicional concierto \u201cM\u00e9xico Sinf\u00f3nico\u201d 2024 en el auditorio de este recinto, el viernes 13 de septiembre. Este espect\u00e1culo de gran formato, lleno de m\u00fasica, color y patriotismo, tendr\u00e1 este a\u00f1o como invitada especial a la artista Kika Edgar, quien estar\u00e1 presente con el Mariachi Nacional, adem\u00e1s de la gala de las cinco compa\u00f1\u00edas del CCU: el Coro Universitario, la Orquesta Sinf\u00f3nica y las compa\u00f1\u00edas de Danza Contempor\u00e1nea, de Teatro y el Ballet Folkl\u00f3rico. Durante la presentaci\u00f3n&hellip;Leer m\u00e1s...\" \/>\n<meta property=\"og:url\" content=\"https:\/\/www.aliadospuebla.com\/?p=96230\" \/>\n<meta property=\"og:site_name\" content=\"AliadosPuebla\" \/>\n<meta property=\"article:author\" content=\"https:\/\/www.facebook.com\/Aliados17Pue\" \/>\n<meta property=\"article:published_time\" content=\"2024-09-10T17:04:42+00:00\" \/>\n<meta property=\"og:image\" content=\"https:\/\/www.aliadospuebla.com\/web2017\/wp-content\/uploads\/2024\/09\/923.jpg\" \/>\n\t<meta property=\"og:image:width\" content=\"600\" \/>\n\t<meta property=\"og:image:height\" content=\"450\" \/>\n\t<meta property=\"og:image:type\" content=\"image\/jpeg\" \/>\n<meta name=\"author\" content=\"Aliados17\" \/>\n<meta name=\"twitter:card\" content=\"summary_large_image\" \/>\n<meta name=\"twitter:creator\" content=\"@AliadosPuebla\" \/>\n<meta name=\"twitter:label1\" content=\"Escrito por\" \/>\n\t<meta name=\"twitter:data1\" content=\"Aliados17\" \/>\n\t<meta name=\"twitter:label2\" content=\"Tiempo de lectura\" \/>\n\t<meta name=\"twitter:data2\" content=\"2 minutos\" \/>\n<script type=\"application\/ld+json\" class=\"yoast-schema-graph\">{\"@context\":\"https:\\\/\\\/schema.org\",\"@graph\":[{\"@type\":\"Article\",\"@id\":\"https:\\\/\\\/www.aliadospuebla.com\\\/?p=96230#article\",\"isPartOf\":{\"@id\":\"https:\\\/\\\/www.aliadospuebla.com\\\/?p=96230\"},\"author\":{\"name\":\"Aliados17\",\"@id\":\"https:\\\/\\\/www.aliadospuebla.com\\\/#\\\/schema\\\/person\\\/5da7dd09320bd4f392b710017ed5f8ad\"},\"headline\":\"Anuncia BUAP su espect\u00e1culo \u201cM\u00e9xico Sinf\u00f3nico\u201d 2024\",\"datePublished\":\"2024-09-10T17:04:42+00:00\",\"mainEntityOfPage\":{\"@id\":\"https:\\\/\\\/www.aliadospuebla.com\\\/?p=96230\"},\"wordCount\":438,\"commentCount\":0,\"image\":{\"@id\":\"https:\\\/\\\/www.aliadospuebla.com\\\/?p=96230#primaryimage\"},\"thumbnailUrl\":\"https:\\\/\\\/www.aliadospuebla.com\\\/web2017\\\/wp-content\\\/uploads\\\/2024\\\/09\\\/923.jpg\",\"keywords\":[\"BUAP\",\"CCU BUAP\",\"Kika Edgar\",\"M\u00e9xico Sinf\u00f3nico\",\"patriotismo\",\"promover y difundir la cultura\"],\"articleSection\":[\"Universidades\"],\"inLanguage\":\"es\",\"potentialAction\":[{\"@type\":\"CommentAction\",\"name\":\"Comment\",\"target\":[\"https:\\\/\\\/www.aliadospuebla.com\\\/?p=96230#respond\"]}]},{\"@type\":\"WebPage\",\"@id\":\"https:\\\/\\\/www.aliadospuebla.com\\\/?p=96230\",\"url\":\"https:\\\/\\\/www.aliadospuebla.com\\\/?p=96230\",\"name\":\"Anuncia BUAP su espect\u00e1culo \u201cM\u00e9xico Sinf\u00f3nico\u201d 2024 - AliadosPuebla\",\"isPartOf\":{\"@id\":\"https:\\\/\\\/www.aliadospuebla.com\\\/#website\"},\"primaryImageOfPage\":{\"@id\":\"https:\\\/\\\/www.aliadospuebla.com\\\/?p=96230#primaryimage\"},\"image\":{\"@id\":\"https:\\\/\\\/www.aliadospuebla.com\\\/?p=96230#primaryimage\"},\"thumbnailUrl\":\"https:\\\/\\\/www.aliadospuebla.com\\\/web2017\\\/wp-content\\\/uploads\\\/2024\\\/09\\\/923.jpg\",\"datePublished\":\"2024-09-10T17:04:42+00:00\",\"author\":{\"@id\":\"https:\\\/\\\/www.aliadospuebla.com\\\/#\\\/schema\\\/person\\\/5da7dd09320bd4f392b710017ed5f8ad\"},\"breadcrumb\":{\"@id\":\"https:\\\/\\\/www.aliadospuebla.com\\\/?p=96230#breadcrumb\"},\"inLanguage\":\"es\",\"potentialAction\":[{\"@type\":\"ReadAction\",\"target\":[\"https:\\\/\\\/www.aliadospuebla.com\\\/?p=96230\"]}]},{\"@type\":\"ImageObject\",\"inLanguage\":\"es\",\"@id\":\"https:\\\/\\\/www.aliadospuebla.com\\\/?p=96230#primaryimage\",\"url\":\"https:\\\/\\\/www.aliadospuebla.com\\\/web2017\\\/wp-content\\\/uploads\\\/2024\\\/09\\\/923.jpg\",\"contentUrl\":\"https:\\\/\\\/www.aliadospuebla.com\\\/web2017\\\/wp-content\\\/uploads\\\/2024\\\/09\\\/923.jpg\",\"width\":600,\"height\":450},{\"@type\":\"BreadcrumbList\",\"@id\":\"https:\\\/\\\/www.aliadospuebla.com\\\/?p=96230#breadcrumb\",\"itemListElement\":[{\"@type\":\"ListItem\",\"position\":1,\"name\":\"Portada\",\"item\":\"https:\\\/\\\/www.aliadospuebla.com\\\/\"},{\"@type\":\"ListItem\",\"position\":2,\"name\":\"Anuncia BUAP su espect\u00e1culo \u201cM\u00e9xico Sinf\u00f3nico\u201d 2024\"}]},{\"@type\":\"WebSite\",\"@id\":\"https:\\\/\\\/www.aliadospuebla.com\\\/#website\",\"url\":\"https:\\\/\\\/www.aliadospuebla.com\\\/\",\"name\":\"AliadosPuebla\",\"description\":\"La informaci\u00f3n en tus manos\",\"potentialAction\":[{\"@type\":\"SearchAction\",\"target\":{\"@type\":\"EntryPoint\",\"urlTemplate\":\"https:\\\/\\\/www.aliadospuebla.com\\\/?s={search_term_string}\"},\"query-input\":{\"@type\":\"PropertyValueSpecification\",\"valueRequired\":true,\"valueName\":\"search_term_string\"}}],\"inLanguage\":\"es\"},{\"@type\":\"Person\",\"@id\":\"https:\\\/\\\/www.aliadospuebla.com\\\/#\\\/schema\\\/person\\\/5da7dd09320bd4f392b710017ed5f8ad\",\"name\":\"Aliados17\",\"image\":{\"@type\":\"ImageObject\",\"inLanguage\":\"es\",\"@id\":\"https:\\\/\\\/www.aliadospuebla.com\\\/web2017\\\/wp-content\\\/uploads\\\/2025\\\/03\\\/cropped-para-perfil-8-anos-1-96x96.jpg\",\"url\":\"https:\\\/\\\/www.aliadospuebla.com\\\/web2017\\\/wp-content\\\/uploads\\\/2025\\\/03\\\/cropped-para-perfil-8-anos-1-96x96.jpg\",\"contentUrl\":\"https:\\\/\\\/www.aliadospuebla.com\\\/web2017\\\/wp-content\\\/uploads\\\/2025\\\/03\\\/cropped-para-perfil-8-anos-1-96x96.jpg\",\"caption\":\"Aliados17\"},\"sameAs\":[\"https:\\\/\\\/www.aliados17.com\",\"https:\\\/\\\/www.facebook.com\\\/Aliados17Pue\",\"https:\\\/\\\/x.com\\\/AliadosPuebla\"],\"url\":\"https:\\\/\\\/www.aliadospuebla.com\\\/?author=2\"}]}<\/script>\n<!-- \/ Yoast SEO plugin. -->","yoast_head_json":{"title":"Anuncia BUAP su espect\u00e1culo \u201cM\u00e9xico Sinf\u00f3nico\u201d 2024 - AliadosPuebla","robots":{"index":"index","follow":"follow","max-snippet":"max-snippet:-1","max-image-preview":"max-image-preview:large","max-video-preview":"max-video-preview:-1"},"canonical":"https:\/\/www.aliadospuebla.com\/?p=96230","og_locale":"es_ES","og_type":"article","og_title":"Anuncia BUAP su espect\u00e1culo \u201cM\u00e9xico Sinf\u00f3nico\u201d 2024 - AliadosPuebla","og_description":"A celebrarse el 13 de septiembre con Kika Edgar como invitada especial Con m\u00e1s de 200 artistas en escena de las cinco compa\u00f1\u00edas del Complejo Cultural Universitario (CCU), adem\u00e1s de la presentaci\u00f3n del Mariachi Nacional y la voz de Kika Edgar, para iluminar el escenario, la BUAP celebrar\u00e1 su tradicional concierto \u201cM\u00e9xico Sinf\u00f3nico\u201d 2024 en el auditorio de este recinto, el viernes 13 de septiembre. Este espect\u00e1culo de gran formato, lleno de m\u00fasica, color y patriotismo, tendr\u00e1 este a\u00f1o como invitada especial a la artista Kika Edgar, quien estar\u00e1 presente con el Mariachi Nacional, adem\u00e1s de la gala de las cinco compa\u00f1\u00edas del CCU: el Coro Universitario, la Orquesta Sinf\u00f3nica y las compa\u00f1\u00edas de Danza Contempor\u00e1nea, de Teatro y el Ballet Folkl\u00f3rico. Durante la presentaci\u00f3n&hellip;Leer m\u00e1s...","og_url":"https:\/\/www.aliadospuebla.com\/?p=96230","og_site_name":"AliadosPuebla","article_author":"https:\/\/www.facebook.com\/Aliados17Pue","article_published_time":"2024-09-10T17:04:42+00:00","og_image":[{"width":600,"height":450,"url":"https:\/\/www.aliadospuebla.com\/web2017\/wp-content\/uploads\/2024\/09\/923.jpg","type":"image\/jpeg"}],"author":"Aliados17","twitter_card":"summary_large_image","twitter_creator":"@AliadosPuebla","twitter_misc":{"Escrito por":"Aliados17","Tiempo de lectura":"2 minutos"},"schema":{"@context":"https:\/\/schema.org","@graph":[{"@type":"Article","@id":"https:\/\/www.aliadospuebla.com\/?p=96230#article","isPartOf":{"@id":"https:\/\/www.aliadospuebla.com\/?p=96230"},"author":{"name":"Aliados17","@id":"https:\/\/www.aliadospuebla.com\/#\/schema\/person\/5da7dd09320bd4f392b710017ed5f8ad"},"headline":"Anuncia BUAP su espect\u00e1culo \u201cM\u00e9xico Sinf\u00f3nico\u201d 2024","datePublished":"2024-09-10T17:04:42+00:00","mainEntityOfPage":{"@id":"https:\/\/www.aliadospuebla.com\/?p=96230"},"wordCount":438,"commentCount":0,"image":{"@id":"https:\/\/www.aliadospuebla.com\/?p=96230#primaryimage"},"thumbnailUrl":"https:\/\/www.aliadospuebla.com\/web2017\/wp-content\/uploads\/2024\/09\/923.jpg","keywords":["BUAP","CCU BUAP","Kika Edgar","M\u00e9xico Sinf\u00f3nico","patriotismo","promover y difundir la cultura"],"articleSection":["Universidades"],"inLanguage":"es","potentialAction":[{"@type":"CommentAction","name":"Comment","target":["https:\/\/www.aliadospuebla.com\/?p=96230#respond"]}]},{"@type":"WebPage","@id":"https:\/\/www.aliadospuebla.com\/?p=96230","url":"https:\/\/www.aliadospuebla.com\/?p=96230","name":"Anuncia BUAP su espect\u00e1culo \u201cM\u00e9xico Sinf\u00f3nico\u201d 2024 - AliadosPuebla","isPartOf":{"@id":"https:\/\/www.aliadospuebla.com\/#website"},"primaryImageOfPage":{"@id":"https:\/\/www.aliadospuebla.com\/?p=96230#primaryimage"},"image":{"@id":"https:\/\/www.aliadospuebla.com\/?p=96230#primaryimage"},"thumbnailUrl":"https:\/\/www.aliadospuebla.com\/web2017\/wp-content\/uploads\/2024\/09\/923.jpg","datePublished":"2024-09-10T17:04:42+00:00","author":{"@id":"https:\/\/www.aliadospuebla.com\/#\/schema\/person\/5da7dd09320bd4f392b710017ed5f8ad"},"breadcrumb":{"@id":"https:\/\/www.aliadospuebla.com\/?p=96230#breadcrumb"},"inLanguage":"es","potentialAction":[{"@type":"ReadAction","target":["https:\/\/www.aliadospuebla.com\/?p=96230"]}]},{"@type":"ImageObject","inLanguage":"es","@id":"https:\/\/www.aliadospuebla.com\/?p=96230#primaryimage","url":"https:\/\/www.aliadospuebla.com\/web2017\/wp-content\/uploads\/2024\/09\/923.jpg","contentUrl":"https:\/\/www.aliadospuebla.com\/web2017\/wp-content\/uploads\/2024\/09\/923.jpg","width":600,"height":450},{"@type":"BreadcrumbList","@id":"https:\/\/www.aliadospuebla.com\/?p=96230#breadcrumb","itemListElement":[{"@type":"ListItem","position":1,"name":"Portada","item":"https:\/\/www.aliadospuebla.com\/"},{"@type":"ListItem","position":2,"name":"Anuncia BUAP su espect\u00e1culo \u201cM\u00e9xico Sinf\u00f3nico\u201d 2024"}]},{"@type":"WebSite","@id":"https:\/\/www.aliadospuebla.com\/#website","url":"https:\/\/www.aliadospuebla.com\/","name":"AliadosPuebla","description":"La informaci\u00f3n en tus manos","potentialAction":[{"@type":"SearchAction","target":{"@type":"EntryPoint","urlTemplate":"https:\/\/www.aliadospuebla.com\/?s={search_term_string}"},"query-input":{"@type":"PropertyValueSpecification","valueRequired":true,"valueName":"search_term_string"}}],"inLanguage":"es"},{"@type":"Person","@id":"https:\/\/www.aliadospuebla.com\/#\/schema\/person\/5da7dd09320bd4f392b710017ed5f8ad","name":"Aliados17","image":{"@type":"ImageObject","inLanguage":"es","@id":"https:\/\/www.aliadospuebla.com\/web2017\/wp-content\/uploads\/2025\/03\/cropped-para-perfil-8-anos-1-96x96.jpg","url":"https:\/\/www.aliadospuebla.com\/web2017\/wp-content\/uploads\/2025\/03\/cropped-para-perfil-8-anos-1-96x96.jpg","contentUrl":"https:\/\/www.aliadospuebla.com\/web2017\/wp-content\/uploads\/2025\/03\/cropped-para-perfil-8-anos-1-96x96.jpg","caption":"Aliados17"},"sameAs":["https:\/\/www.aliados17.com","https:\/\/www.facebook.com\/Aliados17Pue","https:\/\/x.com\/AliadosPuebla"],"url":"https:\/\/www.aliadospuebla.com\/?author=2"}]}},"views":9,"_links":{"self":[{"href":"https:\/\/www.aliadospuebla.com\/index.php?rest_route=\/wp\/v2\/posts\/96230","targetHints":{"allow":["GET"]}}],"collection":[{"href":"https:\/\/www.aliadospuebla.com\/index.php?rest_route=\/wp\/v2\/posts"}],"about":[{"href":"https:\/\/www.aliadospuebla.com\/index.php?rest_route=\/wp\/v2\/types\/post"}],"author":[{"embeddable":true,"href":"https:\/\/www.aliadospuebla.com\/index.php?rest_route=\/wp\/v2\/users\/2"}],"replies":[{"embeddable":true,"href":"https:\/\/www.aliadospuebla.com\/index.php?rest_route=%2Fwp%2Fv2%2Fcomments&post=96230"}],"version-history":[{"count":1,"href":"https:\/\/www.aliadospuebla.com\/index.php?rest_route=\/wp\/v2\/posts\/96230\/revisions"}],"predecessor-version":[{"id":96232,"href":"https:\/\/www.aliadospuebla.com\/index.php?rest_route=\/wp\/v2\/posts\/96230\/revisions\/96232"}],"wp:featuredmedia":[{"embeddable":true,"href":"https:\/\/www.aliadospuebla.com\/index.php?rest_route=\/wp\/v2\/media\/96231"}],"wp:attachment":[{"href":"https:\/\/www.aliadospuebla.com\/index.php?rest_route=%2Fwp%2Fv2%2Fmedia&parent=96230"}],"wp:term":[{"taxonomy":"category","embeddable":true,"href":"https:\/\/www.aliadospuebla.com\/index.php?rest_route=%2Fwp%2Fv2%2Fcategories&post=96230"},{"taxonomy":"post_tag","embeddable":true,"href":"https:\/\/www.aliadospuebla.com\/index.php?rest_route=%2Fwp%2Fv2%2Ftags&post=96230"}],"curies":[{"name":"wp","href":"https:\/\/api.w.org\/{rel}","templated":true}]}}