{"id":96004,"date":"2024-09-02T18:54:39","date_gmt":"2024-09-03T00:54:39","guid":{"rendered":"https:\/\/www.aliados17.com\/?p=96004"},"modified":"2024-09-02T18:54:39","modified_gmt":"2024-09-03T00:54:39","slug":"con-empresas-formales-y-capacitadas-mexico-crece-vargas-constantini","status":"publish","type":"post","link":"https:\/\/www.aliadospuebla.com\/?p=96004","title":{"rendered":"Con empresas formales y capacitadas M\u00e9xico crece: Vargas Constantini"},"content":{"rendered":"<h4>CMIC Puebla recibe al Delegado de PRODECON.<\/h4>\n<p>-PRODECON ofrece beneficios y servicios de asesor\u00eda.<br \/>\nEn un evento significativo y participativo por parte de la comunidad<\/p>\n<p>del sector de la construcci\u00f3n de Puebla, el delegado de la Procuradur\u00eda<\/p>\n<p>de la Defensa del Contribuyente (PRODECON), Manuel Aguilera Vital,<\/p>\n<p>se reuni\u00f3 con afiliados de la C\u00e1mara Mexicana de la Industria de la<br \/>\nConstrucci\u00f3n encabezados por el presidente Gustavo David Vargas<br \/>\nConstantini.<br \/>\nEl prop\u00f3sito del encuentro fue informar sobre los beneficios y servicios<br \/>\nque PRODECON ofrece a los contribuyentes, as\u00ed como la importancia<br \/>\nde contar con asesor\u00eda especializada en temas fiscales.<br \/>\nEl presidente de la C\u00e1mara Mexicana de la Industria de la Construcci\u00f3n<br \/>\nde Puebla, Gustavo David Vargas Constantini resalt\u00f3 que la<br \/>\nPRODECON es un aliado estrat\u00e9gico que orienta y defiende a las<br \/>\nempresas, aspecto que adquiere mayor importancia cuando en el sector<br \/>\nde la construcci\u00f3n se ejecutan proyectos que impactan la econom\u00eda y<br \/>\nse generan empleos.<br \/>\nVargas Constantini abund\u00f3 al se\u00f1alar que la PRODECON trabaja para<br \/>\nasegurar que los derechos de los contribuyentes sean respetados y que<br \/>\nse eviten abusos, empoderando al sector promoviendo una cultura de<br \/>\nemprendimiento y responsabilidad.<\/p>\n<h4>Durante su intervenci\u00f3n, el delegado Manuel Aguilera Vital destac\u00f3 que<br \/>\nPRODECON es una instituci\u00f3n comprometida con la defensa de los<br \/>\nderechos de los contribuyentes, brindando apoyo y orientaci\u00f3n en<br \/>\nprocesos fiscales.<\/h4>\n<p>El delegado tambi\u00e9n explic\u00f3 los diversos servicios que PRODECON<br \/>\nofrece, incluyendo la asesor\u00eda en auditor\u00edas, la defensa en casos de<br \/>\ncontroversias fiscales, y la promoci\u00f3n de un di\u00e1logo constructivo entre<br \/>\ncontribuyentes y autoridades fiscales.<br \/>\nLos afiliados de la CMIC Puebla mostraron gran inter\u00e9s en los temas<br \/>\ntratados y se gener\u00f3 un espacio de di\u00e1logo en el que se abordaron<br \/>\npreocupaciones espec\u00edficas sobre la carga fiscal y los procesos<br \/>\nadministrativos fiscales.<br \/>\nLa reuni\u00f3n concluy\u00f3 con un llamado para fortalecer la colaboraci\u00f3n<br \/>\nentre PRODECON y la CMIC Puebla, con el objetivo de ofrecer un mejor<br \/>\nacompa\u00f1amiento a los empresarios del sector de la construcci\u00f3n.<\/p>\n","protected":false},"excerpt":{"rendered":"<p>CMIC Puebla recibe al Delegado de PRODECON. -PRODECON ofrece beneficios y servicios de asesor\u00eda. En un evento significativo y participativo por parte de la comunidad del sector de la construcci\u00f3n de Puebla, el delegado de la Procuradur\u00eda de la Defensa del Contribuyente (PRODECON), Manuel Aguilera Vital, se reuni\u00f3 con afiliados de la C\u00e1mara Mexicana de la Industria de la Construcci\u00f3n encabezados por el presidente Gustavo David Vargas Constantini. El prop\u00f3sito del encuentro fue informar sobre los beneficios y servicios que PRODECON ofrece a los contribuyentes, as\u00ed como la importancia de contar con asesor\u00eda especializada en temas fiscales. El presidente de la C\u00e1mara Mexicana de la Industria de la Construcci\u00f3n de Puebla, Gustavo David Vargas Constantini resalt\u00f3 que la PRODECON es un aliado estrat\u00e9gico que orienta&hellip;<\/p>\n<p class=\"excerpt-more\"><a class=\"blog-excerpt button\" href=\"https:\/\/www.aliadospuebla.com\/?p=96004\">Leer m\u00e1s&#8230;<\/a><\/p>\n","protected":false},"author":2,"featured_media":96005,"comment_status":"open","ping_status":"open","sticky":false,"template":"","format":"standard","meta":{"_monsterinsights_skip_tracking":false,"footnotes":""},"categories":[11],"tags":[1319,450,21215,22985,23883,11876],"class_list":["post-96004","post","type-post","status-publish","format-standard","has-post-thumbnail","hentry","category-economia","tag-cmic","tag-contribuyentes","tag-dialogo-constructivo","tag-gustavo-david-vargas-constantini","tag-manuel-aguilera-vital","tag-prodecon"],"yoast_head":"<!-- This site is optimized with the Yoast SEO plugin v28.3 - https:\/\/yoast.com\/product\/yoast-seo-wordpress\/ -->\n<title>Con empresas formales y capacitadas M\u00e9xico crece: Vargas Constantini - AliadosPuebla<\/title>\n<meta name=\"robots\" content=\"index, follow, max-snippet:-1, max-image-preview:large, max-video-preview:-1\" \/>\n<link rel=\"canonical\" href=\"https:\/\/www.aliadospuebla.com\/?p=96004\" \/>\n<meta property=\"og:locale\" content=\"es_ES\" \/>\n<meta property=\"og:type\" content=\"article\" \/>\n<meta property=\"og:title\" content=\"Con empresas formales y capacitadas M\u00e9xico crece: Vargas Constantini - AliadosPuebla\" \/>\n<meta property=\"og:description\" content=\"CMIC Puebla recibe al Delegado de PRODECON. -PRODECON ofrece beneficios y servicios de asesor\u00eda. En un evento significativo y participativo por parte de la comunidad del sector de la construcci\u00f3n de Puebla, el delegado de la Procuradur\u00eda de la Defensa del Contribuyente (PRODECON), Manuel Aguilera Vital, se reuni\u00f3 con afiliados de la C\u00e1mara Mexicana de la Industria de la Construcci\u00f3n encabezados por el presidente Gustavo David Vargas Constantini. El prop\u00f3sito del encuentro fue informar sobre los beneficios y servicios que PRODECON ofrece a los contribuyentes, as\u00ed como la importancia de contar con asesor\u00eda especializada en temas fiscales. El presidente de la C\u00e1mara Mexicana de la Industria de la Construcci\u00f3n de Puebla, Gustavo David Vargas Constantini resalt\u00f3 que la PRODECON es un aliado estrat\u00e9gico que orienta&hellip;Leer m\u00e1s...\" \/>\n<meta property=\"og:url\" content=\"https:\/\/www.aliadospuebla.com\/?p=96004\" \/>\n<meta property=\"og:site_name\" content=\"AliadosPuebla\" \/>\n<meta property=\"article:author\" content=\"https:\/\/www.facebook.com\/Aliados17Pue\" \/>\n<meta property=\"article:published_time\" content=\"2024-09-03T00:54:39+00:00\" \/>\n<meta property=\"og:image\" content=\"https:\/\/www.aliadospuebla.com\/web2017\/wp-content\/uploads\/2024\/09\/855.jpg\" \/>\n\t<meta property=\"og:image:width\" content=\"600\" \/>\n\t<meta property=\"og:image:height\" content=\"450\" \/>\n\t<meta property=\"og:image:type\" content=\"image\/jpeg\" \/>\n<meta name=\"author\" content=\"Aliados17\" \/>\n<meta name=\"twitter:card\" content=\"summary_large_image\" \/>\n<meta name=\"twitter:creator\" content=\"@AliadosPuebla\" \/>\n<meta name=\"twitter:label1\" content=\"Escrito por\" \/>\n\t<meta name=\"twitter:data1\" content=\"Aliados17\" \/>\n\t<meta name=\"twitter:label2\" content=\"Tiempo de lectura\" \/>\n\t<meta name=\"twitter:data2\" content=\"2 minutos\" \/>\n<script type=\"application\/ld+json\" class=\"yoast-schema-graph\">{\"@context\":\"https:\\\/\\\/schema.org\",\"@graph\":[{\"@type\":\"Article\",\"@id\":\"https:\\\/\\\/www.aliadospuebla.com\\\/?p=96004#article\",\"isPartOf\":{\"@id\":\"https:\\\/\\\/www.aliadospuebla.com\\\/?p=96004\"},\"author\":{\"name\":\"Aliados17\",\"@id\":\"https:\\\/\\\/www.aliadospuebla.com\\\/#\\\/schema\\\/person\\\/5da7dd09320bd4f392b710017ed5f8ad\"},\"headline\":\"Con empresas formales y capacitadas M\u00e9xico crece: Vargas Constantini\",\"datePublished\":\"2024-09-03T00:54:39+00:00\",\"mainEntityOfPage\":{\"@id\":\"https:\\\/\\\/www.aliadospuebla.com\\\/?p=96004\"},\"wordCount\":358,\"commentCount\":0,\"image\":{\"@id\":\"https:\\\/\\\/www.aliadospuebla.com\\\/?p=96004#primaryimage\"},\"thumbnailUrl\":\"https:\\\/\\\/www.aliadospuebla.com\\\/web2017\\\/wp-content\\\/uploads\\\/2024\\\/09\\\/855.jpg\",\"keywords\":[\"CMIC\",\"CONTRIBUYENTES\",\"di\u00e1logo constructivo\",\"Gustavo David Vargas Constantini\",\"Manuel Aguilera Vital\",\"Prodecon\"],\"articleSection\":[\"Econom\u00eda\"],\"inLanguage\":\"es\",\"potentialAction\":[{\"@type\":\"CommentAction\",\"name\":\"Comment\",\"target\":[\"https:\\\/\\\/www.aliadospuebla.com\\\/?p=96004#respond\"]}]},{\"@type\":\"WebPage\",\"@id\":\"https:\\\/\\\/www.aliadospuebla.com\\\/?p=96004\",\"url\":\"https:\\\/\\\/www.aliadospuebla.com\\\/?p=96004\",\"name\":\"Con empresas formales y capacitadas M\u00e9xico crece: Vargas Constantini - AliadosPuebla\",\"isPartOf\":{\"@id\":\"https:\\\/\\\/www.aliadospuebla.com\\\/#website\"},\"primaryImageOfPage\":{\"@id\":\"https:\\\/\\\/www.aliadospuebla.com\\\/?p=96004#primaryimage\"},\"image\":{\"@id\":\"https:\\\/\\\/www.aliadospuebla.com\\\/?p=96004#primaryimage\"},\"thumbnailUrl\":\"https:\\\/\\\/www.aliadospuebla.com\\\/web2017\\\/wp-content\\\/uploads\\\/2024\\\/09\\\/855.jpg\",\"datePublished\":\"2024-09-03T00:54:39+00:00\",\"author\":{\"@id\":\"https:\\\/\\\/www.aliadospuebla.com\\\/#\\\/schema\\\/person\\\/5da7dd09320bd4f392b710017ed5f8ad\"},\"breadcrumb\":{\"@id\":\"https:\\\/\\\/www.aliadospuebla.com\\\/?p=96004#breadcrumb\"},\"inLanguage\":\"es\",\"potentialAction\":[{\"@type\":\"ReadAction\",\"target\":[\"https:\\\/\\\/www.aliadospuebla.com\\\/?p=96004\"]}]},{\"@type\":\"ImageObject\",\"inLanguage\":\"es\",\"@id\":\"https:\\\/\\\/www.aliadospuebla.com\\\/?p=96004#primaryimage\",\"url\":\"https:\\\/\\\/www.aliadospuebla.com\\\/web2017\\\/wp-content\\\/uploads\\\/2024\\\/09\\\/855.jpg\",\"contentUrl\":\"https:\\\/\\\/www.aliadospuebla.com\\\/web2017\\\/wp-content\\\/uploads\\\/2024\\\/09\\\/855.jpg\",\"width\":600,\"height\":450},{\"@type\":\"BreadcrumbList\",\"@id\":\"https:\\\/\\\/www.aliadospuebla.com\\\/?p=96004#breadcrumb\",\"itemListElement\":[{\"@type\":\"ListItem\",\"position\":1,\"name\":\"Portada\",\"item\":\"https:\\\/\\\/www.aliadospuebla.com\\\/\"},{\"@type\":\"ListItem\",\"position\":2,\"name\":\"Con empresas formales y capacitadas M\u00e9xico crece: Vargas Constantini\"}]},{\"@type\":\"WebSite\",\"@id\":\"https:\\\/\\\/www.aliadospuebla.com\\\/#website\",\"url\":\"https:\\\/\\\/www.aliadospuebla.com\\\/\",\"name\":\"AliadosPuebla\",\"description\":\"La informaci\u00f3n en tus manos\",\"potentialAction\":[{\"@type\":\"SearchAction\",\"target\":{\"@type\":\"EntryPoint\",\"urlTemplate\":\"https:\\\/\\\/www.aliadospuebla.com\\\/?s={search_term_string}\"},\"query-input\":{\"@type\":\"PropertyValueSpecification\",\"valueRequired\":true,\"valueName\":\"search_term_string\"}}],\"inLanguage\":\"es\"},{\"@type\":\"Person\",\"@id\":\"https:\\\/\\\/www.aliadospuebla.com\\\/#\\\/schema\\\/person\\\/5da7dd09320bd4f392b710017ed5f8ad\",\"name\":\"Aliados17\",\"image\":{\"@type\":\"ImageObject\",\"inLanguage\":\"es\",\"@id\":\"https:\\\/\\\/www.aliadospuebla.com\\\/web2017\\\/wp-content\\\/uploads\\\/2025\\\/03\\\/cropped-para-perfil-8-anos-1-96x96.jpg\",\"url\":\"https:\\\/\\\/www.aliadospuebla.com\\\/web2017\\\/wp-content\\\/uploads\\\/2025\\\/03\\\/cropped-para-perfil-8-anos-1-96x96.jpg\",\"contentUrl\":\"https:\\\/\\\/www.aliadospuebla.com\\\/web2017\\\/wp-content\\\/uploads\\\/2025\\\/03\\\/cropped-para-perfil-8-anos-1-96x96.jpg\",\"caption\":\"Aliados17\"},\"sameAs\":[\"https:\\\/\\\/www.aliados17.com\",\"https:\\\/\\\/www.facebook.com\\\/Aliados17Pue\",\"https:\\\/\\\/x.com\\\/AliadosPuebla\"],\"url\":\"https:\\\/\\\/www.aliadospuebla.com\\\/?author=2\"}]}<\/script>\n<!-- \/ Yoast SEO plugin. -->","yoast_head_json":{"title":"Con empresas formales y capacitadas M\u00e9xico crece: Vargas Constantini - AliadosPuebla","robots":{"index":"index","follow":"follow","max-snippet":"max-snippet:-1","max-image-preview":"max-image-preview:large","max-video-preview":"max-video-preview:-1"},"canonical":"https:\/\/www.aliadospuebla.com\/?p=96004","og_locale":"es_ES","og_type":"article","og_title":"Con empresas formales y capacitadas M\u00e9xico crece: Vargas Constantini - AliadosPuebla","og_description":"CMIC Puebla recibe al Delegado de PRODECON. -PRODECON ofrece beneficios y servicios de asesor\u00eda. En un evento significativo y participativo por parte de la comunidad del sector de la construcci\u00f3n de Puebla, el delegado de la Procuradur\u00eda de la Defensa del Contribuyente (PRODECON), Manuel Aguilera Vital, se reuni\u00f3 con afiliados de la C\u00e1mara Mexicana de la Industria de la Construcci\u00f3n encabezados por el presidente Gustavo David Vargas Constantini. El prop\u00f3sito del encuentro fue informar sobre los beneficios y servicios que PRODECON ofrece a los contribuyentes, as\u00ed como la importancia de contar con asesor\u00eda especializada en temas fiscales. El presidente de la C\u00e1mara Mexicana de la Industria de la Construcci\u00f3n de Puebla, Gustavo David Vargas Constantini resalt\u00f3 que la PRODECON es un aliado estrat\u00e9gico que orienta&hellip;Leer m\u00e1s...","og_url":"https:\/\/www.aliadospuebla.com\/?p=96004","og_site_name":"AliadosPuebla","article_author":"https:\/\/www.facebook.com\/Aliados17Pue","article_published_time":"2024-09-03T00:54:39+00:00","og_image":[{"width":600,"height":450,"url":"https:\/\/www.aliadospuebla.com\/web2017\/wp-content\/uploads\/2024\/09\/855.jpg","type":"image\/jpeg"}],"author":"Aliados17","twitter_card":"summary_large_image","twitter_creator":"@AliadosPuebla","twitter_misc":{"Escrito por":"Aliados17","Tiempo de lectura":"2 minutos"},"schema":{"@context":"https:\/\/schema.org","@graph":[{"@type":"Article","@id":"https:\/\/www.aliadospuebla.com\/?p=96004#article","isPartOf":{"@id":"https:\/\/www.aliadospuebla.com\/?p=96004"},"author":{"name":"Aliados17","@id":"https:\/\/www.aliadospuebla.com\/#\/schema\/person\/5da7dd09320bd4f392b710017ed5f8ad"},"headline":"Con empresas formales y capacitadas M\u00e9xico crece: Vargas Constantini","datePublished":"2024-09-03T00:54:39+00:00","mainEntityOfPage":{"@id":"https:\/\/www.aliadospuebla.com\/?p=96004"},"wordCount":358,"commentCount":0,"image":{"@id":"https:\/\/www.aliadospuebla.com\/?p=96004#primaryimage"},"thumbnailUrl":"https:\/\/www.aliadospuebla.com\/web2017\/wp-content\/uploads\/2024\/09\/855.jpg","keywords":["CMIC","CONTRIBUYENTES","di\u00e1logo constructivo","Gustavo David Vargas Constantini","Manuel Aguilera Vital","Prodecon"],"articleSection":["Econom\u00eda"],"inLanguage":"es","potentialAction":[{"@type":"CommentAction","name":"Comment","target":["https:\/\/www.aliadospuebla.com\/?p=96004#respond"]}]},{"@type":"WebPage","@id":"https:\/\/www.aliadospuebla.com\/?p=96004","url":"https:\/\/www.aliadospuebla.com\/?p=96004","name":"Con empresas formales y capacitadas M\u00e9xico crece: Vargas Constantini - AliadosPuebla","isPartOf":{"@id":"https:\/\/www.aliadospuebla.com\/#website"},"primaryImageOfPage":{"@id":"https:\/\/www.aliadospuebla.com\/?p=96004#primaryimage"},"image":{"@id":"https:\/\/www.aliadospuebla.com\/?p=96004#primaryimage"},"thumbnailUrl":"https:\/\/www.aliadospuebla.com\/web2017\/wp-content\/uploads\/2024\/09\/855.jpg","datePublished":"2024-09-03T00:54:39+00:00","author":{"@id":"https:\/\/www.aliadospuebla.com\/#\/schema\/person\/5da7dd09320bd4f392b710017ed5f8ad"},"breadcrumb":{"@id":"https:\/\/www.aliadospuebla.com\/?p=96004#breadcrumb"},"inLanguage":"es","potentialAction":[{"@type":"ReadAction","target":["https:\/\/www.aliadospuebla.com\/?p=96004"]}]},{"@type":"ImageObject","inLanguage":"es","@id":"https:\/\/www.aliadospuebla.com\/?p=96004#primaryimage","url":"https:\/\/www.aliadospuebla.com\/web2017\/wp-content\/uploads\/2024\/09\/855.jpg","contentUrl":"https:\/\/www.aliadospuebla.com\/web2017\/wp-content\/uploads\/2024\/09\/855.jpg","width":600,"height":450},{"@type":"BreadcrumbList","@id":"https:\/\/www.aliadospuebla.com\/?p=96004#breadcrumb","itemListElement":[{"@type":"ListItem","position":1,"name":"Portada","item":"https:\/\/www.aliadospuebla.com\/"},{"@type":"ListItem","position":2,"name":"Con empresas formales y capacitadas M\u00e9xico crece: Vargas Constantini"}]},{"@type":"WebSite","@id":"https:\/\/www.aliadospuebla.com\/#website","url":"https:\/\/www.aliadospuebla.com\/","name":"AliadosPuebla","description":"La informaci\u00f3n en tus manos","potentialAction":[{"@type":"SearchAction","target":{"@type":"EntryPoint","urlTemplate":"https:\/\/www.aliadospuebla.com\/?s={search_term_string}"},"query-input":{"@type":"PropertyValueSpecification","valueRequired":true,"valueName":"search_term_string"}}],"inLanguage":"es"},{"@type":"Person","@id":"https:\/\/www.aliadospuebla.com\/#\/schema\/person\/5da7dd09320bd4f392b710017ed5f8ad","name":"Aliados17","image":{"@type":"ImageObject","inLanguage":"es","@id":"https:\/\/www.aliadospuebla.com\/web2017\/wp-content\/uploads\/2025\/03\/cropped-para-perfil-8-anos-1-96x96.jpg","url":"https:\/\/www.aliadospuebla.com\/web2017\/wp-content\/uploads\/2025\/03\/cropped-para-perfil-8-anos-1-96x96.jpg","contentUrl":"https:\/\/www.aliadospuebla.com\/web2017\/wp-content\/uploads\/2025\/03\/cropped-para-perfil-8-anos-1-96x96.jpg","caption":"Aliados17"},"sameAs":["https:\/\/www.aliados17.com","https:\/\/www.facebook.com\/Aliados17Pue","https:\/\/x.com\/AliadosPuebla"],"url":"https:\/\/www.aliadospuebla.com\/?author=2"}]}},"views":11,"_links":{"self":[{"href":"https:\/\/www.aliadospuebla.com\/index.php?rest_route=\/wp\/v2\/posts\/96004","targetHints":{"allow":["GET"]}}],"collection":[{"href":"https:\/\/www.aliadospuebla.com\/index.php?rest_route=\/wp\/v2\/posts"}],"about":[{"href":"https:\/\/www.aliadospuebla.com\/index.php?rest_route=\/wp\/v2\/types\/post"}],"author":[{"embeddable":true,"href":"https:\/\/www.aliadospuebla.com\/index.php?rest_route=\/wp\/v2\/users\/2"}],"replies":[{"embeddable":true,"href":"https:\/\/www.aliadospuebla.com\/index.php?rest_route=%2Fwp%2Fv2%2Fcomments&post=96004"}],"version-history":[{"count":1,"href":"https:\/\/www.aliadospuebla.com\/index.php?rest_route=\/wp\/v2\/posts\/96004\/revisions"}],"predecessor-version":[{"id":96006,"href":"https:\/\/www.aliadospuebla.com\/index.php?rest_route=\/wp\/v2\/posts\/96004\/revisions\/96006"}],"wp:featuredmedia":[{"embeddable":true,"href":"https:\/\/www.aliadospuebla.com\/index.php?rest_route=\/wp\/v2\/media\/96005"}],"wp:attachment":[{"href":"https:\/\/www.aliadospuebla.com\/index.php?rest_route=%2Fwp%2Fv2%2Fmedia&parent=96004"}],"wp:term":[{"taxonomy":"category","embeddable":true,"href":"https:\/\/www.aliadospuebla.com\/index.php?rest_route=%2Fwp%2Fv2%2Fcategories&post=96004"},{"taxonomy":"post_tag","embeddable":true,"href":"https:\/\/www.aliadospuebla.com\/index.php?rest_route=%2Fwp%2Fv2%2Ftags&post=96004"}],"curies":[{"name":"wp","href":"https:\/\/api.w.org\/{rel}","templated":true}]}}