{"id":95931,"date":"2024-08-31T12:08:29","date_gmt":"2024-08-31T18:08:29","guid":{"rendered":"https:\/\/www.aliados17.com\/?p=95931"},"modified":"2024-08-31T12:08:29","modified_gmt":"2024-08-31T18:08:29","slug":"grupo-educativo-tecnologico-de-monterrey-firma-renovacion-de-convenio-con-volkswagen","status":"publish","type":"post","link":"https:\/\/www.aliadospuebla.com\/?p=95931","title":{"rendered":"Grupo Educativo Tecnol\u00f3gico de Monterrey firma renovaci\u00f3n de convenio con Volkswagen"},"content":{"rendered":"<p>Puebla, Puebla, a 30 de agosto de 2024.- El Grupo Educativo Tecnol\u00f3gico de Monterrey firm\u00f3 hoy una renovaci\u00f3n de convenio estrat\u00e9gico con la empresa automotriz Volkswagen en el Lobby del Centro Estudiantil del Tecnol\u00f3gico de Monterrey campus Puebla.<br \/>\nEn la ceremonia estuvieron presentes:<\/p>\n<p>\u2022 Viviana Ortiz Meill\u00f3n: directora del Tecnol\u00f3gico de Monterrey campus Puebla.<\/p>\n<p>\u2022 Joerg Asmuth: director de Recursos Humanos Diversidad y Cultura en Volskwagen<\/p>\n<p>M\u00e9xico.<\/p>\n<p>\u2022 Pamela Castellanos: gerente de Gesti\u00f3n de Talento y Diversidad en Volkswagen<\/p>\n<p>M\u00e9xico.<\/p>\n<p>\u2022 Alejandro Linas D\u00edaz: director general Tec Milenio campus Puebla.<\/p>\n<p>\u2022 Jorge Antonio Reyes Avenda\u00f1o: director de divisi\u00f3n Escuela de Ingenier\u00eda y<\/p>\n<p>Ciencias del Tecnol\u00f3gico de Monterrey campus Puebla.<\/p>\n<p>\u2022 Roc\u00edo Covarrubias Mart\u00ednez: l\u00edder de vinculaci\u00f3n Tec Milenio.<\/p>\n<p>La ratificaci\u00f3n del v\u00ednculo con Volkswagen representa una alianza en beneficio de los estudiantes. En palabras de Viviana Ortiz: \u201cPara<\/p>\n<p>nosotros es muy importantes contar con estos socios que contribuyen, junto con nosotros, a la formaci\u00f3n de nuestra comunidad<\/p>\n<p>estudiantil\u201d.<\/p>\n<p>El convenio se renueva debido al \u00e9xito que han tenido loss estudiantes en programas c\u00f3mo \u201cTalento Joven\u201d o \u201cEstudiantes Mexicanos en<\/p>\n<p>Alemania\u201d los cuales han marcado un camino exitoso dentro de la empleabilidad en la empresa, De igual manera, esta cercan\u00eda ha ayudado a<\/p>\n<p>generar: ferias de vinculaci\u00f3n, \u201cwebinars\u201d, conferencias, concursos institucionales y proyectos de vinculaci\u00f3n.<\/p>\n<p>\u201cLa colaboraci\u00f3n y la empat\u00eda es algo que reconocemos y agradecemos en los estudiantes\u201d,<\/p>\n<p>asegur\u00f3 Joerg Asmuth.<\/p>\n<p>Para Tec Milenio, el convenio cobra fuerzas ya que establece las bases y criterios de colaboraci\u00f3n para fortalecer la vinculaci\u00f3n acad\u00e9mica y<\/p>\n<p>de formaci\u00f3n profesional, as\u00ed como tambi\u00e9n favorece la movilidad de estudiantes, docentes y\/o personal de direcci\u00f3n o<\/p>\n<p>acad\u00e9mico para realizar la estad\u00eda profesional en la universidad receptora con la finalidad de desarrollar sus competencias adquiridas en su<\/p>\n<p>formaci\u00f3n acad\u00e9mica.<\/p>\n<p>Este convenio les brindar\u00e1 el dise\u00f1o y la organizaci\u00f3n para eventos de capacitaci\u00f3n, formaci\u00f3n y actualizaci\u00f3n, as\u00ed como cualquier programa<\/p>\n<p>de formaci\u00f3n y actualizaci\u00f3n que sea de inter\u00e9s y brinde en beneficio acad\u00e9mico.<\/p>\n<p>De acuerdo con Joerg Asmuth, Volkswagen se compromete con una generaci\u00f3n de \u201cnuevos especialistas\u201d, capaces de dise\u00f1ar y desarrollar<\/p>\n<p>soluciones innovadoras.<\/p>\n","protected":false},"excerpt":{"rendered":"<p>Puebla, Puebla, a 30 de agosto de 2024.- El Grupo Educativo Tecnol\u00f3gico de Monterrey firm\u00f3 hoy una renovaci\u00f3n de convenio estrat\u00e9gico con la empresa automotriz Volkswagen en el Lobby del Centro Estudiantil del Tecnol\u00f3gico de Monterrey campus Puebla. En la ceremonia estuvieron presentes: \u2022 Viviana Ortiz Meill\u00f3n: directora del Tecnol\u00f3gico de Monterrey campus Puebla. \u2022 Joerg Asmuth: director de Recursos Humanos Diversidad y Cultura en Volskwagen M\u00e9xico. \u2022 Pamela Castellanos: gerente de Gesti\u00f3n de Talento y Diversidad en Volkswagen M\u00e9xico. \u2022 Alejandro Linas D\u00edaz: director general Tec Milenio campus Puebla. \u2022 Jorge Antonio Reyes Avenda\u00f1o: director de divisi\u00f3n Escuela de Ingenier\u00eda y Ciencias del Tecnol\u00f3gico de Monterrey campus Puebla. \u2022 Roc\u00edo Covarrubias Mart\u00ednez: l\u00edder de vinculaci\u00f3n Tec Milenio. La ratificaci\u00f3n del v\u00ednculo con Volkswagen representa&hellip;<\/p>\n<p class=\"excerpt-more\"><a class=\"blog-excerpt button\" href=\"https:\/\/www.aliadospuebla.com\/?p=95931\">Leer m\u00e1s&#8230;<\/a><\/p>\n","protected":false},"author":2,"featured_media":95936,"comment_status":"open","ping_status":"open","sticky":false,"template":"","format":"standard","meta":{"_monsterinsights_skip_tracking":false,"footnotes":""},"categories":[5],"tags":[653,23118,11026,10636,5244,8056,765,4386,251,2403,13188,45,3880,13158,17715,13795,13718,19795,14620,13467,13635,19794,63,19283,14621,13749,27,13508],"class_list":["post-95931","post","type-post","status-publish","format-standard","has-post-thumbnail","hentry","category-universidades","tag-buap","tag-campana-politica","tag-ciudad-de-puebla","tag-estado-de-puebla","tag-gobernador-de-puebla","tag-gobierno-de-puebla","tag-imss","tag-imss-puebla","tag-pan","tag-partidos-politicos","tag-politica-puebla","tag-pri","tag-psi","tag-puebla-ciudad","tag-puebla-estado","tag-puebla-gobierno","tag-puebla-politica","tag-puebla-senadores","tag-puebla-udlap","tag-puebla-universidad","tag-puebla-universidades","tag-senadores-puebla","tag-udlap","tag-udlap-cholula","tag-udlap-puebla","tag-universidad-de-puebla","tag-upaep","tag-upaep-puebla"],"yoast_head":"<!-- This site is optimized with the Yoast SEO plugin v28.4 - https:\/\/yoast.com\/product\/yoast-seo-wordpress\/ -->\n<title>Grupo Educativo Tecnol\u00f3gico de Monterrey firma renovaci\u00f3n de convenio con Volkswagen - AliadosPuebla<\/title>\n<meta name=\"robots\" content=\"index, follow, max-snippet:-1, max-image-preview:large, max-video-preview:-1\" \/>\n<link rel=\"canonical\" href=\"https:\/\/www.aliadospuebla.com\/?p=95931\" \/>\n<meta property=\"og:locale\" content=\"es_ES\" \/>\n<meta property=\"og:type\" content=\"article\" \/>\n<meta property=\"og:title\" content=\"Grupo Educativo Tecnol\u00f3gico de Monterrey firma renovaci\u00f3n de convenio con Volkswagen - AliadosPuebla\" \/>\n<meta property=\"og:description\" content=\"Puebla, Puebla, a 30 de agosto de 2024.- El Grupo Educativo Tecnol\u00f3gico de Monterrey firm\u00f3 hoy una renovaci\u00f3n de convenio estrat\u00e9gico con la empresa automotriz Volkswagen en el Lobby del Centro Estudiantil del Tecnol\u00f3gico de Monterrey campus Puebla. En la ceremonia estuvieron presentes: \u2022 Viviana Ortiz Meill\u00f3n: directora del Tecnol\u00f3gico de Monterrey campus Puebla. \u2022 Joerg Asmuth: director de Recursos Humanos Diversidad y Cultura en Volskwagen M\u00e9xico. \u2022 Pamela Castellanos: gerente de Gesti\u00f3n de Talento y Diversidad en Volkswagen M\u00e9xico. \u2022 Alejandro Linas D\u00edaz: director general Tec Milenio campus Puebla. \u2022 Jorge Antonio Reyes Avenda\u00f1o: director de divisi\u00f3n Escuela de Ingenier\u00eda y Ciencias del Tecnol\u00f3gico de Monterrey campus Puebla. \u2022 Roc\u00edo Covarrubias Mart\u00ednez: l\u00edder de vinculaci\u00f3n Tec Milenio. La ratificaci\u00f3n del v\u00ednculo con Volkswagen representa&hellip;Leer m\u00e1s...\" \/>\n<meta property=\"og:url\" content=\"https:\/\/www.aliadospuebla.com\/?p=95931\" \/>\n<meta property=\"og:site_name\" content=\"AliadosPuebla\" \/>\n<meta property=\"article:author\" content=\"https:\/\/www.facebook.com\/Aliados17Pue\" \/>\n<meta property=\"article:published_time\" content=\"2024-08-31T18:08:29+00:00\" \/>\n<meta property=\"og:image\" content=\"https:\/\/www.aliadospuebla.com\/web2017\/wp-content\/uploads\/2024\/08\/descarga-40.jpeg\" \/>\n\t<meta property=\"og:image:width\" content=\"1390\" \/>\n\t<meta property=\"og:image:height\" content=\"927\" \/>\n\t<meta property=\"og:image:type\" content=\"image\/jpeg\" \/>\n<meta name=\"author\" content=\"Aliados17\" \/>\n<meta name=\"twitter:card\" content=\"summary_large_image\" \/>\n<meta name=\"twitter:creator\" content=\"@AliadosPuebla\" \/>\n<meta name=\"twitter:label1\" content=\"Escrito por\" \/>\n\t<meta name=\"twitter:data1\" content=\"Aliados17\" \/>\n\t<meta name=\"twitter:label2\" content=\"Tiempo de lectura\" \/>\n\t<meta name=\"twitter:data2\" content=\"2 minutos\" \/>\n<script type=\"application\/ld+json\" class=\"yoast-schema-graph\">{\"@context\":\"https:\\\/\\\/schema.org\",\"@graph\":[{\"@type\":\"Article\",\"@id\":\"https:\\\/\\\/www.aliadospuebla.com\\\/?p=95931#article\",\"isPartOf\":{\"@id\":\"https:\\\/\\\/www.aliadospuebla.com\\\/?p=95931\"},\"author\":{\"name\":\"Aliados17\",\"@id\":\"https:\\\/\\\/www.aliadospuebla.com\\\/#\\\/schema\\\/person\\\/5da7dd09320bd4f392b710017ed5f8ad\"},\"headline\":\"Grupo Educativo Tecnol\u00f3gico de Monterrey firma renovaci\u00f3n de convenio con Volkswagen\",\"datePublished\":\"2024-08-31T18:08:29+00:00\",\"mainEntityOfPage\":{\"@id\":\"https:\\\/\\\/www.aliadospuebla.com\\\/?p=95931\"},\"wordCount\":401,\"commentCount\":0,\"image\":{\"@id\":\"https:\\\/\\\/www.aliadospuebla.com\\\/?p=95931#primaryimage\"},\"thumbnailUrl\":\"https:\\\/\\\/www.aliadospuebla.com\\\/web2017\\\/wp-content\\\/uploads\\\/2024\\\/08\\\/descarga-40.jpeg\",\"keywords\":[\"BUAP\",\"Campa\u00f1a politica\",\"CIUDAD DE PUEBLA\",\"ESTADO DE PUEBLA\",\"GOBERNADOR DE PUEBLA\",\"GOBIERNO DE PUEBLA\",\"IMSS\",\"IMSS PUEBLA\",\"PAN\",\"PARTIDOS POL\u00cdTICOS\",\"Politica Puebla\",\"PRI\",\"PSI\",\"Puebla Ciudad\",\"Puebla estado\",\"Puebla gobierno\",\"puebla politica\",\"Puebla Senadores\",\"Puebla UDLAP\",\"Puebla Universidad\",\"Puebla Universidades\",\"Senadores Puebla\",\"Udlap\",\"Udlap cholula\",\"UDLAP Puebla\",\"Universidad de Puebla\",\"UPAEP\",\"UPAEP Puebla\"],\"articleSection\":[\"Universidades\"],\"inLanguage\":\"es\",\"potentialAction\":[{\"@type\":\"CommentAction\",\"name\":\"Comment\",\"target\":[\"https:\\\/\\\/www.aliadospuebla.com\\\/?p=95931#respond\"]}]},{\"@type\":\"WebPage\",\"@id\":\"https:\\\/\\\/www.aliadospuebla.com\\\/?p=95931\",\"url\":\"https:\\\/\\\/www.aliadospuebla.com\\\/?p=95931\",\"name\":\"Grupo Educativo Tecnol\u00f3gico de Monterrey firma renovaci\u00f3n de convenio con Volkswagen - AliadosPuebla\",\"isPartOf\":{\"@id\":\"https:\\\/\\\/www.aliadospuebla.com\\\/#website\"},\"primaryImageOfPage\":{\"@id\":\"https:\\\/\\\/www.aliadospuebla.com\\\/?p=95931#primaryimage\"},\"image\":{\"@id\":\"https:\\\/\\\/www.aliadospuebla.com\\\/?p=95931#primaryimage\"},\"thumbnailUrl\":\"https:\\\/\\\/www.aliadospuebla.com\\\/web2017\\\/wp-content\\\/uploads\\\/2024\\\/08\\\/descarga-40.jpeg\",\"datePublished\":\"2024-08-31T18:08:29+00:00\",\"author\":{\"@id\":\"https:\\\/\\\/www.aliadospuebla.com\\\/#\\\/schema\\\/person\\\/5da7dd09320bd4f392b710017ed5f8ad\"},\"breadcrumb\":{\"@id\":\"https:\\\/\\\/www.aliadospuebla.com\\\/?p=95931#breadcrumb\"},\"inLanguage\":\"es\",\"potentialAction\":[{\"@type\":\"ReadAction\",\"target\":[\"https:\\\/\\\/www.aliadospuebla.com\\\/?p=95931\"]}]},{\"@type\":\"ImageObject\",\"inLanguage\":\"es\",\"@id\":\"https:\\\/\\\/www.aliadospuebla.com\\\/?p=95931#primaryimage\",\"url\":\"https:\\\/\\\/www.aliadospuebla.com\\\/web2017\\\/wp-content\\\/uploads\\\/2024\\\/08\\\/descarga-40.jpeg\",\"contentUrl\":\"https:\\\/\\\/www.aliadospuebla.com\\\/web2017\\\/wp-content\\\/uploads\\\/2024\\\/08\\\/descarga-40.jpeg\",\"width\":1390,\"height\":927},{\"@type\":\"BreadcrumbList\",\"@id\":\"https:\\\/\\\/www.aliadospuebla.com\\\/?p=95931#breadcrumb\",\"itemListElement\":[{\"@type\":\"ListItem\",\"position\":1,\"name\":\"Portada\",\"item\":\"https:\\\/\\\/www.aliadospuebla.com\\\/\"},{\"@type\":\"ListItem\",\"position\":2,\"name\":\"Grupo Educativo Tecnol\u00f3gico de Monterrey firma renovaci\u00f3n de convenio con Volkswagen\"}]},{\"@type\":\"WebSite\",\"@id\":\"https:\\\/\\\/www.aliadospuebla.com\\\/#website\",\"url\":\"https:\\\/\\\/www.aliadospuebla.com\\\/\",\"name\":\"AliadosPuebla\",\"description\":\"La informaci\u00f3n en tus manos\",\"potentialAction\":[{\"@type\":\"SearchAction\",\"target\":{\"@type\":\"EntryPoint\",\"urlTemplate\":\"https:\\\/\\\/www.aliadospuebla.com\\\/?s={search_term_string}\"},\"query-input\":{\"@type\":\"PropertyValueSpecification\",\"valueRequired\":true,\"valueName\":\"search_term_string\"}}],\"inLanguage\":\"es\"},{\"@type\":\"Person\",\"@id\":\"https:\\\/\\\/www.aliadospuebla.com\\\/#\\\/schema\\\/person\\\/5da7dd09320bd4f392b710017ed5f8ad\",\"name\":\"Aliados17\",\"image\":{\"@type\":\"ImageObject\",\"inLanguage\":\"es\",\"@id\":\"https:\\\/\\\/www.aliadospuebla.com\\\/web2017\\\/wp-content\\\/uploads\\\/2025\\\/03\\\/cropped-para-perfil-8-anos-1-96x96.jpg\",\"url\":\"https:\\\/\\\/www.aliadospuebla.com\\\/web2017\\\/wp-content\\\/uploads\\\/2025\\\/03\\\/cropped-para-perfil-8-anos-1-96x96.jpg\",\"contentUrl\":\"https:\\\/\\\/www.aliadospuebla.com\\\/web2017\\\/wp-content\\\/uploads\\\/2025\\\/03\\\/cropped-para-perfil-8-anos-1-96x96.jpg\",\"caption\":\"Aliados17\"},\"sameAs\":[\"https:\\\/\\\/www.aliados17.com\",\"https:\\\/\\\/www.facebook.com\\\/Aliados17Pue\",\"https:\\\/\\\/x.com\\\/AliadosPuebla\"],\"url\":\"https:\\\/\\\/www.aliadospuebla.com\\\/?author=2\"}]}<\/script>\n<!-- \/ Yoast SEO plugin. -->","yoast_head_json":{"title":"Grupo Educativo Tecnol\u00f3gico de Monterrey firma renovaci\u00f3n de convenio con Volkswagen - AliadosPuebla","robots":{"index":"index","follow":"follow","max-snippet":"max-snippet:-1","max-image-preview":"max-image-preview:large","max-video-preview":"max-video-preview:-1"},"canonical":"https:\/\/www.aliadospuebla.com\/?p=95931","og_locale":"es_ES","og_type":"article","og_title":"Grupo Educativo Tecnol\u00f3gico de Monterrey firma renovaci\u00f3n de convenio con Volkswagen - AliadosPuebla","og_description":"Puebla, Puebla, a 30 de agosto de 2024.- El Grupo Educativo Tecnol\u00f3gico de Monterrey firm\u00f3 hoy una renovaci\u00f3n de convenio estrat\u00e9gico con la empresa automotriz Volkswagen en el Lobby del Centro Estudiantil del Tecnol\u00f3gico de Monterrey campus Puebla. En la ceremonia estuvieron presentes: \u2022 Viviana Ortiz Meill\u00f3n: directora del Tecnol\u00f3gico de Monterrey campus Puebla. \u2022 Joerg Asmuth: director de Recursos Humanos Diversidad y Cultura en Volskwagen M\u00e9xico. \u2022 Pamela Castellanos: gerente de Gesti\u00f3n de Talento y Diversidad en Volkswagen M\u00e9xico. \u2022 Alejandro Linas D\u00edaz: director general Tec Milenio campus Puebla. \u2022 Jorge Antonio Reyes Avenda\u00f1o: director de divisi\u00f3n Escuela de Ingenier\u00eda y Ciencias del Tecnol\u00f3gico de Monterrey campus Puebla. \u2022 Roc\u00edo Covarrubias Mart\u00ednez: l\u00edder de vinculaci\u00f3n Tec Milenio. La ratificaci\u00f3n del v\u00ednculo con Volkswagen representa&hellip;Leer m\u00e1s...","og_url":"https:\/\/www.aliadospuebla.com\/?p=95931","og_site_name":"AliadosPuebla","article_author":"https:\/\/www.facebook.com\/Aliados17Pue","article_published_time":"2024-08-31T18:08:29+00:00","og_image":[{"width":1390,"height":927,"url":"https:\/\/www.aliadospuebla.com\/web2017\/wp-content\/uploads\/2024\/08\/descarga-40.jpeg","type":"image\/jpeg"}],"author":"Aliados17","twitter_card":"summary_large_image","twitter_creator":"@AliadosPuebla","twitter_misc":{"Escrito por":"Aliados17","Tiempo de lectura":"2 minutos"},"schema":{"@context":"https:\/\/schema.org","@graph":[{"@type":"Article","@id":"https:\/\/www.aliadospuebla.com\/?p=95931#article","isPartOf":{"@id":"https:\/\/www.aliadospuebla.com\/?p=95931"},"author":{"name":"Aliados17","@id":"https:\/\/www.aliadospuebla.com\/#\/schema\/person\/5da7dd09320bd4f392b710017ed5f8ad"},"headline":"Grupo Educativo Tecnol\u00f3gico de Monterrey firma renovaci\u00f3n de convenio con Volkswagen","datePublished":"2024-08-31T18:08:29+00:00","mainEntityOfPage":{"@id":"https:\/\/www.aliadospuebla.com\/?p=95931"},"wordCount":401,"commentCount":0,"image":{"@id":"https:\/\/www.aliadospuebla.com\/?p=95931#primaryimage"},"thumbnailUrl":"https:\/\/www.aliadospuebla.com\/web2017\/wp-content\/uploads\/2024\/08\/descarga-40.jpeg","keywords":["BUAP","Campa\u00f1a politica","CIUDAD DE PUEBLA","ESTADO DE PUEBLA","GOBERNADOR DE PUEBLA","GOBIERNO DE PUEBLA","IMSS","IMSS PUEBLA","PAN","PARTIDOS POL\u00cdTICOS","Politica Puebla","PRI","PSI","Puebla Ciudad","Puebla estado","Puebla gobierno","puebla politica","Puebla Senadores","Puebla UDLAP","Puebla Universidad","Puebla Universidades","Senadores Puebla","Udlap","Udlap cholula","UDLAP Puebla","Universidad de Puebla","UPAEP","UPAEP Puebla"],"articleSection":["Universidades"],"inLanguage":"es","potentialAction":[{"@type":"CommentAction","name":"Comment","target":["https:\/\/www.aliadospuebla.com\/?p=95931#respond"]}]},{"@type":"WebPage","@id":"https:\/\/www.aliadospuebla.com\/?p=95931","url":"https:\/\/www.aliadospuebla.com\/?p=95931","name":"Grupo Educativo Tecnol\u00f3gico de Monterrey firma renovaci\u00f3n de convenio con Volkswagen - AliadosPuebla","isPartOf":{"@id":"https:\/\/www.aliadospuebla.com\/#website"},"primaryImageOfPage":{"@id":"https:\/\/www.aliadospuebla.com\/?p=95931#primaryimage"},"image":{"@id":"https:\/\/www.aliadospuebla.com\/?p=95931#primaryimage"},"thumbnailUrl":"https:\/\/www.aliadospuebla.com\/web2017\/wp-content\/uploads\/2024\/08\/descarga-40.jpeg","datePublished":"2024-08-31T18:08:29+00:00","author":{"@id":"https:\/\/www.aliadospuebla.com\/#\/schema\/person\/5da7dd09320bd4f392b710017ed5f8ad"},"breadcrumb":{"@id":"https:\/\/www.aliadospuebla.com\/?p=95931#breadcrumb"},"inLanguage":"es","potentialAction":[{"@type":"ReadAction","target":["https:\/\/www.aliadospuebla.com\/?p=95931"]}]},{"@type":"ImageObject","inLanguage":"es","@id":"https:\/\/www.aliadospuebla.com\/?p=95931#primaryimage","url":"https:\/\/www.aliadospuebla.com\/web2017\/wp-content\/uploads\/2024\/08\/descarga-40.jpeg","contentUrl":"https:\/\/www.aliadospuebla.com\/web2017\/wp-content\/uploads\/2024\/08\/descarga-40.jpeg","width":1390,"height":927},{"@type":"BreadcrumbList","@id":"https:\/\/www.aliadospuebla.com\/?p=95931#breadcrumb","itemListElement":[{"@type":"ListItem","position":1,"name":"Portada","item":"https:\/\/www.aliadospuebla.com\/"},{"@type":"ListItem","position":2,"name":"Grupo Educativo Tecnol\u00f3gico de Monterrey firma renovaci\u00f3n de convenio con Volkswagen"}]},{"@type":"WebSite","@id":"https:\/\/www.aliadospuebla.com\/#website","url":"https:\/\/www.aliadospuebla.com\/","name":"AliadosPuebla","description":"La informaci\u00f3n en tus manos","potentialAction":[{"@type":"SearchAction","target":{"@type":"EntryPoint","urlTemplate":"https:\/\/www.aliadospuebla.com\/?s={search_term_string}"},"query-input":{"@type":"PropertyValueSpecification","valueRequired":true,"valueName":"search_term_string"}}],"inLanguage":"es"},{"@type":"Person","@id":"https:\/\/www.aliadospuebla.com\/#\/schema\/person\/5da7dd09320bd4f392b710017ed5f8ad","name":"Aliados17","image":{"@type":"ImageObject","inLanguage":"es","@id":"https:\/\/www.aliadospuebla.com\/web2017\/wp-content\/uploads\/2025\/03\/cropped-para-perfil-8-anos-1-96x96.jpg","url":"https:\/\/www.aliadospuebla.com\/web2017\/wp-content\/uploads\/2025\/03\/cropped-para-perfil-8-anos-1-96x96.jpg","contentUrl":"https:\/\/www.aliadospuebla.com\/web2017\/wp-content\/uploads\/2025\/03\/cropped-para-perfil-8-anos-1-96x96.jpg","caption":"Aliados17"},"sameAs":["https:\/\/www.aliados17.com","https:\/\/www.facebook.com\/Aliados17Pue","https:\/\/x.com\/AliadosPuebla"],"url":"https:\/\/www.aliadospuebla.com\/?author=2"}]}},"views":16,"_links":{"self":[{"href":"https:\/\/www.aliadospuebla.com\/index.php?rest_route=\/wp\/v2\/posts\/95931","targetHints":{"allow":["GET"]}}],"collection":[{"href":"https:\/\/www.aliadospuebla.com\/index.php?rest_route=\/wp\/v2\/posts"}],"about":[{"href":"https:\/\/www.aliadospuebla.com\/index.php?rest_route=\/wp\/v2\/types\/post"}],"author":[{"embeddable":true,"href":"https:\/\/www.aliadospuebla.com\/index.php?rest_route=\/wp\/v2\/users\/2"}],"replies":[{"embeddable":true,"href":"https:\/\/www.aliadospuebla.com\/index.php?rest_route=%2Fwp%2Fv2%2Fcomments&post=95931"}],"version-history":[{"count":1,"href":"https:\/\/www.aliadospuebla.com\/index.php?rest_route=\/wp\/v2\/posts\/95931\/revisions"}],"predecessor-version":[{"id":95938,"href":"https:\/\/www.aliadospuebla.com\/index.php?rest_route=\/wp\/v2\/posts\/95931\/revisions\/95938"}],"wp:featuredmedia":[{"embeddable":true,"href":"https:\/\/www.aliadospuebla.com\/index.php?rest_route=\/wp\/v2\/media\/95936"}],"wp:attachment":[{"href":"https:\/\/www.aliadospuebla.com\/index.php?rest_route=%2Fwp%2Fv2%2Fmedia&parent=95931"}],"wp:term":[{"taxonomy":"category","embeddable":true,"href":"https:\/\/www.aliadospuebla.com\/index.php?rest_route=%2Fwp%2Fv2%2Fcategories&post=95931"},{"taxonomy":"post_tag","embeddable":true,"href":"https:\/\/www.aliadospuebla.com\/index.php?rest_route=%2Fwp%2Fv2%2Ftags&post=95931"}],"curies":[{"name":"wp","href":"https:\/\/api.w.org\/{rel}","templated":true}]}}