{"id":95825,"date":"2024-08-28T18:05:22","date_gmt":"2024-08-29T00:05:22","guid":{"rendered":"https:\/\/www.aliados17.com\/?p=95825"},"modified":"2024-08-28T18:05:22","modified_gmt":"2024-08-29T00:05:22","slug":"en-amozoc-realizan-foro-sobre-la-erradicacion-de-la-violencia-contra-la-mujer","status":"publish","type":"post","link":"https:\/\/www.aliadospuebla.com\/?p=95825","title":{"rendered":"En Amozoc, realizan foro sobre la erradicaci\u00f3n de la violencia contra la mujer"},"content":{"rendered":"<h4>Con \u00e9xito se realiz\u00f3 el \u00abForo Todos por Todas\u00bb organizado por la direcci\u00f3n de Prevenci\u00f3n del Delito y la Unidad de Atenci\u00f3n Inmediata a Mujeres (UDAIM) del municipio de Amozoc a cargo de la abogada Cynthia Rodr\u00edguez Zepeda.<\/h4>\n<p>Durante dicho foro se tocaron temas importantes sobre la erradicaci\u00f3n de la violencia contra las mujeres,<\/p>\n<p>siendo un espacio abierto en el que las participantes externaron sus ideas e intercambiaron experiencias.<\/p>\n<p>Todo con el mismo prop\u00f3sito: trabajar de manera conjunta en la implementaci\u00f3n de estrategias y acciones que logren erradicar la violencia contra las mujeres.<\/p>\n<p>Al finalizar el evento, el Gobierno Municipal que preside el alcalde Mario de la Rosa Romero,<\/p>\n<p>agradeci\u00f3 a la Mtra. Cristi\u00e1n L\u00f3pez S\u00e1nchez, Directora Especializada de Auxilio a la Violencia de G\u00e9nero,<\/p>\n<p>al Instituto Municipal de la Mujer, a la Regidur\u00eda de Educaci\u00f3n, a la Secretar\u00eda de Seguridad Ciudadana del municipio y a todas las asistentes por su participaci\u00f3n y compromiso con el tema.<\/p>\n","protected":false},"excerpt":{"rendered":"<p>Con \u00e9xito se realiz\u00f3 el \u00abForo Todos por Todas\u00bb organizado por la direcci\u00f3n de Prevenci\u00f3n del Delito y la Unidad de Atenci\u00f3n Inmediata a Mujeres (UDAIM) del municipio de Amozoc a cargo de la abogada Cynthia Rodr\u00edguez Zepeda. Durante dicho foro se tocaron temas importantes sobre la erradicaci\u00f3n de la violencia contra las mujeres, siendo un espacio abierto en el que las participantes externaron sus ideas e intercambiaron experiencias. Todo con el mismo prop\u00f3sito: trabajar de manera conjunta en la implementaci\u00f3n de estrategias y acciones que logren erradicar la violencia contra las mujeres. Al finalizar el evento, el Gobierno Municipal que preside el alcalde Mario de la Rosa Romero, agradeci\u00f3 a la Mtra. Cristi\u00e1n L\u00f3pez S\u00e1nchez, Directora Especializada de Auxilio a la Violencia de G\u00e9nero,&hellip;<\/p>\n<p class=\"excerpt-more\"><a class=\"blog-excerpt button\" href=\"https:\/\/www.aliadospuebla.com\/?p=95825\">Leer m\u00e1s&#8230;<\/a><\/p>\n","protected":false},"author":2,"featured_media":95826,"comment_status":"open","ping_status":"open","sticky":false,"template":"","format":"standard","meta":{"_monsterinsights_skip_tracking":false,"footnotes":""},"categories":[4],"tags":[1667,3819,1395,1388,8898,404],"class_list":["post-95825","post","type-post","status-publish","format-standard","has-post-thumbnail","hentry","category-municipios","tag-amozoc","tag-erradicacion-de-la-violencia","tag-estrategias","tag-foro","tag-mario-de-la-rosa-romero","tag-mujeres"],"yoast_head":"<!-- This site is optimized with the Yoast SEO plugin v28.4 - https:\/\/yoast.com\/product\/yoast-seo-wordpress\/ -->\n<title>En Amozoc, realizan foro sobre la erradicaci\u00f3n de la violencia contra la mujer - AliadosPuebla<\/title>\n<meta name=\"robots\" content=\"index, follow, max-snippet:-1, max-image-preview:large, max-video-preview:-1\" \/>\n<link rel=\"canonical\" href=\"https:\/\/www.aliadospuebla.com\/?p=95825\" \/>\n<meta property=\"og:locale\" content=\"es_ES\" \/>\n<meta property=\"og:type\" content=\"article\" \/>\n<meta property=\"og:title\" content=\"En Amozoc, realizan foro sobre la erradicaci\u00f3n de la violencia contra la mujer - AliadosPuebla\" \/>\n<meta property=\"og:description\" content=\"Con \u00e9xito se realiz\u00f3 el \u00abForo Todos por Todas\u00bb organizado por la direcci\u00f3n de Prevenci\u00f3n del Delito y la Unidad de Atenci\u00f3n Inmediata a Mujeres (UDAIM) del municipio de Amozoc a cargo de la abogada Cynthia Rodr\u00edguez Zepeda. Durante dicho foro se tocaron temas importantes sobre la erradicaci\u00f3n de la violencia contra las mujeres, siendo un espacio abierto en el que las participantes externaron sus ideas e intercambiaron experiencias. Todo con el mismo prop\u00f3sito: trabajar de manera conjunta en la implementaci\u00f3n de estrategias y acciones que logren erradicar la violencia contra las mujeres. Al finalizar el evento, el Gobierno Municipal que preside el alcalde Mario de la Rosa Romero, agradeci\u00f3 a la Mtra. Cristi\u00e1n L\u00f3pez S\u00e1nchez, Directora Especializada de Auxilio a la Violencia de G\u00e9nero,&hellip;Leer m\u00e1s...\" \/>\n<meta property=\"og:url\" content=\"https:\/\/www.aliadospuebla.com\/?p=95825\" \/>\n<meta property=\"og:site_name\" content=\"AliadosPuebla\" \/>\n<meta property=\"article:author\" content=\"https:\/\/www.facebook.com\/Aliados17Pue\" \/>\n<meta property=\"article:published_time\" content=\"2024-08-29T00:05:22+00:00\" \/>\n<meta property=\"og:image\" content=\"https:\/\/www.aliadospuebla.com\/web2017\/wp-content\/uploads\/2024\/08\/824.jpg\" \/>\n\t<meta property=\"og:image:width\" content=\"600\" \/>\n\t<meta property=\"og:image:height\" content=\"450\" \/>\n\t<meta property=\"og:image:type\" content=\"image\/jpeg\" \/>\n<meta name=\"author\" content=\"Aliados17\" \/>\n<meta name=\"twitter:card\" content=\"summary_large_image\" \/>\n<meta name=\"twitter:creator\" content=\"@AliadosPuebla\" \/>\n<meta name=\"twitter:label1\" content=\"Escrito por\" \/>\n\t<meta name=\"twitter:data1\" content=\"Aliados17\" \/>\n\t<meta name=\"twitter:label2\" content=\"Tiempo de lectura\" \/>\n\t<meta name=\"twitter:data2\" content=\"1 minuto\" \/>\n<script type=\"application\/ld+json\" class=\"yoast-schema-graph\">{\"@context\":\"https:\\\/\\\/schema.org\",\"@graph\":[{\"@type\":\"Article\",\"@id\":\"https:\\\/\\\/www.aliadospuebla.com\\\/?p=95825#article\",\"isPartOf\":{\"@id\":\"https:\\\/\\\/www.aliadospuebla.com\\\/?p=95825\"},\"author\":{\"name\":\"Aliados17\",\"@id\":\"https:\\\/\\\/www.aliadospuebla.com\\\/#\\\/schema\\\/person\\\/5da7dd09320bd4f392b710017ed5f8ad\"},\"headline\":\"En Amozoc, realizan foro sobre la erradicaci\u00f3n de la violencia contra la mujer\",\"datePublished\":\"2024-08-29T00:05:22+00:00\",\"mainEntityOfPage\":{\"@id\":\"https:\\\/\\\/www.aliadospuebla.com\\\/?p=95825\"},\"wordCount\":186,\"commentCount\":0,\"image\":{\"@id\":\"https:\\\/\\\/www.aliadospuebla.com\\\/?p=95825#primaryimage\"},\"thumbnailUrl\":\"https:\\\/\\\/www.aliadospuebla.com\\\/web2017\\\/wp-content\\\/uploads\\\/2024\\\/08\\\/824.jpg\",\"keywords\":[\"AMOZOC\",\"ERRADICACI\u00d3N DE LA VIOLENCIA\",\"ESTRATEGIAS\",\"FORO\",\"MARIO DE LA ROSA ROMERO\",\"MUJERES\"],\"articleSection\":[\"Municipios\"],\"inLanguage\":\"es\",\"potentialAction\":[{\"@type\":\"CommentAction\",\"name\":\"Comment\",\"target\":[\"https:\\\/\\\/www.aliadospuebla.com\\\/?p=95825#respond\"]}]},{\"@type\":\"WebPage\",\"@id\":\"https:\\\/\\\/www.aliadospuebla.com\\\/?p=95825\",\"url\":\"https:\\\/\\\/www.aliadospuebla.com\\\/?p=95825\",\"name\":\"En Amozoc, realizan foro sobre la erradicaci\u00f3n de la violencia contra la mujer - AliadosPuebla\",\"isPartOf\":{\"@id\":\"https:\\\/\\\/www.aliadospuebla.com\\\/#website\"},\"primaryImageOfPage\":{\"@id\":\"https:\\\/\\\/www.aliadospuebla.com\\\/?p=95825#primaryimage\"},\"image\":{\"@id\":\"https:\\\/\\\/www.aliadospuebla.com\\\/?p=95825#primaryimage\"},\"thumbnailUrl\":\"https:\\\/\\\/www.aliadospuebla.com\\\/web2017\\\/wp-content\\\/uploads\\\/2024\\\/08\\\/824.jpg\",\"datePublished\":\"2024-08-29T00:05:22+00:00\",\"author\":{\"@id\":\"https:\\\/\\\/www.aliadospuebla.com\\\/#\\\/schema\\\/person\\\/5da7dd09320bd4f392b710017ed5f8ad\"},\"breadcrumb\":{\"@id\":\"https:\\\/\\\/www.aliadospuebla.com\\\/?p=95825#breadcrumb\"},\"inLanguage\":\"es\",\"potentialAction\":[{\"@type\":\"ReadAction\",\"target\":[\"https:\\\/\\\/www.aliadospuebla.com\\\/?p=95825\"]}]},{\"@type\":\"ImageObject\",\"inLanguage\":\"es\",\"@id\":\"https:\\\/\\\/www.aliadospuebla.com\\\/?p=95825#primaryimage\",\"url\":\"https:\\\/\\\/www.aliadospuebla.com\\\/web2017\\\/wp-content\\\/uploads\\\/2024\\\/08\\\/824.jpg\",\"contentUrl\":\"https:\\\/\\\/www.aliadospuebla.com\\\/web2017\\\/wp-content\\\/uploads\\\/2024\\\/08\\\/824.jpg\",\"width\":600,\"height\":450},{\"@type\":\"BreadcrumbList\",\"@id\":\"https:\\\/\\\/www.aliadospuebla.com\\\/?p=95825#breadcrumb\",\"itemListElement\":[{\"@type\":\"ListItem\",\"position\":1,\"name\":\"Portada\",\"item\":\"https:\\\/\\\/www.aliadospuebla.com\\\/\"},{\"@type\":\"ListItem\",\"position\":2,\"name\":\"En Amozoc, realizan foro sobre la erradicaci\u00f3n de la violencia contra la mujer\"}]},{\"@type\":\"WebSite\",\"@id\":\"https:\\\/\\\/www.aliadospuebla.com\\\/#website\",\"url\":\"https:\\\/\\\/www.aliadospuebla.com\\\/\",\"name\":\"AliadosPuebla\",\"description\":\"La informaci\u00f3n en tus manos\",\"potentialAction\":[{\"@type\":\"SearchAction\",\"target\":{\"@type\":\"EntryPoint\",\"urlTemplate\":\"https:\\\/\\\/www.aliadospuebla.com\\\/?s={search_term_string}\"},\"query-input\":{\"@type\":\"PropertyValueSpecification\",\"valueRequired\":true,\"valueName\":\"search_term_string\"}}],\"inLanguage\":\"es\"},{\"@type\":\"Person\",\"@id\":\"https:\\\/\\\/www.aliadospuebla.com\\\/#\\\/schema\\\/person\\\/5da7dd09320bd4f392b710017ed5f8ad\",\"name\":\"Aliados17\",\"image\":{\"@type\":\"ImageObject\",\"inLanguage\":\"es\",\"@id\":\"https:\\\/\\\/www.aliadospuebla.com\\\/web2017\\\/wp-content\\\/uploads\\\/2025\\\/03\\\/cropped-para-perfil-8-anos-1-96x96.jpg\",\"url\":\"https:\\\/\\\/www.aliadospuebla.com\\\/web2017\\\/wp-content\\\/uploads\\\/2025\\\/03\\\/cropped-para-perfil-8-anos-1-96x96.jpg\",\"contentUrl\":\"https:\\\/\\\/www.aliadospuebla.com\\\/web2017\\\/wp-content\\\/uploads\\\/2025\\\/03\\\/cropped-para-perfil-8-anos-1-96x96.jpg\",\"caption\":\"Aliados17\"},\"sameAs\":[\"https:\\\/\\\/www.aliados17.com\",\"https:\\\/\\\/www.facebook.com\\\/Aliados17Pue\",\"https:\\\/\\\/x.com\\\/AliadosPuebla\"],\"url\":\"https:\\\/\\\/www.aliadospuebla.com\\\/?author=2\"}]}<\/script>\n<!-- \/ Yoast SEO plugin. -->","yoast_head_json":{"title":"En Amozoc, realizan foro sobre la erradicaci\u00f3n de la violencia contra la mujer - AliadosPuebla","robots":{"index":"index","follow":"follow","max-snippet":"max-snippet:-1","max-image-preview":"max-image-preview:large","max-video-preview":"max-video-preview:-1"},"canonical":"https:\/\/www.aliadospuebla.com\/?p=95825","og_locale":"es_ES","og_type":"article","og_title":"En Amozoc, realizan foro sobre la erradicaci\u00f3n de la violencia contra la mujer - AliadosPuebla","og_description":"Con \u00e9xito se realiz\u00f3 el \u00abForo Todos por Todas\u00bb organizado por la direcci\u00f3n de Prevenci\u00f3n del Delito y la Unidad de Atenci\u00f3n Inmediata a Mujeres (UDAIM) del municipio de Amozoc a cargo de la abogada Cynthia Rodr\u00edguez Zepeda. Durante dicho foro se tocaron temas importantes sobre la erradicaci\u00f3n de la violencia contra las mujeres, siendo un espacio abierto en el que las participantes externaron sus ideas e intercambiaron experiencias. Todo con el mismo prop\u00f3sito: trabajar de manera conjunta en la implementaci\u00f3n de estrategias y acciones que logren erradicar la violencia contra las mujeres. Al finalizar el evento, el Gobierno Municipal que preside el alcalde Mario de la Rosa Romero, agradeci\u00f3 a la Mtra. Cristi\u00e1n L\u00f3pez S\u00e1nchez, Directora Especializada de Auxilio a la Violencia de G\u00e9nero,&hellip;Leer m\u00e1s...","og_url":"https:\/\/www.aliadospuebla.com\/?p=95825","og_site_name":"AliadosPuebla","article_author":"https:\/\/www.facebook.com\/Aliados17Pue","article_published_time":"2024-08-29T00:05:22+00:00","og_image":[{"width":600,"height":450,"url":"https:\/\/www.aliadospuebla.com\/web2017\/wp-content\/uploads\/2024\/08\/824.jpg","type":"image\/jpeg"}],"author":"Aliados17","twitter_card":"summary_large_image","twitter_creator":"@AliadosPuebla","twitter_misc":{"Escrito por":"Aliados17","Tiempo de lectura":"1 minuto"},"schema":{"@context":"https:\/\/schema.org","@graph":[{"@type":"Article","@id":"https:\/\/www.aliadospuebla.com\/?p=95825#article","isPartOf":{"@id":"https:\/\/www.aliadospuebla.com\/?p=95825"},"author":{"name":"Aliados17","@id":"https:\/\/www.aliadospuebla.com\/#\/schema\/person\/5da7dd09320bd4f392b710017ed5f8ad"},"headline":"En Amozoc, realizan foro sobre la erradicaci\u00f3n de la violencia contra la mujer","datePublished":"2024-08-29T00:05:22+00:00","mainEntityOfPage":{"@id":"https:\/\/www.aliadospuebla.com\/?p=95825"},"wordCount":186,"commentCount":0,"image":{"@id":"https:\/\/www.aliadospuebla.com\/?p=95825#primaryimage"},"thumbnailUrl":"https:\/\/www.aliadospuebla.com\/web2017\/wp-content\/uploads\/2024\/08\/824.jpg","keywords":["AMOZOC","ERRADICACI\u00d3N DE LA VIOLENCIA","ESTRATEGIAS","FORO","MARIO DE LA ROSA ROMERO","MUJERES"],"articleSection":["Municipios"],"inLanguage":"es","potentialAction":[{"@type":"CommentAction","name":"Comment","target":["https:\/\/www.aliadospuebla.com\/?p=95825#respond"]}]},{"@type":"WebPage","@id":"https:\/\/www.aliadospuebla.com\/?p=95825","url":"https:\/\/www.aliadospuebla.com\/?p=95825","name":"En Amozoc, realizan foro sobre la erradicaci\u00f3n de la violencia contra la mujer - AliadosPuebla","isPartOf":{"@id":"https:\/\/www.aliadospuebla.com\/#website"},"primaryImageOfPage":{"@id":"https:\/\/www.aliadospuebla.com\/?p=95825#primaryimage"},"image":{"@id":"https:\/\/www.aliadospuebla.com\/?p=95825#primaryimage"},"thumbnailUrl":"https:\/\/www.aliadospuebla.com\/web2017\/wp-content\/uploads\/2024\/08\/824.jpg","datePublished":"2024-08-29T00:05:22+00:00","author":{"@id":"https:\/\/www.aliadospuebla.com\/#\/schema\/person\/5da7dd09320bd4f392b710017ed5f8ad"},"breadcrumb":{"@id":"https:\/\/www.aliadospuebla.com\/?p=95825#breadcrumb"},"inLanguage":"es","potentialAction":[{"@type":"ReadAction","target":["https:\/\/www.aliadospuebla.com\/?p=95825"]}]},{"@type":"ImageObject","inLanguage":"es","@id":"https:\/\/www.aliadospuebla.com\/?p=95825#primaryimage","url":"https:\/\/www.aliadospuebla.com\/web2017\/wp-content\/uploads\/2024\/08\/824.jpg","contentUrl":"https:\/\/www.aliadospuebla.com\/web2017\/wp-content\/uploads\/2024\/08\/824.jpg","width":600,"height":450},{"@type":"BreadcrumbList","@id":"https:\/\/www.aliadospuebla.com\/?p=95825#breadcrumb","itemListElement":[{"@type":"ListItem","position":1,"name":"Portada","item":"https:\/\/www.aliadospuebla.com\/"},{"@type":"ListItem","position":2,"name":"En Amozoc, realizan foro sobre la erradicaci\u00f3n de la violencia contra la mujer"}]},{"@type":"WebSite","@id":"https:\/\/www.aliadospuebla.com\/#website","url":"https:\/\/www.aliadospuebla.com\/","name":"AliadosPuebla","description":"La informaci\u00f3n en tus manos","potentialAction":[{"@type":"SearchAction","target":{"@type":"EntryPoint","urlTemplate":"https:\/\/www.aliadospuebla.com\/?s={search_term_string}"},"query-input":{"@type":"PropertyValueSpecification","valueRequired":true,"valueName":"search_term_string"}}],"inLanguage":"es"},{"@type":"Person","@id":"https:\/\/www.aliadospuebla.com\/#\/schema\/person\/5da7dd09320bd4f392b710017ed5f8ad","name":"Aliados17","image":{"@type":"ImageObject","inLanguage":"es","@id":"https:\/\/www.aliadospuebla.com\/web2017\/wp-content\/uploads\/2025\/03\/cropped-para-perfil-8-anos-1-96x96.jpg","url":"https:\/\/www.aliadospuebla.com\/web2017\/wp-content\/uploads\/2025\/03\/cropped-para-perfil-8-anos-1-96x96.jpg","contentUrl":"https:\/\/www.aliadospuebla.com\/web2017\/wp-content\/uploads\/2025\/03\/cropped-para-perfil-8-anos-1-96x96.jpg","caption":"Aliados17"},"sameAs":["https:\/\/www.aliados17.com","https:\/\/www.facebook.com\/Aliados17Pue","https:\/\/x.com\/AliadosPuebla"],"url":"https:\/\/www.aliadospuebla.com\/?author=2"}]}},"views":6,"_links":{"self":[{"href":"https:\/\/www.aliadospuebla.com\/index.php?rest_route=\/wp\/v2\/posts\/95825","targetHints":{"allow":["GET"]}}],"collection":[{"href":"https:\/\/www.aliadospuebla.com\/index.php?rest_route=\/wp\/v2\/posts"}],"about":[{"href":"https:\/\/www.aliadospuebla.com\/index.php?rest_route=\/wp\/v2\/types\/post"}],"author":[{"embeddable":true,"href":"https:\/\/www.aliadospuebla.com\/index.php?rest_route=\/wp\/v2\/users\/2"}],"replies":[{"embeddable":true,"href":"https:\/\/www.aliadospuebla.com\/index.php?rest_route=%2Fwp%2Fv2%2Fcomments&post=95825"}],"version-history":[{"count":1,"href":"https:\/\/www.aliadospuebla.com\/index.php?rest_route=\/wp\/v2\/posts\/95825\/revisions"}],"predecessor-version":[{"id":95827,"href":"https:\/\/www.aliadospuebla.com\/index.php?rest_route=\/wp\/v2\/posts\/95825\/revisions\/95827"}],"wp:featuredmedia":[{"embeddable":true,"href":"https:\/\/www.aliadospuebla.com\/index.php?rest_route=\/wp\/v2\/media\/95826"}],"wp:attachment":[{"href":"https:\/\/www.aliadospuebla.com\/index.php?rest_route=%2Fwp%2Fv2%2Fmedia&parent=95825"}],"wp:term":[{"taxonomy":"category","embeddable":true,"href":"https:\/\/www.aliadospuebla.com\/index.php?rest_route=%2Fwp%2Fv2%2Fcategories&post=95825"},{"taxonomy":"post_tag","embeddable":true,"href":"https:\/\/www.aliadospuebla.com\/index.php?rest_route=%2Fwp%2Fv2%2Ftags&post=95825"}],"curies":[{"name":"wp","href":"https:\/\/api.w.org\/{rel}","templated":true}]}}