{"id":95812,"date":"2024-08-28T16:55:29","date_gmt":"2024-08-28T22:55:29","guid":{"rendered":"https:\/\/www.aliados17.com\/?p=95812"},"modified":"2024-08-28T16:55:29","modified_gmt":"2024-08-28T22:55:29","slug":"ser-una-empresa-socialmente-responsable-es-un-compromiso-y-no-moda-gustavo-david-vargas-constantini","status":"publish","type":"post","link":"https:\/\/www.aliadospuebla.com\/?p=95812","title":{"rendered":"Ser una Empresa Socialmente Responsable es un compromiso y no moda: Gustavo David Vargas Constantini"},"content":{"rendered":"<h4>CMIC, CANACINTRA, AMPI y Grupo Proactivo invitan a m\u00e1s empresas a obtener su distintivo ESR.<\/h4>\n<p>CMIC es por segundo a\u00f1o instituci\u00f3n promotora de Responsabilidad Social Empresarial.<br \/>\nM\u00e1s que una tendencia, la Responsabilidad Social Empresarial es un compromiso<\/p>\n<p>desde las empresas la sociedad, para sus clientes, colaboradores y tambi\u00e9n hacia el medio ambiente,<\/p>\n<p>destac\u00f3 Gustavo David Vargas Constantini, presidente de la C\u00e1mara Mexicana<\/p>\n<p>de la Industria de la Construcci\u00f3n de Puebla.<br \/>\nPor segundo a\u00f1o consecutivo CMIC Puebla destaca por ser una instituci\u00f3n promotora de la Responsabilidad Social<\/p>\n<p>acercando el marco legal, las herramientas y la orientaci\u00f3n necesaria para que las empresas<\/p>\n<p>del sector de la construcci\u00f3n se preparen y puedan alcanzar el distintivo ESR<\/p>\n<p>que otorga el Centro Mexicano de la Filantrop\u00eda (CEMEFI) semestralmente.<br \/>\nVargas Constantini se\u00f1al\u00f3 que la Responsabilidad Social Empresarial no solo contribuye al desarrollo de las comunidades, sino que tambi\u00e9n fortalece el prestigio y la competitividad de las empresas en el mercado, ya que las organizaciones que implementan pr\u00e1cticas responsables se posicionan como l\u00edderes en sus sectores, generando confianza y lealtad entre sus clientes y empleados.<br \/>\nA este evento acudieron Carlos Sosa Sp\u00ednola, presidente de CANACINTRA Puebla y Fabrizio Pizar Rojas, Vicepresidente de Responsabilidad social en AMPI nacional, como organismos promotores de la Responsabilidad Social en las empresas en el estado; as\u00ed como Patricio Zorrilla, Socio fundador de Grupo Proactivo Mexicano, aliado regional de CEMEFI y Presidente de la CIRT Puebla \u2013 Tlaxcala.<br \/>\nEl compromiso que ratificaron est\u00e1s c\u00e1maras y organismos del sector empresarial es seguir apoyando este tipo de iniciativas y a fomentar un ambiente empresarial propicio para que la responsabilidad social sea un pilar fundamental de gobernanza, de esta forma m\u00e1s empresas poblanas ser\u00e1n galardonadas con el distintivo ESR.<br \/>\nCMIC Puebla organiza el Reciclatr\u00f3n 2024.<br \/>\nEl presidente de CMIC Puebla, Gustavo David Vargas Constantini anunci\u00f3 que como parte de los trabajos para consolidar el compromiso social empresarial, la c\u00e1mara de la construcci\u00f3n emprendi\u00f3 el Reciclatr\u00f3n 2024 que inicia desde este 28 al 30 de agosto, para recibir residuos electr\u00f3nicos y el\u00e9ctricos, 09:00 a 17:00 horas en la sede de la c\u00e1mara ubicada en Privada 43 B Sur 4714, Colonia Estrella del Sur de Puebla. Para m\u00e1s informaci\u00f3n, v\u00eda Whatsapp al +52 222 7306766, en la p\u00e1gina web www.cmicpuebla.org, en redes sociales: Facebook CMIC Puebla y en X como @PueblaCMIC.<\/p>\n","protected":false},"excerpt":{"rendered":"<p>CMIC, CANACINTRA, AMPI y Grupo Proactivo invitan a m\u00e1s empresas a obtener su distintivo ESR. CMIC es por segundo a\u00f1o instituci\u00f3n promotora de Responsabilidad Social Empresarial. M\u00e1s que una tendencia, la Responsabilidad Social Empresarial es un compromiso desde las empresas la sociedad, para sus clientes, colaboradores y tambi\u00e9n hacia el medio ambiente, destac\u00f3 Gustavo David Vargas Constantini, presidente de la C\u00e1mara Mexicana de la Industria de la Construcci\u00f3n de Puebla. Por segundo a\u00f1o consecutivo CMIC Puebla destaca por ser una instituci\u00f3n promotora de la Responsabilidad Social acercando el marco legal, las herramientas y la orientaci\u00f3n necesaria para que las empresas del sector de la construcci\u00f3n se preparen y puedan alcanzar el distintivo ESR que otorga el Centro Mexicano de la Filantrop\u00eda (CEMEFI) semestralmente. Vargas Constantini&hellip;<\/p>\n<p class=\"excerpt-more\"><a class=\"blog-excerpt button\" href=\"https:\/\/www.aliadospuebla.com\/?p=95812\">Leer m\u00e1s&#8230;<\/a><\/p>\n","protected":false},"author":2,"featured_media":95813,"comment_status":"open","ping_status":"open","sticky":false,"template":"","format":"standard","meta":{"_monsterinsights_skip_tracking":false,"footnotes":""},"categories":[62],"tags":[23850,3189,1319,23849,9315,22985],"class_list":["post-95812","post","type-post","status-publish","format-standard","has-post-thumbnail","hentry","category-capital","tag-ampi","tag-canacintra","tag-cmic","tag-empresa-socialmente-responsable","tag-esr","tag-gustavo-david-vargas-constantini"],"yoast_head":"<!-- This site is optimized with the Yoast SEO plugin v28.4 - https:\/\/yoast.com\/product\/yoast-seo-wordpress\/ -->\n<title>Ser una Empresa Socialmente Responsable es un compromiso y no moda: Gustavo David Vargas Constantini - AliadosPuebla<\/title>\n<meta name=\"robots\" content=\"index, follow, max-snippet:-1, max-image-preview:large, max-video-preview:-1\" \/>\n<link rel=\"canonical\" href=\"https:\/\/www.aliadospuebla.com\/?p=95812\" \/>\n<meta property=\"og:locale\" content=\"es_ES\" \/>\n<meta property=\"og:type\" content=\"article\" \/>\n<meta property=\"og:title\" content=\"Ser una Empresa Socialmente Responsable es un compromiso y no moda: Gustavo David Vargas Constantini - AliadosPuebla\" \/>\n<meta property=\"og:description\" content=\"CMIC, CANACINTRA, AMPI y Grupo Proactivo invitan a m\u00e1s empresas a obtener su distintivo ESR. CMIC es por segundo a\u00f1o instituci\u00f3n promotora de Responsabilidad Social Empresarial. M\u00e1s que una tendencia, la Responsabilidad Social Empresarial es un compromiso desde las empresas la sociedad, para sus clientes, colaboradores y tambi\u00e9n hacia el medio ambiente, destac\u00f3 Gustavo David Vargas Constantini, presidente de la C\u00e1mara Mexicana de la Industria de la Construcci\u00f3n de Puebla. Por segundo a\u00f1o consecutivo CMIC Puebla destaca por ser una instituci\u00f3n promotora de la Responsabilidad Social acercando el marco legal, las herramientas y la orientaci\u00f3n necesaria para que las empresas del sector de la construcci\u00f3n se preparen y puedan alcanzar el distintivo ESR que otorga el Centro Mexicano de la Filantrop\u00eda (CEMEFI) semestralmente. Vargas Constantini&hellip;Leer m\u00e1s...\" \/>\n<meta property=\"og:url\" content=\"https:\/\/www.aliadospuebla.com\/?p=95812\" \/>\n<meta property=\"og:site_name\" content=\"AliadosPuebla\" \/>\n<meta property=\"article:author\" content=\"https:\/\/www.facebook.com\/Aliados17Pue\" \/>\n<meta property=\"article:published_time\" content=\"2024-08-28T22:55:29+00:00\" \/>\n<meta property=\"og:image\" content=\"https:\/\/www.aliadospuebla.com\/web2017\/wp-content\/uploads\/2024\/08\/820.jpg\" \/>\n\t<meta property=\"og:image:width\" content=\"600\" \/>\n\t<meta property=\"og:image:height\" content=\"450\" \/>\n\t<meta property=\"og:image:type\" content=\"image\/jpeg\" \/>\n<meta name=\"author\" content=\"Aliados17\" \/>\n<meta name=\"twitter:card\" content=\"summary_large_image\" \/>\n<meta name=\"twitter:creator\" content=\"@AliadosPuebla\" \/>\n<meta name=\"twitter:label1\" content=\"Escrito por\" \/>\n\t<meta name=\"twitter:data1\" content=\"Aliados17\" \/>\n\t<meta name=\"twitter:label2\" content=\"Tiempo de lectura\" \/>\n\t<meta name=\"twitter:data2\" content=\"2 minutos\" \/>\n<script type=\"application\/ld+json\" class=\"yoast-schema-graph\">{\"@context\":\"https:\\\/\\\/schema.org\",\"@graph\":[{\"@type\":\"Article\",\"@id\":\"https:\\\/\\\/www.aliadospuebla.com\\\/?p=95812#article\",\"isPartOf\":{\"@id\":\"https:\\\/\\\/www.aliadospuebla.com\\\/?p=95812\"},\"author\":{\"name\":\"Aliados17\",\"@id\":\"https:\\\/\\\/www.aliadospuebla.com\\\/#\\\/schema\\\/person\\\/5da7dd09320bd4f392b710017ed5f8ad\"},\"headline\":\"Ser una Empresa Socialmente Responsable es un compromiso y no moda: Gustavo David Vargas Constantini\",\"datePublished\":\"2024-08-28T22:55:29+00:00\",\"mainEntityOfPage\":{\"@id\":\"https:\\\/\\\/www.aliadospuebla.com\\\/?p=95812\"},\"wordCount\":420,\"commentCount\":0,\"image\":{\"@id\":\"https:\\\/\\\/www.aliadospuebla.com\\\/?p=95812#primaryimage\"},\"thumbnailUrl\":\"https:\\\/\\\/www.aliadospuebla.com\\\/web2017\\\/wp-content\\\/uploads\\\/2024\\\/08\\\/820.jpg\",\"keywords\":[\"AMPI\",\"CANACINTRA\",\"CMIC\",\"Empresa Socialmente Responsable\",\"ESR\",\"Gustavo David Vargas Constantini\"],\"articleSection\":[\"Capital\"],\"inLanguage\":\"es\",\"potentialAction\":[{\"@type\":\"CommentAction\",\"name\":\"Comment\",\"target\":[\"https:\\\/\\\/www.aliadospuebla.com\\\/?p=95812#respond\"]}]},{\"@type\":\"WebPage\",\"@id\":\"https:\\\/\\\/www.aliadospuebla.com\\\/?p=95812\",\"url\":\"https:\\\/\\\/www.aliadospuebla.com\\\/?p=95812\",\"name\":\"Ser una Empresa Socialmente Responsable es un compromiso y no moda: Gustavo David Vargas Constantini - AliadosPuebla\",\"isPartOf\":{\"@id\":\"https:\\\/\\\/www.aliadospuebla.com\\\/#website\"},\"primaryImageOfPage\":{\"@id\":\"https:\\\/\\\/www.aliadospuebla.com\\\/?p=95812#primaryimage\"},\"image\":{\"@id\":\"https:\\\/\\\/www.aliadospuebla.com\\\/?p=95812#primaryimage\"},\"thumbnailUrl\":\"https:\\\/\\\/www.aliadospuebla.com\\\/web2017\\\/wp-content\\\/uploads\\\/2024\\\/08\\\/820.jpg\",\"datePublished\":\"2024-08-28T22:55:29+00:00\",\"author\":{\"@id\":\"https:\\\/\\\/www.aliadospuebla.com\\\/#\\\/schema\\\/person\\\/5da7dd09320bd4f392b710017ed5f8ad\"},\"breadcrumb\":{\"@id\":\"https:\\\/\\\/www.aliadospuebla.com\\\/?p=95812#breadcrumb\"},\"inLanguage\":\"es\",\"potentialAction\":[{\"@type\":\"ReadAction\",\"target\":[\"https:\\\/\\\/www.aliadospuebla.com\\\/?p=95812\"]}]},{\"@type\":\"ImageObject\",\"inLanguage\":\"es\",\"@id\":\"https:\\\/\\\/www.aliadospuebla.com\\\/?p=95812#primaryimage\",\"url\":\"https:\\\/\\\/www.aliadospuebla.com\\\/web2017\\\/wp-content\\\/uploads\\\/2024\\\/08\\\/820.jpg\",\"contentUrl\":\"https:\\\/\\\/www.aliadospuebla.com\\\/web2017\\\/wp-content\\\/uploads\\\/2024\\\/08\\\/820.jpg\",\"width\":600,\"height\":450},{\"@type\":\"BreadcrumbList\",\"@id\":\"https:\\\/\\\/www.aliadospuebla.com\\\/?p=95812#breadcrumb\",\"itemListElement\":[{\"@type\":\"ListItem\",\"position\":1,\"name\":\"Portada\",\"item\":\"https:\\\/\\\/www.aliadospuebla.com\\\/\"},{\"@type\":\"ListItem\",\"position\":2,\"name\":\"Ser una Empresa Socialmente Responsable es un compromiso y no moda: Gustavo David Vargas Constantini\"}]},{\"@type\":\"WebSite\",\"@id\":\"https:\\\/\\\/www.aliadospuebla.com\\\/#website\",\"url\":\"https:\\\/\\\/www.aliadospuebla.com\\\/\",\"name\":\"AliadosPuebla\",\"description\":\"La informaci\u00f3n en tus manos\",\"potentialAction\":[{\"@type\":\"SearchAction\",\"target\":{\"@type\":\"EntryPoint\",\"urlTemplate\":\"https:\\\/\\\/www.aliadospuebla.com\\\/?s={search_term_string}\"},\"query-input\":{\"@type\":\"PropertyValueSpecification\",\"valueRequired\":true,\"valueName\":\"search_term_string\"}}],\"inLanguage\":\"es\"},{\"@type\":\"Person\",\"@id\":\"https:\\\/\\\/www.aliadospuebla.com\\\/#\\\/schema\\\/person\\\/5da7dd09320bd4f392b710017ed5f8ad\",\"name\":\"Aliados17\",\"image\":{\"@type\":\"ImageObject\",\"inLanguage\":\"es\",\"@id\":\"https:\\\/\\\/www.aliadospuebla.com\\\/web2017\\\/wp-content\\\/uploads\\\/2025\\\/03\\\/cropped-para-perfil-8-anos-1-96x96.jpg\",\"url\":\"https:\\\/\\\/www.aliadospuebla.com\\\/web2017\\\/wp-content\\\/uploads\\\/2025\\\/03\\\/cropped-para-perfil-8-anos-1-96x96.jpg\",\"contentUrl\":\"https:\\\/\\\/www.aliadospuebla.com\\\/web2017\\\/wp-content\\\/uploads\\\/2025\\\/03\\\/cropped-para-perfil-8-anos-1-96x96.jpg\",\"caption\":\"Aliados17\"},\"sameAs\":[\"https:\\\/\\\/www.aliados17.com\",\"https:\\\/\\\/www.facebook.com\\\/Aliados17Pue\",\"https:\\\/\\\/x.com\\\/AliadosPuebla\"],\"url\":\"https:\\\/\\\/www.aliadospuebla.com\\\/?author=2\"}]}<\/script>\n<!-- \/ Yoast SEO plugin. -->","yoast_head_json":{"title":"Ser una Empresa Socialmente Responsable es un compromiso y no moda: Gustavo David Vargas Constantini - AliadosPuebla","robots":{"index":"index","follow":"follow","max-snippet":"max-snippet:-1","max-image-preview":"max-image-preview:large","max-video-preview":"max-video-preview:-1"},"canonical":"https:\/\/www.aliadospuebla.com\/?p=95812","og_locale":"es_ES","og_type":"article","og_title":"Ser una Empresa Socialmente Responsable es un compromiso y no moda: Gustavo David Vargas Constantini - AliadosPuebla","og_description":"CMIC, CANACINTRA, AMPI y Grupo Proactivo invitan a m\u00e1s empresas a obtener su distintivo ESR. CMIC es por segundo a\u00f1o instituci\u00f3n promotora de Responsabilidad Social Empresarial. M\u00e1s que una tendencia, la Responsabilidad Social Empresarial es un compromiso desde las empresas la sociedad, para sus clientes, colaboradores y tambi\u00e9n hacia el medio ambiente, destac\u00f3 Gustavo David Vargas Constantini, presidente de la C\u00e1mara Mexicana de la Industria de la Construcci\u00f3n de Puebla. Por segundo a\u00f1o consecutivo CMIC Puebla destaca por ser una instituci\u00f3n promotora de la Responsabilidad Social acercando el marco legal, las herramientas y la orientaci\u00f3n necesaria para que las empresas del sector de la construcci\u00f3n se preparen y puedan alcanzar el distintivo ESR que otorga el Centro Mexicano de la Filantrop\u00eda (CEMEFI) semestralmente. Vargas Constantini&hellip;Leer m\u00e1s...","og_url":"https:\/\/www.aliadospuebla.com\/?p=95812","og_site_name":"AliadosPuebla","article_author":"https:\/\/www.facebook.com\/Aliados17Pue","article_published_time":"2024-08-28T22:55:29+00:00","og_image":[{"width":600,"height":450,"url":"https:\/\/www.aliadospuebla.com\/web2017\/wp-content\/uploads\/2024\/08\/820.jpg","type":"image\/jpeg"}],"author":"Aliados17","twitter_card":"summary_large_image","twitter_creator":"@AliadosPuebla","twitter_misc":{"Escrito por":"Aliados17","Tiempo de lectura":"2 minutos"},"schema":{"@context":"https:\/\/schema.org","@graph":[{"@type":"Article","@id":"https:\/\/www.aliadospuebla.com\/?p=95812#article","isPartOf":{"@id":"https:\/\/www.aliadospuebla.com\/?p=95812"},"author":{"name":"Aliados17","@id":"https:\/\/www.aliadospuebla.com\/#\/schema\/person\/5da7dd09320bd4f392b710017ed5f8ad"},"headline":"Ser una Empresa Socialmente Responsable es un compromiso y no moda: Gustavo David Vargas Constantini","datePublished":"2024-08-28T22:55:29+00:00","mainEntityOfPage":{"@id":"https:\/\/www.aliadospuebla.com\/?p=95812"},"wordCount":420,"commentCount":0,"image":{"@id":"https:\/\/www.aliadospuebla.com\/?p=95812#primaryimage"},"thumbnailUrl":"https:\/\/www.aliadospuebla.com\/web2017\/wp-content\/uploads\/2024\/08\/820.jpg","keywords":["AMPI","CANACINTRA","CMIC","Empresa Socialmente Responsable","ESR","Gustavo David Vargas Constantini"],"articleSection":["Capital"],"inLanguage":"es","potentialAction":[{"@type":"CommentAction","name":"Comment","target":["https:\/\/www.aliadospuebla.com\/?p=95812#respond"]}]},{"@type":"WebPage","@id":"https:\/\/www.aliadospuebla.com\/?p=95812","url":"https:\/\/www.aliadospuebla.com\/?p=95812","name":"Ser una Empresa Socialmente Responsable es un compromiso y no moda: Gustavo David Vargas Constantini - AliadosPuebla","isPartOf":{"@id":"https:\/\/www.aliadospuebla.com\/#website"},"primaryImageOfPage":{"@id":"https:\/\/www.aliadospuebla.com\/?p=95812#primaryimage"},"image":{"@id":"https:\/\/www.aliadospuebla.com\/?p=95812#primaryimage"},"thumbnailUrl":"https:\/\/www.aliadospuebla.com\/web2017\/wp-content\/uploads\/2024\/08\/820.jpg","datePublished":"2024-08-28T22:55:29+00:00","author":{"@id":"https:\/\/www.aliadospuebla.com\/#\/schema\/person\/5da7dd09320bd4f392b710017ed5f8ad"},"breadcrumb":{"@id":"https:\/\/www.aliadospuebla.com\/?p=95812#breadcrumb"},"inLanguage":"es","potentialAction":[{"@type":"ReadAction","target":["https:\/\/www.aliadospuebla.com\/?p=95812"]}]},{"@type":"ImageObject","inLanguage":"es","@id":"https:\/\/www.aliadospuebla.com\/?p=95812#primaryimage","url":"https:\/\/www.aliadospuebla.com\/web2017\/wp-content\/uploads\/2024\/08\/820.jpg","contentUrl":"https:\/\/www.aliadospuebla.com\/web2017\/wp-content\/uploads\/2024\/08\/820.jpg","width":600,"height":450},{"@type":"BreadcrumbList","@id":"https:\/\/www.aliadospuebla.com\/?p=95812#breadcrumb","itemListElement":[{"@type":"ListItem","position":1,"name":"Portada","item":"https:\/\/www.aliadospuebla.com\/"},{"@type":"ListItem","position":2,"name":"Ser una Empresa Socialmente Responsable es un compromiso y no moda: Gustavo David Vargas Constantini"}]},{"@type":"WebSite","@id":"https:\/\/www.aliadospuebla.com\/#website","url":"https:\/\/www.aliadospuebla.com\/","name":"AliadosPuebla","description":"La informaci\u00f3n en tus manos","potentialAction":[{"@type":"SearchAction","target":{"@type":"EntryPoint","urlTemplate":"https:\/\/www.aliadospuebla.com\/?s={search_term_string}"},"query-input":{"@type":"PropertyValueSpecification","valueRequired":true,"valueName":"search_term_string"}}],"inLanguage":"es"},{"@type":"Person","@id":"https:\/\/www.aliadospuebla.com\/#\/schema\/person\/5da7dd09320bd4f392b710017ed5f8ad","name":"Aliados17","image":{"@type":"ImageObject","inLanguage":"es","@id":"https:\/\/www.aliadospuebla.com\/web2017\/wp-content\/uploads\/2025\/03\/cropped-para-perfil-8-anos-1-96x96.jpg","url":"https:\/\/www.aliadospuebla.com\/web2017\/wp-content\/uploads\/2025\/03\/cropped-para-perfil-8-anos-1-96x96.jpg","contentUrl":"https:\/\/www.aliadospuebla.com\/web2017\/wp-content\/uploads\/2025\/03\/cropped-para-perfil-8-anos-1-96x96.jpg","caption":"Aliados17"},"sameAs":["https:\/\/www.aliados17.com","https:\/\/www.facebook.com\/Aliados17Pue","https:\/\/x.com\/AliadosPuebla"],"url":"https:\/\/www.aliadospuebla.com\/?author=2"}]}},"views":16,"_links":{"self":[{"href":"https:\/\/www.aliadospuebla.com\/index.php?rest_route=\/wp\/v2\/posts\/95812","targetHints":{"allow":["GET"]}}],"collection":[{"href":"https:\/\/www.aliadospuebla.com\/index.php?rest_route=\/wp\/v2\/posts"}],"about":[{"href":"https:\/\/www.aliadospuebla.com\/index.php?rest_route=\/wp\/v2\/types\/post"}],"author":[{"embeddable":true,"href":"https:\/\/www.aliadospuebla.com\/index.php?rest_route=\/wp\/v2\/users\/2"}],"replies":[{"embeddable":true,"href":"https:\/\/www.aliadospuebla.com\/index.php?rest_route=%2Fwp%2Fv2%2Fcomments&post=95812"}],"version-history":[{"count":1,"href":"https:\/\/www.aliadospuebla.com\/index.php?rest_route=\/wp\/v2\/posts\/95812\/revisions"}],"predecessor-version":[{"id":95814,"href":"https:\/\/www.aliadospuebla.com\/index.php?rest_route=\/wp\/v2\/posts\/95812\/revisions\/95814"}],"wp:featuredmedia":[{"embeddable":true,"href":"https:\/\/www.aliadospuebla.com\/index.php?rest_route=\/wp\/v2\/media\/95813"}],"wp:attachment":[{"href":"https:\/\/www.aliadospuebla.com\/index.php?rest_route=%2Fwp%2Fv2%2Fmedia&parent=95812"}],"wp:term":[{"taxonomy":"category","embeddable":true,"href":"https:\/\/www.aliadospuebla.com\/index.php?rest_route=%2Fwp%2Fv2%2Fcategories&post=95812"},{"taxonomy":"post_tag","embeddable":true,"href":"https:\/\/www.aliadospuebla.com\/index.php?rest_route=%2Fwp%2Fv2%2Ftags&post=95812"}],"curies":[{"name":"wp","href":"https:\/\/api.w.org\/{rel}","templated":true}]}}