{"id":95723,"date":"2024-08-26T19:37:01","date_gmt":"2024-08-27T01:37:01","guid":{"rendered":"https:\/\/www.aliados17.com\/?p=95723"},"modified":"2024-08-26T19:37:01","modified_gmt":"2024-08-27T01:37:01","slug":"inicia-paola-angon-festejos-patrios-con-presentacion-de-bando-solemne-en-san-pedro-cholula","status":"publish","type":"post","link":"https:\/\/www.aliadospuebla.com\/?p=95723","title":{"rendered":"INICIA PAOLA ANGON FESTEJOS PATRIOS CON PRESENTACI\u00d3N DE BANDO SOLEMNE EN SAN PEDRO CHOLULA"},"content":{"rendered":"<h4>La develaci\u00f3n del Bando Solemne marca el arranque de las celebraciones por el 214 aniversario de la Independencia de M\u00e9xico<\/h4>\n<p>San Pedro Cholula, Pue. &#8211; Con la develaci\u00f3n del Bando Solemne de Fiestas Patrias, la Presidenta Municipal, Paola Angon Silva, dio inicio oficialmente a las festividades que conmemoran el 214 aniversario de la Independencia de M\u00e9xico.<\/p>\n<p>Acompa\u00f1ada por Regidores, agrupaciones civiles, empresarios, y ciudadanos de barrios y Juntas Auxiliares, Angon Silva destac\u00f3 el profundo significado de ser mexicanos y de formar parte del Pueblo M\u00e1gico m\u00e1s visitado de Puebla, donde la historia, la tradici\u00f3n y la cultura, se han convertido en el principal atractivo.<br \/>\nDurante su intervenci\u00f3n, invit\u00f3 a la ciudadan\u00eda y visitantes nacionales e internacionales a disfrutar de las actividades para toda la familia, como el Tradicional Grito de Independencia, a realizarse en Plaza de la Concordia, as\u00ed como el Desfile Conmemorativo, que se llevar\u00e1 a cabo el pr\u00f3ximo 16 de septiembre, en punto de las 10 horas.<br \/>\nAngon subray\u00f3 que su administraci\u00f3n se ha distinguido por promover el turismo y fomentar la derrama econ\u00f3mica, recordando que, tras los desaf\u00edos de la pandemia, Cholula ha resurgido con una serie de actividades art\u00edsticas y culturales que han revitalizado el comercio local. \u00abHemos trabajado arduamente para que Cholula siga avanzando, y nuestra feria, as\u00ed como las Fiestas Patrias no ser\u00e1n la excepci\u00f3n,\u00bb afirm\u00f3.<br \/>\nDurante el recorrido de Pega de Bando estuvieron presentes los regidores Sandra Hern\u00e1ndez Romano, Fabiola Torres Garc\u00eda, Sonia Tolama Zacatelco, y Ram\u00f3n Blanca y P\u00e9rez, as\u00ed como el S\u00edndico Municipal, Carlos Bojalil Fragoso.<br \/>\nTambi\u00e9n participaron Rogelio Guerra, General en Jefe de Carnavaleros de San Pedro Cholula; Alejandro Cer\u00f3n, en representaci\u00f3n de los comerciantes de la Zona Parque Soria; Ang\u00e9lica Toxqui, creadora de \u201cCho y Lula\u201d; Maricarmen Rueda Atenco, representante de \u201cTalavera Bonilla\u201d; pirot\u00e9cnicos de San Crist\u00f3bal Tepontla; Tip Tours, acompa\u00f1ados de la banda de m\u00fasica del CETIS 67.<\/p>\n","protected":false},"excerpt":{"rendered":"<p>La develaci\u00f3n del Bando Solemne marca el arranque de las celebraciones por el 214 aniversario de la Independencia de M\u00e9xico San Pedro Cholula, Pue. &#8211; Con la develaci\u00f3n del Bando Solemne de Fiestas Patrias, la Presidenta Municipal, Paola Angon Silva, dio inicio oficialmente a las festividades que conmemoran el 214 aniversario de la Independencia de M\u00e9xico. Acompa\u00f1ada por Regidores, agrupaciones civiles, empresarios, y ciudadanos de barrios y Juntas Auxiliares, Angon Silva destac\u00f3 el profundo significado de ser mexicanos y de formar parte del Pueblo M\u00e1gico m\u00e1s visitado de Puebla, donde la historia, la tradici\u00f3n y la cultura, se han convertido en el principal atractivo. Durante su intervenci\u00f3n, invit\u00f3 a la ciudadan\u00eda y visitantes nacionales e internacionales a disfrutar de las actividades para toda la familia,&hellip;<\/p>\n<p class=\"excerpt-more\"><a class=\"blog-excerpt button\" href=\"https:\/\/www.aliadospuebla.com\/?p=95723\">Leer m\u00e1s&#8230;<\/a><\/p>\n","protected":false},"author":2,"featured_media":95724,"comment_status":"open","ping_status":"open","sticky":false,"template":"","format":"standard","meta":{"_monsterinsights_skip_tracking":false,"footnotes":""},"categories":[4],"tags":[1686,10092,6758,15485,387],"class_list":["post-95723","post","type-post","status-publish","format-standard","has-post-thumbnail","hentry","category-municipios","tag-bando-solemne","tag-festejos-patrios","tag-independencia-de-mexico","tag-paola-angon-silva","tag-san-pedro-cholula"],"yoast_head":"<!-- This site is optimized with the Yoast SEO plugin v28.4 - https:\/\/yoast.com\/product\/yoast-seo-wordpress\/ -->\n<title>INICIA PAOLA ANGON FESTEJOS PATRIOS CON PRESENTACI\u00d3N DE BANDO SOLEMNE EN SAN PEDRO CHOLULA - AliadosPuebla<\/title>\n<meta name=\"robots\" content=\"index, follow, max-snippet:-1, max-image-preview:large, max-video-preview:-1\" \/>\n<link rel=\"canonical\" href=\"https:\/\/www.aliadospuebla.com\/?p=95723\" \/>\n<meta property=\"og:locale\" content=\"es_ES\" \/>\n<meta property=\"og:type\" content=\"article\" \/>\n<meta property=\"og:title\" content=\"INICIA PAOLA ANGON FESTEJOS PATRIOS CON PRESENTACI\u00d3N DE BANDO SOLEMNE EN SAN PEDRO CHOLULA - AliadosPuebla\" \/>\n<meta property=\"og:description\" content=\"La develaci\u00f3n del Bando Solemne marca el arranque de las celebraciones por el 214 aniversario de la Independencia de M\u00e9xico San Pedro Cholula, Pue. &#8211; Con la develaci\u00f3n del Bando Solemne de Fiestas Patrias, la Presidenta Municipal, Paola Angon Silva, dio inicio oficialmente a las festividades que conmemoran el 214 aniversario de la Independencia de M\u00e9xico. Acompa\u00f1ada por Regidores, agrupaciones civiles, empresarios, y ciudadanos de barrios y Juntas Auxiliares, Angon Silva destac\u00f3 el profundo significado de ser mexicanos y de formar parte del Pueblo M\u00e1gico m\u00e1s visitado de Puebla, donde la historia, la tradici\u00f3n y la cultura, se han convertido en el principal atractivo. Durante su intervenci\u00f3n, invit\u00f3 a la ciudadan\u00eda y visitantes nacionales e internacionales a disfrutar de las actividades para toda la familia,&hellip;Leer m\u00e1s...\" \/>\n<meta property=\"og:url\" content=\"https:\/\/www.aliadospuebla.com\/?p=95723\" \/>\n<meta property=\"og:site_name\" content=\"AliadosPuebla\" \/>\n<meta property=\"article:author\" content=\"https:\/\/www.facebook.com\/Aliados17Pue\" \/>\n<meta property=\"article:published_time\" content=\"2024-08-27T01:37:01+00:00\" \/>\n<meta property=\"og:image\" content=\"https:\/\/www.aliadospuebla.com\/web2017\/wp-content\/uploads\/2024\/08\/804.jpg\" \/>\n\t<meta property=\"og:image:width\" content=\"600\" \/>\n\t<meta property=\"og:image:height\" content=\"450\" \/>\n\t<meta property=\"og:image:type\" content=\"image\/jpeg\" \/>\n<meta name=\"author\" content=\"Aliados17\" \/>\n<meta name=\"twitter:card\" content=\"summary_large_image\" \/>\n<meta name=\"twitter:creator\" content=\"@AliadosPuebla\" \/>\n<meta name=\"twitter:label1\" content=\"Escrito por\" \/>\n\t<meta name=\"twitter:data1\" content=\"Aliados17\" \/>\n\t<meta name=\"twitter:label2\" content=\"Tiempo de lectura\" \/>\n\t<meta name=\"twitter:data2\" content=\"2 minutos\" \/>\n<script type=\"application\/ld+json\" class=\"yoast-schema-graph\">{\"@context\":\"https:\\\/\\\/schema.org\",\"@graph\":[{\"@type\":\"Article\",\"@id\":\"https:\\\/\\\/www.aliadospuebla.com\\\/?p=95723#article\",\"isPartOf\":{\"@id\":\"https:\\\/\\\/www.aliadospuebla.com\\\/?p=95723\"},\"author\":{\"name\":\"Aliados17\",\"@id\":\"https:\\\/\\\/www.aliadospuebla.com\\\/#\\\/schema\\\/person\\\/5da7dd09320bd4f392b710017ed5f8ad\"},\"headline\":\"INICIA PAOLA ANGON FESTEJOS PATRIOS CON PRESENTACI\u00d3N DE BANDO SOLEMNE EN SAN PEDRO CHOLULA\",\"datePublished\":\"2024-08-27T01:37:01+00:00\",\"mainEntityOfPage\":{\"@id\":\"https:\\\/\\\/www.aliadospuebla.com\\\/?p=95723\"},\"wordCount\":350,\"commentCount\":0,\"image\":{\"@id\":\"https:\\\/\\\/www.aliadospuebla.com\\\/?p=95723#primaryimage\"},\"thumbnailUrl\":\"https:\\\/\\\/www.aliadospuebla.com\\\/web2017\\\/wp-content\\\/uploads\\\/2024\\\/08\\\/804.jpg\",\"keywords\":[\"BANDO SOLEMNE\",\"festejos patrios\",\"INDEPENDENCIA DE M\u00c9XICO\",\"Paola Ang\u00f3n Silva\",\"SAN PEDRO CHOLULA\"],\"articleSection\":[\"Municipios\"],\"inLanguage\":\"es\",\"potentialAction\":[{\"@type\":\"CommentAction\",\"name\":\"Comment\",\"target\":[\"https:\\\/\\\/www.aliadospuebla.com\\\/?p=95723#respond\"]}]},{\"@type\":\"WebPage\",\"@id\":\"https:\\\/\\\/www.aliadospuebla.com\\\/?p=95723\",\"url\":\"https:\\\/\\\/www.aliadospuebla.com\\\/?p=95723\",\"name\":\"INICIA PAOLA ANGON FESTEJOS PATRIOS CON PRESENTACI\u00d3N DE BANDO SOLEMNE EN SAN PEDRO CHOLULA - AliadosPuebla\",\"isPartOf\":{\"@id\":\"https:\\\/\\\/www.aliadospuebla.com\\\/#website\"},\"primaryImageOfPage\":{\"@id\":\"https:\\\/\\\/www.aliadospuebla.com\\\/?p=95723#primaryimage\"},\"image\":{\"@id\":\"https:\\\/\\\/www.aliadospuebla.com\\\/?p=95723#primaryimage\"},\"thumbnailUrl\":\"https:\\\/\\\/www.aliadospuebla.com\\\/web2017\\\/wp-content\\\/uploads\\\/2024\\\/08\\\/804.jpg\",\"datePublished\":\"2024-08-27T01:37:01+00:00\",\"author\":{\"@id\":\"https:\\\/\\\/www.aliadospuebla.com\\\/#\\\/schema\\\/person\\\/5da7dd09320bd4f392b710017ed5f8ad\"},\"breadcrumb\":{\"@id\":\"https:\\\/\\\/www.aliadospuebla.com\\\/?p=95723#breadcrumb\"},\"inLanguage\":\"es\",\"potentialAction\":[{\"@type\":\"ReadAction\",\"target\":[\"https:\\\/\\\/www.aliadospuebla.com\\\/?p=95723\"]}]},{\"@type\":\"ImageObject\",\"inLanguage\":\"es\",\"@id\":\"https:\\\/\\\/www.aliadospuebla.com\\\/?p=95723#primaryimage\",\"url\":\"https:\\\/\\\/www.aliadospuebla.com\\\/web2017\\\/wp-content\\\/uploads\\\/2024\\\/08\\\/804.jpg\",\"contentUrl\":\"https:\\\/\\\/www.aliadospuebla.com\\\/web2017\\\/wp-content\\\/uploads\\\/2024\\\/08\\\/804.jpg\",\"width\":600,\"height\":450},{\"@type\":\"BreadcrumbList\",\"@id\":\"https:\\\/\\\/www.aliadospuebla.com\\\/?p=95723#breadcrumb\",\"itemListElement\":[{\"@type\":\"ListItem\",\"position\":1,\"name\":\"Portada\",\"item\":\"https:\\\/\\\/www.aliadospuebla.com\\\/\"},{\"@type\":\"ListItem\",\"position\":2,\"name\":\"INICIA PAOLA ANGON FESTEJOS PATRIOS CON PRESENTACI\u00d3N DE BANDO SOLEMNE EN SAN PEDRO CHOLULA\"}]},{\"@type\":\"WebSite\",\"@id\":\"https:\\\/\\\/www.aliadospuebla.com\\\/#website\",\"url\":\"https:\\\/\\\/www.aliadospuebla.com\\\/\",\"name\":\"AliadosPuebla\",\"description\":\"La informaci\u00f3n en tus manos\",\"potentialAction\":[{\"@type\":\"SearchAction\",\"target\":{\"@type\":\"EntryPoint\",\"urlTemplate\":\"https:\\\/\\\/www.aliadospuebla.com\\\/?s={search_term_string}\"},\"query-input\":{\"@type\":\"PropertyValueSpecification\",\"valueRequired\":true,\"valueName\":\"search_term_string\"}}],\"inLanguage\":\"es\"},{\"@type\":\"Person\",\"@id\":\"https:\\\/\\\/www.aliadospuebla.com\\\/#\\\/schema\\\/person\\\/5da7dd09320bd4f392b710017ed5f8ad\",\"name\":\"Aliados17\",\"image\":{\"@type\":\"ImageObject\",\"inLanguage\":\"es\",\"@id\":\"https:\\\/\\\/www.aliadospuebla.com\\\/web2017\\\/wp-content\\\/uploads\\\/2025\\\/03\\\/cropped-para-perfil-8-anos-1-96x96.jpg\",\"url\":\"https:\\\/\\\/www.aliadospuebla.com\\\/web2017\\\/wp-content\\\/uploads\\\/2025\\\/03\\\/cropped-para-perfil-8-anos-1-96x96.jpg\",\"contentUrl\":\"https:\\\/\\\/www.aliadospuebla.com\\\/web2017\\\/wp-content\\\/uploads\\\/2025\\\/03\\\/cropped-para-perfil-8-anos-1-96x96.jpg\",\"caption\":\"Aliados17\"},\"sameAs\":[\"https:\\\/\\\/www.aliados17.com\",\"https:\\\/\\\/www.facebook.com\\\/Aliados17Pue\",\"https:\\\/\\\/x.com\\\/AliadosPuebla\"],\"url\":\"https:\\\/\\\/www.aliadospuebla.com\\\/?author=2\"}]}<\/script>\n<!-- \/ Yoast SEO plugin. -->","yoast_head_json":{"title":"INICIA PAOLA ANGON FESTEJOS PATRIOS CON PRESENTACI\u00d3N DE BANDO SOLEMNE EN SAN PEDRO CHOLULA - AliadosPuebla","robots":{"index":"index","follow":"follow","max-snippet":"max-snippet:-1","max-image-preview":"max-image-preview:large","max-video-preview":"max-video-preview:-1"},"canonical":"https:\/\/www.aliadospuebla.com\/?p=95723","og_locale":"es_ES","og_type":"article","og_title":"INICIA PAOLA ANGON FESTEJOS PATRIOS CON PRESENTACI\u00d3N DE BANDO SOLEMNE EN SAN PEDRO CHOLULA - AliadosPuebla","og_description":"La develaci\u00f3n del Bando Solemne marca el arranque de las celebraciones por el 214 aniversario de la Independencia de M\u00e9xico San Pedro Cholula, Pue. &#8211; Con la develaci\u00f3n del Bando Solemne de Fiestas Patrias, la Presidenta Municipal, Paola Angon Silva, dio inicio oficialmente a las festividades que conmemoran el 214 aniversario de la Independencia de M\u00e9xico. Acompa\u00f1ada por Regidores, agrupaciones civiles, empresarios, y ciudadanos de barrios y Juntas Auxiliares, Angon Silva destac\u00f3 el profundo significado de ser mexicanos y de formar parte del Pueblo M\u00e1gico m\u00e1s visitado de Puebla, donde la historia, la tradici\u00f3n y la cultura, se han convertido en el principal atractivo. Durante su intervenci\u00f3n, invit\u00f3 a la ciudadan\u00eda y visitantes nacionales e internacionales a disfrutar de las actividades para toda la familia,&hellip;Leer m\u00e1s...","og_url":"https:\/\/www.aliadospuebla.com\/?p=95723","og_site_name":"AliadosPuebla","article_author":"https:\/\/www.facebook.com\/Aliados17Pue","article_published_time":"2024-08-27T01:37:01+00:00","og_image":[{"width":600,"height":450,"url":"https:\/\/www.aliadospuebla.com\/web2017\/wp-content\/uploads\/2024\/08\/804.jpg","type":"image\/jpeg"}],"author":"Aliados17","twitter_card":"summary_large_image","twitter_creator":"@AliadosPuebla","twitter_misc":{"Escrito por":"Aliados17","Tiempo de lectura":"2 minutos"},"schema":{"@context":"https:\/\/schema.org","@graph":[{"@type":"Article","@id":"https:\/\/www.aliadospuebla.com\/?p=95723#article","isPartOf":{"@id":"https:\/\/www.aliadospuebla.com\/?p=95723"},"author":{"name":"Aliados17","@id":"https:\/\/www.aliadospuebla.com\/#\/schema\/person\/5da7dd09320bd4f392b710017ed5f8ad"},"headline":"INICIA PAOLA ANGON FESTEJOS PATRIOS CON PRESENTACI\u00d3N DE BANDO SOLEMNE EN SAN PEDRO CHOLULA","datePublished":"2024-08-27T01:37:01+00:00","mainEntityOfPage":{"@id":"https:\/\/www.aliadospuebla.com\/?p=95723"},"wordCount":350,"commentCount":0,"image":{"@id":"https:\/\/www.aliadospuebla.com\/?p=95723#primaryimage"},"thumbnailUrl":"https:\/\/www.aliadospuebla.com\/web2017\/wp-content\/uploads\/2024\/08\/804.jpg","keywords":["BANDO SOLEMNE","festejos patrios","INDEPENDENCIA DE M\u00c9XICO","Paola Ang\u00f3n Silva","SAN PEDRO CHOLULA"],"articleSection":["Municipios"],"inLanguage":"es","potentialAction":[{"@type":"CommentAction","name":"Comment","target":["https:\/\/www.aliadospuebla.com\/?p=95723#respond"]}]},{"@type":"WebPage","@id":"https:\/\/www.aliadospuebla.com\/?p=95723","url":"https:\/\/www.aliadospuebla.com\/?p=95723","name":"INICIA PAOLA ANGON FESTEJOS PATRIOS CON PRESENTACI\u00d3N DE BANDO SOLEMNE EN SAN PEDRO CHOLULA - AliadosPuebla","isPartOf":{"@id":"https:\/\/www.aliadospuebla.com\/#website"},"primaryImageOfPage":{"@id":"https:\/\/www.aliadospuebla.com\/?p=95723#primaryimage"},"image":{"@id":"https:\/\/www.aliadospuebla.com\/?p=95723#primaryimage"},"thumbnailUrl":"https:\/\/www.aliadospuebla.com\/web2017\/wp-content\/uploads\/2024\/08\/804.jpg","datePublished":"2024-08-27T01:37:01+00:00","author":{"@id":"https:\/\/www.aliadospuebla.com\/#\/schema\/person\/5da7dd09320bd4f392b710017ed5f8ad"},"breadcrumb":{"@id":"https:\/\/www.aliadospuebla.com\/?p=95723#breadcrumb"},"inLanguage":"es","potentialAction":[{"@type":"ReadAction","target":["https:\/\/www.aliadospuebla.com\/?p=95723"]}]},{"@type":"ImageObject","inLanguage":"es","@id":"https:\/\/www.aliadospuebla.com\/?p=95723#primaryimage","url":"https:\/\/www.aliadospuebla.com\/web2017\/wp-content\/uploads\/2024\/08\/804.jpg","contentUrl":"https:\/\/www.aliadospuebla.com\/web2017\/wp-content\/uploads\/2024\/08\/804.jpg","width":600,"height":450},{"@type":"BreadcrumbList","@id":"https:\/\/www.aliadospuebla.com\/?p=95723#breadcrumb","itemListElement":[{"@type":"ListItem","position":1,"name":"Portada","item":"https:\/\/www.aliadospuebla.com\/"},{"@type":"ListItem","position":2,"name":"INICIA PAOLA ANGON FESTEJOS PATRIOS CON PRESENTACI\u00d3N DE BANDO SOLEMNE EN SAN PEDRO CHOLULA"}]},{"@type":"WebSite","@id":"https:\/\/www.aliadospuebla.com\/#website","url":"https:\/\/www.aliadospuebla.com\/","name":"AliadosPuebla","description":"La informaci\u00f3n en tus manos","potentialAction":[{"@type":"SearchAction","target":{"@type":"EntryPoint","urlTemplate":"https:\/\/www.aliadospuebla.com\/?s={search_term_string}"},"query-input":{"@type":"PropertyValueSpecification","valueRequired":true,"valueName":"search_term_string"}}],"inLanguage":"es"},{"@type":"Person","@id":"https:\/\/www.aliadospuebla.com\/#\/schema\/person\/5da7dd09320bd4f392b710017ed5f8ad","name":"Aliados17","image":{"@type":"ImageObject","inLanguage":"es","@id":"https:\/\/www.aliadospuebla.com\/web2017\/wp-content\/uploads\/2025\/03\/cropped-para-perfil-8-anos-1-96x96.jpg","url":"https:\/\/www.aliadospuebla.com\/web2017\/wp-content\/uploads\/2025\/03\/cropped-para-perfil-8-anos-1-96x96.jpg","contentUrl":"https:\/\/www.aliadospuebla.com\/web2017\/wp-content\/uploads\/2025\/03\/cropped-para-perfil-8-anos-1-96x96.jpg","caption":"Aliados17"},"sameAs":["https:\/\/www.aliados17.com","https:\/\/www.facebook.com\/Aliados17Pue","https:\/\/x.com\/AliadosPuebla"],"url":"https:\/\/www.aliadospuebla.com\/?author=2"}]}},"views":12,"_links":{"self":[{"href":"https:\/\/www.aliadospuebla.com\/index.php?rest_route=\/wp\/v2\/posts\/95723","targetHints":{"allow":["GET"]}}],"collection":[{"href":"https:\/\/www.aliadospuebla.com\/index.php?rest_route=\/wp\/v2\/posts"}],"about":[{"href":"https:\/\/www.aliadospuebla.com\/index.php?rest_route=\/wp\/v2\/types\/post"}],"author":[{"embeddable":true,"href":"https:\/\/www.aliadospuebla.com\/index.php?rest_route=\/wp\/v2\/users\/2"}],"replies":[{"embeddable":true,"href":"https:\/\/www.aliadospuebla.com\/index.php?rest_route=%2Fwp%2Fv2%2Fcomments&post=95723"}],"version-history":[{"count":1,"href":"https:\/\/www.aliadospuebla.com\/index.php?rest_route=\/wp\/v2\/posts\/95723\/revisions"}],"predecessor-version":[{"id":95725,"href":"https:\/\/www.aliadospuebla.com\/index.php?rest_route=\/wp\/v2\/posts\/95723\/revisions\/95725"}],"wp:featuredmedia":[{"embeddable":true,"href":"https:\/\/www.aliadospuebla.com\/index.php?rest_route=\/wp\/v2\/media\/95724"}],"wp:attachment":[{"href":"https:\/\/www.aliadospuebla.com\/index.php?rest_route=%2Fwp%2Fv2%2Fmedia&parent=95723"}],"wp:term":[{"taxonomy":"category","embeddable":true,"href":"https:\/\/www.aliadospuebla.com\/index.php?rest_route=%2Fwp%2Fv2%2Fcategories&post=95723"},{"taxonomy":"post_tag","embeddable":true,"href":"https:\/\/www.aliadospuebla.com\/index.php?rest_route=%2Fwp%2Fv2%2Ftags&post=95723"}],"curies":[{"name":"wp","href":"https:\/\/api.w.org\/{rel}","templated":true}]}}