{"id":95445,"date":"2024-08-16T15:34:48","date_gmt":"2024-08-16T21:34:48","guid":{"rendered":"https:\/\/www.aliados17.com\/?p=95445"},"modified":"2024-08-16T15:34:48","modified_gmt":"2024-08-16T21:34:48","slug":"la-udlap-realiza-la-tercera-edicion-de-la-catedra-de-estudios-de-genero","status":"publish","type":"post","link":"https:\/\/www.aliadospuebla.com\/?p=95445","title":{"rendered":"La UDLAP realiza la tercera edici\u00f3n de la C\u00e1tedra de Estudios de G\u00e9nero"},"content":{"rendered":"<p><b>Cholula, Puebla; a 15 de agosto de 2024.-<\/b>\u00a0Con el objetivo de proporcionar herramientas anal\u00edticas que permitan comprender las<\/p>\n<p>complejas intersecciones entre g\u00e9nero, discapacidad, origen \u00e9tnico, edad y clase social, la Universidad de las Am\u00e9ricas Puebla (UDLAP)<\/p>\n<p>realiza del 19 de agosto al 25 de noviembre, la tercera edici\u00f3n de la C\u00e1tedra de Estudios de G\u00e9nero, la cual contar\u00e1 con trece sesiones<\/p>\n<p>impartidas por personas expertas con destacadas trayectorias en academia, activismo y arte.<\/p>\n<p>En su tercera edici\u00f3n, el programa de la C\u00e1tedra de Estudios de G\u00e9nero explora temas desde la gordofobia hasta la violencia y discriminaci\u00f3n<\/p>\n<p>que enfrentan las mujeres trans en el sistema carcelario. \u201cA trav\u00e9s de esta serie de conferencias y talleres se busca visibilizar y analizar los<\/p>\n<p>retos y discursos de odio que enfrentan personas con cuerpos feminizados, personas con obesidad o sobrepeso, personas afrodescendientes y<\/p>\n<p>mujeres que se desempe\u00f1an en campos como las ciencias\u201d, detall\u00f3 la Dra. Laura Elena Romero, coordinadora de esta c\u00e1tedra.<\/p>\n<p>La c\u00e1tedra iniciar\u00e1 este lunes 19 de agosto con la conferencia: \u201cG\u00e9nero \u00bfpara qu\u00e9?: multiplicando conexiones\u201d a cargo de Ana Cristina<\/p>\n<p>Aguirre, acad\u00e9mica de la UDLAP. Asimismo, en d\u00edas subsecuentes se realizar\u00e1n conferencias magistrales impartidas por personalidades<\/p>\n<p>como Marcela Lagarde, Robert McRuer, C\u00e9sar Torres Cruz y Carmen Alc\u00e1zar; tambi\u00e9n se presentar\u00e1 un libro por parte de Ang\u00e9lica Aparicio;<\/p>\n<p>adem\u00e1s de otros espacios con M\u00f3nica Figueroa, Chlo\u00e9 Constant, Erika B\u00fclle y Andrea Mendoza. En octubre y noviembre se brindar\u00e1n<\/p>\n<p>talleres Jumko Ogata y Aridai Barrera. A esto se suman de parte de la UDLAP los acad\u00e9micos Martin Larsson y Alison Lee para brindar un<\/p>\n<p>taller en octubre.<\/p>\n<p>Cabe destacar que como parte de las actividades de la UDLAP en materia de diversidad, equidad e inclusi\u00f3n, la c\u00e1tedra es parte de la<\/p>\n<p>formaci\u00f3n acad\u00e9mica de los estudiantes UDLAP, por lo tanto es un tema selecto impartido especialmente para estudiantes de la Escuela de<\/p>\n<p>Ciencias Sociales; sin embargo, algunas sesiones de esta tercera edici\u00f3n estar\u00e1n abiertas al p\u00fablico en general, espec\u00edficamente dos: la<\/p>\n<p>conferencia del 26 de agosto con la Dra. Marcela Lagarde, reconocida antrop\u00f3loga, acad\u00e9mica y feminista mexicana, quien ha sido una figura<\/p>\n<p>central en los estudios de g\u00e9nero en Am\u00e9rica Latina, destac\u00e1ndose por su trabajo en la conceptualizaci\u00f3n del feminicidio y la violencia de<\/p>\n<p>g\u00e9nero;\u00a0y la del 25 de noviembre con el Dr. Robert McRuer de la Universidad de Washington, quien se ha especializado en estudios de<\/p>\n<p>discapacidad y teor\u00eda queer, y es conocido por su influyente libro\u00a0<i>\u201cCrip Theory: Cultural Signs of Queerness and Disability\u00bb.<\/i><\/p>\n<p>Durante las tres ediciones de la C\u00e1tedra de Estudios de G\u00e9nero de la UDLAP, se ha contado con la participaci\u00f3n de destacadas<\/p>\n<p>personalidades en el campo de la academia, el activismo y el arte; por lo que estas actividades no s\u00f3lo han enriquecido el conocimiento<\/p>\n<p>te\u00f3rico de quienes participan, sino que tambi\u00e9n han fomentado un ambiente de reflexi\u00f3n cr\u00edtica.\u00a0En suma, \u201cla c\u00e1tedra ha sido un motor de<\/p>\n<p>cambio inspirando a nuestra comunidad a cuestionar y transformar las estructuras sociales que perpet\u00faan la desigualdad. Adem\u00e1s, ha<\/p>\n<p>fortalecido nuestro compromiso institucional con la construcci\u00f3n de una sociedad m\u00e1s diversa y respetuosa\u201d, puntualiz\u00f3 la Dra. Romero,<\/p>\n<p>quien adem\u00e1s destac\u00f3 que la C\u00e1tedra de Estudios de G\u00e9nero ha tenido un impacto significativo en la comunidad universitaria y m\u00e1s all\u00e1 de<\/p>\n<p>ella: \u201ccada edici\u00f3n\u00a0 ha servido como un espacio para hablar no s\u00f3lo de g\u00e9nero, sino de las complejas intersecciones con la discapacidad, el<\/p>\n<p>origen \u00e9tnico, la edad o la clase social, proporcionando herramientas anal\u00edticas para entender y abordar estas din\u00e1micas\u201d.<\/p>\n","protected":false},"excerpt":{"rendered":"<p>Cholula, Puebla; a 15 de agosto de 2024.-\u00a0Con el objetivo de proporcionar herramientas anal\u00edticas que permitan comprender las complejas intersecciones entre g\u00e9nero, discapacidad, origen \u00e9tnico, edad y clase social, la Universidad de las Am\u00e9ricas Puebla (UDLAP) realiza del 19 de agosto al 25 de noviembre, la tercera edici\u00f3n de la C\u00e1tedra de Estudios de G\u00e9nero, la cual contar\u00e1 con trece sesiones impartidas por personas expertas con destacadas trayectorias en academia, activismo y arte. En su tercera edici\u00f3n, el programa de la C\u00e1tedra de Estudios de G\u00e9nero explora temas desde la gordofobia hasta la violencia y discriminaci\u00f3n que enfrentan las mujeres trans en el sistema carcelario. \u201cA trav\u00e9s de esta serie de conferencias y talleres se busca visibilizar y analizar los retos y discursos de odio&hellip;<\/p>\n<p class=\"excerpt-more\"><a class=\"blog-excerpt button\" href=\"https:\/\/www.aliadospuebla.com\/?p=95445\">Leer m\u00e1s&#8230;<\/a><\/p>\n","protected":false},"author":2,"featured_media":95462,"comment_status":"open","ping_status":"open","sticky":false,"template":"","format":"standard","meta":{"_monsterinsights_skip_tracking":false,"footnotes":""},"categories":[5],"tags":[653,23118,11026,10636,5244,8056,765,4386,251,2403,13188,45,3880,13158,17715,13795,13718,19795,14620,13467,13635,19794,63,19283,14621,13749,27,13508],"class_list":["post-95445","post","type-post","status-publish","format-standard","has-post-thumbnail","hentry","category-universidades","tag-buap","tag-campana-politica","tag-ciudad-de-puebla","tag-estado-de-puebla","tag-gobernador-de-puebla","tag-gobierno-de-puebla","tag-imss","tag-imss-puebla","tag-pan","tag-partidos-politicos","tag-politica-puebla","tag-pri","tag-psi","tag-puebla-ciudad","tag-puebla-estado","tag-puebla-gobierno","tag-puebla-politica","tag-puebla-senadores","tag-puebla-udlap","tag-puebla-universidad","tag-puebla-universidades","tag-senadores-puebla","tag-udlap","tag-udlap-cholula","tag-udlap-puebla","tag-universidad-de-puebla","tag-upaep","tag-upaep-puebla"],"yoast_head":"<!-- This site is optimized with the Yoast SEO plugin v28.4 - https:\/\/yoast.com\/product\/yoast-seo-wordpress\/ -->\n<title>La UDLAP realiza la tercera edici\u00f3n de la C\u00e1tedra de Estudios de G\u00e9nero - AliadosPuebla<\/title>\n<meta name=\"robots\" content=\"index, follow, max-snippet:-1, max-image-preview:large, max-video-preview:-1\" \/>\n<link rel=\"canonical\" href=\"https:\/\/www.aliadospuebla.com\/?p=95445\" \/>\n<meta property=\"og:locale\" content=\"es_ES\" \/>\n<meta property=\"og:type\" content=\"article\" \/>\n<meta property=\"og:title\" content=\"La UDLAP realiza la tercera edici\u00f3n de la C\u00e1tedra de Estudios de G\u00e9nero - AliadosPuebla\" \/>\n<meta property=\"og:description\" content=\"Cholula, Puebla; a 15 de agosto de 2024.-\u00a0Con el objetivo de proporcionar herramientas anal\u00edticas que permitan comprender las complejas intersecciones entre g\u00e9nero, discapacidad, origen \u00e9tnico, edad y clase social, la Universidad de las Am\u00e9ricas Puebla (UDLAP) realiza del 19 de agosto al 25 de noviembre, la tercera edici\u00f3n de la C\u00e1tedra de Estudios de G\u00e9nero, la cual contar\u00e1 con trece sesiones impartidas por personas expertas con destacadas trayectorias en academia, activismo y arte. En su tercera edici\u00f3n, el programa de la C\u00e1tedra de Estudios de G\u00e9nero explora temas desde la gordofobia hasta la violencia y discriminaci\u00f3n que enfrentan las mujeres trans en el sistema carcelario. \u201cA trav\u00e9s de esta serie de conferencias y talleres se busca visibilizar y analizar los retos y discursos de odio&hellip;Leer m\u00e1s...\" \/>\n<meta property=\"og:url\" content=\"https:\/\/www.aliadospuebla.com\/?p=95445\" \/>\n<meta property=\"og:site_name\" content=\"AliadosPuebla\" \/>\n<meta property=\"article:author\" content=\"https:\/\/www.facebook.com\/Aliados17Pue\" \/>\n<meta property=\"article:published_time\" content=\"2024-08-16T21:34:48+00:00\" \/>\n<meta property=\"og:image\" content=\"https:\/\/www.aliadospuebla.com\/web2017\/wp-content\/uploads\/2024\/08\/descarga-3.jpeg\" \/>\n\t<meta property=\"og:image:width\" content=\"927\" \/>\n\t<meta property=\"og:image:height\" content=\"927\" \/>\n\t<meta property=\"og:image:type\" content=\"image\/jpeg\" \/>\n<meta name=\"author\" content=\"Aliados17\" \/>\n<meta name=\"twitter:card\" content=\"summary_large_image\" \/>\n<meta name=\"twitter:creator\" content=\"@AliadosPuebla\" \/>\n<meta name=\"twitter:label1\" content=\"Escrito por\" \/>\n\t<meta name=\"twitter:data1\" content=\"Aliados17\" \/>\n\t<meta name=\"twitter:label2\" content=\"Tiempo de lectura\" \/>\n\t<meta name=\"twitter:data2\" content=\"3 minutos\" \/>\n<script type=\"application\/ld+json\" class=\"yoast-schema-graph\">{\"@context\":\"https:\\\/\\\/schema.org\",\"@graph\":[{\"@type\":\"Article\",\"@id\":\"https:\\\/\\\/www.aliadospuebla.com\\\/?p=95445#article\",\"isPartOf\":{\"@id\":\"https:\\\/\\\/www.aliadospuebla.com\\\/?p=95445\"},\"author\":{\"name\":\"Aliados17\",\"@id\":\"https:\\\/\\\/www.aliadospuebla.com\\\/#\\\/schema\\\/person\\\/5da7dd09320bd4f392b710017ed5f8ad\"},\"headline\":\"La UDLAP realiza la tercera edici\u00f3n de la C\u00e1tedra de Estudios de G\u00e9nero\",\"datePublished\":\"2024-08-16T21:34:48+00:00\",\"mainEntityOfPage\":{\"@id\":\"https:\\\/\\\/www.aliadospuebla.com\\\/?p=95445\"},\"wordCount\":657,\"commentCount\":0,\"image\":{\"@id\":\"https:\\\/\\\/www.aliadospuebla.com\\\/?p=95445#primaryimage\"},\"thumbnailUrl\":\"https:\\\/\\\/www.aliadospuebla.com\\\/web2017\\\/wp-content\\\/uploads\\\/2024\\\/08\\\/descarga-3.jpeg\",\"keywords\":[\"BUAP\",\"Campa\u00f1a politica\",\"CIUDAD DE PUEBLA\",\"ESTADO DE PUEBLA\",\"GOBERNADOR DE PUEBLA\",\"GOBIERNO DE PUEBLA\",\"IMSS\",\"IMSS PUEBLA\",\"PAN\",\"PARTIDOS POL\u00cdTICOS\",\"Politica Puebla\",\"PRI\",\"PSI\",\"Puebla Ciudad\",\"Puebla estado\",\"Puebla gobierno\",\"puebla politica\",\"Puebla Senadores\",\"Puebla UDLAP\",\"Puebla Universidad\",\"Puebla Universidades\",\"Senadores Puebla\",\"Udlap\",\"Udlap cholula\",\"UDLAP Puebla\",\"Universidad de Puebla\",\"UPAEP\",\"UPAEP Puebla\"],\"articleSection\":[\"Universidades\"],\"inLanguage\":\"es\",\"potentialAction\":[{\"@type\":\"CommentAction\",\"name\":\"Comment\",\"target\":[\"https:\\\/\\\/www.aliadospuebla.com\\\/?p=95445#respond\"]}]},{\"@type\":\"WebPage\",\"@id\":\"https:\\\/\\\/www.aliadospuebla.com\\\/?p=95445\",\"url\":\"https:\\\/\\\/www.aliadospuebla.com\\\/?p=95445\",\"name\":\"La UDLAP realiza la tercera edici\u00f3n de la C\u00e1tedra de Estudios de G\u00e9nero - AliadosPuebla\",\"isPartOf\":{\"@id\":\"https:\\\/\\\/www.aliadospuebla.com\\\/#website\"},\"primaryImageOfPage\":{\"@id\":\"https:\\\/\\\/www.aliadospuebla.com\\\/?p=95445#primaryimage\"},\"image\":{\"@id\":\"https:\\\/\\\/www.aliadospuebla.com\\\/?p=95445#primaryimage\"},\"thumbnailUrl\":\"https:\\\/\\\/www.aliadospuebla.com\\\/web2017\\\/wp-content\\\/uploads\\\/2024\\\/08\\\/descarga-3.jpeg\",\"datePublished\":\"2024-08-16T21:34:48+00:00\",\"author\":{\"@id\":\"https:\\\/\\\/www.aliadospuebla.com\\\/#\\\/schema\\\/person\\\/5da7dd09320bd4f392b710017ed5f8ad\"},\"breadcrumb\":{\"@id\":\"https:\\\/\\\/www.aliadospuebla.com\\\/?p=95445#breadcrumb\"},\"inLanguage\":\"es\",\"potentialAction\":[{\"@type\":\"ReadAction\",\"target\":[\"https:\\\/\\\/www.aliadospuebla.com\\\/?p=95445\"]}]},{\"@type\":\"ImageObject\",\"inLanguage\":\"es\",\"@id\":\"https:\\\/\\\/www.aliadospuebla.com\\\/?p=95445#primaryimage\",\"url\":\"https:\\\/\\\/www.aliadospuebla.com\\\/web2017\\\/wp-content\\\/uploads\\\/2024\\\/08\\\/descarga-3.jpeg\",\"contentUrl\":\"https:\\\/\\\/www.aliadospuebla.com\\\/web2017\\\/wp-content\\\/uploads\\\/2024\\\/08\\\/descarga-3.jpeg\",\"width\":927,\"height\":927},{\"@type\":\"BreadcrumbList\",\"@id\":\"https:\\\/\\\/www.aliadospuebla.com\\\/?p=95445#breadcrumb\",\"itemListElement\":[{\"@type\":\"ListItem\",\"position\":1,\"name\":\"Portada\",\"item\":\"https:\\\/\\\/www.aliadospuebla.com\\\/\"},{\"@type\":\"ListItem\",\"position\":2,\"name\":\"La UDLAP realiza la tercera edici\u00f3n de la C\u00e1tedra de Estudios de G\u00e9nero\"}]},{\"@type\":\"WebSite\",\"@id\":\"https:\\\/\\\/www.aliadospuebla.com\\\/#website\",\"url\":\"https:\\\/\\\/www.aliadospuebla.com\\\/\",\"name\":\"AliadosPuebla\",\"description\":\"La informaci\u00f3n en tus manos\",\"potentialAction\":[{\"@type\":\"SearchAction\",\"target\":{\"@type\":\"EntryPoint\",\"urlTemplate\":\"https:\\\/\\\/www.aliadospuebla.com\\\/?s={search_term_string}\"},\"query-input\":{\"@type\":\"PropertyValueSpecification\",\"valueRequired\":true,\"valueName\":\"search_term_string\"}}],\"inLanguage\":\"es\"},{\"@type\":\"Person\",\"@id\":\"https:\\\/\\\/www.aliadospuebla.com\\\/#\\\/schema\\\/person\\\/5da7dd09320bd4f392b710017ed5f8ad\",\"name\":\"Aliados17\",\"image\":{\"@type\":\"ImageObject\",\"inLanguage\":\"es\",\"@id\":\"https:\\\/\\\/www.aliadospuebla.com\\\/web2017\\\/wp-content\\\/uploads\\\/2025\\\/03\\\/cropped-para-perfil-8-anos-1-96x96.jpg\",\"url\":\"https:\\\/\\\/www.aliadospuebla.com\\\/web2017\\\/wp-content\\\/uploads\\\/2025\\\/03\\\/cropped-para-perfil-8-anos-1-96x96.jpg\",\"contentUrl\":\"https:\\\/\\\/www.aliadospuebla.com\\\/web2017\\\/wp-content\\\/uploads\\\/2025\\\/03\\\/cropped-para-perfil-8-anos-1-96x96.jpg\",\"caption\":\"Aliados17\"},\"sameAs\":[\"https:\\\/\\\/www.aliados17.com\",\"https:\\\/\\\/www.facebook.com\\\/Aliados17Pue\",\"https:\\\/\\\/x.com\\\/AliadosPuebla\"],\"url\":\"https:\\\/\\\/www.aliadospuebla.com\\\/?author=2\"}]}<\/script>\n<!-- \/ Yoast SEO plugin. -->","yoast_head_json":{"title":"La UDLAP realiza la tercera edici\u00f3n de la C\u00e1tedra de Estudios de G\u00e9nero - AliadosPuebla","robots":{"index":"index","follow":"follow","max-snippet":"max-snippet:-1","max-image-preview":"max-image-preview:large","max-video-preview":"max-video-preview:-1"},"canonical":"https:\/\/www.aliadospuebla.com\/?p=95445","og_locale":"es_ES","og_type":"article","og_title":"La UDLAP realiza la tercera edici\u00f3n de la C\u00e1tedra de Estudios de G\u00e9nero - AliadosPuebla","og_description":"Cholula, Puebla; a 15 de agosto de 2024.-\u00a0Con el objetivo de proporcionar herramientas anal\u00edticas que permitan comprender las complejas intersecciones entre g\u00e9nero, discapacidad, origen \u00e9tnico, edad y clase social, la Universidad de las Am\u00e9ricas Puebla (UDLAP) realiza del 19 de agosto al 25 de noviembre, la tercera edici\u00f3n de la C\u00e1tedra de Estudios de G\u00e9nero, la cual contar\u00e1 con trece sesiones impartidas por personas expertas con destacadas trayectorias en academia, activismo y arte. En su tercera edici\u00f3n, el programa de la C\u00e1tedra de Estudios de G\u00e9nero explora temas desde la gordofobia hasta la violencia y discriminaci\u00f3n que enfrentan las mujeres trans en el sistema carcelario. \u201cA trav\u00e9s de esta serie de conferencias y talleres se busca visibilizar y analizar los retos y discursos de odio&hellip;Leer m\u00e1s...","og_url":"https:\/\/www.aliadospuebla.com\/?p=95445","og_site_name":"AliadosPuebla","article_author":"https:\/\/www.facebook.com\/Aliados17Pue","article_published_time":"2024-08-16T21:34:48+00:00","og_image":[{"width":927,"height":927,"url":"https:\/\/www.aliadospuebla.com\/web2017\/wp-content\/uploads\/2024\/08\/descarga-3.jpeg","type":"image\/jpeg"}],"author":"Aliados17","twitter_card":"summary_large_image","twitter_creator":"@AliadosPuebla","twitter_misc":{"Escrito por":"Aliados17","Tiempo de lectura":"3 minutos"},"schema":{"@context":"https:\/\/schema.org","@graph":[{"@type":"Article","@id":"https:\/\/www.aliadospuebla.com\/?p=95445#article","isPartOf":{"@id":"https:\/\/www.aliadospuebla.com\/?p=95445"},"author":{"name":"Aliados17","@id":"https:\/\/www.aliadospuebla.com\/#\/schema\/person\/5da7dd09320bd4f392b710017ed5f8ad"},"headline":"La UDLAP realiza la tercera edici\u00f3n de la C\u00e1tedra de Estudios de G\u00e9nero","datePublished":"2024-08-16T21:34:48+00:00","mainEntityOfPage":{"@id":"https:\/\/www.aliadospuebla.com\/?p=95445"},"wordCount":657,"commentCount":0,"image":{"@id":"https:\/\/www.aliadospuebla.com\/?p=95445#primaryimage"},"thumbnailUrl":"https:\/\/www.aliadospuebla.com\/web2017\/wp-content\/uploads\/2024\/08\/descarga-3.jpeg","keywords":["BUAP","Campa\u00f1a politica","CIUDAD DE PUEBLA","ESTADO DE PUEBLA","GOBERNADOR DE PUEBLA","GOBIERNO DE PUEBLA","IMSS","IMSS PUEBLA","PAN","PARTIDOS POL\u00cdTICOS","Politica Puebla","PRI","PSI","Puebla Ciudad","Puebla estado","Puebla gobierno","puebla politica","Puebla Senadores","Puebla UDLAP","Puebla Universidad","Puebla Universidades","Senadores Puebla","Udlap","Udlap cholula","UDLAP Puebla","Universidad de Puebla","UPAEP","UPAEP Puebla"],"articleSection":["Universidades"],"inLanguage":"es","potentialAction":[{"@type":"CommentAction","name":"Comment","target":["https:\/\/www.aliadospuebla.com\/?p=95445#respond"]}]},{"@type":"WebPage","@id":"https:\/\/www.aliadospuebla.com\/?p=95445","url":"https:\/\/www.aliadospuebla.com\/?p=95445","name":"La UDLAP realiza la tercera edici\u00f3n de la C\u00e1tedra de Estudios de G\u00e9nero - AliadosPuebla","isPartOf":{"@id":"https:\/\/www.aliadospuebla.com\/#website"},"primaryImageOfPage":{"@id":"https:\/\/www.aliadospuebla.com\/?p=95445#primaryimage"},"image":{"@id":"https:\/\/www.aliadospuebla.com\/?p=95445#primaryimage"},"thumbnailUrl":"https:\/\/www.aliadospuebla.com\/web2017\/wp-content\/uploads\/2024\/08\/descarga-3.jpeg","datePublished":"2024-08-16T21:34:48+00:00","author":{"@id":"https:\/\/www.aliadospuebla.com\/#\/schema\/person\/5da7dd09320bd4f392b710017ed5f8ad"},"breadcrumb":{"@id":"https:\/\/www.aliadospuebla.com\/?p=95445#breadcrumb"},"inLanguage":"es","potentialAction":[{"@type":"ReadAction","target":["https:\/\/www.aliadospuebla.com\/?p=95445"]}]},{"@type":"ImageObject","inLanguage":"es","@id":"https:\/\/www.aliadospuebla.com\/?p=95445#primaryimage","url":"https:\/\/www.aliadospuebla.com\/web2017\/wp-content\/uploads\/2024\/08\/descarga-3.jpeg","contentUrl":"https:\/\/www.aliadospuebla.com\/web2017\/wp-content\/uploads\/2024\/08\/descarga-3.jpeg","width":927,"height":927},{"@type":"BreadcrumbList","@id":"https:\/\/www.aliadospuebla.com\/?p=95445#breadcrumb","itemListElement":[{"@type":"ListItem","position":1,"name":"Portada","item":"https:\/\/www.aliadospuebla.com\/"},{"@type":"ListItem","position":2,"name":"La UDLAP realiza la tercera edici\u00f3n de la C\u00e1tedra de Estudios de G\u00e9nero"}]},{"@type":"WebSite","@id":"https:\/\/www.aliadospuebla.com\/#website","url":"https:\/\/www.aliadospuebla.com\/","name":"AliadosPuebla","description":"La informaci\u00f3n en tus manos","potentialAction":[{"@type":"SearchAction","target":{"@type":"EntryPoint","urlTemplate":"https:\/\/www.aliadospuebla.com\/?s={search_term_string}"},"query-input":{"@type":"PropertyValueSpecification","valueRequired":true,"valueName":"search_term_string"}}],"inLanguage":"es"},{"@type":"Person","@id":"https:\/\/www.aliadospuebla.com\/#\/schema\/person\/5da7dd09320bd4f392b710017ed5f8ad","name":"Aliados17","image":{"@type":"ImageObject","inLanguage":"es","@id":"https:\/\/www.aliadospuebla.com\/web2017\/wp-content\/uploads\/2025\/03\/cropped-para-perfil-8-anos-1-96x96.jpg","url":"https:\/\/www.aliadospuebla.com\/web2017\/wp-content\/uploads\/2025\/03\/cropped-para-perfil-8-anos-1-96x96.jpg","contentUrl":"https:\/\/www.aliadospuebla.com\/web2017\/wp-content\/uploads\/2025\/03\/cropped-para-perfil-8-anos-1-96x96.jpg","caption":"Aliados17"},"sameAs":["https:\/\/www.aliados17.com","https:\/\/www.facebook.com\/Aliados17Pue","https:\/\/x.com\/AliadosPuebla"],"url":"https:\/\/www.aliadospuebla.com\/?author=2"}]}},"views":9,"_links":{"self":[{"href":"https:\/\/www.aliadospuebla.com\/index.php?rest_route=\/wp\/v2\/posts\/95445","targetHints":{"allow":["GET"]}}],"collection":[{"href":"https:\/\/www.aliadospuebla.com\/index.php?rest_route=\/wp\/v2\/posts"}],"about":[{"href":"https:\/\/www.aliadospuebla.com\/index.php?rest_route=\/wp\/v2\/types\/post"}],"author":[{"embeddable":true,"href":"https:\/\/www.aliadospuebla.com\/index.php?rest_route=\/wp\/v2\/users\/2"}],"replies":[{"embeddable":true,"href":"https:\/\/www.aliadospuebla.com\/index.php?rest_route=%2Fwp%2Fv2%2Fcomments&post=95445"}],"version-history":[{"count":1,"href":"https:\/\/www.aliadospuebla.com\/index.php?rest_route=\/wp\/v2\/posts\/95445\/revisions"}],"predecessor-version":[{"id":95464,"href":"https:\/\/www.aliadospuebla.com\/index.php?rest_route=\/wp\/v2\/posts\/95445\/revisions\/95464"}],"wp:featuredmedia":[{"embeddable":true,"href":"https:\/\/www.aliadospuebla.com\/index.php?rest_route=\/wp\/v2\/media\/95462"}],"wp:attachment":[{"href":"https:\/\/www.aliadospuebla.com\/index.php?rest_route=%2Fwp%2Fv2%2Fmedia&parent=95445"}],"wp:term":[{"taxonomy":"category","embeddable":true,"href":"https:\/\/www.aliadospuebla.com\/index.php?rest_route=%2Fwp%2Fv2%2Fcategories&post=95445"},{"taxonomy":"post_tag","embeddable":true,"href":"https:\/\/www.aliadospuebla.com\/index.php?rest_route=%2Fwp%2Fv2%2Ftags&post=95445"}],"curies":[{"name":"wp","href":"https:\/\/api.w.org\/{rel}","templated":true}]}}