{"id":95241,"date":"2024-08-09T22:08:48","date_gmt":"2024-08-10T04:08:48","guid":{"rendered":"https:\/\/www.aliados17.com\/?p=95241"},"modified":"2024-08-09T22:08:48","modified_gmt":"2024-08-10T04:08:48","slug":"armenta-trabaja-a-favor-del-respeto-y-fortalecimiento-de-las-culturas-indigenas","status":"publish","type":"post","link":"https:\/\/www.aliadospuebla.com\/?p=95241","title":{"rendered":"Armenta trabaja a favor del respeto y fortalecimiento de las culturas ind\u00edgenas"},"content":{"rendered":"<p>Puebla, Pue. En el marco del D\u00eda Internacional de los Pueblos Ind\u00edgenas, Alejandro Armenta, gobernador electo de Puebla, reafirma su<\/p>\n<p>compromiso con el impulso, desarrollo y bienestar de los pueblos originarios del estado.<\/p>\n<p>&nbsp;<\/p>\n<p>Con una visi\u00f3n sostenible que respeta sus territorios y recursos naturales, as\u00ed como fortaleciendo sus instituciones, culturas e identidades,<\/p>\n<p>Armenta subray\u00f3 la importancia de la participaci\u00f3n, consulta y acuerdos en sus comunidades.<\/p>\n<p>&nbsp;<\/p>\n<p>El estado de Puebla es hogar de una rica diversidad ind\u00edgena, con m\u00e1s de 600 mil hablantes de lenguas ind\u00edgenas, entre las cuales<\/p>\n<p>predominan el n\u00e1huatl, con m\u00e1s de 447 mil hablantes, y el totonaco, con m\u00e1s de 106 mil hablantes. Adem\u00e1s, 26 de los 217 municipios de<\/p>\n<p>Puebla tienen poblaciones ind\u00edgenas que representan el 90% o m\u00e1s de su poblaci\u00f3n total, destacando la relevancia de estas comunidades en<\/p>\n<p>el tejido social del estado.<\/p>\n<p>&nbsp;<\/p>\n<p>Alejandro Armenta ha delineado propuestas espec\u00edficas para atender las necesidades de los pueblos originarios, y que van de la mano con las<\/p>\n<p>propuestas del pr\u00f3ximo gobierno federal que encabezar\u00e1 la doctora Claudia Sheinbaum, como el reconocimiento y respeto a sus tradiciones y<\/p>\n<p>costumbres, la implementaci\u00f3n de programas que aseguren el acceso a servicios b\u00e1sicos de salud, educaci\u00f3n y vivienda, y la promoci\u00f3n de la<\/p>\n<p>participaci\u00f3n activa de estas comunidades en la toma de decisiones que les afectan. Asimismo, se impulsar\u00e1n proyectos de desarrollo<\/p>\n<p>econ\u00f3mico sostenibles y respetuosos con el medio ambiente y las tradiciones\u00a0locales.<\/p>\n","protected":false},"excerpt":{"rendered":"<p>Puebla, Pue. En el marco del D\u00eda Internacional de los Pueblos Ind\u00edgenas, Alejandro Armenta, gobernador electo de Puebla, reafirma su compromiso con el impulso, desarrollo y bienestar de los pueblos originarios del estado. &nbsp; Con una visi\u00f3n sostenible que respeta sus territorios y recursos naturales, as\u00ed como fortaleciendo sus instituciones, culturas e identidades, Armenta subray\u00f3 la importancia de la participaci\u00f3n, consulta y acuerdos en sus comunidades. &nbsp; El estado de Puebla es hogar de una rica diversidad ind\u00edgena, con m\u00e1s de 600 mil hablantes de lenguas ind\u00edgenas, entre las cuales predominan el n\u00e1huatl, con m\u00e1s de 447 mil hablantes, y el totonaco, con m\u00e1s de 106 mil hablantes. Adem\u00e1s, 26 de los 217 municipios de Puebla tienen poblaciones ind\u00edgenas que representan el 90% o m\u00e1s&hellip;<\/p>\n<p class=\"excerpt-more\"><a class=\"blog-excerpt button\" href=\"https:\/\/www.aliadospuebla.com\/?p=95241\">Leer m\u00e1s&#8230;<\/a><\/p>\n","protected":false},"author":2,"featured_media":95242,"comment_status":"open","ping_status":"open","sticky":false,"template":"","format":"standard","meta":{"_monsterinsights_skip_tracking":false,"footnotes":""},"categories":[6],"tags":[653,23118,11026,10636,5244,8056,765,4386,251,2403,13188,45,3880,13158,17715,13795,13718,19795,14620,13467,13635,19794,63,19283,14621,13749,27,13508],"class_list":["post-95241","post","type-post","status-publish","format-standard","has-post-thumbnail","hentry","category-politica","tag-buap","tag-campana-politica","tag-ciudad-de-puebla","tag-estado-de-puebla","tag-gobernador-de-puebla","tag-gobierno-de-puebla","tag-imss","tag-imss-puebla","tag-pan","tag-partidos-politicos","tag-politica-puebla","tag-pri","tag-psi","tag-puebla-ciudad","tag-puebla-estado","tag-puebla-gobierno","tag-puebla-politica","tag-puebla-senadores","tag-puebla-udlap","tag-puebla-universidad","tag-puebla-universidades","tag-senadores-puebla","tag-udlap","tag-udlap-cholula","tag-udlap-puebla","tag-universidad-de-puebla","tag-upaep","tag-upaep-puebla"],"yoast_head":"<!-- This site is optimized with the Yoast SEO plugin v28.4 - https:\/\/yoast.com\/product\/yoast-seo-wordpress\/ -->\n<title>Armenta trabaja a favor del respeto y fortalecimiento de las culturas ind\u00edgenas - AliadosPuebla<\/title>\n<meta name=\"robots\" content=\"index, follow, max-snippet:-1, max-image-preview:large, max-video-preview:-1\" \/>\n<link rel=\"canonical\" href=\"https:\/\/www.aliadospuebla.com\/?p=95241\" \/>\n<meta property=\"og:locale\" content=\"es_ES\" \/>\n<meta property=\"og:type\" content=\"article\" \/>\n<meta property=\"og:title\" content=\"Armenta trabaja a favor del respeto y fortalecimiento de las culturas ind\u00edgenas - AliadosPuebla\" \/>\n<meta property=\"og:description\" content=\"Puebla, Pue. En el marco del D\u00eda Internacional de los Pueblos Ind\u00edgenas, Alejandro Armenta, gobernador electo de Puebla, reafirma su compromiso con el impulso, desarrollo y bienestar de los pueblos originarios del estado. &nbsp; Con una visi\u00f3n sostenible que respeta sus territorios y recursos naturales, as\u00ed como fortaleciendo sus instituciones, culturas e identidades, Armenta subray\u00f3 la importancia de la participaci\u00f3n, consulta y acuerdos en sus comunidades. &nbsp; El estado de Puebla es hogar de una rica diversidad ind\u00edgena, con m\u00e1s de 600 mil hablantes de lenguas ind\u00edgenas, entre las cuales predominan el n\u00e1huatl, con m\u00e1s de 447 mil hablantes, y el totonaco, con m\u00e1s de 106 mil hablantes. Adem\u00e1s, 26 de los 217 municipios de Puebla tienen poblaciones ind\u00edgenas que representan el 90% o m\u00e1s&hellip;Leer m\u00e1s...\" \/>\n<meta property=\"og:url\" content=\"https:\/\/www.aliadospuebla.com\/?p=95241\" \/>\n<meta property=\"og:site_name\" content=\"AliadosPuebla\" \/>\n<meta property=\"article:author\" content=\"https:\/\/www.facebook.com\/Aliados17Pue\" \/>\n<meta property=\"article:published_time\" content=\"2024-08-10T04:08:48+00:00\" \/>\n<meta property=\"og:image\" content=\"https:\/\/www.aliadospuebla.com\/web2017\/wp-content\/uploads\/2024\/08\/Imagen-de-WhatsApp-2024-08-09-a-las-21.10.01_bca49538-scaled.jpg\" \/>\n\t<meta property=\"og:image:width\" content=\"1707\" \/>\n\t<meta property=\"og:image:height\" content=\"2560\" \/>\n\t<meta property=\"og:image:type\" content=\"image\/jpeg\" \/>\n<meta name=\"author\" content=\"Aliados17\" \/>\n<meta name=\"twitter:card\" content=\"summary_large_image\" \/>\n<meta name=\"twitter:creator\" content=\"@AliadosPuebla\" \/>\n<meta name=\"twitter:label1\" content=\"Escrito por\" \/>\n\t<meta name=\"twitter:data1\" content=\"Aliados17\" \/>\n\t<meta name=\"twitter:label2\" content=\"Tiempo de lectura\" \/>\n\t<meta name=\"twitter:data2\" content=\"2 minutos\" \/>\n<script type=\"application\/ld+json\" class=\"yoast-schema-graph\">{\"@context\":\"https:\\\/\\\/schema.org\",\"@graph\":[{\"@type\":\"Article\",\"@id\":\"https:\\\/\\\/www.aliadospuebla.com\\\/?p=95241#article\",\"isPartOf\":{\"@id\":\"https:\\\/\\\/www.aliadospuebla.com\\\/?p=95241\"},\"author\":{\"name\":\"Aliados17\",\"@id\":\"https:\\\/\\\/www.aliadospuebla.com\\\/#\\\/schema\\\/person\\\/5da7dd09320bd4f392b710017ed5f8ad\"},\"headline\":\"Armenta trabaja a favor del respeto y fortalecimiento de las culturas ind\u00edgenas\",\"datePublished\":\"2024-08-10T04:08:48+00:00\",\"mainEntityOfPage\":{\"@id\":\"https:\\\/\\\/www.aliadospuebla.com\\\/?p=95241\"},\"wordCount\":267,\"commentCount\":0,\"image\":{\"@id\":\"https:\\\/\\\/www.aliadospuebla.com\\\/?p=95241#primaryimage\"},\"thumbnailUrl\":\"https:\\\/\\\/www.aliadospuebla.com\\\/web2017\\\/wp-content\\\/uploads\\\/2024\\\/08\\\/Imagen-de-WhatsApp-2024-08-09-a-las-21.10.01_bca49538-scaled.jpg\",\"keywords\":[\"BUAP\",\"Campa\u00f1a politica\",\"CIUDAD DE PUEBLA\",\"ESTADO DE PUEBLA\",\"GOBERNADOR DE PUEBLA\",\"GOBIERNO DE PUEBLA\",\"IMSS\",\"IMSS PUEBLA\",\"PAN\",\"PARTIDOS POL\u00cdTICOS\",\"Politica Puebla\",\"PRI\",\"PSI\",\"Puebla Ciudad\",\"Puebla estado\",\"Puebla gobierno\",\"puebla politica\",\"Puebla Senadores\",\"Puebla UDLAP\",\"Puebla Universidad\",\"Puebla Universidades\",\"Senadores Puebla\",\"Udlap\",\"Udlap cholula\",\"UDLAP Puebla\",\"Universidad de Puebla\",\"UPAEP\",\"UPAEP Puebla\"],\"articleSection\":[\"Pol\u00edtica\"],\"inLanguage\":\"es\",\"potentialAction\":[{\"@type\":\"CommentAction\",\"name\":\"Comment\",\"target\":[\"https:\\\/\\\/www.aliadospuebla.com\\\/?p=95241#respond\"]}]},{\"@type\":\"WebPage\",\"@id\":\"https:\\\/\\\/www.aliadospuebla.com\\\/?p=95241\",\"url\":\"https:\\\/\\\/www.aliadospuebla.com\\\/?p=95241\",\"name\":\"Armenta trabaja a favor del respeto y fortalecimiento de las culturas ind\u00edgenas - AliadosPuebla\",\"isPartOf\":{\"@id\":\"https:\\\/\\\/www.aliadospuebla.com\\\/#website\"},\"primaryImageOfPage\":{\"@id\":\"https:\\\/\\\/www.aliadospuebla.com\\\/?p=95241#primaryimage\"},\"image\":{\"@id\":\"https:\\\/\\\/www.aliadospuebla.com\\\/?p=95241#primaryimage\"},\"thumbnailUrl\":\"https:\\\/\\\/www.aliadospuebla.com\\\/web2017\\\/wp-content\\\/uploads\\\/2024\\\/08\\\/Imagen-de-WhatsApp-2024-08-09-a-las-21.10.01_bca49538-scaled.jpg\",\"datePublished\":\"2024-08-10T04:08:48+00:00\",\"author\":{\"@id\":\"https:\\\/\\\/www.aliadospuebla.com\\\/#\\\/schema\\\/person\\\/5da7dd09320bd4f392b710017ed5f8ad\"},\"breadcrumb\":{\"@id\":\"https:\\\/\\\/www.aliadospuebla.com\\\/?p=95241#breadcrumb\"},\"inLanguage\":\"es\",\"potentialAction\":[{\"@type\":\"ReadAction\",\"target\":[\"https:\\\/\\\/www.aliadospuebla.com\\\/?p=95241\"]}]},{\"@type\":\"ImageObject\",\"inLanguage\":\"es\",\"@id\":\"https:\\\/\\\/www.aliadospuebla.com\\\/?p=95241#primaryimage\",\"url\":\"https:\\\/\\\/www.aliadospuebla.com\\\/web2017\\\/wp-content\\\/uploads\\\/2024\\\/08\\\/Imagen-de-WhatsApp-2024-08-09-a-las-21.10.01_bca49538-scaled.jpg\",\"contentUrl\":\"https:\\\/\\\/www.aliadospuebla.com\\\/web2017\\\/wp-content\\\/uploads\\\/2024\\\/08\\\/Imagen-de-WhatsApp-2024-08-09-a-las-21.10.01_bca49538-scaled.jpg\",\"width\":1707,\"height\":2560},{\"@type\":\"BreadcrumbList\",\"@id\":\"https:\\\/\\\/www.aliadospuebla.com\\\/?p=95241#breadcrumb\",\"itemListElement\":[{\"@type\":\"ListItem\",\"position\":1,\"name\":\"Portada\",\"item\":\"https:\\\/\\\/www.aliadospuebla.com\\\/\"},{\"@type\":\"ListItem\",\"position\":2,\"name\":\"Armenta trabaja a favor del respeto y fortalecimiento de las culturas ind\u00edgenas\"}]},{\"@type\":\"WebSite\",\"@id\":\"https:\\\/\\\/www.aliadospuebla.com\\\/#website\",\"url\":\"https:\\\/\\\/www.aliadospuebla.com\\\/\",\"name\":\"AliadosPuebla\",\"description\":\"La informaci\u00f3n en tus manos\",\"potentialAction\":[{\"@type\":\"SearchAction\",\"target\":{\"@type\":\"EntryPoint\",\"urlTemplate\":\"https:\\\/\\\/www.aliadospuebla.com\\\/?s={search_term_string}\"},\"query-input\":{\"@type\":\"PropertyValueSpecification\",\"valueRequired\":true,\"valueName\":\"search_term_string\"}}],\"inLanguage\":\"es\"},{\"@type\":\"Person\",\"@id\":\"https:\\\/\\\/www.aliadospuebla.com\\\/#\\\/schema\\\/person\\\/5da7dd09320bd4f392b710017ed5f8ad\",\"name\":\"Aliados17\",\"image\":{\"@type\":\"ImageObject\",\"inLanguage\":\"es\",\"@id\":\"https:\\\/\\\/www.aliadospuebla.com\\\/web2017\\\/wp-content\\\/uploads\\\/2025\\\/03\\\/cropped-para-perfil-8-anos-1-96x96.jpg\",\"url\":\"https:\\\/\\\/www.aliadospuebla.com\\\/web2017\\\/wp-content\\\/uploads\\\/2025\\\/03\\\/cropped-para-perfil-8-anos-1-96x96.jpg\",\"contentUrl\":\"https:\\\/\\\/www.aliadospuebla.com\\\/web2017\\\/wp-content\\\/uploads\\\/2025\\\/03\\\/cropped-para-perfil-8-anos-1-96x96.jpg\",\"caption\":\"Aliados17\"},\"sameAs\":[\"https:\\\/\\\/www.aliados17.com\",\"https:\\\/\\\/www.facebook.com\\\/Aliados17Pue\",\"https:\\\/\\\/x.com\\\/AliadosPuebla\"],\"url\":\"https:\\\/\\\/www.aliadospuebla.com\\\/?author=2\"}]}<\/script>\n<!-- \/ Yoast SEO plugin. -->","yoast_head_json":{"title":"Armenta trabaja a favor del respeto y fortalecimiento de las culturas ind\u00edgenas - AliadosPuebla","robots":{"index":"index","follow":"follow","max-snippet":"max-snippet:-1","max-image-preview":"max-image-preview:large","max-video-preview":"max-video-preview:-1"},"canonical":"https:\/\/www.aliadospuebla.com\/?p=95241","og_locale":"es_ES","og_type":"article","og_title":"Armenta trabaja a favor del respeto y fortalecimiento de las culturas ind\u00edgenas - AliadosPuebla","og_description":"Puebla, Pue. En el marco del D\u00eda Internacional de los Pueblos Ind\u00edgenas, Alejandro Armenta, gobernador electo de Puebla, reafirma su compromiso con el impulso, desarrollo y bienestar de los pueblos originarios del estado. &nbsp; Con una visi\u00f3n sostenible que respeta sus territorios y recursos naturales, as\u00ed como fortaleciendo sus instituciones, culturas e identidades, Armenta subray\u00f3 la importancia de la participaci\u00f3n, consulta y acuerdos en sus comunidades. &nbsp; El estado de Puebla es hogar de una rica diversidad ind\u00edgena, con m\u00e1s de 600 mil hablantes de lenguas ind\u00edgenas, entre las cuales predominan el n\u00e1huatl, con m\u00e1s de 447 mil hablantes, y el totonaco, con m\u00e1s de 106 mil hablantes. Adem\u00e1s, 26 de los 217 municipios de Puebla tienen poblaciones ind\u00edgenas que representan el 90% o m\u00e1s&hellip;Leer m\u00e1s...","og_url":"https:\/\/www.aliadospuebla.com\/?p=95241","og_site_name":"AliadosPuebla","article_author":"https:\/\/www.facebook.com\/Aliados17Pue","article_published_time":"2024-08-10T04:08:48+00:00","og_image":[{"width":1707,"height":2560,"url":"https:\/\/www.aliadospuebla.com\/web2017\/wp-content\/uploads\/2024\/08\/Imagen-de-WhatsApp-2024-08-09-a-las-21.10.01_bca49538-scaled.jpg","type":"image\/jpeg"}],"author":"Aliados17","twitter_card":"summary_large_image","twitter_creator":"@AliadosPuebla","twitter_misc":{"Escrito por":"Aliados17","Tiempo de lectura":"2 minutos"},"schema":{"@context":"https:\/\/schema.org","@graph":[{"@type":"Article","@id":"https:\/\/www.aliadospuebla.com\/?p=95241#article","isPartOf":{"@id":"https:\/\/www.aliadospuebla.com\/?p=95241"},"author":{"name":"Aliados17","@id":"https:\/\/www.aliadospuebla.com\/#\/schema\/person\/5da7dd09320bd4f392b710017ed5f8ad"},"headline":"Armenta trabaja a favor del respeto y fortalecimiento de las culturas ind\u00edgenas","datePublished":"2024-08-10T04:08:48+00:00","mainEntityOfPage":{"@id":"https:\/\/www.aliadospuebla.com\/?p=95241"},"wordCount":267,"commentCount":0,"image":{"@id":"https:\/\/www.aliadospuebla.com\/?p=95241#primaryimage"},"thumbnailUrl":"https:\/\/www.aliadospuebla.com\/web2017\/wp-content\/uploads\/2024\/08\/Imagen-de-WhatsApp-2024-08-09-a-las-21.10.01_bca49538-scaled.jpg","keywords":["BUAP","Campa\u00f1a politica","CIUDAD DE PUEBLA","ESTADO DE PUEBLA","GOBERNADOR DE PUEBLA","GOBIERNO DE PUEBLA","IMSS","IMSS PUEBLA","PAN","PARTIDOS POL\u00cdTICOS","Politica Puebla","PRI","PSI","Puebla Ciudad","Puebla estado","Puebla gobierno","puebla politica","Puebla Senadores","Puebla UDLAP","Puebla Universidad","Puebla Universidades","Senadores Puebla","Udlap","Udlap cholula","UDLAP Puebla","Universidad de Puebla","UPAEP","UPAEP Puebla"],"articleSection":["Pol\u00edtica"],"inLanguage":"es","potentialAction":[{"@type":"CommentAction","name":"Comment","target":["https:\/\/www.aliadospuebla.com\/?p=95241#respond"]}]},{"@type":"WebPage","@id":"https:\/\/www.aliadospuebla.com\/?p=95241","url":"https:\/\/www.aliadospuebla.com\/?p=95241","name":"Armenta trabaja a favor del respeto y fortalecimiento de las culturas ind\u00edgenas - AliadosPuebla","isPartOf":{"@id":"https:\/\/www.aliadospuebla.com\/#website"},"primaryImageOfPage":{"@id":"https:\/\/www.aliadospuebla.com\/?p=95241#primaryimage"},"image":{"@id":"https:\/\/www.aliadospuebla.com\/?p=95241#primaryimage"},"thumbnailUrl":"https:\/\/www.aliadospuebla.com\/web2017\/wp-content\/uploads\/2024\/08\/Imagen-de-WhatsApp-2024-08-09-a-las-21.10.01_bca49538-scaled.jpg","datePublished":"2024-08-10T04:08:48+00:00","author":{"@id":"https:\/\/www.aliadospuebla.com\/#\/schema\/person\/5da7dd09320bd4f392b710017ed5f8ad"},"breadcrumb":{"@id":"https:\/\/www.aliadospuebla.com\/?p=95241#breadcrumb"},"inLanguage":"es","potentialAction":[{"@type":"ReadAction","target":["https:\/\/www.aliadospuebla.com\/?p=95241"]}]},{"@type":"ImageObject","inLanguage":"es","@id":"https:\/\/www.aliadospuebla.com\/?p=95241#primaryimage","url":"https:\/\/www.aliadospuebla.com\/web2017\/wp-content\/uploads\/2024\/08\/Imagen-de-WhatsApp-2024-08-09-a-las-21.10.01_bca49538-scaled.jpg","contentUrl":"https:\/\/www.aliadospuebla.com\/web2017\/wp-content\/uploads\/2024\/08\/Imagen-de-WhatsApp-2024-08-09-a-las-21.10.01_bca49538-scaled.jpg","width":1707,"height":2560},{"@type":"BreadcrumbList","@id":"https:\/\/www.aliadospuebla.com\/?p=95241#breadcrumb","itemListElement":[{"@type":"ListItem","position":1,"name":"Portada","item":"https:\/\/www.aliadospuebla.com\/"},{"@type":"ListItem","position":2,"name":"Armenta trabaja a favor del respeto y fortalecimiento de las culturas ind\u00edgenas"}]},{"@type":"WebSite","@id":"https:\/\/www.aliadospuebla.com\/#website","url":"https:\/\/www.aliadospuebla.com\/","name":"AliadosPuebla","description":"La informaci\u00f3n en tus manos","potentialAction":[{"@type":"SearchAction","target":{"@type":"EntryPoint","urlTemplate":"https:\/\/www.aliadospuebla.com\/?s={search_term_string}"},"query-input":{"@type":"PropertyValueSpecification","valueRequired":true,"valueName":"search_term_string"}}],"inLanguage":"es"},{"@type":"Person","@id":"https:\/\/www.aliadospuebla.com\/#\/schema\/person\/5da7dd09320bd4f392b710017ed5f8ad","name":"Aliados17","image":{"@type":"ImageObject","inLanguage":"es","@id":"https:\/\/www.aliadospuebla.com\/web2017\/wp-content\/uploads\/2025\/03\/cropped-para-perfil-8-anos-1-96x96.jpg","url":"https:\/\/www.aliadospuebla.com\/web2017\/wp-content\/uploads\/2025\/03\/cropped-para-perfil-8-anos-1-96x96.jpg","contentUrl":"https:\/\/www.aliadospuebla.com\/web2017\/wp-content\/uploads\/2025\/03\/cropped-para-perfil-8-anos-1-96x96.jpg","caption":"Aliados17"},"sameAs":["https:\/\/www.aliados17.com","https:\/\/www.facebook.com\/Aliados17Pue","https:\/\/x.com\/AliadosPuebla"],"url":"https:\/\/www.aliadospuebla.com\/?author=2"}]}},"views":8,"_links":{"self":[{"href":"https:\/\/www.aliadospuebla.com\/index.php?rest_route=\/wp\/v2\/posts\/95241","targetHints":{"allow":["GET"]}}],"collection":[{"href":"https:\/\/www.aliadospuebla.com\/index.php?rest_route=\/wp\/v2\/posts"}],"about":[{"href":"https:\/\/www.aliadospuebla.com\/index.php?rest_route=\/wp\/v2\/types\/post"}],"author":[{"embeddable":true,"href":"https:\/\/www.aliadospuebla.com\/index.php?rest_route=\/wp\/v2\/users\/2"}],"replies":[{"embeddable":true,"href":"https:\/\/www.aliadospuebla.com\/index.php?rest_route=%2Fwp%2Fv2%2Fcomments&post=95241"}],"version-history":[{"count":1,"href":"https:\/\/www.aliadospuebla.com\/index.php?rest_route=\/wp\/v2\/posts\/95241\/revisions"}],"predecessor-version":[{"id":95251,"href":"https:\/\/www.aliadospuebla.com\/index.php?rest_route=\/wp\/v2\/posts\/95241\/revisions\/95251"}],"wp:featuredmedia":[{"embeddable":true,"href":"https:\/\/www.aliadospuebla.com\/index.php?rest_route=\/wp\/v2\/media\/95242"}],"wp:attachment":[{"href":"https:\/\/www.aliadospuebla.com\/index.php?rest_route=%2Fwp%2Fv2%2Fmedia&parent=95241"}],"wp:term":[{"taxonomy":"category","embeddable":true,"href":"https:\/\/www.aliadospuebla.com\/index.php?rest_route=%2Fwp%2Fv2%2Fcategories&post=95241"},{"taxonomy":"post_tag","embeddable":true,"href":"https:\/\/www.aliadospuebla.com\/index.php?rest_route=%2Fwp%2Fv2%2Ftags&post=95241"}],"curies":[{"name":"wp","href":"https:\/\/api.w.org\/{rel}","templated":true}]}}