{"id":95116,"date":"2024-08-06T22:27:15","date_gmt":"2024-08-07T04:27:15","guid":{"rendered":"https:\/\/www.aliados17.com\/?p=95116"},"modified":"2024-08-06T22:27:15","modified_gmt":"2024-08-07T04:27:15","slug":"inicia-en-la-udlap-el-curso-estancia-en-direccion-orquestal-con-la-osep","status":"publish","type":"post","link":"https:\/\/www.aliadospuebla.com\/?p=95116","title":{"rendered":"Inicia en la UDLAP el Curso Estancia en Direcci\u00f3n Orquestal con la OSEP"},"content":{"rendered":"<p><b>Cholula, Puebla, a 5 de agosto de 2024.-\u00a0<\/b>La Universidad de las Am\u00e9ricas Puebla (UDLAP) y el Gobierno del Estado de Puebla, a trav\u00e9s<\/p>\n<p>de la Secretar\u00eda de Cultura, iniciaron el \u201cCurso Estancia en Direcci\u00f3n Orquestal con la Orquesta Sinf\u00f3nica del Estado de Puebla (OSEP)\u201d,<\/p>\n<p>espacio que busca forjar las habilidades musicales y de liderazgo de 18 m\u00fasicos provenientes de Yucat\u00e1n, Tlaxcala, Puebla, Ciudad de M\u00e9xico,<\/p>\n<p>Guanajuato, Hidalgo, Jalisco, Nuevo Le\u00f3n y el Estado de M\u00e9xico.<\/p>\n<p>Este curso estancia se realiza con el objetivo de impulsar el gran talento nacional, por lo que, del 5 al 16 de agosto, 9 participantes activos y 9<\/p>\n<p>oyentes realizar\u00e1n distintas actividades formativas en el campus de la UDLAP, ensayos junto a la OSEP en el San Pedro Museo de Arte y dos<\/p>\n<p>conciertos; todo esto bajo la gu\u00eda del Mtro. David Hern\u00e1ndez Bret\u00f3n, director titular de la Orquesta Sinf\u00f3nica del Estado de Puebla.<\/p>\n<p>Durante la inauguraci\u00f3n de este curso, la Mtra. Mar\u00eda del Carmen Palafox Ramos, vicerrectora de Asuntos Estudiantiles de la UDLAP, dio la<\/p>\n<p>bienvenida a estos j\u00f3venes y celebr\u00f3 la realizaci\u00f3n de este curso estancia: \u201cdisfruten y aprovechen al m\u00e1ximo estas dos semanas. Estar\u00e1n en<\/p>\n<p>contacto con personas que les permitir\u00e1n desarrollar el talento que tienen y sacar lo mejor de s\u00ed, sepan que, para la Universidad de las<\/p>\n<p>Am\u00e9ricas Puebla, el arte y la cultura es fundamental en la formaci\u00f3n de nuestros estudiantes y de todos los individuos que formamos parte de<\/p>\n<p>esta sociedad\u201d, afirm\u00f3.<\/p>\n<p>En esta edici\u00f3n, los participantes trabajar\u00e1n, bajo la direcci\u00f3n del Mtro. Hern\u00e1ndez Bret\u00f3n, particularmente en clases sobre direcci\u00f3n t\u00e9cnica<\/p>\n<p>de batuta, orquestaci\u00f3n, corporalidad esc\u00e9nica, y an\u00e1lisis de partitura. En ese sentido, el director de la OSEP comparti\u00f3 que la t\u00e9cnica de la<\/p>\n<p>direcci\u00f3n o de la batuta es uno de los tres elementos que inciden en poder mover una orquesta sinf\u00f3nica, resaltando as\u00ed la gran labor y<\/p>\n<p>esfuerzo de estos j\u00f3venes convocados al curso estancia, \u201cvamos a aprender a resolver problemas, y encontrar juntos una idea est\u00e9tica de cada<\/p>\n<p>uno de ustedes con base en la estructura musical y la ingenier\u00eda de la obra\u201d, a\u00f1adi\u00f3.<\/p>\n<p>Cabe mencionar que los 18 asistentes contar\u00e1n con el apoyo de la Dra. Laura Reyes Pe\u00f1aloza, directora invitada y directora art\u00edstica de la<\/p>\n<p>Orquesta Symphonia; Armando Le\u00f3n V\u00e1zquez, egresado de la Licenciatura en M\u00fasica de la UDLAP y de este programa; as\u00ed como de la<\/p>\n<p>Direcci\u00f3n de Actividades Culturales de la Universidad de las Am\u00e9ricas Puebla.<\/p>\n","protected":false},"excerpt":{"rendered":"<p>Cholula, Puebla, a 5 de agosto de 2024.-\u00a0La Universidad de las Am\u00e9ricas Puebla (UDLAP) y el Gobierno del Estado de Puebla, a trav\u00e9s de la Secretar\u00eda de Cultura, iniciaron el \u201cCurso Estancia en Direcci\u00f3n Orquestal con la Orquesta Sinf\u00f3nica del Estado de Puebla (OSEP)\u201d, espacio que busca forjar las habilidades musicales y de liderazgo de 18 m\u00fasicos provenientes de Yucat\u00e1n, Tlaxcala, Puebla, Ciudad de M\u00e9xico, Guanajuato, Hidalgo, Jalisco, Nuevo Le\u00f3n y el Estado de M\u00e9xico. Este curso estancia se realiza con el objetivo de impulsar el gran talento nacional, por lo que, del 5 al 16 de agosto, 9 participantes activos y 9 oyentes realizar\u00e1n distintas actividades formativas en el campus de la UDLAP, ensayos junto a la OSEP en el San Pedro Museo de&hellip;<\/p>\n<p class=\"excerpt-more\"><a class=\"blog-excerpt button\" href=\"https:\/\/www.aliadospuebla.com\/?p=95116\">Leer m\u00e1s&#8230;<\/a><\/p>\n","protected":false},"author":2,"featured_media":95142,"comment_status":"open","ping_status":"open","sticky":false,"template":"","format":"standard","meta":{"_monsterinsights_skip_tracking":false,"footnotes":""},"categories":[5],"tags":[653,23118,11026,10636,5244,8056,765,4386,251,2403,13188,45,3880,13158,17715,13795,13718,19795,14620,13467,13635,19794,63,19283,14621,13749,27,13508],"class_list":["post-95116","post","type-post","status-publish","format-standard","has-post-thumbnail","hentry","category-universidades","tag-buap","tag-campana-politica","tag-ciudad-de-puebla","tag-estado-de-puebla","tag-gobernador-de-puebla","tag-gobierno-de-puebla","tag-imss","tag-imss-puebla","tag-pan","tag-partidos-politicos","tag-politica-puebla","tag-pri","tag-psi","tag-puebla-ciudad","tag-puebla-estado","tag-puebla-gobierno","tag-puebla-politica","tag-puebla-senadores","tag-puebla-udlap","tag-puebla-universidad","tag-puebla-universidades","tag-senadores-puebla","tag-udlap","tag-udlap-cholula","tag-udlap-puebla","tag-universidad-de-puebla","tag-upaep","tag-upaep-puebla"],"yoast_head":"<!-- This site is optimized with the Yoast SEO plugin v28.4 - https:\/\/yoast.com\/product\/yoast-seo-wordpress\/ -->\n<title>Inicia en la UDLAP el Curso Estancia en Direcci\u00f3n Orquestal con la OSEP - AliadosPuebla<\/title>\n<meta name=\"robots\" content=\"index, follow, max-snippet:-1, max-image-preview:large, max-video-preview:-1\" \/>\n<link rel=\"canonical\" href=\"https:\/\/www.aliadospuebla.com\/?p=95116\" \/>\n<meta property=\"og:locale\" content=\"es_ES\" \/>\n<meta property=\"og:type\" content=\"article\" \/>\n<meta property=\"og:title\" content=\"Inicia en la UDLAP el Curso Estancia en Direcci\u00f3n Orquestal con la OSEP - AliadosPuebla\" \/>\n<meta property=\"og:description\" content=\"Cholula, Puebla, a 5 de agosto de 2024.-\u00a0La Universidad de las Am\u00e9ricas Puebla (UDLAP) y el Gobierno del Estado de Puebla, a trav\u00e9s de la Secretar\u00eda de Cultura, iniciaron el \u201cCurso Estancia en Direcci\u00f3n Orquestal con la Orquesta Sinf\u00f3nica del Estado de Puebla (OSEP)\u201d, espacio que busca forjar las habilidades musicales y de liderazgo de 18 m\u00fasicos provenientes de Yucat\u00e1n, Tlaxcala, Puebla, Ciudad de M\u00e9xico, Guanajuato, Hidalgo, Jalisco, Nuevo Le\u00f3n y el Estado de M\u00e9xico. Este curso estancia se realiza con el objetivo de impulsar el gran talento nacional, por lo que, del 5 al 16 de agosto, 9 participantes activos y 9 oyentes realizar\u00e1n distintas actividades formativas en el campus de la UDLAP, ensayos junto a la OSEP en el San Pedro Museo de&hellip;Leer m\u00e1s...\" \/>\n<meta property=\"og:url\" content=\"https:\/\/www.aliadospuebla.com\/?p=95116\" \/>\n<meta property=\"og:site_name\" content=\"AliadosPuebla\" \/>\n<meta property=\"article:author\" content=\"https:\/\/www.facebook.com\/Aliados17Pue\" \/>\n<meta property=\"article:published_time\" content=\"2024-08-07T04:27:15+00:00\" \/>\n<meta property=\"og:image\" content=\"https:\/\/www.aliadospuebla.com\/web2017\/wp-content\/uploads\/2024\/08\/descarga-2024-08-06T222610.033.jpeg\" \/>\n\t<meta property=\"og:image:width\" content=\"1589\" \/>\n\t<meta property=\"og:image:height\" content=\"927\" \/>\n\t<meta property=\"og:image:type\" content=\"image\/jpeg\" \/>\n<meta name=\"author\" content=\"Aliados17\" \/>\n<meta name=\"twitter:card\" content=\"summary_large_image\" \/>\n<meta name=\"twitter:creator\" content=\"@AliadosPuebla\" \/>\n<meta name=\"twitter:label1\" content=\"Escrito por\" \/>\n\t<meta name=\"twitter:data1\" content=\"Aliados17\" \/>\n\t<meta name=\"twitter:label2\" content=\"Tiempo de lectura\" \/>\n\t<meta name=\"twitter:data2\" content=\"3 minutos\" \/>\n<script type=\"application\/ld+json\" class=\"yoast-schema-graph\">{\"@context\":\"https:\\\/\\\/schema.org\",\"@graph\":[{\"@type\":\"Article\",\"@id\":\"https:\\\/\\\/www.aliadospuebla.com\\\/?p=95116#article\",\"isPartOf\":{\"@id\":\"https:\\\/\\\/www.aliadospuebla.com\\\/?p=95116\"},\"author\":{\"name\":\"Aliados17\",\"@id\":\"https:\\\/\\\/www.aliadospuebla.com\\\/#\\\/schema\\\/person\\\/5da7dd09320bd4f392b710017ed5f8ad\"},\"headline\":\"Inicia en la UDLAP el Curso Estancia en Direcci\u00f3n Orquestal con la OSEP\",\"datePublished\":\"2024-08-07T04:27:15+00:00\",\"mainEntityOfPage\":{\"@id\":\"https:\\\/\\\/www.aliadospuebla.com\\\/?p=95116\"},\"wordCount\":462,\"commentCount\":0,\"image\":{\"@id\":\"https:\\\/\\\/www.aliadospuebla.com\\\/?p=95116#primaryimage\"},\"thumbnailUrl\":\"https:\\\/\\\/www.aliadospuebla.com\\\/web2017\\\/wp-content\\\/uploads\\\/2024\\\/08\\\/descarga-2024-08-06T222610.033.jpeg\",\"keywords\":[\"BUAP\",\"Campa\u00f1a politica\",\"CIUDAD DE PUEBLA\",\"ESTADO DE PUEBLA\",\"GOBERNADOR DE PUEBLA\",\"GOBIERNO DE PUEBLA\",\"IMSS\",\"IMSS PUEBLA\",\"PAN\",\"PARTIDOS POL\u00cdTICOS\",\"Politica Puebla\",\"PRI\",\"PSI\",\"Puebla Ciudad\",\"Puebla estado\",\"Puebla gobierno\",\"puebla politica\",\"Puebla Senadores\",\"Puebla UDLAP\",\"Puebla Universidad\",\"Puebla Universidades\",\"Senadores Puebla\",\"Udlap\",\"Udlap cholula\",\"UDLAP Puebla\",\"Universidad de Puebla\",\"UPAEP\",\"UPAEP Puebla\"],\"articleSection\":[\"Universidades\"],\"inLanguage\":\"es\",\"potentialAction\":[{\"@type\":\"CommentAction\",\"name\":\"Comment\",\"target\":[\"https:\\\/\\\/www.aliadospuebla.com\\\/?p=95116#respond\"]}]},{\"@type\":\"WebPage\",\"@id\":\"https:\\\/\\\/www.aliadospuebla.com\\\/?p=95116\",\"url\":\"https:\\\/\\\/www.aliadospuebla.com\\\/?p=95116\",\"name\":\"Inicia en la UDLAP el Curso Estancia en Direcci\u00f3n Orquestal con la OSEP - AliadosPuebla\",\"isPartOf\":{\"@id\":\"https:\\\/\\\/www.aliadospuebla.com\\\/#website\"},\"primaryImageOfPage\":{\"@id\":\"https:\\\/\\\/www.aliadospuebla.com\\\/?p=95116#primaryimage\"},\"image\":{\"@id\":\"https:\\\/\\\/www.aliadospuebla.com\\\/?p=95116#primaryimage\"},\"thumbnailUrl\":\"https:\\\/\\\/www.aliadospuebla.com\\\/web2017\\\/wp-content\\\/uploads\\\/2024\\\/08\\\/descarga-2024-08-06T222610.033.jpeg\",\"datePublished\":\"2024-08-07T04:27:15+00:00\",\"author\":{\"@id\":\"https:\\\/\\\/www.aliadospuebla.com\\\/#\\\/schema\\\/person\\\/5da7dd09320bd4f392b710017ed5f8ad\"},\"breadcrumb\":{\"@id\":\"https:\\\/\\\/www.aliadospuebla.com\\\/?p=95116#breadcrumb\"},\"inLanguage\":\"es\",\"potentialAction\":[{\"@type\":\"ReadAction\",\"target\":[\"https:\\\/\\\/www.aliadospuebla.com\\\/?p=95116\"]}]},{\"@type\":\"ImageObject\",\"inLanguage\":\"es\",\"@id\":\"https:\\\/\\\/www.aliadospuebla.com\\\/?p=95116#primaryimage\",\"url\":\"https:\\\/\\\/www.aliadospuebla.com\\\/web2017\\\/wp-content\\\/uploads\\\/2024\\\/08\\\/descarga-2024-08-06T222610.033.jpeg\",\"contentUrl\":\"https:\\\/\\\/www.aliadospuebla.com\\\/web2017\\\/wp-content\\\/uploads\\\/2024\\\/08\\\/descarga-2024-08-06T222610.033.jpeg\",\"width\":1589,\"height\":927},{\"@type\":\"BreadcrumbList\",\"@id\":\"https:\\\/\\\/www.aliadospuebla.com\\\/?p=95116#breadcrumb\",\"itemListElement\":[{\"@type\":\"ListItem\",\"position\":1,\"name\":\"Portada\",\"item\":\"https:\\\/\\\/www.aliadospuebla.com\\\/\"},{\"@type\":\"ListItem\",\"position\":2,\"name\":\"Inicia en la UDLAP el Curso Estancia en Direcci\u00f3n Orquestal con la OSEP\"}]},{\"@type\":\"WebSite\",\"@id\":\"https:\\\/\\\/www.aliadospuebla.com\\\/#website\",\"url\":\"https:\\\/\\\/www.aliadospuebla.com\\\/\",\"name\":\"AliadosPuebla\",\"description\":\"La informaci\u00f3n en tus manos\",\"potentialAction\":[{\"@type\":\"SearchAction\",\"target\":{\"@type\":\"EntryPoint\",\"urlTemplate\":\"https:\\\/\\\/www.aliadospuebla.com\\\/?s={search_term_string}\"},\"query-input\":{\"@type\":\"PropertyValueSpecification\",\"valueRequired\":true,\"valueName\":\"search_term_string\"}}],\"inLanguage\":\"es\"},{\"@type\":\"Person\",\"@id\":\"https:\\\/\\\/www.aliadospuebla.com\\\/#\\\/schema\\\/person\\\/5da7dd09320bd4f392b710017ed5f8ad\",\"name\":\"Aliados17\",\"image\":{\"@type\":\"ImageObject\",\"inLanguage\":\"es\",\"@id\":\"https:\\\/\\\/www.aliadospuebla.com\\\/web2017\\\/wp-content\\\/uploads\\\/2025\\\/03\\\/cropped-para-perfil-8-anos-1-96x96.jpg\",\"url\":\"https:\\\/\\\/www.aliadospuebla.com\\\/web2017\\\/wp-content\\\/uploads\\\/2025\\\/03\\\/cropped-para-perfil-8-anos-1-96x96.jpg\",\"contentUrl\":\"https:\\\/\\\/www.aliadospuebla.com\\\/web2017\\\/wp-content\\\/uploads\\\/2025\\\/03\\\/cropped-para-perfil-8-anos-1-96x96.jpg\",\"caption\":\"Aliados17\"},\"sameAs\":[\"https:\\\/\\\/www.aliados17.com\",\"https:\\\/\\\/www.facebook.com\\\/Aliados17Pue\",\"https:\\\/\\\/x.com\\\/AliadosPuebla\"],\"url\":\"https:\\\/\\\/www.aliadospuebla.com\\\/?author=2\"}]}<\/script>\n<!-- \/ Yoast SEO plugin. -->","yoast_head_json":{"title":"Inicia en la UDLAP el Curso Estancia en Direcci\u00f3n Orquestal con la OSEP - AliadosPuebla","robots":{"index":"index","follow":"follow","max-snippet":"max-snippet:-1","max-image-preview":"max-image-preview:large","max-video-preview":"max-video-preview:-1"},"canonical":"https:\/\/www.aliadospuebla.com\/?p=95116","og_locale":"es_ES","og_type":"article","og_title":"Inicia en la UDLAP el Curso Estancia en Direcci\u00f3n Orquestal con la OSEP - AliadosPuebla","og_description":"Cholula, Puebla, a 5 de agosto de 2024.-\u00a0La Universidad de las Am\u00e9ricas Puebla (UDLAP) y el Gobierno del Estado de Puebla, a trav\u00e9s de la Secretar\u00eda de Cultura, iniciaron el \u201cCurso Estancia en Direcci\u00f3n Orquestal con la Orquesta Sinf\u00f3nica del Estado de Puebla (OSEP)\u201d, espacio que busca forjar las habilidades musicales y de liderazgo de 18 m\u00fasicos provenientes de Yucat\u00e1n, Tlaxcala, Puebla, Ciudad de M\u00e9xico, Guanajuato, Hidalgo, Jalisco, Nuevo Le\u00f3n y el Estado de M\u00e9xico. Este curso estancia se realiza con el objetivo de impulsar el gran talento nacional, por lo que, del 5 al 16 de agosto, 9 participantes activos y 9 oyentes realizar\u00e1n distintas actividades formativas en el campus de la UDLAP, ensayos junto a la OSEP en el San Pedro Museo de&hellip;Leer m\u00e1s...","og_url":"https:\/\/www.aliadospuebla.com\/?p=95116","og_site_name":"AliadosPuebla","article_author":"https:\/\/www.facebook.com\/Aliados17Pue","article_published_time":"2024-08-07T04:27:15+00:00","og_image":[{"width":1589,"height":927,"url":"https:\/\/www.aliadospuebla.com\/web2017\/wp-content\/uploads\/2024\/08\/descarga-2024-08-06T222610.033.jpeg","type":"image\/jpeg"}],"author":"Aliados17","twitter_card":"summary_large_image","twitter_creator":"@AliadosPuebla","twitter_misc":{"Escrito por":"Aliados17","Tiempo de lectura":"3 minutos"},"schema":{"@context":"https:\/\/schema.org","@graph":[{"@type":"Article","@id":"https:\/\/www.aliadospuebla.com\/?p=95116#article","isPartOf":{"@id":"https:\/\/www.aliadospuebla.com\/?p=95116"},"author":{"name":"Aliados17","@id":"https:\/\/www.aliadospuebla.com\/#\/schema\/person\/5da7dd09320bd4f392b710017ed5f8ad"},"headline":"Inicia en la UDLAP el Curso Estancia en Direcci\u00f3n Orquestal con la OSEP","datePublished":"2024-08-07T04:27:15+00:00","mainEntityOfPage":{"@id":"https:\/\/www.aliadospuebla.com\/?p=95116"},"wordCount":462,"commentCount":0,"image":{"@id":"https:\/\/www.aliadospuebla.com\/?p=95116#primaryimage"},"thumbnailUrl":"https:\/\/www.aliadospuebla.com\/web2017\/wp-content\/uploads\/2024\/08\/descarga-2024-08-06T222610.033.jpeg","keywords":["BUAP","Campa\u00f1a politica","CIUDAD DE PUEBLA","ESTADO DE PUEBLA","GOBERNADOR DE PUEBLA","GOBIERNO DE PUEBLA","IMSS","IMSS PUEBLA","PAN","PARTIDOS POL\u00cdTICOS","Politica Puebla","PRI","PSI","Puebla Ciudad","Puebla estado","Puebla gobierno","puebla politica","Puebla Senadores","Puebla UDLAP","Puebla Universidad","Puebla Universidades","Senadores Puebla","Udlap","Udlap cholula","UDLAP Puebla","Universidad de Puebla","UPAEP","UPAEP Puebla"],"articleSection":["Universidades"],"inLanguage":"es","potentialAction":[{"@type":"CommentAction","name":"Comment","target":["https:\/\/www.aliadospuebla.com\/?p=95116#respond"]}]},{"@type":"WebPage","@id":"https:\/\/www.aliadospuebla.com\/?p=95116","url":"https:\/\/www.aliadospuebla.com\/?p=95116","name":"Inicia en la UDLAP el Curso Estancia en Direcci\u00f3n Orquestal con la OSEP - AliadosPuebla","isPartOf":{"@id":"https:\/\/www.aliadospuebla.com\/#website"},"primaryImageOfPage":{"@id":"https:\/\/www.aliadospuebla.com\/?p=95116#primaryimage"},"image":{"@id":"https:\/\/www.aliadospuebla.com\/?p=95116#primaryimage"},"thumbnailUrl":"https:\/\/www.aliadospuebla.com\/web2017\/wp-content\/uploads\/2024\/08\/descarga-2024-08-06T222610.033.jpeg","datePublished":"2024-08-07T04:27:15+00:00","author":{"@id":"https:\/\/www.aliadospuebla.com\/#\/schema\/person\/5da7dd09320bd4f392b710017ed5f8ad"},"breadcrumb":{"@id":"https:\/\/www.aliadospuebla.com\/?p=95116#breadcrumb"},"inLanguage":"es","potentialAction":[{"@type":"ReadAction","target":["https:\/\/www.aliadospuebla.com\/?p=95116"]}]},{"@type":"ImageObject","inLanguage":"es","@id":"https:\/\/www.aliadospuebla.com\/?p=95116#primaryimage","url":"https:\/\/www.aliadospuebla.com\/web2017\/wp-content\/uploads\/2024\/08\/descarga-2024-08-06T222610.033.jpeg","contentUrl":"https:\/\/www.aliadospuebla.com\/web2017\/wp-content\/uploads\/2024\/08\/descarga-2024-08-06T222610.033.jpeg","width":1589,"height":927},{"@type":"BreadcrumbList","@id":"https:\/\/www.aliadospuebla.com\/?p=95116#breadcrumb","itemListElement":[{"@type":"ListItem","position":1,"name":"Portada","item":"https:\/\/www.aliadospuebla.com\/"},{"@type":"ListItem","position":2,"name":"Inicia en la UDLAP el Curso Estancia en Direcci\u00f3n Orquestal con la OSEP"}]},{"@type":"WebSite","@id":"https:\/\/www.aliadospuebla.com\/#website","url":"https:\/\/www.aliadospuebla.com\/","name":"AliadosPuebla","description":"La informaci\u00f3n en tus manos","potentialAction":[{"@type":"SearchAction","target":{"@type":"EntryPoint","urlTemplate":"https:\/\/www.aliadospuebla.com\/?s={search_term_string}"},"query-input":{"@type":"PropertyValueSpecification","valueRequired":true,"valueName":"search_term_string"}}],"inLanguage":"es"},{"@type":"Person","@id":"https:\/\/www.aliadospuebla.com\/#\/schema\/person\/5da7dd09320bd4f392b710017ed5f8ad","name":"Aliados17","image":{"@type":"ImageObject","inLanguage":"es","@id":"https:\/\/www.aliadospuebla.com\/web2017\/wp-content\/uploads\/2025\/03\/cropped-para-perfil-8-anos-1-96x96.jpg","url":"https:\/\/www.aliadospuebla.com\/web2017\/wp-content\/uploads\/2025\/03\/cropped-para-perfil-8-anos-1-96x96.jpg","contentUrl":"https:\/\/www.aliadospuebla.com\/web2017\/wp-content\/uploads\/2025\/03\/cropped-para-perfil-8-anos-1-96x96.jpg","caption":"Aliados17"},"sameAs":["https:\/\/www.aliados17.com","https:\/\/www.facebook.com\/Aliados17Pue","https:\/\/x.com\/AliadosPuebla"],"url":"https:\/\/www.aliadospuebla.com\/?author=2"}]}},"views":11,"_links":{"self":[{"href":"https:\/\/www.aliadospuebla.com\/index.php?rest_route=\/wp\/v2\/posts\/95116","targetHints":{"allow":["GET"]}}],"collection":[{"href":"https:\/\/www.aliadospuebla.com\/index.php?rest_route=\/wp\/v2\/posts"}],"about":[{"href":"https:\/\/www.aliadospuebla.com\/index.php?rest_route=\/wp\/v2\/types\/post"}],"author":[{"embeddable":true,"href":"https:\/\/www.aliadospuebla.com\/index.php?rest_route=\/wp\/v2\/users\/2"}],"replies":[{"embeddable":true,"href":"https:\/\/www.aliadospuebla.com\/index.php?rest_route=%2Fwp%2Fv2%2Fcomments&post=95116"}],"version-history":[{"count":1,"href":"https:\/\/www.aliadospuebla.com\/index.php?rest_route=\/wp\/v2\/posts\/95116\/revisions"}],"predecessor-version":[{"id":95143,"href":"https:\/\/www.aliadospuebla.com\/index.php?rest_route=\/wp\/v2\/posts\/95116\/revisions\/95143"}],"wp:featuredmedia":[{"embeddable":true,"href":"https:\/\/www.aliadospuebla.com\/index.php?rest_route=\/wp\/v2\/media\/95142"}],"wp:attachment":[{"href":"https:\/\/www.aliadospuebla.com\/index.php?rest_route=%2Fwp%2Fv2%2Fmedia&parent=95116"}],"wp:term":[{"taxonomy":"category","embeddable":true,"href":"https:\/\/www.aliadospuebla.com\/index.php?rest_route=%2Fwp%2Fv2%2Fcategories&post=95116"},{"taxonomy":"post_tag","embeddable":true,"href":"https:\/\/www.aliadospuebla.com\/index.php?rest_route=%2Fwp%2Fv2%2Ftags&post=95116"}],"curies":[{"name":"wp","href":"https:\/\/api.w.org\/{rel}","templated":true}]}}