{"id":95095,"date":"2024-08-06T11:15:08","date_gmt":"2024-08-06T17:15:08","guid":{"rendered":"https:\/\/www.aliados17.com\/?p=95095"},"modified":"2024-08-06T11:15:08","modified_gmt":"2024-08-06T17:15:08","slug":"mantiene-conalep-puebla-matricula-historica","status":"publish","type":"post","link":"https:\/\/www.aliadospuebla.com\/?p=95095","title":{"rendered":"Mantiene CONALEP Puebla matr\u00edcula hist\u00f3rica"},"content":{"rendered":"<p>ORIENTAL, Pue.- El gobierno presente de Sergio Salom\u00f3n puso en marcha las actividades en el Plantel Oriental del Colegio de Educaci\u00f3n<\/p>\n<p>Profesional T\u00e9cnica del Estado de Puebla (CONALEP), con lo que esta instituci\u00f3n mantiene una matr\u00edcula hist\u00f3rica superior a los 8 mil<\/p>\n<p>aprendientes.<\/p>\n<p>En dichas instalaciones fue inaugurado el ciclo escolar 2024-2025, que inici\u00f3 operaciones con 100 alumnas y alumnos en las carreras de<\/p>\n<p>Administraci\u00f3n e Inform\u00e1tica. Este espacio se suma a los otros 11: Atencingo, Calipam, Chipilo, Ciudad Serd\u00e1n, Huauchinango, Puebla I,<\/p>\n<p>Puebla II y Puebla III, adem\u00e1s de San Mart\u00edn Texmelucan, Tehuac\u00e1n y Teziutl\u00e1n.<\/p>\n<p>El director general de CONALEP Puebla, Edson Armando Cort\u00e9s Contreras dio a conocer que en el Colegio se atienden aspectos<\/p>\n<p>socioemocionales de las y los aprendientes. Adem\u00e1s, de que se ha dado seguimiento a las normas establecidas por la Nueva Escuela<\/p>\n<p>Mexicana.<\/p>\n<p>Al evento acudieron representantes del gobierno estatal y de la Industria Militar, directivos del Colegio de Estudios Cient\u00edficos y Tecnol\u00f3gicos<\/p>\n<p>del Estado de Puebla (CECyTE) y la Universidad Tecnol\u00f3gica de Oriental, al igual que los alcaldes de Oriental, Jos\u00e9 Alejo Gonz\u00e1lez y de<\/p>\n<p>Cuautempan, Gerardo Cort\u00e9s Caballero, as\u00ed como tutores y padres\u00a0de\u00a0familia.<\/p>\n","protected":false},"excerpt":{"rendered":"<p>ORIENTAL, Pue.- El gobierno presente de Sergio Salom\u00f3n puso en marcha las actividades en el Plantel Oriental del Colegio de Educaci\u00f3n Profesional T\u00e9cnica del Estado de Puebla (CONALEP), con lo que esta instituci\u00f3n mantiene una matr\u00edcula hist\u00f3rica superior a los 8 mil aprendientes. En dichas instalaciones fue inaugurado el ciclo escolar 2024-2025, que inici\u00f3 operaciones con 100 alumnas y alumnos en las carreras de Administraci\u00f3n e Inform\u00e1tica. Este espacio se suma a los otros 11: Atencingo, Calipam, Chipilo, Ciudad Serd\u00e1n, Huauchinango, Puebla I, Puebla II y Puebla III, adem\u00e1s de San Mart\u00edn Texmelucan, Tehuac\u00e1n y Teziutl\u00e1n. El director general de CONALEP Puebla, Edson Armando Cort\u00e9s Contreras dio a conocer que en el Colegio se atienden aspectos socioemocionales de las y los aprendientes. Adem\u00e1s, de que&hellip;<\/p>\n<p class=\"excerpt-more\"><a class=\"blog-excerpt button\" href=\"https:\/\/www.aliadospuebla.com\/?p=95095\">Leer m\u00e1s&#8230;<\/a><\/p>\n","protected":false},"author":2,"featured_media":95101,"comment_status":"open","ping_status":"open","sticky":false,"template":"","format":"standard","meta":{"_monsterinsights_skip_tracking":false,"footnotes":""},"categories":[5],"tags":[653,23118,11026,10636,5244,8056,765,4386,251,2403,13188,45,3880,13158,17715,13795,13718,19795,14620,13467,13635,19794,63,19283,14621,13749,27,13508],"class_list":["post-95095","post","type-post","status-publish","format-standard","has-post-thumbnail","hentry","category-universidades","tag-buap","tag-campana-politica","tag-ciudad-de-puebla","tag-estado-de-puebla","tag-gobernador-de-puebla","tag-gobierno-de-puebla","tag-imss","tag-imss-puebla","tag-pan","tag-partidos-politicos","tag-politica-puebla","tag-pri","tag-psi","tag-puebla-ciudad","tag-puebla-estado","tag-puebla-gobierno","tag-puebla-politica","tag-puebla-senadores","tag-puebla-udlap","tag-puebla-universidad","tag-puebla-universidades","tag-senadores-puebla","tag-udlap","tag-udlap-cholula","tag-udlap-puebla","tag-universidad-de-puebla","tag-upaep","tag-upaep-puebla"],"yoast_head":"<!-- This site is optimized with the Yoast SEO plugin v28.4 - https:\/\/yoast.com\/product\/yoast-seo-wordpress\/ -->\n<title>Mantiene CONALEP Puebla matr\u00edcula hist\u00f3rica - AliadosPuebla<\/title>\n<meta name=\"robots\" content=\"index, follow, max-snippet:-1, max-image-preview:large, max-video-preview:-1\" \/>\n<link rel=\"canonical\" href=\"https:\/\/www.aliadospuebla.com\/?p=95095\" \/>\n<meta property=\"og:locale\" content=\"es_ES\" \/>\n<meta property=\"og:type\" content=\"article\" \/>\n<meta property=\"og:title\" content=\"Mantiene CONALEP Puebla matr\u00edcula hist\u00f3rica - AliadosPuebla\" \/>\n<meta property=\"og:description\" content=\"ORIENTAL, Pue.- El gobierno presente de Sergio Salom\u00f3n puso en marcha las actividades en el Plantel Oriental del Colegio de Educaci\u00f3n Profesional T\u00e9cnica del Estado de Puebla (CONALEP), con lo que esta instituci\u00f3n mantiene una matr\u00edcula hist\u00f3rica superior a los 8 mil aprendientes. En dichas instalaciones fue inaugurado el ciclo escolar 2024-2025, que inici\u00f3 operaciones con 100 alumnas y alumnos en las carreras de Administraci\u00f3n e Inform\u00e1tica. Este espacio se suma a los otros 11: Atencingo, Calipam, Chipilo, Ciudad Serd\u00e1n, Huauchinango, Puebla I, Puebla II y Puebla III, adem\u00e1s de San Mart\u00edn Texmelucan, Tehuac\u00e1n y Teziutl\u00e1n. El director general de CONALEP Puebla, Edson Armando Cort\u00e9s Contreras dio a conocer que en el Colegio se atienden aspectos socioemocionales de las y los aprendientes. Adem\u00e1s, de que&hellip;Leer m\u00e1s...\" \/>\n<meta property=\"og:url\" content=\"https:\/\/www.aliadospuebla.com\/?p=95095\" \/>\n<meta property=\"og:site_name\" content=\"AliadosPuebla\" \/>\n<meta property=\"article:author\" content=\"https:\/\/www.facebook.com\/Aliados17Pue\" \/>\n<meta property=\"article:published_time\" content=\"2024-08-06T17:15:08+00:00\" \/>\n<meta property=\"og:image\" content=\"https:\/\/www.aliadospuebla.com\/web2017\/wp-content\/uploads\/2024\/08\/Imagen-de-WhatsApp-2024-08-06-a-las-10.56.35_9315683b.jpg\" \/>\n\t<meta property=\"og:image:width\" content=\"1280\" \/>\n\t<meta property=\"og:image:height\" content=\"855\" \/>\n\t<meta property=\"og:image:type\" content=\"image\/jpeg\" \/>\n<meta name=\"author\" content=\"Aliados17\" \/>\n<meta name=\"twitter:card\" content=\"summary_large_image\" \/>\n<meta name=\"twitter:creator\" content=\"@AliadosPuebla\" \/>\n<meta name=\"twitter:label1\" content=\"Escrito por\" \/>\n\t<meta name=\"twitter:data1\" content=\"Aliados17\" \/>\n\t<meta name=\"twitter:label2\" content=\"Tiempo de lectura\" \/>\n\t<meta name=\"twitter:data2\" content=\"2 minutos\" \/>\n<script type=\"application\/ld+json\" class=\"yoast-schema-graph\">{\"@context\":\"https:\\\/\\\/schema.org\",\"@graph\":[{\"@type\":\"Article\",\"@id\":\"https:\\\/\\\/www.aliadospuebla.com\\\/?p=95095#article\",\"isPartOf\":{\"@id\":\"https:\\\/\\\/www.aliadospuebla.com\\\/?p=95095\"},\"author\":{\"name\":\"Aliados17\",\"@id\":\"https:\\\/\\\/www.aliadospuebla.com\\\/#\\\/schema\\\/person\\\/5da7dd09320bd4f392b710017ed5f8ad\"},\"headline\":\"Mantiene CONALEP Puebla matr\u00edcula hist\u00f3rica\",\"datePublished\":\"2024-08-06T17:15:08+00:00\",\"mainEntityOfPage\":{\"@id\":\"https:\\\/\\\/www.aliadospuebla.com\\\/?p=95095\"},\"wordCount\":217,\"commentCount\":0,\"image\":{\"@id\":\"https:\\\/\\\/www.aliadospuebla.com\\\/?p=95095#primaryimage\"},\"thumbnailUrl\":\"https:\\\/\\\/www.aliadospuebla.com\\\/web2017\\\/wp-content\\\/uploads\\\/2024\\\/08\\\/Imagen-de-WhatsApp-2024-08-06-a-las-10.56.35_9315683b.jpg\",\"keywords\":[\"BUAP\",\"Campa\u00f1a politica\",\"CIUDAD DE PUEBLA\",\"ESTADO DE PUEBLA\",\"GOBERNADOR DE PUEBLA\",\"GOBIERNO DE PUEBLA\",\"IMSS\",\"IMSS PUEBLA\",\"PAN\",\"PARTIDOS POL\u00cdTICOS\",\"Politica Puebla\",\"PRI\",\"PSI\",\"Puebla Ciudad\",\"Puebla estado\",\"Puebla gobierno\",\"puebla politica\",\"Puebla Senadores\",\"Puebla UDLAP\",\"Puebla Universidad\",\"Puebla Universidades\",\"Senadores Puebla\",\"Udlap\",\"Udlap cholula\",\"UDLAP Puebla\",\"Universidad de Puebla\",\"UPAEP\",\"UPAEP Puebla\"],\"articleSection\":[\"Universidades\"],\"inLanguage\":\"es\",\"potentialAction\":[{\"@type\":\"CommentAction\",\"name\":\"Comment\",\"target\":[\"https:\\\/\\\/www.aliadospuebla.com\\\/?p=95095#respond\"]}]},{\"@type\":\"WebPage\",\"@id\":\"https:\\\/\\\/www.aliadospuebla.com\\\/?p=95095\",\"url\":\"https:\\\/\\\/www.aliadospuebla.com\\\/?p=95095\",\"name\":\"Mantiene CONALEP Puebla matr\u00edcula hist\u00f3rica - AliadosPuebla\",\"isPartOf\":{\"@id\":\"https:\\\/\\\/www.aliadospuebla.com\\\/#website\"},\"primaryImageOfPage\":{\"@id\":\"https:\\\/\\\/www.aliadospuebla.com\\\/?p=95095#primaryimage\"},\"image\":{\"@id\":\"https:\\\/\\\/www.aliadospuebla.com\\\/?p=95095#primaryimage\"},\"thumbnailUrl\":\"https:\\\/\\\/www.aliadospuebla.com\\\/web2017\\\/wp-content\\\/uploads\\\/2024\\\/08\\\/Imagen-de-WhatsApp-2024-08-06-a-las-10.56.35_9315683b.jpg\",\"datePublished\":\"2024-08-06T17:15:08+00:00\",\"author\":{\"@id\":\"https:\\\/\\\/www.aliadospuebla.com\\\/#\\\/schema\\\/person\\\/5da7dd09320bd4f392b710017ed5f8ad\"},\"breadcrumb\":{\"@id\":\"https:\\\/\\\/www.aliadospuebla.com\\\/?p=95095#breadcrumb\"},\"inLanguage\":\"es\",\"potentialAction\":[{\"@type\":\"ReadAction\",\"target\":[\"https:\\\/\\\/www.aliadospuebla.com\\\/?p=95095\"]}]},{\"@type\":\"ImageObject\",\"inLanguage\":\"es\",\"@id\":\"https:\\\/\\\/www.aliadospuebla.com\\\/?p=95095#primaryimage\",\"url\":\"https:\\\/\\\/www.aliadospuebla.com\\\/web2017\\\/wp-content\\\/uploads\\\/2024\\\/08\\\/Imagen-de-WhatsApp-2024-08-06-a-las-10.56.35_9315683b.jpg\",\"contentUrl\":\"https:\\\/\\\/www.aliadospuebla.com\\\/web2017\\\/wp-content\\\/uploads\\\/2024\\\/08\\\/Imagen-de-WhatsApp-2024-08-06-a-las-10.56.35_9315683b.jpg\",\"width\":1280,\"height\":855},{\"@type\":\"BreadcrumbList\",\"@id\":\"https:\\\/\\\/www.aliadospuebla.com\\\/?p=95095#breadcrumb\",\"itemListElement\":[{\"@type\":\"ListItem\",\"position\":1,\"name\":\"Portada\",\"item\":\"https:\\\/\\\/www.aliadospuebla.com\\\/\"},{\"@type\":\"ListItem\",\"position\":2,\"name\":\"Mantiene CONALEP Puebla matr\u00edcula hist\u00f3rica\"}]},{\"@type\":\"WebSite\",\"@id\":\"https:\\\/\\\/www.aliadospuebla.com\\\/#website\",\"url\":\"https:\\\/\\\/www.aliadospuebla.com\\\/\",\"name\":\"AliadosPuebla\",\"description\":\"La informaci\u00f3n en tus manos\",\"potentialAction\":[{\"@type\":\"SearchAction\",\"target\":{\"@type\":\"EntryPoint\",\"urlTemplate\":\"https:\\\/\\\/www.aliadospuebla.com\\\/?s={search_term_string}\"},\"query-input\":{\"@type\":\"PropertyValueSpecification\",\"valueRequired\":true,\"valueName\":\"search_term_string\"}}],\"inLanguage\":\"es\"},{\"@type\":\"Person\",\"@id\":\"https:\\\/\\\/www.aliadospuebla.com\\\/#\\\/schema\\\/person\\\/5da7dd09320bd4f392b710017ed5f8ad\",\"name\":\"Aliados17\",\"image\":{\"@type\":\"ImageObject\",\"inLanguage\":\"es\",\"@id\":\"https:\\\/\\\/www.aliadospuebla.com\\\/web2017\\\/wp-content\\\/uploads\\\/2025\\\/03\\\/cropped-para-perfil-8-anos-1-96x96.jpg\",\"url\":\"https:\\\/\\\/www.aliadospuebla.com\\\/web2017\\\/wp-content\\\/uploads\\\/2025\\\/03\\\/cropped-para-perfil-8-anos-1-96x96.jpg\",\"contentUrl\":\"https:\\\/\\\/www.aliadospuebla.com\\\/web2017\\\/wp-content\\\/uploads\\\/2025\\\/03\\\/cropped-para-perfil-8-anos-1-96x96.jpg\",\"caption\":\"Aliados17\"},\"sameAs\":[\"https:\\\/\\\/www.aliados17.com\",\"https:\\\/\\\/www.facebook.com\\\/Aliados17Pue\",\"https:\\\/\\\/x.com\\\/AliadosPuebla\"],\"url\":\"https:\\\/\\\/www.aliadospuebla.com\\\/?author=2\"}]}<\/script>\n<!-- \/ Yoast SEO plugin. -->","yoast_head_json":{"title":"Mantiene CONALEP Puebla matr\u00edcula hist\u00f3rica - AliadosPuebla","robots":{"index":"index","follow":"follow","max-snippet":"max-snippet:-1","max-image-preview":"max-image-preview:large","max-video-preview":"max-video-preview:-1"},"canonical":"https:\/\/www.aliadospuebla.com\/?p=95095","og_locale":"es_ES","og_type":"article","og_title":"Mantiene CONALEP Puebla matr\u00edcula hist\u00f3rica - AliadosPuebla","og_description":"ORIENTAL, Pue.- El gobierno presente de Sergio Salom\u00f3n puso en marcha las actividades en el Plantel Oriental del Colegio de Educaci\u00f3n Profesional T\u00e9cnica del Estado de Puebla (CONALEP), con lo que esta instituci\u00f3n mantiene una matr\u00edcula hist\u00f3rica superior a los 8 mil aprendientes. En dichas instalaciones fue inaugurado el ciclo escolar 2024-2025, que inici\u00f3 operaciones con 100 alumnas y alumnos en las carreras de Administraci\u00f3n e Inform\u00e1tica. Este espacio se suma a los otros 11: Atencingo, Calipam, Chipilo, Ciudad Serd\u00e1n, Huauchinango, Puebla I, Puebla II y Puebla III, adem\u00e1s de San Mart\u00edn Texmelucan, Tehuac\u00e1n y Teziutl\u00e1n. El director general de CONALEP Puebla, Edson Armando Cort\u00e9s Contreras dio a conocer que en el Colegio se atienden aspectos socioemocionales de las y los aprendientes. Adem\u00e1s, de que&hellip;Leer m\u00e1s...","og_url":"https:\/\/www.aliadospuebla.com\/?p=95095","og_site_name":"AliadosPuebla","article_author":"https:\/\/www.facebook.com\/Aliados17Pue","article_published_time":"2024-08-06T17:15:08+00:00","og_image":[{"width":1280,"height":855,"url":"https:\/\/www.aliadospuebla.com\/web2017\/wp-content\/uploads\/2024\/08\/Imagen-de-WhatsApp-2024-08-06-a-las-10.56.35_9315683b.jpg","type":"image\/jpeg"}],"author":"Aliados17","twitter_card":"summary_large_image","twitter_creator":"@AliadosPuebla","twitter_misc":{"Escrito por":"Aliados17","Tiempo de lectura":"2 minutos"},"schema":{"@context":"https:\/\/schema.org","@graph":[{"@type":"Article","@id":"https:\/\/www.aliadospuebla.com\/?p=95095#article","isPartOf":{"@id":"https:\/\/www.aliadospuebla.com\/?p=95095"},"author":{"name":"Aliados17","@id":"https:\/\/www.aliadospuebla.com\/#\/schema\/person\/5da7dd09320bd4f392b710017ed5f8ad"},"headline":"Mantiene CONALEP Puebla matr\u00edcula hist\u00f3rica","datePublished":"2024-08-06T17:15:08+00:00","mainEntityOfPage":{"@id":"https:\/\/www.aliadospuebla.com\/?p=95095"},"wordCount":217,"commentCount":0,"image":{"@id":"https:\/\/www.aliadospuebla.com\/?p=95095#primaryimage"},"thumbnailUrl":"https:\/\/www.aliadospuebla.com\/web2017\/wp-content\/uploads\/2024\/08\/Imagen-de-WhatsApp-2024-08-06-a-las-10.56.35_9315683b.jpg","keywords":["BUAP","Campa\u00f1a politica","CIUDAD DE PUEBLA","ESTADO DE PUEBLA","GOBERNADOR DE PUEBLA","GOBIERNO DE PUEBLA","IMSS","IMSS PUEBLA","PAN","PARTIDOS POL\u00cdTICOS","Politica Puebla","PRI","PSI","Puebla Ciudad","Puebla estado","Puebla gobierno","puebla politica","Puebla Senadores","Puebla UDLAP","Puebla Universidad","Puebla Universidades","Senadores Puebla","Udlap","Udlap cholula","UDLAP Puebla","Universidad de Puebla","UPAEP","UPAEP Puebla"],"articleSection":["Universidades"],"inLanguage":"es","potentialAction":[{"@type":"CommentAction","name":"Comment","target":["https:\/\/www.aliadospuebla.com\/?p=95095#respond"]}]},{"@type":"WebPage","@id":"https:\/\/www.aliadospuebla.com\/?p=95095","url":"https:\/\/www.aliadospuebla.com\/?p=95095","name":"Mantiene CONALEP Puebla matr\u00edcula hist\u00f3rica - AliadosPuebla","isPartOf":{"@id":"https:\/\/www.aliadospuebla.com\/#website"},"primaryImageOfPage":{"@id":"https:\/\/www.aliadospuebla.com\/?p=95095#primaryimage"},"image":{"@id":"https:\/\/www.aliadospuebla.com\/?p=95095#primaryimage"},"thumbnailUrl":"https:\/\/www.aliadospuebla.com\/web2017\/wp-content\/uploads\/2024\/08\/Imagen-de-WhatsApp-2024-08-06-a-las-10.56.35_9315683b.jpg","datePublished":"2024-08-06T17:15:08+00:00","author":{"@id":"https:\/\/www.aliadospuebla.com\/#\/schema\/person\/5da7dd09320bd4f392b710017ed5f8ad"},"breadcrumb":{"@id":"https:\/\/www.aliadospuebla.com\/?p=95095#breadcrumb"},"inLanguage":"es","potentialAction":[{"@type":"ReadAction","target":["https:\/\/www.aliadospuebla.com\/?p=95095"]}]},{"@type":"ImageObject","inLanguage":"es","@id":"https:\/\/www.aliadospuebla.com\/?p=95095#primaryimage","url":"https:\/\/www.aliadospuebla.com\/web2017\/wp-content\/uploads\/2024\/08\/Imagen-de-WhatsApp-2024-08-06-a-las-10.56.35_9315683b.jpg","contentUrl":"https:\/\/www.aliadospuebla.com\/web2017\/wp-content\/uploads\/2024\/08\/Imagen-de-WhatsApp-2024-08-06-a-las-10.56.35_9315683b.jpg","width":1280,"height":855},{"@type":"BreadcrumbList","@id":"https:\/\/www.aliadospuebla.com\/?p=95095#breadcrumb","itemListElement":[{"@type":"ListItem","position":1,"name":"Portada","item":"https:\/\/www.aliadospuebla.com\/"},{"@type":"ListItem","position":2,"name":"Mantiene CONALEP Puebla matr\u00edcula hist\u00f3rica"}]},{"@type":"WebSite","@id":"https:\/\/www.aliadospuebla.com\/#website","url":"https:\/\/www.aliadospuebla.com\/","name":"AliadosPuebla","description":"La informaci\u00f3n en tus manos","potentialAction":[{"@type":"SearchAction","target":{"@type":"EntryPoint","urlTemplate":"https:\/\/www.aliadospuebla.com\/?s={search_term_string}"},"query-input":{"@type":"PropertyValueSpecification","valueRequired":true,"valueName":"search_term_string"}}],"inLanguage":"es"},{"@type":"Person","@id":"https:\/\/www.aliadospuebla.com\/#\/schema\/person\/5da7dd09320bd4f392b710017ed5f8ad","name":"Aliados17","image":{"@type":"ImageObject","inLanguage":"es","@id":"https:\/\/www.aliadospuebla.com\/web2017\/wp-content\/uploads\/2025\/03\/cropped-para-perfil-8-anos-1-96x96.jpg","url":"https:\/\/www.aliadospuebla.com\/web2017\/wp-content\/uploads\/2025\/03\/cropped-para-perfil-8-anos-1-96x96.jpg","contentUrl":"https:\/\/www.aliadospuebla.com\/web2017\/wp-content\/uploads\/2025\/03\/cropped-para-perfil-8-anos-1-96x96.jpg","caption":"Aliados17"},"sameAs":["https:\/\/www.aliados17.com","https:\/\/www.facebook.com\/Aliados17Pue","https:\/\/x.com\/AliadosPuebla"],"url":"https:\/\/www.aliadospuebla.com\/?author=2"}]}},"views":13,"_links":{"self":[{"href":"https:\/\/www.aliadospuebla.com\/index.php?rest_route=\/wp\/v2\/posts\/95095","targetHints":{"allow":["GET"]}}],"collection":[{"href":"https:\/\/www.aliadospuebla.com\/index.php?rest_route=\/wp\/v2\/posts"}],"about":[{"href":"https:\/\/www.aliadospuebla.com\/index.php?rest_route=\/wp\/v2\/types\/post"}],"author":[{"embeddable":true,"href":"https:\/\/www.aliadospuebla.com\/index.php?rest_route=\/wp\/v2\/users\/2"}],"replies":[{"embeddable":true,"href":"https:\/\/www.aliadospuebla.com\/index.php?rest_route=%2Fwp%2Fv2%2Fcomments&post=95095"}],"version-history":[{"count":1,"href":"https:\/\/www.aliadospuebla.com\/index.php?rest_route=\/wp\/v2\/posts\/95095\/revisions"}],"predecessor-version":[{"id":95104,"href":"https:\/\/www.aliadospuebla.com\/index.php?rest_route=\/wp\/v2\/posts\/95095\/revisions\/95104"}],"wp:featuredmedia":[{"embeddable":true,"href":"https:\/\/www.aliadospuebla.com\/index.php?rest_route=\/wp\/v2\/media\/95101"}],"wp:attachment":[{"href":"https:\/\/www.aliadospuebla.com\/index.php?rest_route=%2Fwp%2Fv2%2Fmedia&parent=95095"}],"wp:term":[{"taxonomy":"category","embeddable":true,"href":"https:\/\/www.aliadospuebla.com\/index.php?rest_route=%2Fwp%2Fv2%2Fcategories&post=95095"},{"taxonomy":"post_tag","embeddable":true,"href":"https:\/\/www.aliadospuebla.com\/index.php?rest_route=%2Fwp%2Fv2%2Ftags&post=95095"}],"curies":[{"name":"wp","href":"https:\/\/api.w.org\/{rel}","templated":true}]}}