{"id":95064,"date":"2024-08-05T21:52:27","date_gmt":"2024-08-06T03:52:27","guid":{"rendered":"https:\/\/www.aliados17.com\/?p=95064"},"modified":"2024-08-05T21:52:27","modified_gmt":"2024-08-06T03:52:27","slug":"presenta-museos-puebla-cartelera-cultural-de-agosto","status":"publish","type":"post","link":"https:\/\/www.aliadospuebla.com\/?p=95064","title":{"rendered":"Presenta Museos Puebla cartelera cultural de agosto"},"content":{"rendered":"<p style=\"font-weight: 400;\">CIUDAD DE PUEBLA, Pue. &#8211; Como parte del impulso a la cultura del gobierno presente de Sergio Salom\u00f3n, el organismo Museos Puebla<\/p>\n<p style=\"font-weight: 400;\">program\u00f3 m\u00e1s de 200 actividades este mes, entre las que destacan dos exposiciones: \u201cKnockout. Grandes momentos del Consejo Mundial de<\/p>\n<p style=\"font-weight: 400;\">Boxeo\u201d y \u201cLatidos de Argentina\u201d en colaboraci\u00f3n con National Geographic y la Embajada de Argentina en M\u00e9xico; la primera se inaugura el<\/p>\n<p style=\"font-weight: 400;\">22 de agosto en San Pedro Museo de Arte y la segunda el d\u00eda 30 en el Museo Internacional del Barroco (MIB).<\/p>\n<p style=\"font-weight: 400;\">En rueda de prensa del mandatario estatal, la directora de Museos Puebla, Anel Nochebuena tambi\u00e9n inform\u00f3 que el MIB albergar\u00e1 del 28 al<\/p>\n<p style=\"font-weight: 400;\">30 el Festival de Museos 2024, a realizarse en conjunto con el Comit\u00e9 Mexicano del Consejo Internacional de Museos (ICOM M\u00e9xico). Este<\/p>\n<p style=\"font-weight: 400;\">es el encuentro m\u00e1s grande del pa\u00eds dirigido a profesionales de museos, cuyos ejes tem\u00e1ticos girar\u00e1n en torno a las exposiciones, las<\/p>\n<p style=\"font-weight: 400;\">colecciones y los p\u00fablicos.<\/p>\n<p style=\"font-weight: 400;\">Anel Nochebuena invit\u00f3 a los conciertos \u201cA la luz de las velas\u201d el 15 de agosto a las 19:00 horas en la Biblioteca Palafoxiana y \u201cFemeninas:<\/p>\n<p style=\"font-weight: 400;\">canciones de mujeres latinoamericanas\u201d con la compositora de jazz Magos Herrera y el maestro de piano Edward Simon, el 22 de agosto, a<\/p>\n<p style=\"font-weight: 400;\">las 19:00 horas en el MIB.<\/p>\n<p style=\"font-weight: 400;\">Entre las actividades habr\u00e1 \u201cPijamapping\u201d, una proyecci\u00f3n digital en San Pedro Museo de Arte como parte de \u201cNoche de Museos\u201d, el 17 de<\/p>\n<p style=\"font-weight: 400;\">agosto a las 19:00 horas.<\/p>\n","protected":false},"excerpt":{"rendered":"<p>CIUDAD DE PUEBLA, Pue. &#8211; Como parte del impulso a la cultura del gobierno presente de Sergio Salom\u00f3n, el organismo Museos Puebla program\u00f3 m\u00e1s de 200 actividades este mes, entre las que destacan dos exposiciones: \u201cKnockout. Grandes momentos del Consejo Mundial de Boxeo\u201d y \u201cLatidos de Argentina\u201d en colaboraci\u00f3n con National Geographic y la Embajada de Argentina en M\u00e9xico; la primera se inaugura el 22 de agosto en San Pedro Museo de Arte y la segunda el d\u00eda 30 en el Museo Internacional del Barroco (MIB). En rueda de prensa del mandatario estatal, la directora de Museos Puebla, Anel Nochebuena tambi\u00e9n inform\u00f3 que el MIB albergar\u00e1 del 28 al 30 el Festival de Museos 2024, a realizarse en conjunto con el Comit\u00e9 Mexicano del Consejo&hellip;<\/p>\n<p class=\"excerpt-more\"><a class=\"blog-excerpt button\" href=\"https:\/\/www.aliadospuebla.com\/?p=95064\">Leer m\u00e1s&#8230;<\/a><\/p>\n","protected":false},"author":2,"featured_media":95065,"comment_status":"open","ping_status":"open","sticky":false,"template":"","format":"standard","meta":{"_monsterinsights_skip_tracking":false,"footnotes":""},"categories":[62],"tags":[653,23118,11026,10636,5244,8056,765,4386,251,2403,13188,45,3880,13158,17715,13795,13718,19795,14620,13467,13635,19794,63,19283,14621,13749,27,13508],"class_list":["post-95064","post","type-post","status-publish","format-standard","has-post-thumbnail","hentry","category-capital","tag-buap","tag-campana-politica","tag-ciudad-de-puebla","tag-estado-de-puebla","tag-gobernador-de-puebla","tag-gobierno-de-puebla","tag-imss","tag-imss-puebla","tag-pan","tag-partidos-politicos","tag-politica-puebla","tag-pri","tag-psi","tag-puebla-ciudad","tag-puebla-estado","tag-puebla-gobierno","tag-puebla-politica","tag-puebla-senadores","tag-puebla-udlap","tag-puebla-universidad","tag-puebla-universidades","tag-senadores-puebla","tag-udlap","tag-udlap-cholula","tag-udlap-puebla","tag-universidad-de-puebla","tag-upaep","tag-upaep-puebla"],"yoast_head":"<!-- This site is optimized with the Yoast SEO plugin v28.4 - https:\/\/yoast.com\/product\/yoast-seo-wordpress\/ -->\n<title>Presenta Museos Puebla cartelera cultural de agosto - AliadosPuebla<\/title>\n<meta name=\"robots\" content=\"index, follow, max-snippet:-1, max-image-preview:large, max-video-preview:-1\" \/>\n<link rel=\"canonical\" href=\"https:\/\/www.aliadospuebla.com\/?p=95064\" \/>\n<meta property=\"og:locale\" content=\"es_ES\" \/>\n<meta property=\"og:type\" content=\"article\" \/>\n<meta property=\"og:title\" content=\"Presenta Museos Puebla cartelera cultural de agosto - AliadosPuebla\" \/>\n<meta property=\"og:description\" content=\"CIUDAD DE PUEBLA, Pue. &#8211; Como parte del impulso a la cultura del gobierno presente de Sergio Salom\u00f3n, el organismo Museos Puebla program\u00f3 m\u00e1s de 200 actividades este mes, entre las que destacan dos exposiciones: \u201cKnockout. Grandes momentos del Consejo Mundial de Boxeo\u201d y \u201cLatidos de Argentina\u201d en colaboraci\u00f3n con National Geographic y la Embajada de Argentina en M\u00e9xico; la primera se inaugura el 22 de agosto en San Pedro Museo de Arte y la segunda el d\u00eda 30 en el Museo Internacional del Barroco (MIB). En rueda de prensa del mandatario estatal, la directora de Museos Puebla, Anel Nochebuena tambi\u00e9n inform\u00f3 que el MIB albergar\u00e1 del 28 al 30 el Festival de Museos 2024, a realizarse en conjunto con el Comit\u00e9 Mexicano del Consejo&hellip;Leer m\u00e1s...\" \/>\n<meta property=\"og:url\" content=\"https:\/\/www.aliadospuebla.com\/?p=95064\" \/>\n<meta property=\"og:site_name\" content=\"AliadosPuebla\" \/>\n<meta property=\"article:author\" content=\"https:\/\/www.facebook.com\/Aliados17Pue\" \/>\n<meta property=\"article:published_time\" content=\"2024-08-06T03:52:27+00:00\" \/>\n<meta property=\"og:image\" content=\"https:\/\/www.aliadospuebla.com\/web2017\/wp-content\/uploads\/2024\/08\/RUEDA-DE-PRENSA-2-scaled.jpg\" \/>\n\t<meta property=\"og:image:width\" content=\"2560\" \/>\n\t<meta property=\"og:image:height\" content=\"1707\" \/>\n\t<meta property=\"og:image:type\" content=\"image\/jpeg\" \/>\n<meta name=\"author\" content=\"Aliados17\" \/>\n<meta name=\"twitter:card\" content=\"summary_large_image\" \/>\n<meta name=\"twitter:creator\" content=\"@AliadosPuebla\" \/>\n<meta name=\"twitter:label1\" content=\"Escrito por\" \/>\n\t<meta name=\"twitter:data1\" content=\"Aliados17\" \/>\n\t<meta name=\"twitter:label2\" content=\"Tiempo de lectura\" \/>\n\t<meta name=\"twitter:data2\" content=\"2 minutos\" \/>\n<script type=\"application\/ld+json\" class=\"yoast-schema-graph\">{\"@context\":\"https:\\\/\\\/schema.org\",\"@graph\":[{\"@type\":\"Article\",\"@id\":\"https:\\\/\\\/www.aliadospuebla.com\\\/?p=95064#article\",\"isPartOf\":{\"@id\":\"https:\\\/\\\/www.aliadospuebla.com\\\/?p=95064\"},\"author\":{\"name\":\"Aliados17\",\"@id\":\"https:\\\/\\\/www.aliadospuebla.com\\\/#\\\/schema\\\/person\\\/5da7dd09320bd4f392b710017ed5f8ad\"},\"headline\":\"Presenta Museos Puebla cartelera cultural de agosto\",\"datePublished\":\"2024-08-06T03:52:27+00:00\",\"mainEntityOfPage\":{\"@id\":\"https:\\\/\\\/www.aliadospuebla.com\\\/?p=95064\"},\"wordCount\":248,\"commentCount\":0,\"image\":{\"@id\":\"https:\\\/\\\/www.aliadospuebla.com\\\/?p=95064#primaryimage\"},\"thumbnailUrl\":\"https:\\\/\\\/www.aliadospuebla.com\\\/web2017\\\/wp-content\\\/uploads\\\/2024\\\/08\\\/RUEDA-DE-PRENSA-2-scaled.jpg\",\"keywords\":[\"BUAP\",\"Campa\u00f1a politica\",\"CIUDAD DE PUEBLA\",\"ESTADO DE PUEBLA\",\"GOBERNADOR DE PUEBLA\",\"GOBIERNO DE PUEBLA\",\"IMSS\",\"IMSS PUEBLA\",\"PAN\",\"PARTIDOS POL\u00cdTICOS\",\"Politica Puebla\",\"PRI\",\"PSI\",\"Puebla Ciudad\",\"Puebla estado\",\"Puebla gobierno\",\"puebla politica\",\"Puebla Senadores\",\"Puebla UDLAP\",\"Puebla Universidad\",\"Puebla Universidades\",\"Senadores Puebla\",\"Udlap\",\"Udlap cholula\",\"UDLAP Puebla\",\"Universidad de Puebla\",\"UPAEP\",\"UPAEP Puebla\"],\"articleSection\":[\"Capital\"],\"inLanguage\":\"es\",\"potentialAction\":[{\"@type\":\"CommentAction\",\"name\":\"Comment\",\"target\":[\"https:\\\/\\\/www.aliadospuebla.com\\\/?p=95064#respond\"]}]},{\"@type\":\"WebPage\",\"@id\":\"https:\\\/\\\/www.aliadospuebla.com\\\/?p=95064\",\"url\":\"https:\\\/\\\/www.aliadospuebla.com\\\/?p=95064\",\"name\":\"Presenta Museos Puebla cartelera cultural de agosto - AliadosPuebla\",\"isPartOf\":{\"@id\":\"https:\\\/\\\/www.aliadospuebla.com\\\/#website\"},\"primaryImageOfPage\":{\"@id\":\"https:\\\/\\\/www.aliadospuebla.com\\\/?p=95064#primaryimage\"},\"image\":{\"@id\":\"https:\\\/\\\/www.aliadospuebla.com\\\/?p=95064#primaryimage\"},\"thumbnailUrl\":\"https:\\\/\\\/www.aliadospuebla.com\\\/web2017\\\/wp-content\\\/uploads\\\/2024\\\/08\\\/RUEDA-DE-PRENSA-2-scaled.jpg\",\"datePublished\":\"2024-08-06T03:52:27+00:00\",\"author\":{\"@id\":\"https:\\\/\\\/www.aliadospuebla.com\\\/#\\\/schema\\\/person\\\/5da7dd09320bd4f392b710017ed5f8ad\"},\"breadcrumb\":{\"@id\":\"https:\\\/\\\/www.aliadospuebla.com\\\/?p=95064#breadcrumb\"},\"inLanguage\":\"es\",\"potentialAction\":[{\"@type\":\"ReadAction\",\"target\":[\"https:\\\/\\\/www.aliadospuebla.com\\\/?p=95064\"]}]},{\"@type\":\"ImageObject\",\"inLanguage\":\"es\",\"@id\":\"https:\\\/\\\/www.aliadospuebla.com\\\/?p=95064#primaryimage\",\"url\":\"https:\\\/\\\/www.aliadospuebla.com\\\/web2017\\\/wp-content\\\/uploads\\\/2024\\\/08\\\/RUEDA-DE-PRENSA-2-scaled.jpg\",\"contentUrl\":\"https:\\\/\\\/www.aliadospuebla.com\\\/web2017\\\/wp-content\\\/uploads\\\/2024\\\/08\\\/RUEDA-DE-PRENSA-2-scaled.jpg\",\"width\":2560,\"height\":1707},{\"@type\":\"BreadcrumbList\",\"@id\":\"https:\\\/\\\/www.aliadospuebla.com\\\/?p=95064#breadcrumb\",\"itemListElement\":[{\"@type\":\"ListItem\",\"position\":1,\"name\":\"Portada\",\"item\":\"https:\\\/\\\/www.aliadospuebla.com\\\/\"},{\"@type\":\"ListItem\",\"position\":2,\"name\":\"Presenta Museos Puebla cartelera cultural de agosto\"}]},{\"@type\":\"WebSite\",\"@id\":\"https:\\\/\\\/www.aliadospuebla.com\\\/#website\",\"url\":\"https:\\\/\\\/www.aliadospuebla.com\\\/\",\"name\":\"AliadosPuebla\",\"description\":\"La informaci\u00f3n en tus manos\",\"potentialAction\":[{\"@type\":\"SearchAction\",\"target\":{\"@type\":\"EntryPoint\",\"urlTemplate\":\"https:\\\/\\\/www.aliadospuebla.com\\\/?s={search_term_string}\"},\"query-input\":{\"@type\":\"PropertyValueSpecification\",\"valueRequired\":true,\"valueName\":\"search_term_string\"}}],\"inLanguage\":\"es\"},{\"@type\":\"Person\",\"@id\":\"https:\\\/\\\/www.aliadospuebla.com\\\/#\\\/schema\\\/person\\\/5da7dd09320bd4f392b710017ed5f8ad\",\"name\":\"Aliados17\",\"image\":{\"@type\":\"ImageObject\",\"inLanguage\":\"es\",\"@id\":\"https:\\\/\\\/www.aliadospuebla.com\\\/web2017\\\/wp-content\\\/uploads\\\/2025\\\/03\\\/cropped-para-perfil-8-anos-1-96x96.jpg\",\"url\":\"https:\\\/\\\/www.aliadospuebla.com\\\/web2017\\\/wp-content\\\/uploads\\\/2025\\\/03\\\/cropped-para-perfil-8-anos-1-96x96.jpg\",\"contentUrl\":\"https:\\\/\\\/www.aliadospuebla.com\\\/web2017\\\/wp-content\\\/uploads\\\/2025\\\/03\\\/cropped-para-perfil-8-anos-1-96x96.jpg\",\"caption\":\"Aliados17\"},\"sameAs\":[\"https:\\\/\\\/www.aliados17.com\",\"https:\\\/\\\/www.facebook.com\\\/Aliados17Pue\",\"https:\\\/\\\/x.com\\\/AliadosPuebla\"],\"url\":\"https:\\\/\\\/www.aliadospuebla.com\\\/?author=2\"}]}<\/script>\n<!-- \/ Yoast SEO plugin. -->","yoast_head_json":{"title":"Presenta Museos Puebla cartelera cultural de agosto - AliadosPuebla","robots":{"index":"index","follow":"follow","max-snippet":"max-snippet:-1","max-image-preview":"max-image-preview:large","max-video-preview":"max-video-preview:-1"},"canonical":"https:\/\/www.aliadospuebla.com\/?p=95064","og_locale":"es_ES","og_type":"article","og_title":"Presenta Museos Puebla cartelera cultural de agosto - AliadosPuebla","og_description":"CIUDAD DE PUEBLA, Pue. &#8211; Como parte del impulso a la cultura del gobierno presente de Sergio Salom\u00f3n, el organismo Museos Puebla program\u00f3 m\u00e1s de 200 actividades este mes, entre las que destacan dos exposiciones: \u201cKnockout. Grandes momentos del Consejo Mundial de Boxeo\u201d y \u201cLatidos de Argentina\u201d en colaboraci\u00f3n con National Geographic y la Embajada de Argentina en M\u00e9xico; la primera se inaugura el 22 de agosto en San Pedro Museo de Arte y la segunda el d\u00eda 30 en el Museo Internacional del Barroco (MIB). En rueda de prensa del mandatario estatal, la directora de Museos Puebla, Anel Nochebuena tambi\u00e9n inform\u00f3 que el MIB albergar\u00e1 del 28 al 30 el Festival de Museos 2024, a realizarse en conjunto con el Comit\u00e9 Mexicano del Consejo&hellip;Leer m\u00e1s...","og_url":"https:\/\/www.aliadospuebla.com\/?p=95064","og_site_name":"AliadosPuebla","article_author":"https:\/\/www.facebook.com\/Aliados17Pue","article_published_time":"2024-08-06T03:52:27+00:00","og_image":[{"width":2560,"height":1707,"url":"https:\/\/www.aliadospuebla.com\/web2017\/wp-content\/uploads\/2024\/08\/RUEDA-DE-PRENSA-2-scaled.jpg","type":"image\/jpeg"}],"author":"Aliados17","twitter_card":"summary_large_image","twitter_creator":"@AliadosPuebla","twitter_misc":{"Escrito por":"Aliados17","Tiempo de lectura":"2 minutos"},"schema":{"@context":"https:\/\/schema.org","@graph":[{"@type":"Article","@id":"https:\/\/www.aliadospuebla.com\/?p=95064#article","isPartOf":{"@id":"https:\/\/www.aliadospuebla.com\/?p=95064"},"author":{"name":"Aliados17","@id":"https:\/\/www.aliadospuebla.com\/#\/schema\/person\/5da7dd09320bd4f392b710017ed5f8ad"},"headline":"Presenta Museos Puebla cartelera cultural de agosto","datePublished":"2024-08-06T03:52:27+00:00","mainEntityOfPage":{"@id":"https:\/\/www.aliadospuebla.com\/?p=95064"},"wordCount":248,"commentCount":0,"image":{"@id":"https:\/\/www.aliadospuebla.com\/?p=95064#primaryimage"},"thumbnailUrl":"https:\/\/www.aliadospuebla.com\/web2017\/wp-content\/uploads\/2024\/08\/RUEDA-DE-PRENSA-2-scaled.jpg","keywords":["BUAP","Campa\u00f1a politica","CIUDAD DE PUEBLA","ESTADO DE PUEBLA","GOBERNADOR DE PUEBLA","GOBIERNO DE PUEBLA","IMSS","IMSS PUEBLA","PAN","PARTIDOS POL\u00cdTICOS","Politica Puebla","PRI","PSI","Puebla Ciudad","Puebla estado","Puebla gobierno","puebla politica","Puebla Senadores","Puebla UDLAP","Puebla Universidad","Puebla Universidades","Senadores Puebla","Udlap","Udlap cholula","UDLAP Puebla","Universidad de Puebla","UPAEP","UPAEP Puebla"],"articleSection":["Capital"],"inLanguage":"es","potentialAction":[{"@type":"CommentAction","name":"Comment","target":["https:\/\/www.aliadospuebla.com\/?p=95064#respond"]}]},{"@type":"WebPage","@id":"https:\/\/www.aliadospuebla.com\/?p=95064","url":"https:\/\/www.aliadospuebla.com\/?p=95064","name":"Presenta Museos Puebla cartelera cultural de agosto - AliadosPuebla","isPartOf":{"@id":"https:\/\/www.aliadospuebla.com\/#website"},"primaryImageOfPage":{"@id":"https:\/\/www.aliadospuebla.com\/?p=95064#primaryimage"},"image":{"@id":"https:\/\/www.aliadospuebla.com\/?p=95064#primaryimage"},"thumbnailUrl":"https:\/\/www.aliadospuebla.com\/web2017\/wp-content\/uploads\/2024\/08\/RUEDA-DE-PRENSA-2-scaled.jpg","datePublished":"2024-08-06T03:52:27+00:00","author":{"@id":"https:\/\/www.aliadospuebla.com\/#\/schema\/person\/5da7dd09320bd4f392b710017ed5f8ad"},"breadcrumb":{"@id":"https:\/\/www.aliadospuebla.com\/?p=95064#breadcrumb"},"inLanguage":"es","potentialAction":[{"@type":"ReadAction","target":["https:\/\/www.aliadospuebla.com\/?p=95064"]}]},{"@type":"ImageObject","inLanguage":"es","@id":"https:\/\/www.aliadospuebla.com\/?p=95064#primaryimage","url":"https:\/\/www.aliadospuebla.com\/web2017\/wp-content\/uploads\/2024\/08\/RUEDA-DE-PRENSA-2-scaled.jpg","contentUrl":"https:\/\/www.aliadospuebla.com\/web2017\/wp-content\/uploads\/2024\/08\/RUEDA-DE-PRENSA-2-scaled.jpg","width":2560,"height":1707},{"@type":"BreadcrumbList","@id":"https:\/\/www.aliadospuebla.com\/?p=95064#breadcrumb","itemListElement":[{"@type":"ListItem","position":1,"name":"Portada","item":"https:\/\/www.aliadospuebla.com\/"},{"@type":"ListItem","position":2,"name":"Presenta Museos Puebla cartelera cultural de agosto"}]},{"@type":"WebSite","@id":"https:\/\/www.aliadospuebla.com\/#website","url":"https:\/\/www.aliadospuebla.com\/","name":"AliadosPuebla","description":"La informaci\u00f3n en tus manos","potentialAction":[{"@type":"SearchAction","target":{"@type":"EntryPoint","urlTemplate":"https:\/\/www.aliadospuebla.com\/?s={search_term_string}"},"query-input":{"@type":"PropertyValueSpecification","valueRequired":true,"valueName":"search_term_string"}}],"inLanguage":"es"},{"@type":"Person","@id":"https:\/\/www.aliadospuebla.com\/#\/schema\/person\/5da7dd09320bd4f392b710017ed5f8ad","name":"Aliados17","image":{"@type":"ImageObject","inLanguage":"es","@id":"https:\/\/www.aliadospuebla.com\/web2017\/wp-content\/uploads\/2025\/03\/cropped-para-perfil-8-anos-1-96x96.jpg","url":"https:\/\/www.aliadospuebla.com\/web2017\/wp-content\/uploads\/2025\/03\/cropped-para-perfil-8-anos-1-96x96.jpg","contentUrl":"https:\/\/www.aliadospuebla.com\/web2017\/wp-content\/uploads\/2025\/03\/cropped-para-perfil-8-anos-1-96x96.jpg","caption":"Aliados17"},"sameAs":["https:\/\/www.aliados17.com","https:\/\/www.facebook.com\/Aliados17Pue","https:\/\/x.com\/AliadosPuebla"],"url":"https:\/\/www.aliadospuebla.com\/?author=2"}]}},"views":9,"_links":{"self":[{"href":"https:\/\/www.aliadospuebla.com\/index.php?rest_route=\/wp\/v2\/posts\/95064","targetHints":{"allow":["GET"]}}],"collection":[{"href":"https:\/\/www.aliadospuebla.com\/index.php?rest_route=\/wp\/v2\/posts"}],"about":[{"href":"https:\/\/www.aliadospuebla.com\/index.php?rest_route=\/wp\/v2\/types\/post"}],"author":[{"embeddable":true,"href":"https:\/\/www.aliadospuebla.com\/index.php?rest_route=\/wp\/v2\/users\/2"}],"replies":[{"embeddable":true,"href":"https:\/\/www.aliadospuebla.com\/index.php?rest_route=%2Fwp%2Fv2%2Fcomments&post=95064"}],"version-history":[{"count":1,"href":"https:\/\/www.aliadospuebla.com\/index.php?rest_route=\/wp\/v2\/posts\/95064\/revisions"}],"predecessor-version":[{"id":95066,"href":"https:\/\/www.aliadospuebla.com\/index.php?rest_route=\/wp\/v2\/posts\/95064\/revisions\/95066"}],"wp:featuredmedia":[{"embeddable":true,"href":"https:\/\/www.aliadospuebla.com\/index.php?rest_route=\/wp\/v2\/media\/95065"}],"wp:attachment":[{"href":"https:\/\/www.aliadospuebla.com\/index.php?rest_route=%2Fwp%2Fv2%2Fmedia&parent=95064"}],"wp:term":[{"taxonomy":"category","embeddable":true,"href":"https:\/\/www.aliadospuebla.com\/index.php?rest_route=%2Fwp%2Fv2%2Fcategories&post=95064"},{"taxonomy":"post_tag","embeddable":true,"href":"https:\/\/www.aliadospuebla.com\/index.php?rest_route=%2Fwp%2Fv2%2Ftags&post=95064"}],"curies":[{"name":"wp","href":"https:\/\/api.w.org\/{rel}","templated":true}]}}